{"id":18712,"date":"2018-11-09T10:28:06","date_gmt":"2018-11-09T12:28:06","guid":{"rendered":"http:\/\/lavras.tv\/site\/?p=18712"},"modified":"2018-11-09T10:28:06","modified_gmt":"2018-11-09T12:28:06","slug":"lavras-volei-faz-jogo-de-estreia-na-super-liga-c-neste-sabado-no-ginasio-do-ltc","status":"publish","type":"post","link":"https:\/\/lavras.tv\/site\/2018\/11\/09\/lavras-volei-faz-jogo-de-estreia-na-super-liga-c-neste-sabado-no-ginasio-do-ltc\/","title":{"rendered":"Lavras V\u00f4lei faz jogo de estreia na Super Liga C neste s\u00e1bado, no gin\u00e1sio do LTC"},"content":{"rendered":"<div class=\"lavra-antes-do-conteudo_2\" id=\"lavra-207900666\"><div id=\"lavra-slider-27\" class=\"custom-slider lavra-slider-4176611519 lavra-slider\"><ul><li><div style=\"margin-left: auto;margin-right: auto;text-align: center;\" id=\"lavra-2027604766\"><a href=\"https:\/\/sistemas.lavras.mg.gov.br\/portalcidadao\/#df1b1a7c7b2a290bcb31e32771e610784662739a88807c0dacac58ede5f391a7530e299dc302d611ee73cb143fc22eaf93592e53e7b5bdb01b00a0b8d28dae460c141dd2ff83412e4dc1c31b16b25f33144a9e5620ea73b13f5bc1c59411d98439ad226e8af03840603796067d87afe130812cf3de24982d0e306f9e61e764e5\" aria-label=\"Lavras-TV&#8211;720x104px (1) (1)\"><img src=\"https:\/\/lavras.tv\/site\/wp-content\/uploads\/2025\/01\/Lavras-TV-720x104px-1-1.png\" alt=\"\"  srcset=\"https:\/\/lavras.tv\/site\/wp-content\/uploads\/2025\/01\/Lavras-TV-720x104px-1-1.png 720w, https:\/\/lavras.tv\/site\/wp-content\/uploads\/2025\/01\/Lavras-TV-720x104px-1-1-470x68.png 470w, https:\/\/lavras.tv\/site\/wp-content\/uploads\/2025\/01\/Lavras-TV-720x104px-1-1-170x25.png 170w, https:\/\/lavras.tv\/site\/wp-content\/uploads\/2025\/01\/Lavras-TV-720x104px-1-1-200x29.png 200w\" sizes=\"(max-width: 720px) 100vw, 720px\" width=\"720\" height=\"104\"  style=\"display: inline-block;\" \/><\/a><\/div><\/li><li><a href=\"https:\/\/sistemas.lavras.mg.gov.br\/portalcidadao\/#df1b1a7c7b2a290bcb31e32771e610784662739a88807c0dacac58ede5f391a7530e299dc302d611ee73cb143fc22eaf93592e53e7b5bdb01b00a0b8d28dae460c141dd2ff83412e4dc1c31b16b25f33144a9e5620ea73b13f5bc1c59411d98439ad226e8af03840603796067d87afe130812cf3de24982d0e306f9e61e764e5\" aria-label=\"Banner_Emprego_PortallavrasTV\"><img src=\"https:\/\/lavras.tv\/site\/wp-content\/uploads\/2025\/03\/Banner_Emprego_PortallavrasTV.png\" alt=\"\"  srcset=\"https:\/\/lavras.tv\/site\/wp-content\/uploads\/2025\/03\/Banner_Emprego_PortallavrasTV.png 720w, https:\/\/lavras.tv\/site\/wp-content\/uploads\/2025\/03\/Banner_Emprego_PortallavrasTV-470x68.png 470w, https:\/\/lavras.tv\/site\/wp-content\/uploads\/2025\/03\/Banner_Emprego_PortallavrasTV-170x25.png 170w, https:\/\/lavras.tv\/site\/wp-content\/uploads\/2025\/03\/Banner_Emprego_PortallavrasTV-200x29.png 200w\" sizes=\"(max-width: 720px) 100vw, 720px\" width=\"720\" height=\"104\"   \/><\/a><\/li><li><a href=\"https:\/\/sistemas.lavras.mg.gov.br\/portalcidadao\/#df1b1a7c7b2a290bcb31e32771e610784662739a88807c0dacac58ede5f391a7530e299dc302d611ee73cb143fc22eaf93592e53e7b5bdb01b00a0b8d28dae460c141dd2ff83412e4dc1c31b16b25f33144a9e5620ea73b13f5bc1c59411d98439ad226e8af03840603796067d87afe130812cf3de24982d0e306f9e61e764e5\" aria-label=\"Banner_Obras_PortallavrasTV\"><img src=\"https:\/\/lavras.tv\/site\/wp-content\/uploads\/2025\/03\/Banner_Obras_PortallavrasTV.png\" alt=\"\"  srcset=\"https:\/\/lavras.tv\/site\/wp-content\/uploads\/2025\/03\/Banner_Obras_PortallavrasTV.png 720w, https:\/\/lavras.tv\/site\/wp-content\/uploads\/2025\/03\/Banner_Obras_PortallavrasTV-470x68.png 470w, https:\/\/lavras.tv\/site\/wp-content\/uploads\/2025\/03\/Banner_Obras_PortallavrasTV-170x25.png 170w, https:\/\/lavras.tv\/site\/wp-content\/uploads\/2025\/03\/Banner_Obras_PortallavrasTV-200x29.png 200w\" sizes=\"(max-width: 720px) 100vw, 720px\" width=\"720\" height=\"104\"   \/><\/a><\/li><li><div style=\"margin-left: auto;margin-right: auto;text-align: center;\" id=\"lavra-2947209344\"><a href=\"https:\/\/sistemas.lavras.mg.gov.br\/portalcidadao\/#df1b1a7c7b2a290bcb31e32771e610784662739a88807c0dacac58ede5f391a7530e299dc302d611ee73cb143fc22eaf93592e53e7b5bdb01b00a0b8d28dae460c141dd2ff83412e4dc1c31b16b25f33144a9e5620ea73b13f5bc1c59411d98439ad226e8af03840603796067d87afe130812cf3de24982d0e306f9e61e764e5\" aria-label=\"Banner_Educa\u00e7\u00e3o_PortallavrasTV\"><img src=\"https:\/\/lavras.tv\/site\/wp-content\/uploads\/2025\/01\/Banner_Educacao_PortallavrasTV.png\" alt=\"\"  srcset=\"https:\/\/lavras.tv\/site\/wp-content\/uploads\/2025\/01\/Banner_Educacao_PortallavrasTV.png 720w, https:\/\/lavras.tv\/site\/wp-content\/uploads\/2025\/01\/Banner_Educacao_PortallavrasTV-470x68.png 470w, https:\/\/lavras.tv\/site\/wp-content\/uploads\/2025\/01\/Banner_Educacao_PortallavrasTV-170x25.png 170w, https:\/\/lavras.tv\/site\/wp-content\/uploads\/2025\/01\/Banner_Educacao_PortallavrasTV-200x29.png 200w\" sizes=\"(max-width: 720px) 100vw, 720px\" width=\"720\" height=\"104\"  style=\"display: inline-block;\" \/><\/a><\/div><\/li><li><a href=\"https:\/\/sistemas.lavras.mg.gov.br\/portalcidadao\/#df1b1a7c7b2a290bcb31e32771e610784662739a88807c0dacac58ede5f391a7530e299dc302d611ee73cb143fc22eaf93592e53e7b5bdb01b00a0b8d28dae460c141dd2ff83412e4dc1c31b16b25f33144a9e5620ea73b13f5bc1c59411d98439ad226e8af03840603796067d87afe130812cf3de24982d0e306f9e61e764e5\" aria-label=\"Banner_Sa\u00fade_PortallavrasTV\"><img src=\"https:\/\/lavras.tv\/site\/wp-content\/uploads\/2025\/03\/Banner_Saude_PortallavrasTV.png\" alt=\"\"  srcset=\"https:\/\/lavras.tv\/site\/wp-content\/uploads\/2025\/03\/Banner_Saude_PortallavrasTV.png 720w, https:\/\/lavras.tv\/site\/wp-content\/uploads\/2025\/03\/Banner_Saude_PortallavrasTV-470x68.png 470w, https:\/\/lavras.tv\/site\/wp-content\/uploads\/2025\/03\/Banner_Saude_PortallavrasTV-170x25.png 170w, https:\/\/lavras.tv\/site\/wp-content\/uploads\/2025\/03\/Banner_Saude_PortallavrasTV-200x29.png 200w\" sizes=\"(max-width: 720px) 100vw, 720px\" width=\"720\" height=\"104\"   \/><\/a><\/li><li><div id=\"lavra-1609999970\" style=\"width:720px;height:104px;background-color:#ddd;overflow:scroll;\">\n\t<strong>Sa\u00edda da depura\u00e7\u00e3o de an\u00fancios<\/strong>\n\t<br><br>\n\tO an\u00fancio n\u00e3o \u00e9 exibido na p\u00e1gina<br><br>post atual: Lavras V\u00f4lei faz jogo de estreia na Super Liga C neste s\u00e1bado, no gin\u00e1sio do LTC, ID: 18712<br><br><span style=\"color: red;\">O post atual n\u00e3o \u00e9 id\u00eantico ao post principal.<\/span><br><br>An\u00fancios: ROXO - TOPO INTERNA - ROTATIVO 2 (197)<br \/>Grupo de an\u00fancios: Princ_Meio01_720x104 (27)<br><br>Condi\u00e7\u00f5es de exibi\u00e7\u00e3o<div style=\"margin-bottom: 20px; white-space: pre-wrap; font-family: monospace; width: 100%; background: #ffe9e9;\"><strong>condi\u00e7\u00f5es gerais<\/strong><table border=\"1\"><thead><tr><th><\/th><th>An\u00fancios<\/th><th>wp_the_query<\/th><\/tr><\/thead><tr><td>is_main_query<\/td><td>1<\/td><td>1<\/td><\/tr><tr><td>is_rest_api<\/td><td>0<\/td><td>1<\/td><\/tr><tr><td>page<\/td><td>0<\/td><td>1<\/td><\/tr><tr><td>numpages<\/td><td>0<\/td><td>1<\/td><\/tr><tr><td>is_archive<\/td><td>1<\/td><td><\/td><\/tr><tr><td>is_search<\/td><td>1<\/td><td><\/td><\/tr><tr><td>is_home<\/td><td>1<\/td><td><\/td><\/tr><tr><td>is_404<\/td><td>1<\/td><td><\/td><\/tr><tr><td>is_attachment<\/td><td>1<\/td><td><\/td><\/tr><tr><td>is_singular<\/td><td>1<\/td><td><\/td><\/tr><tr><td>is_front_page<\/td><td>1<\/td><td><\/td><\/tr><tr><td>is_feed<\/td><td>1<\/td><td><\/td><\/tr><\/table><\/div><br><br><span style=\"color: red;\">Seu site usa HTTPS, mas o c\u00f3digo do an\u00fancio cont\u00e9m HTTP e pode n\u00e3o funcionar.<\/span>\t<br><br>\n\t<a style=\"color: green;\" href=\"https:\/\/wpadvancedads.com\/manual\/ad-debug-mode\/?utm_source=advanced-ads&utm_medium=link&utm_campaign=ad-debug-mode\" target=\"_blank\" rel=\"nofollow\">Encontre solu\u00e7\u00f5es no manual<\/a>\n<\/div>\n<\/li><\/ul><\/div><script>( window.advanced_ads_ready || jQuery( document ).ready ).call( null, function() {var $lavraslider4176611519 = jQuery( \".lavra-slider-4176611519\" );$lavraslider4176611519.on( \"unslider.ready\", function() { jQuery( \"div.custom-slider ul li\" ).css( \"display\", \"block\" ); });$lavraslider4176611519.unslider({ delay:4000, autoplay:true, nav:false, arrows:false, infinite:true });$lavraslider4176611519.on(\"mouseover\", function() {$lavraslider4176611519.unslider(\"stop\");}).on(\"mouseout\", function() {$lavraslider4176611519.unslider(\"start\");});});<\/script><\/div><p><span style=\"font-weight: 400;\">Neste fim de semana, nos dias 10, 11 e 12 de novembro, Lavras sediar\u00e1 a Superliga C de voleibol, competi\u00e7\u00e3o que dar\u00e1 acesso para a Superliga B 2019.<\/span><!--more--><\/p>\n<p><span style=\"font-weight: 400;\">A competi\u00e7\u00e3o conta com a equipe do Lavras V\u00f4lei, do Gabarito Uberl\u00e2ndia e da AABB do Rio de Janeiro. As tr\u00eas equipes jogam entre si e a campe\u00e3 ap\u00f3s os tr\u00eas jogos da disputa conquistar\u00e1 o acesso para a Superliga B 2019.<\/span><\/p>\n<p><span style=\"font-weight: 400;\">Todos os jogos desta Superliga C contar\u00e3o com toda a aparelhagem para pedidos de Desafio por V\u00eddeo, sendo utilizada em uma Superliga pela primeira vez!<\/span><\/p>\n<figure id=\"attachment_18713\" aria-describedby=\"caption-attachment-18713\" style=\"width: 807px\" class=\"wp-caption aligncenter\"><img fetchpriority=\"high\" decoding=\"async\" class=\"size-full wp-image-18713\" src=\"http:\/\/lavras.tv\/site\/wp-content\/uploads\/2018\/11\/lavras-volei-masculino-e1541766278795.jpg\" alt=\"Divulga\u00e7\u00e3o: Lavras V\u00f4lei\" width=\"807\" height=\"525\" srcset=\"https:\/\/lavras.tv\/site\/wp-content\/uploads\/2018\/11\/lavras-volei-masculino-e1541766278795.jpg 807w, https:\/\/lavras.tv\/site\/wp-content\/uploads\/2018\/11\/lavras-volei-masculino-e1541766278795-150x98.jpg 150w, https:\/\/lavras.tv\/site\/wp-content\/uploads\/2018\/11\/lavras-volei-masculino-e1541766278795-300x195.jpg 300w\" sizes=\"(max-width: 807px) 100vw, 807px\" \/><figcaption id=\"caption-attachment-18713\" class=\"wp-caption-text\">Divulga\u00e7\u00e3o: Lavras V\u00f4lei<\/figcaption><\/figure>\n<p><span style=\"font-weight: 400;\">Todos os jogos ser\u00e3o realizados no Gin\u00e1sio do Lavras T\u00eanis Clube as 20h. Confira a tabela:<\/span><\/p>\n<p><span style=\"font-weight: 400;\">10\/11 (S\u00e1bado) \u2013 Lavras V\u00f4lei x Gabarito Uberl\u00e2ndia<\/span><\/p>\n<p><span style=\"font-weight: 400;\">11\/11 (Domingo) \u2013 Gabarito Uberl\u00e2ndia x AABB Rio de Janeiro<\/span><\/p>\n<p><span style=\"font-weight: 400;\">12\/11 (Segunda) \u2013 Lavras V\u00f4lei x AABB Rio de Janeiro<\/span><\/p>\n<p><span style=\"font-weight: 400;\">Os jogos ter\u00e3o transmiss\u00e3o pela Universit\u00e1ria FM e pelo <a href=\"https:\/\/www.facebook.com\/lavras.tv\" target=\"_blank\">facebook do Lavras.TV<\/a>.<\/span><\/p>\n<p><span style=\"font-weight: 400;\">Os ingressos podem ser trocados a partir da tarde de quinta-feira (08\/11) por 1kg de alimento n\u00e3o perec\u00edvel ou pelo valor simb\u00f3lico de R$5,00, nos seguintes pontos:<\/span><\/p>\n<p><span style=\"font-weight: 400;\">&#8211; Fundecc<\/span><\/p>\n<p><span style=\"font-weight: 400;\">&#8211; Master<\/span><\/p>\n<p><span style=\"font-weight: 400;\">&#8211; Secretaria do LTC<\/span><\/p>\n<p><span style=\"font-weight: 400;\">&#8211; Number One<\/span><\/p>\n<p><span style=\"font-weight: 400;\">&#8211; Unilavras<\/span><\/p>\n<p><span style=\"font-weight: 400;\">&#8211; ArtPan<\/span><\/p>\n<p><img decoding=\"async\" class=\"alignnone size-full wp-image-18714\" src=\"http:\/\/lavras.tv\/site\/wp-content\/uploads\/2018\/11\/Tabela-SuperligaC.jpeg\" alt=\"Tabela SuperligaC\" width=\"1280\" height=\"1280\" srcset=\"https:\/\/lavras.tv\/site\/wp-content\/uploads\/2018\/11\/Tabela-SuperligaC.jpeg 1280w, https:\/\/lavras.tv\/site\/wp-content\/uploads\/2018\/11\/Tabela-SuperligaC-150x150.jpeg 150w, https:\/\/lavras.tv\/site\/wp-content\/uploads\/2018\/11\/Tabela-SuperligaC-300x300.jpeg 300w, https:\/\/lavras.tv\/site\/wp-content\/uploads\/2018\/11\/Tabela-SuperligaC-1024x1024.jpeg 1024w\" sizes=\"(max-width: 1280px) 100vw, 1280px\" \/><\/p>\n<p>Fonte: Lavras V\u00f4lei<\/p>\n","protected":false},"excerpt":{"rendered":"<p>Neste fim de semana, nos dias 10, 11 e 12 de novembro, Lavras sediar\u00e1 a Superliga C de voleibol, competi\u00e7\u00e3o que dar\u00e1 acesso para a Superliga B 2019.<\/p>\n","protected":false},"author":2,"featured_media":18713,"comment_status":"closed","ping_status":"open","sticky":false,"template":"","format":"standard","meta":{"advgb_blocks_editor_width":"","advgb_blocks_columns_visual_guide":"","_exactmetrics_skip_tracking":false,"_exactmetrics_sitenote_active":false,"_exactmetrics_sitenote_note":"","_exactmetrics_sitenote_category":0,"footnotes":""},"categories":[7,3],"tags":[5361,5362,966,5363,2031,5106,3384,4439,1032,4454,5286,5360,1642,690],"class_list":["post-18712","post","type-post","status-publish","format-standard","has-post-thumbnail","hentry","category-destaques","category-esportes","tag-aabb","tag-aabb-rio-de-janeiro","tag-esporte","tag-gabarito-uberlandia","tag-horario","tag-ingresso","tag-jogo","tag-lavras-volei","tag-ltc","tag-super-liga","tag-super-liga-c","tag-super-liga-de-volei-masculino","tag-tabela","tag-volei"],"better_featured_image":{"id":18713,"alt_text":"","caption":"Divulga\u00e7\u00e3o: Lavras V\u00f4lei","description":"","media_type":"image","media_details":{"width":807,"height":525,"file":"2018\/11\/lavras-volei-masculino-e1541766278795.jpg","sizes":{"thumbnail":{"file":"lavras-volei-masculino-e1541766278795-150x98.jpg","width":150,"height":98,"mime-type":"image\/jpeg","source_url":"https:\/\/lavras.tv\/site\/wp-content\/uploads\/2018\/11\/lavras-volei-masculino-e1541766278795-150x98.jpg"},"medium":{"file":"lavras-volei-masculino-e1541766278795-300x195.jpg","width":300,"height":195,"mime-type":"image\/jpeg","source_url":"https:\/\/lavras.tv\/site\/wp-content\/uploads\/2018\/11\/lavras-volei-masculino-e1541766278795-300x195.jpg"},"featured-slider-img":{"file":"lavras-volei-masculino-e1541766278795-640x480.jpg","width":640,"height":480,"mime-type":"image\/jpeg","source_url":"https:\/\/lavras.tv\/site\/wp-content\/uploads\/2018\/11\/lavras-volei-masculino-e1541766278795-640x480.jpg"},"featured-post-img":{"file":"lavras-volei-masculino-e1541766278795-480x320.jpg","width":480,"height":320,"mime-type":"image\/jpeg","source_url":"https:\/\/lavras.tv\/site\/wp-content\/uploads\/2018\/11\/lavras-volei-masculino-e1541766278795-480x320.jpg"},"sow-carousel-default":{"file":"lavras-volei-masculino-e1541766278795-272x182.jpg","width":272,"height":182,"mime-type":"image\/jpeg","source_url":"https:\/\/lavras.tv\/site\/wp-content\/uploads\/2018\/11\/lavras-volei-masculino-e1541766278795-272x182.jpg"}},"image_meta":{"aperture":"0","credit":"","camera":"","caption":"","created_timestamp":"0","copyright":"","focal_length":"0","iso":"0","shutter_speed":"0","title":"","orientation":"0","keywords":[]}},"post":18712,"source_url":"https:\/\/lavras.tv\/site\/wp-content\/uploads\/2018\/11\/lavras-volei-masculino-e1541766278795.jpg"},"author_meta":{"display_name":"Lavras TV","author_link":"https:\/\/lavras.tv\/site\/author\/lavrastv\/"},"featured_img":"https:\/\/lavras.tv\/site\/wp-content\/uploads\/2018\/11\/lavras-volei-masculino-e1541766278795-300x195.jpg","coauthors":[],"tax_additional":{"categories":{"linked":["<a href=\"https:\/\/lavras.tv\/site\/category\/destaques\/\" class=\"advgb-post-tax-term\">Destaques<\/a>","<a href=\"https:\/\/lavras.tv\/site\/category\/esportes\/\" class=\"advgb-post-tax-term\">Esportes<\/a>"],"unlinked":["<span class=\"advgb-post-tax-term\">Destaques<\/span>","<span class=\"advgb-post-tax-term\">Esportes<\/span>"]},"tags":{"linked":["<a href=\"https:\/\/lavras.tv\/site\/category\/esportes\/\" class=\"advgb-post-tax-term\">AABB<\/a>","<a href=\"https:\/\/lavras.tv\/site\/category\/esportes\/\" class=\"advgb-post-tax-term\">AABB Rio De Janeiro<\/a>","<a href=\"https:\/\/lavras.tv\/site\/category\/esportes\/\" class=\"advgb-post-tax-term\">esporte<\/a>","<a href=\"https:\/\/lavras.tv\/site\/category\/esportes\/\" class=\"advgb-post-tax-term\">Gabarito Uberl\u00e2ndia<\/a>","<a href=\"https:\/\/lavras.tv\/site\/category\/esportes\/\" class=\"advgb-post-tax-term\">hor\u00e1rio<\/a>","<a href=\"https:\/\/lavras.tv\/site\/category\/esportes\/\" class=\"advgb-post-tax-term\">ingresso<\/a>","<a href=\"https:\/\/lavras.tv\/site\/category\/esportes\/\" class=\"advgb-post-tax-term\">jogo<\/a>","<a href=\"https:\/\/lavras.tv\/site\/category\/esportes\/\" class=\"advgb-post-tax-term\">Lavras V\u00f4lei<\/a>","<a href=\"https:\/\/lavras.tv\/site\/category\/esportes\/\" class=\"advgb-post-tax-term\">LTC<\/a>","<a href=\"https:\/\/lavras.tv\/site\/category\/esportes\/\" class=\"advgb-post-tax-term\">Super Liga<\/a>","<a href=\"https:\/\/lavras.tv\/site\/category\/esportes\/\" class=\"advgb-post-tax-term\">super liga c<\/a>","<a href=\"https:\/\/lavras.tv\/site\/category\/esportes\/\" class=\"advgb-post-tax-term\">Super Liga de V\u00f4lei Masculino<\/a>","<a href=\"https:\/\/lavras.tv\/site\/category\/esportes\/\" class=\"advgb-post-tax-term\">tabela<\/a>","<a href=\"https:\/\/lavras.tv\/site\/category\/esportes\/\" class=\"advgb-post-tax-term\">volei<\/a>"],"unlinked":["<span class=\"advgb-post-tax-term\">AABB<\/span>","<span class=\"advgb-post-tax-term\">AABB Rio De Janeiro<\/span>","<span class=\"advgb-post-tax-term\">esporte<\/span>","<span class=\"advgb-post-tax-term\">Gabarito Uberl\u00e2ndia<\/span>","<span class=\"advgb-post-tax-term\">hor\u00e1rio<\/span>","<span class=\"advgb-post-tax-term\">ingresso<\/span>","<span class=\"advgb-post-tax-term\">jogo<\/span>","<span class=\"advgb-post-tax-term\">Lavras V\u00f4lei<\/span>","<span class=\"advgb-post-tax-term\">LTC<\/span>","<span class=\"advgb-post-tax-term\">Super Liga<\/span>","<span class=\"advgb-post-tax-term\">super liga c<\/span>","<span class=\"advgb-post-tax-term\">Super Liga de V\u00f4lei Masculino<\/span>","<span class=\"advgb-post-tax-term\">tabela<\/span>","<span class=\"advgb-post-tax-term\">volei<\/span>"]}},"comment_count":"0","relative_dates":{"created":"Publicado 7 anos atr\u00e1s","modified":"Atualizado 7 anos atr\u00e1s"},"absolute_dates":{"created":"Publicado em 9 de novembro de 2018","modified":"Atualizado em 9 de novembro de 2018"},"absolute_dates_time":{"created":"Publicado em 9 de novembro de 2018 10:28","modified":"Atualizado em 9 de novembro de 2018 10:28"},"featured_img_caption":"Divulga\u00e7\u00e3o: Lavras V\u00f4lei","series_order":"","_links":{"self":[{"href":"https:\/\/lavras.tv\/site\/wp-json\/wp\/v2\/posts\/18712","targetHints":{"allow":["GET"]}}],"collection":[{"href":"https:\/\/lavras.tv\/site\/wp-json\/wp\/v2\/posts"}],"about":[{"href":"https:\/\/lavras.tv\/site\/wp-json\/wp\/v2\/types\/post"}],"author":[{"embeddable":true,"href":"https:\/\/lavras.tv\/site\/wp-json\/wp\/v2\/users\/2"}],"replies":[{"embeddable":true,"href":"https:\/\/lavras.tv\/site\/wp-json\/wp\/v2\/comments?post=18712"}],"version-history":[{"count":1,"href":"https:\/\/lavras.tv\/site\/wp-json\/wp\/v2\/posts\/18712\/revisions"}],"predecessor-version":[{"id":18715,"href":"https:\/\/lavras.tv\/site\/wp-json\/wp\/v2\/posts\/18712\/revisions\/18715"}],"wp:featuredmedia":[{"embeddable":true,"href":"https:\/\/lavras.tv\/site\/wp-json\/wp\/v2\/media\/18713"}],"wp:attachment":[{"href":"https:\/\/lavras.tv\/site\/wp-json\/wp\/v2\/media?parent=18712"}],"wp:term":[{"taxonomy":"category","embeddable":true,"href":"https:\/\/lavras.tv\/site\/wp-json\/wp\/v2\/categories?post=18712"},{"taxonomy":"post_tag","embeddable":true,"href":"https:\/\/lavras.tv\/site\/wp-json\/wp\/v2\/tags?post=18712"}],"curies":[{"name":"wp","href":"https:\/\/api.w.org\/{rel}","templated":true}]}}