{"id":18718,"date":"2018-11-09T10:44:23","date_gmt":"2018-11-09T12:44:23","guid":{"rendered":"http:\/\/lavras.tv\/site\/?p=18718"},"modified":"2018-11-09T10:44:23","modified_gmt":"2018-11-09T12:44:23","slug":"vice-governador-de-minas-gerais-e-preso-em-operacao-da-policia-federal","status":"publish","type":"post","link":"https:\/\/lavras.tv\/site\/2018\/11\/09\/vice-governador-de-minas-gerais-e-preso-em-operacao-da-policia-federal\/","title":{"rendered":"Vice-governador de Minas Gerais \u00e9 preso em opera\u00e7\u00e3o da Pol\u00edcia Federal"},"content":{"rendered":"<div class=\"lavra-antes-do-conteudo_2\" id=\"lavra-2628614502\"><div id=\"lavra-slider-27\" class=\"custom-slider lavra-slider-719462954 lavra-slider\"><ul><li><div style=\"margin-left: auto;margin-right: auto;text-align: center;\" id=\"lavra-3451401957\"><a href=\"https:\/\/sistemas.lavras.mg.gov.br\/portalcidadao\/#df1b1a7c7b2a290bcb31e32771e610784662739a88807c0dacac58ede5f391a7530e299dc302d611ee73cb143fc22eaf93592e53e7b5bdb01b00a0b8d28dae460c141dd2ff83412e4dc1c31b16b25f33144a9e5620ea73b13f5bc1c59411d98439ad226e8af03840603796067d87afe130812cf3de24982d0e306f9e61e764e5\" aria-label=\"Lavras-TV&#8211;720x104px (1) (1)\"><img src=\"https:\/\/lavras.tv\/site\/wp-content\/uploads\/2025\/01\/Lavras-TV-720x104px-1-1.png\" alt=\"\"  srcset=\"https:\/\/lavras.tv\/site\/wp-content\/uploads\/2025\/01\/Lavras-TV-720x104px-1-1.png 720w, https:\/\/lavras.tv\/site\/wp-content\/uploads\/2025\/01\/Lavras-TV-720x104px-1-1-470x68.png 470w, https:\/\/lavras.tv\/site\/wp-content\/uploads\/2025\/01\/Lavras-TV-720x104px-1-1-170x25.png 170w, https:\/\/lavras.tv\/site\/wp-content\/uploads\/2025\/01\/Lavras-TV-720x104px-1-1-200x29.png 200w\" sizes=\"(max-width: 720px) 100vw, 720px\" width=\"720\" height=\"104\"  style=\"display: inline-block;\" \/><\/a><\/div><\/li><li><a href=\"https:\/\/sistemas.lavras.mg.gov.br\/portalcidadao\/#df1b1a7c7b2a290bcb31e32771e610784662739a88807c0dacac58ede5f391a7530e299dc302d611ee73cb143fc22eaf93592e53e7b5bdb01b00a0b8d28dae460c141dd2ff83412e4dc1c31b16b25f33144a9e5620ea73b13f5bc1c59411d98439ad226e8af03840603796067d87afe130812cf3de24982d0e306f9e61e764e5\" aria-label=\"Banner_Emprego_PortallavrasTV\"><img src=\"https:\/\/lavras.tv\/site\/wp-content\/uploads\/2025\/03\/Banner_Emprego_PortallavrasTV.png\" alt=\"\"  srcset=\"https:\/\/lavras.tv\/site\/wp-content\/uploads\/2025\/03\/Banner_Emprego_PortallavrasTV.png 720w, https:\/\/lavras.tv\/site\/wp-content\/uploads\/2025\/03\/Banner_Emprego_PortallavrasTV-470x68.png 470w, https:\/\/lavras.tv\/site\/wp-content\/uploads\/2025\/03\/Banner_Emprego_PortallavrasTV-170x25.png 170w, https:\/\/lavras.tv\/site\/wp-content\/uploads\/2025\/03\/Banner_Emprego_PortallavrasTV-200x29.png 200w\" sizes=\"(max-width: 720px) 100vw, 720px\" width=\"720\" height=\"104\"   \/><\/a><\/li><li><a href=\"https:\/\/sistemas.lavras.mg.gov.br\/portalcidadao\/#df1b1a7c7b2a290bcb31e32771e610784662739a88807c0dacac58ede5f391a7530e299dc302d611ee73cb143fc22eaf93592e53e7b5bdb01b00a0b8d28dae460c141dd2ff83412e4dc1c31b16b25f33144a9e5620ea73b13f5bc1c59411d98439ad226e8af03840603796067d87afe130812cf3de24982d0e306f9e61e764e5\" aria-label=\"Banner_Obras_PortallavrasTV\"><img src=\"https:\/\/lavras.tv\/site\/wp-content\/uploads\/2025\/03\/Banner_Obras_PortallavrasTV.png\" alt=\"\"  srcset=\"https:\/\/lavras.tv\/site\/wp-content\/uploads\/2025\/03\/Banner_Obras_PortallavrasTV.png 720w, https:\/\/lavras.tv\/site\/wp-content\/uploads\/2025\/03\/Banner_Obras_PortallavrasTV-470x68.png 470w, https:\/\/lavras.tv\/site\/wp-content\/uploads\/2025\/03\/Banner_Obras_PortallavrasTV-170x25.png 170w, https:\/\/lavras.tv\/site\/wp-content\/uploads\/2025\/03\/Banner_Obras_PortallavrasTV-200x29.png 200w\" sizes=\"(max-width: 720px) 100vw, 720px\" width=\"720\" height=\"104\"   \/><\/a><\/li><li><div style=\"margin-left: auto;margin-right: auto;text-align: center;\" id=\"lavra-1720302170\"><a href=\"https:\/\/sistemas.lavras.mg.gov.br\/portalcidadao\/#df1b1a7c7b2a290bcb31e32771e610784662739a88807c0dacac58ede5f391a7530e299dc302d611ee73cb143fc22eaf93592e53e7b5bdb01b00a0b8d28dae460c141dd2ff83412e4dc1c31b16b25f33144a9e5620ea73b13f5bc1c59411d98439ad226e8af03840603796067d87afe130812cf3de24982d0e306f9e61e764e5\" aria-label=\"Banner_Educa\u00e7\u00e3o_PortallavrasTV\"><img src=\"https:\/\/lavras.tv\/site\/wp-content\/uploads\/2025\/01\/Banner_Educacao_PortallavrasTV.png\" alt=\"\"  srcset=\"https:\/\/lavras.tv\/site\/wp-content\/uploads\/2025\/01\/Banner_Educacao_PortallavrasTV.png 720w, https:\/\/lavras.tv\/site\/wp-content\/uploads\/2025\/01\/Banner_Educacao_PortallavrasTV-470x68.png 470w, https:\/\/lavras.tv\/site\/wp-content\/uploads\/2025\/01\/Banner_Educacao_PortallavrasTV-170x25.png 170w, https:\/\/lavras.tv\/site\/wp-content\/uploads\/2025\/01\/Banner_Educacao_PortallavrasTV-200x29.png 200w\" sizes=\"(max-width: 720px) 100vw, 720px\" width=\"720\" height=\"104\"  style=\"display: inline-block;\" \/><\/a><\/div><\/li><li><a href=\"https:\/\/sistemas.lavras.mg.gov.br\/portalcidadao\/#df1b1a7c7b2a290bcb31e32771e610784662739a88807c0dacac58ede5f391a7530e299dc302d611ee73cb143fc22eaf93592e53e7b5bdb01b00a0b8d28dae460c141dd2ff83412e4dc1c31b16b25f33144a9e5620ea73b13f5bc1c59411d98439ad226e8af03840603796067d87afe130812cf3de24982d0e306f9e61e764e5\" aria-label=\"Banner_Sa\u00fade_PortallavrasTV\"><img src=\"https:\/\/lavras.tv\/site\/wp-content\/uploads\/2025\/03\/Banner_Saude_PortallavrasTV.png\" alt=\"\"  srcset=\"https:\/\/lavras.tv\/site\/wp-content\/uploads\/2025\/03\/Banner_Saude_PortallavrasTV.png 720w, https:\/\/lavras.tv\/site\/wp-content\/uploads\/2025\/03\/Banner_Saude_PortallavrasTV-470x68.png 470w, https:\/\/lavras.tv\/site\/wp-content\/uploads\/2025\/03\/Banner_Saude_PortallavrasTV-170x25.png 170w, https:\/\/lavras.tv\/site\/wp-content\/uploads\/2025\/03\/Banner_Saude_PortallavrasTV-200x29.png 200w\" sizes=\"(max-width: 720px) 100vw, 720px\" width=\"720\" height=\"104\"   \/><\/a><\/li><li><div id=\"lavra-2661765394\" style=\"width:720px;height:104px;background-color:#ddd;overflow:scroll;\">\n\t<strong>Sa\u00edda da depura\u00e7\u00e3o de an\u00fancios<\/strong>\n\t<br><br>\n\tO an\u00fancio n\u00e3o \u00e9 exibido na p\u00e1gina<br><br>post atual: Vice-governador de Minas Gerais \u00e9 preso em opera\u00e7\u00e3o da Pol\u00edcia Federal, ID: 18718<br><br><span style=\"color: red;\">O post atual n\u00e3o \u00e9 id\u00eantico ao post principal.<\/span><br><br>An\u00fancios: ROXO - TOPO INTERNA - ROTATIVO 2 (197)<br \/>Grupo de an\u00fancios: Princ_Meio01_720x104 (27)<br><br>Condi\u00e7\u00f5es de exibi\u00e7\u00e3o<div style=\"margin-bottom: 20px; white-space: pre-wrap; font-family: monospace; width: 100%; background: #ffe9e9;\"><strong>condi\u00e7\u00f5es gerais<\/strong><table border=\"1\"><thead><tr><th><\/th><th>An\u00fancios<\/th><th>wp_the_query<\/th><\/tr><\/thead><tr><td>is_main_query<\/td><td>1<\/td><td>1<\/td><\/tr><tr><td>is_rest_api<\/td><td>0<\/td><td>1<\/td><\/tr><tr><td>page<\/td><td>0<\/td><td>1<\/td><\/tr><tr><td>numpages<\/td><td>0<\/td><td>1<\/td><\/tr><tr><td>is_archive<\/td><td>1<\/td><td><\/td><\/tr><tr><td>is_search<\/td><td>1<\/td><td><\/td><\/tr><tr><td>is_home<\/td><td>1<\/td><td><\/td><\/tr><tr><td>is_404<\/td><td>1<\/td><td><\/td><\/tr><tr><td>is_attachment<\/td><td>1<\/td><td><\/td><\/tr><tr><td>is_singular<\/td><td>1<\/td><td><\/td><\/tr><tr><td>is_front_page<\/td><td>1<\/td><td><\/td><\/tr><tr><td>is_feed<\/td><td>1<\/td><td><\/td><\/tr><\/table><\/div><br><br><span style=\"color: red;\">Seu site usa HTTPS, mas o c\u00f3digo do an\u00fancio cont\u00e9m HTTP e pode n\u00e3o funcionar.<\/span>\t<br><br>\n\t<a style=\"color: green;\" href=\"https:\/\/wpadvancedads.com\/manual\/ad-debug-mode\/?utm_source=advanced-ads&utm_medium=link&utm_campaign=ad-debug-mode\" target=\"_blank\" rel=\"nofollow\">Encontre solu\u00e7\u00f5es no manual<\/a>\n<\/div>\n<\/li><\/ul><\/div><script>( window.advanced_ads_ready || jQuery( document ).ready ).call( null, function() {var $lavraslider719462954 = jQuery( \".lavra-slider-719462954\" );$lavraslider719462954.on( \"unslider.ready\", function() { jQuery( \"div.custom-slider ul li\" ).css( \"display\", \"block\" ); });$lavraslider719462954.unslider({ delay:4000, autoplay:true, nav:false, arrows:false, infinite:true });$lavraslider719462954.on(\"mouseover\", function() {$lavraslider719462954.unslider(\"stop\");}).on(\"mouseout\", function() {$lavraslider719462954.unslider(\"start\");});});<\/script><\/div><p>Agentes da Pol\u00edcia Federal prenderam o vice-governador de Minas Gerais, Antonio Andrade (MDB), os\u00a0executivos da JBS Joesley Batista\u00a0e Demilton de Castro e o deputado Jo\u00e3o Magalh\u00e3es (MDB-MG)\u00a0na manh\u00e3 desta sexta-feira (9), em um desdobramento da Opera\u00e7\u00e3o &#8220;Lava Jato&#8221;, que nesta fase investiga suposto esquema de corrup\u00e7\u00e3o no Minist\u00e9rio da Agricultura durante o governo da presidente Dilma Rousseff (PT). Segundo a Receita Federal, as propinas pagas a\u00a0agentes p\u00fablicos e pol\u00edticos s\u00e3o\u00a0estimadas em mais de R$ 22 milh\u00f5es.<!--more--><\/p>\n<p>Antonio Andrade (MDB)\u00a0foi preso em Vazante, no Centro-Oeste do Estado. Os agentes tamb\u00e9m est\u00e3o no escrit\u00f3rio central dos Supermercados BH,\u00a0em Contagem,\u00a0e na Assembl\u00e9ia Legislativa de Minas Gerais (ALMG). Os presos v\u00e3o ser levados para a sede da Superintend\u00eancia Regional da PF, no bairro Gutierrez, onde ser\u00e1 realizada uma coletiva ainda nesta manh\u00e3.<\/p>\n<figure id=\"attachment_18719\" aria-describedby=\"caption-attachment-18719\" style=\"width: 1000px\" class=\"wp-caption aligncenter\"><img fetchpriority=\"high\" decoding=\"async\" class=\"size-full wp-image-18719\" src=\"http:\/\/lavras.tv\/site\/wp-content\/uploads\/2018\/11\/antonio-andrade.jpg\" alt=\"Ant\u00f4nio Andrade, vice-governador de MG - Foto: Caroline Aleixo\/G1\" width=\"1000\" height=\"667\" srcset=\"https:\/\/lavras.tv\/site\/wp-content\/uploads\/2018\/11\/antonio-andrade.jpg 1000w, https:\/\/lavras.tv\/site\/wp-content\/uploads\/2018\/11\/antonio-andrade-150x100.jpg 150w, https:\/\/lavras.tv\/site\/wp-content\/uploads\/2018\/11\/antonio-andrade-300x200.jpg 300w, https:\/\/lavras.tv\/site\/wp-content\/uploads\/2018\/11\/antonio-andrade-480x320.jpg 480w, https:\/\/lavras.tv\/site\/wp-content\/uploads\/2018\/11\/antonio-andrade-272x182.jpg 272w\" sizes=\"(max-width: 1000px) 100vw, 1000px\" \/><figcaption id=\"caption-attachment-18719\" class=\"wp-caption-text\">Ant\u00f4nio Andrade, vice-governador de MG &#8211; Foto: Caroline Aleixo\/G1<\/figcaption><\/figure>\n<p>Em\u00a0deslocamentos em Belo Horizonte, agentes prenderam tamb\u00e9m\u00a0Mateus Moura, ex-advogado do MDB mineiro e aliado de Antonio Andrade, e o advogado Ildeu da Cunha Pereira,\u00a0que\u00a0foi detido\u00a0em 2008 junto com Marcos Val\u00e9rio no Campo de Marte, em S\u00e3o Paulo, com malas de dinheiro. Na \u00e9poca, a PF investigava um esquema de fraudes fiscais.<\/p>\n<p>No total s\u00e3o 56\u00a0mandados de busca e apreens\u00e3o e 18\u00a0de pris\u00e3o tempor\u00e1ria, expedidos no Tribunal Regional Federal da 1\u00aa Regi\u00e3o, cumpridos em 14 cidades do\u00a0Distrito Federal e dos Estados de\u00a0Minas Gerais, S\u00e3o Paulo, Rio de Janeiro, Para\u00edba e Mato Grosso.<\/p>\n<p><strong>O suposto esquema<\/strong><\/p>\n<p>Batizada de Capitu, a opera\u00e7\u00e3o\u00a0\u00e9 baseada na dela\u00e7\u00e3o do doleiro L\u00facio Funaro, apontado como operador do MDB.\u00a0Conforme as investiga\u00e7\u00f5es, havia um esquema de arrecada\u00e7\u00e3o de propina dentro do Minist\u00e9rio da Agricultura para beneficiar pol\u00edticos do MDB, que recebiam dinheiro da JBS, que pertencem aos irm\u00e3os Joesley e Wesley Batista, em troca de medidas para beneficiar as empresas do grupo. Joesley havia sido preso em setembro do ano passado, por suspeita de que estivesse contando com ajuda do procurador da Rep\u00fablica Marcello Miller no acordo de dela\u00e7\u00e3o premiada firmado com a Procuradoria-Geral da Rep\u00fablica.<\/p>\n<p>De acordo com a Receita Federal, suspeita-se que a\u00a0rede BH Supermercados\u00a0utilizou-se do\u00a0grande fluxo de dinheiro em suas empresas para dar ar de licitude a valores doados a partidos e pol\u00edticos, no per\u00edodo de agosto de 2014 a fevereiro de 2015.\u00a0O dinheiro seria\u00a0repassado pelas redes varejistas aos partidos e pol\u00edticos por meio da simula\u00e7\u00e3o de recebimento de duplicatas pela JBS\u00a0e pela transfer\u00eancia financeira a seis escrit\u00f3rios de advocacia por servi\u00e7os, supostamente n\u00e3o realizados, acobertados por contratos simulados e notas fiscais.<\/p>\n<p>As irregularidades podem configurar diversos crimes, como\u00a0constitui\u00e7\u00e3o e participa\u00e7\u00e3o em organiza\u00e7\u00e3o criminosa, obstru\u00e7\u00e3o de justi\u00e7a, falsifica\u00e7\u00e3o de documentos, crime contra a ordem tribut\u00e1ria, corrup\u00e7\u00e3o ativa e passiva e lavagem de dinheiro.<\/p>\n<p><strong>Resposta<\/strong><\/p>\n<p>De acordo com Andr\u00e9 Callegari, advogado d Joesley Batista, afirma que o empres\u00e1rio\u00a0\u00e9 colaborador da Justi\u00e7a e tem cumprido \u00e0 risca essa fun\u00e7\u00e3o. &#8220;Portanto, causa estranheza o pedido de sua pris\u00e3o no bojo de um inqu\u00e9rito em que ele j\u00e1 prestou mais de um depoimento na qualidade de colaborador e entregou in\u00fameros documentos de corrobora\u00e7\u00e3o. A pris\u00e3o \u00e9 tempor\u00e1ria e ele vai prestar todos os esclarecimentos necess\u00e1rios&#8221;, diz.<\/p>\n<p>A reportagem ainda n\u00e3o conseguiu falar com o BH Supermercados e com os representantes dos pol\u00edticos presos na opera\u00e7\u00e3o.<\/p>\n<p>Fonte: Hoje em Dia<\/p>\n","protected":false},"excerpt":{"rendered":"<p>Agentes da Pol\u00edcia Federal prenderam o vice-governador de Minas Gerais, Antonio Andrade (MDB), os\u00a0executivos da JBS Joesley Batista\u00a0e Demilton de Castro e o deputado Jo\u00e3o Magalh\u00e3es (MDB-MG)\u00a0na manh\u00e3 desta sexta-feira (9), em um desdobramento da Opera\u00e7\u00e3o &#8220;Lava Jato&#8221;, que nesta fase investiga suposto esquema de corrup\u00e7\u00e3o no Minist\u00e9rio da Agricultura durante o governo da presidente [&hellip;]<\/p>\n","protected":false},"author":2,"featured_media":18719,"comment_status":"closed","ping_status":"open","sticky":false,"template":"","format":"standard","meta":{"advgb_blocks_editor_width":"","advgb_blocks_columns_visual_guide":"","_exactmetrics_skip_tracking":false,"_exactmetrics_sitenote_active":false,"_exactmetrics_sitenote_note":"","_exactmetrics_sitenote_category":0,"footnotes":""},"categories":[7,12],"tags":[5364,3399,1015,530,2456,3232,5365],"class_list":["post-18718","post","type-post","status-publish","format-standard","has-post-thumbnail","hentry","category-destaques","category-politica","tag-antonio-andrade","tag-jbs","tag-mg","tag-minas-gerais","tag-policia-federal","tag-preso","tag-vice-governador"],"better_featured_image":{"id":18719,"alt_text":"","caption":"Ant\u00f4nio Andrade, vice-governador de MG - Foto: Caroline Aleixo\/G1","description":"","media_type":"image","media_details":{"width":1000,"height":667,"file":"2018\/11\/antonio-andrade.jpg","sizes":{"thumbnail":{"file":"antonio-andrade-150x100.jpg","width":150,"height":100,"mime-type":"image\/jpeg","source_url":"https:\/\/lavras.tv\/site\/wp-content\/uploads\/2018\/11\/antonio-andrade-150x100.jpg"},"medium":{"file":"antonio-andrade-300x200.jpg","width":300,"height":200,"mime-type":"image\/jpeg","source_url":"https:\/\/lavras.tv\/site\/wp-content\/uploads\/2018\/11\/antonio-andrade-300x200.jpg"},"featured-slider-img":{"file":"antonio-andrade-640x480.jpg","width":640,"height":480,"mime-type":"image\/jpeg","source_url":"https:\/\/lavras.tv\/site\/wp-content\/uploads\/2018\/11\/antonio-andrade-640x480.jpg"},"featured-post-img":{"file":"antonio-andrade-480x320.jpg","width":480,"height":320,"mime-type":"image\/jpeg","source_url":"https:\/\/lavras.tv\/site\/wp-content\/uploads\/2018\/11\/antonio-andrade-480x320.jpg"},"sow-carousel-default":{"file":"antonio-andrade-272x182.jpg","width":272,"height":182,"mime-type":"image\/jpeg","source_url":"https:\/\/lavras.tv\/site\/wp-content\/uploads\/2018\/11\/antonio-andrade-272x182.jpg"}},"image_meta":{"aperture":"0","credit":"","camera":"","caption":"","created_timestamp":"0","copyright":"","focal_length":"0","iso":"0","shutter_speed":"0","title":"","orientation":"0","keywords":[]}},"post":18718,"source_url":"https:\/\/lavras.tv\/site\/wp-content\/uploads\/2018\/11\/antonio-andrade.jpg"},"author_meta":{"display_name":"Lavras TV","author_link":"https:\/\/lavras.tv\/site\/author\/lavrastv\/"},"featured_img":"https:\/\/lavras.tv\/site\/wp-content\/uploads\/2018\/11\/antonio-andrade-300x200.jpg","coauthors":[],"tax_additional":{"categories":{"linked":["<a href=\"https:\/\/lavras.tv\/site\/category\/destaques\/\" class=\"advgb-post-tax-term\">Destaques<\/a>","<a href=\"https:\/\/lavras.tv\/site\/category\/politica\/\" class=\"advgb-post-tax-term\">Pol\u00edtica<\/a>"],"unlinked":["<span class=\"advgb-post-tax-term\">Destaques<\/span>","<span class=\"advgb-post-tax-term\">Pol\u00edtica<\/span>"]},"tags":{"linked":["<a href=\"https:\/\/lavras.tv\/site\/category\/politica\/\" class=\"advgb-post-tax-term\">Ant\u00f4nio Andrade<\/a>","<a href=\"https:\/\/lavras.tv\/site\/category\/politica\/\" class=\"advgb-post-tax-term\">JBS<\/a>","<a href=\"https:\/\/lavras.tv\/site\/category\/politica\/\" class=\"advgb-post-tax-term\">mg<\/a>","<a href=\"https:\/\/lavras.tv\/site\/category\/politica\/\" class=\"advgb-post-tax-term\">minas gerais<\/a>","<a href=\"https:\/\/lavras.tv\/site\/category\/politica\/\" class=\"advgb-post-tax-term\">pol\u00edcia federal<\/a>","<a href=\"https:\/\/lavras.tv\/site\/category\/politica\/\" class=\"advgb-post-tax-term\">preso<\/a>","<a href=\"https:\/\/lavras.tv\/site\/category\/politica\/\" class=\"advgb-post-tax-term\">vice governador<\/a>"],"unlinked":["<span class=\"advgb-post-tax-term\">Ant\u00f4nio Andrade<\/span>","<span class=\"advgb-post-tax-term\">JBS<\/span>","<span class=\"advgb-post-tax-term\">mg<\/span>","<span class=\"advgb-post-tax-term\">minas gerais<\/span>","<span class=\"advgb-post-tax-term\">pol\u00edcia federal<\/span>","<span class=\"advgb-post-tax-term\">preso<\/span>","<span class=\"advgb-post-tax-term\">vice governador<\/span>"]}},"comment_count":"0","relative_dates":{"created":"Publicado 7 anos atr\u00e1s","modified":"Atualizado 7 anos atr\u00e1s"},"absolute_dates":{"created":"Publicado em 9 de novembro de 2018","modified":"Atualizado em 9 de novembro de 2018"},"absolute_dates_time":{"created":"Publicado em 9 de novembro de 2018 10:44","modified":"Atualizado em 9 de novembro de 2018 10:44"},"featured_img_caption":"Ant\u00f4nio Andrade, vice-governador de MG - Foto: Caroline Aleixo\/G1","series_order":"","_links":{"self":[{"href":"https:\/\/lavras.tv\/site\/wp-json\/wp\/v2\/posts\/18718","targetHints":{"allow":["GET"]}}],"collection":[{"href":"https:\/\/lavras.tv\/site\/wp-json\/wp\/v2\/posts"}],"about":[{"href":"https:\/\/lavras.tv\/site\/wp-json\/wp\/v2\/types\/post"}],"author":[{"embeddable":true,"href":"https:\/\/lavras.tv\/site\/wp-json\/wp\/v2\/users\/2"}],"replies":[{"embeddable":true,"href":"https:\/\/lavras.tv\/site\/wp-json\/wp\/v2\/comments?post=18718"}],"version-history":[{"count":1,"href":"https:\/\/lavras.tv\/site\/wp-json\/wp\/v2\/posts\/18718\/revisions"}],"predecessor-version":[{"id":18720,"href":"https:\/\/lavras.tv\/site\/wp-json\/wp\/v2\/posts\/18718\/revisions\/18720"}],"wp:featuredmedia":[{"embeddable":true,"href":"https:\/\/lavras.tv\/site\/wp-json\/wp\/v2\/media\/18719"}],"wp:attachment":[{"href":"https:\/\/lavras.tv\/site\/wp-json\/wp\/v2\/media?parent=18718"}],"wp:term":[{"taxonomy":"category","embeddable":true,"href":"https:\/\/lavras.tv\/site\/wp-json\/wp\/v2\/categories?post=18718"},{"taxonomy":"post_tag","embeddable":true,"href":"https:\/\/lavras.tv\/site\/wp-json\/wp\/v2\/tags?post=18718"}],"curies":[{"name":"wp","href":"https:\/\/api.w.org\/{rel}","templated":true}]}}