{"id":18836,"date":"2018-11-21T09:07:38","date_gmt":"2018-11-21T11:07:38","guid":{"rendered":"http:\/\/lavras.tv\/site\/?p=18836"},"modified":"2018-11-21T09:07:38","modified_gmt":"2018-11-21T11:07:38","slug":"associacao-mineira-de-municipios-pede-intervencao-federal-no-estado-por-falta-de-repasses","status":"publish","type":"post","link":"https:\/\/lavras.tv\/site\/2018\/11\/21\/associacao-mineira-de-municipios-pede-intervencao-federal-no-estado-por-falta-de-repasses\/","title":{"rendered":"Associa\u00e7\u00e3o Mineira de Munic\u00edpios pede interven\u00e7\u00e3o federal no estado por falta de repasses"},"content":{"rendered":"<div class=\"lavra-antes-do-conteudo_2\" id=\"lavra-1039635523\"><div id=\"lavra-slider-27\" class=\"custom-slider lavra-slider-991749488 lavra-slider\"><ul><li><div style=\"margin-left: auto;margin-right: auto;text-align: center;\" id=\"lavra-2308634241\"><a href=\"https:\/\/sistemas.lavras.mg.gov.br\/portalcidadao\/#df1b1a7c7b2a290bcb31e32771e610784662739a88807c0dacac58ede5f391a7530e299dc302d611ee73cb143fc22eaf93592e53e7b5bdb01b00a0b8d28dae460c141dd2ff83412e4dc1c31b16b25f33144a9e5620ea73b13f5bc1c59411d98439ad226e8af03840603796067d87afe130812cf3de24982d0e306f9e61e764e5\" aria-label=\"Lavras-TV&#8211;720x104px (1) (1)\"><img src=\"https:\/\/lavras.tv\/site\/wp-content\/uploads\/2025\/01\/Lavras-TV-720x104px-1-1.png\" alt=\"\"  srcset=\"https:\/\/lavras.tv\/site\/wp-content\/uploads\/2025\/01\/Lavras-TV-720x104px-1-1.png 720w, https:\/\/lavras.tv\/site\/wp-content\/uploads\/2025\/01\/Lavras-TV-720x104px-1-1-470x68.png 470w, https:\/\/lavras.tv\/site\/wp-content\/uploads\/2025\/01\/Lavras-TV-720x104px-1-1-170x25.png 170w, https:\/\/lavras.tv\/site\/wp-content\/uploads\/2025\/01\/Lavras-TV-720x104px-1-1-200x29.png 200w\" sizes=\"(max-width: 720px) 100vw, 720px\" width=\"720\" height=\"104\"  style=\"display: inline-block;\" \/><\/a><\/div><\/li><li><a href=\"https:\/\/sistemas.lavras.mg.gov.br\/portalcidadao\/#df1b1a7c7b2a290bcb31e32771e610784662739a88807c0dacac58ede5f391a7530e299dc302d611ee73cb143fc22eaf93592e53e7b5bdb01b00a0b8d28dae460c141dd2ff83412e4dc1c31b16b25f33144a9e5620ea73b13f5bc1c59411d98439ad226e8af03840603796067d87afe130812cf3de24982d0e306f9e61e764e5\" aria-label=\"Banner_Emprego_PortallavrasTV\"><img src=\"https:\/\/lavras.tv\/site\/wp-content\/uploads\/2025\/03\/Banner_Emprego_PortallavrasTV.png\" alt=\"\"  srcset=\"https:\/\/lavras.tv\/site\/wp-content\/uploads\/2025\/03\/Banner_Emprego_PortallavrasTV.png 720w, https:\/\/lavras.tv\/site\/wp-content\/uploads\/2025\/03\/Banner_Emprego_PortallavrasTV-470x68.png 470w, https:\/\/lavras.tv\/site\/wp-content\/uploads\/2025\/03\/Banner_Emprego_PortallavrasTV-170x25.png 170w, https:\/\/lavras.tv\/site\/wp-content\/uploads\/2025\/03\/Banner_Emprego_PortallavrasTV-200x29.png 200w\" sizes=\"(max-width: 720px) 100vw, 720px\" width=\"720\" height=\"104\"   \/><\/a><\/li><li><a href=\"https:\/\/sistemas.lavras.mg.gov.br\/portalcidadao\/#df1b1a7c7b2a290bcb31e32771e610784662739a88807c0dacac58ede5f391a7530e299dc302d611ee73cb143fc22eaf93592e53e7b5bdb01b00a0b8d28dae460c141dd2ff83412e4dc1c31b16b25f33144a9e5620ea73b13f5bc1c59411d98439ad226e8af03840603796067d87afe130812cf3de24982d0e306f9e61e764e5\" aria-label=\"Banner_Obras_PortallavrasTV\"><img src=\"https:\/\/lavras.tv\/site\/wp-content\/uploads\/2025\/03\/Banner_Obras_PortallavrasTV.png\" alt=\"\"  srcset=\"https:\/\/lavras.tv\/site\/wp-content\/uploads\/2025\/03\/Banner_Obras_PortallavrasTV.png 720w, https:\/\/lavras.tv\/site\/wp-content\/uploads\/2025\/03\/Banner_Obras_PortallavrasTV-470x68.png 470w, https:\/\/lavras.tv\/site\/wp-content\/uploads\/2025\/03\/Banner_Obras_PortallavrasTV-170x25.png 170w, https:\/\/lavras.tv\/site\/wp-content\/uploads\/2025\/03\/Banner_Obras_PortallavrasTV-200x29.png 200w\" sizes=\"(max-width: 720px) 100vw, 720px\" width=\"720\" height=\"104\"   \/><\/a><\/li><li><div style=\"margin-left: auto;margin-right: auto;text-align: center;\" id=\"lavra-1775978983\"><a href=\"https:\/\/sistemas.lavras.mg.gov.br\/portalcidadao\/#df1b1a7c7b2a290bcb31e32771e610784662739a88807c0dacac58ede5f391a7530e299dc302d611ee73cb143fc22eaf93592e53e7b5bdb01b00a0b8d28dae460c141dd2ff83412e4dc1c31b16b25f33144a9e5620ea73b13f5bc1c59411d98439ad226e8af03840603796067d87afe130812cf3de24982d0e306f9e61e764e5\" aria-label=\"Banner_Educa\u00e7\u00e3o_PortallavrasTV\"><img src=\"https:\/\/lavras.tv\/site\/wp-content\/uploads\/2025\/01\/Banner_Educacao_PortallavrasTV.png\" alt=\"\"  srcset=\"https:\/\/lavras.tv\/site\/wp-content\/uploads\/2025\/01\/Banner_Educacao_PortallavrasTV.png 720w, https:\/\/lavras.tv\/site\/wp-content\/uploads\/2025\/01\/Banner_Educacao_PortallavrasTV-470x68.png 470w, https:\/\/lavras.tv\/site\/wp-content\/uploads\/2025\/01\/Banner_Educacao_PortallavrasTV-170x25.png 170w, https:\/\/lavras.tv\/site\/wp-content\/uploads\/2025\/01\/Banner_Educacao_PortallavrasTV-200x29.png 200w\" sizes=\"(max-width: 720px) 100vw, 720px\" width=\"720\" height=\"104\"  style=\"display: inline-block;\" \/><\/a><\/div><\/li><li><a href=\"https:\/\/sistemas.lavras.mg.gov.br\/portalcidadao\/#df1b1a7c7b2a290bcb31e32771e610784662739a88807c0dacac58ede5f391a7530e299dc302d611ee73cb143fc22eaf93592e53e7b5bdb01b00a0b8d28dae460c141dd2ff83412e4dc1c31b16b25f33144a9e5620ea73b13f5bc1c59411d98439ad226e8af03840603796067d87afe130812cf3de24982d0e306f9e61e764e5\" aria-label=\"Banner_Sa\u00fade_PortallavrasTV\"><img src=\"https:\/\/lavras.tv\/site\/wp-content\/uploads\/2025\/03\/Banner_Saude_PortallavrasTV.png\" alt=\"\"  srcset=\"https:\/\/lavras.tv\/site\/wp-content\/uploads\/2025\/03\/Banner_Saude_PortallavrasTV.png 720w, https:\/\/lavras.tv\/site\/wp-content\/uploads\/2025\/03\/Banner_Saude_PortallavrasTV-470x68.png 470w, https:\/\/lavras.tv\/site\/wp-content\/uploads\/2025\/03\/Banner_Saude_PortallavrasTV-170x25.png 170w, https:\/\/lavras.tv\/site\/wp-content\/uploads\/2025\/03\/Banner_Saude_PortallavrasTV-200x29.png 200w\" sizes=\"(max-width: 720px) 100vw, 720px\" width=\"720\" height=\"104\"   \/><\/a><\/li><li><div id=\"lavra-1736842283\" style=\"width:720px;height:104px;background-color:#ddd;overflow:scroll;\">\n\t<strong>Sa\u00edda da depura\u00e7\u00e3o de an\u00fancios<\/strong>\n\t<br><br>\n\tO an\u00fancio n\u00e3o \u00e9 exibido na p\u00e1gina<br><br>post atual: Associa\u00e7\u00e3o Mineira de Munic\u00edpios pede interven\u00e7\u00e3o federal no estado por falta de repasses, ID: 18836<br><br><span style=\"color: red;\">O post atual n\u00e3o \u00e9 id\u00eantico ao post principal.<\/span><br><br>An\u00fancios: ROXO - TOPO INTERNA - ROTATIVO 2 (197)<br \/>Grupo de an\u00fancios: Princ_Meio01_720x104 (27)<br><br>Condi\u00e7\u00f5es de exibi\u00e7\u00e3o<div style=\"margin-bottom: 20px; white-space: pre-wrap; font-family: monospace; width: 100%; background: #ffe9e9;\"><strong>condi\u00e7\u00f5es gerais<\/strong><table border=\"1\"><thead><tr><th><\/th><th>An\u00fancios<\/th><th>wp_the_query<\/th><\/tr><\/thead><tr><td>is_main_query<\/td><td>1<\/td><td>1<\/td><\/tr><tr><td>is_rest_api<\/td><td>0<\/td><td>1<\/td><\/tr><tr><td>page<\/td><td>0<\/td><td>1<\/td><\/tr><tr><td>numpages<\/td><td>0<\/td><td>1<\/td><\/tr><tr><td>is_archive<\/td><td>1<\/td><td><\/td><\/tr><tr><td>is_search<\/td><td>1<\/td><td><\/td><\/tr><tr><td>is_home<\/td><td>1<\/td><td><\/td><\/tr><tr><td>is_404<\/td><td>1<\/td><td><\/td><\/tr><tr><td>is_attachment<\/td><td>1<\/td><td><\/td><\/tr><tr><td>is_singular<\/td><td>1<\/td><td><\/td><\/tr><tr><td>is_front_page<\/td><td>1<\/td><td><\/td><\/tr><tr><td>is_feed<\/td><td>1<\/td><td><\/td><\/tr><\/table><\/div><br><br><span style=\"color: red;\">Seu site usa HTTPS, mas o c\u00f3digo do an\u00fancio cont\u00e9m HTTP e pode n\u00e3o funcionar.<\/span>\t<br><br>\n\t<a style=\"color: green;\" href=\"https:\/\/wpadvancedads.com\/manual\/ad-debug-mode\/?utm_source=advanced-ads&utm_medium=link&utm_campaign=ad-debug-mode\" target=\"_blank\" rel=\"nofollow\">Encontre solu\u00e7\u00f5es no manual<\/a>\n<\/div>\n<\/li><\/ul><\/div><script>( window.advanced_ads_ready || jQuery( document ).ready ).call( null, function() {var $lavraslider991749488 = jQuery( \".lavra-slider-991749488\" );$lavraslider991749488.on( \"unslider.ready\", function() { jQuery( \"div.custom-slider ul li\" ).css( \"display\", \"block\" ); });$lavraslider991749488.unslider({ delay:4000, autoplay:true, nav:false, arrows:false, infinite:true });$lavraslider991749488.on(\"mouseover\", function() {$lavraslider991749488.unslider(\"stop\");}).on(\"mouseout\", function() {$lavraslider991749488.unslider(\"start\");});});<\/script><\/div><div class=\"mc-column content-text active-extra-styles active-capital-letter\" data-block-type=\"unstyled\" data-block-weight=\"50\" data-block-id=\"2\">\n<p class=\"content-text__container theme-color-primary-first-letter\" data-track-category=\"Link no Texto\" data-track-links=\"\">A Associa\u00e7\u00e3o Mineira de Munic\u00edpios (AMM) pediu a interven\u00e7\u00e3o federal no estado por falta de repasses de recursos. O presidente da entidade, Julvan Lacerda (MDB), prefeito de Moema, entregou o requerimento ao presidente Michel Temer (MDB) nesta segunda-feira (19), no \u201cEncontro dos munic\u00edpios com o presidente da Rep\u00fablica\u201d, em Bras\u00edlia.<\/p>\n<\/div>\n<p><!--more--><\/p>\n<div class=\"wall protected-content\">\n<div class=\"mc-column content-text active-extra-styles \" data-block-type=\"unstyled\" data-block-weight=\"47\" data-block-id=\"3\">\n<p class=\"content-text__container \" data-track-category=\"Link no Texto\" data-track-links=\"\">Os prefeitos mineiros reclamam que o governador do estado, Fernando Pimentel (PT), repassa com atraso os valores definidos pela Constitui\u00e7\u00e3o, vindos da arrecada\u00e7\u00e3o de impostos. A falta de pagamento come\u00e7ou com a crise financeira do estado. Desde 2016, os servidores de Minas est\u00e3o com o pagamento parcelado.<\/p>\n<\/div>\n<div class=\"mc-column content-text active-extra-styles \" data-block-type=\"unstyled\" data-block-weight=\"42\" data-block-id=\"4\">\n<p class=\"content-text__container \" data-track-category=\"Link no Texto\" data-track-links=\"\">Na manh\u00e3 desta ter\u00e7a-feira (20), cerca de\u00a040 prefeitos fizeram um protesto e montaram barracas em frente \u00e0 Assembleia Legislativa de Minas Gerais, no bairro Santo Agostinho, em Belo Horizonte. Eles prometem ficar acampados at\u00e9 que o governo estadual d\u00ea algum retorno.<\/p>\n<div class=\"mc-column content-text active-extra-styles \" data-block-type=\"unstyled\" data-block-weight=\"41\" data-block-id=\"6\">\n<p class=\"content-text__container \" data-track-category=\"Link no Texto\" data-track-links=\"\">Segundo o presidente da AMM, foram esgotados todos os esfor\u00e7os e tentativas de di\u00e1logo com o governo de Minas Gerais para a solu\u00e7\u00e3o do confisco dos repasses aos munic\u00edpios, al\u00e9m de a\u00e7\u00f5es nos \u00f3rg\u00e3os judiciais e fiscalizadores, sem nenhuma resposta efetiva.<\/p>\n<figure id=\"attachment_18837\" aria-describedby=\"caption-attachment-18837\" style=\"width: 640px\" class=\"wp-caption aligncenter\"><img fetchpriority=\"high\" decoding=\"async\" class=\"size-full wp-image-18837\" src=\"http:\/\/lavras.tv\/site\/wp-content\/uploads\/2018\/11\/AMM-interven\u00e7ao.jpg\" alt=\"Foto: Luciano Pereira\/Associa\u00e7\u00e3o Mineira de Munic\u00edpios\" width=\"640\" height=\"480\" srcset=\"https:\/\/lavras.tv\/site\/wp-content\/uploads\/2018\/11\/AMM-interven\u00e7ao.jpg 640w, https:\/\/lavras.tv\/site\/wp-content\/uploads\/2018\/11\/AMM-interven\u00e7ao-150x113.jpg 150w, https:\/\/lavras.tv\/site\/wp-content\/uploads\/2018\/11\/AMM-interven\u00e7ao-300x225.jpg 300w\" sizes=\"(max-width: 640px) 100vw, 640px\" \/><figcaption id=\"caption-attachment-18837\" class=\"wp-caption-text\">Foto: Luciano Pereira\/Associa\u00e7\u00e3o Mineira de Munic\u00edpios<\/figcaption><\/figure>\n<\/div>\n<div class=\"mc-column content-text active-extra-styles \" data-block-type=\"unstyled\" data-block-weight=\"41\" data-block-id=\"7\">\n<p class=\"content-text__container \" data-track-category=\"Link no Texto\" data-track-links=\"\">\u201cFizemos representa\u00e7\u00e3o no Minist\u00e9rio P\u00fablico de Minas Gerais, fizemos representa\u00e7\u00e3o ao tribunal de contas de Minas Gerais, foram v\u00e1rias a\u00e7\u00f5es quase 600 a\u00e7\u00f5es ajuizadas cobrando do estado o repasse dessa parcela de impostos\u201d, declarou o assessor jur\u00eddico da AMM, Fl\u00e1vio Gamboji.<\/p>\n<\/div>\n<div class=\"mc-column content-text active-extra-styles \" data-block-type=\"unstyled\" data-block-weight=\"39\" data-block-id=\"9\">\n<p class=\"content-text__container \" data-track-category=\"Link no Texto\" data-track-links=\"\">A associa\u00e7\u00e3o dos munic\u00edpios identificou o atraso no pagamento de quatro parcelas que totalizam R$ 122 milh\u00f5es para o transporte escolar, R$ 4 bilh\u00f5es deveriam ter sido pagos para a educa\u00e7\u00e3o b\u00e1sica e R$ 4 bilh\u00f5es para a sa\u00fade.<\/p>\n<\/div>\n<div class=\"mc-column content-text active-extra-styles \" data-block-type=\"unstyled\" data-block-weight=\"62\" data-block-id=\"10\">\n<p class=\"content-text__container \" data-track-category=\"Link no Texto\" data-track-links=\"\">A d\u00edvida do governo do estado com as prefeituras \u00e9 de R$ 10 bilh\u00f5es, segundo a associa\u00e7\u00e3o que representa os munic\u00edpios. S\u00e3o recursos que o governo arrecada com o IPVA e o Imposto sobre Circula\u00e7\u00e3o de Mercadorias e Servi\u00e7os (ICMS) e s\u00e3o repassados para o investimento em programas de educa\u00e7\u00e3o e sa\u00fade nas cidades. Sem esse dinheiro, muitas prefeituras alegam dificuldade financeira.<\/p>\n<\/div>\n<div class=\"mc-column content-text active-extra-styles \" data-block-type=\"unstyled\" data-block-weight=\"29\" data-block-id=\"11\">\n<p class=\"content-text__container \" data-track-category=\"Link no Texto\" data-track-links=\"\">O prefeito de Moema afirmou que a situa\u00e7\u00e3o \u00e9 grav\u00edssima e que as prefeituras est\u00e3o \u00e0 beira de fechar as portas, desencadeando uma crise sem precedentes em Minas Gerais.<\/p>\n<\/div>\n<div class=\"mc-column content-text active-extra-styles \" data-block-type=\"unstyled\" data-block-weight=\"36\" data-block-id=\"12\">\n<p class=\"content-text__container \" data-track-category=\"Link no Texto\" data-track-links=\"\">O advogado-geral de Minas Gerais, Onofre Batista, disse que a d\u00edvida do estado com os munic\u00edpios se d\u00e1 por um problema de defici\u00eancia de caixa e que v\u00ea o requerimento da AMM como um \u201cgesto pol\u00edtico\u201d.<\/p>\n<\/div>\n<div class=\"mc-column content-text active-extra-styles \" data-block-type=\"unstyled\" data-block-weight=\"49\" data-block-id=\"13\">\n<p class=\"content-text__container \" data-track-category=\"Link no Texto\" data-track-links=\"\">\u201cO problema do estado hoje s\u00e3o defici\u00eancias de caixa, que ele vive momentaneamente, desequil\u00edbrios de caixa, mas que depois o estado acerta, deixa em dia. Mas a quest\u00e3o pol\u00edtica fala mais alto. Eles precisam dar uma resposta pol\u00edtica na cidade deles. A\u00ed fizeram esse movimento mais pol\u00edtico\u201d, disse Batista.<\/p>\n<\/div>\n<div class=\"mc-column content-text active-extra-styles \" data-block-type=\"unstyled\" data-block-weight=\"51\" data-block-id=\"14\">\n<p class=\"content-text__container \" data-track-category=\"Link no Texto\" data-track-links=\"\">O advogado-geral falou que as d\u00edvidas do estado com os munic\u00edpios s\u00e3o \u201celevadas\u201d, mas n\u00e3o chegam ao montante informado pela AMM. Onofre Batista afirmou ainda que o estado pretende repassar os valores do ICMS para as cidades mineiras, mas que o valor total da d\u00edvida s\u00f3 ser\u00e1 pago em \u201clongo prazo\u201d.<\/p>\n<\/div>\n<div class=\"mc-column content-text active-extra-styles \" data-block-type=\"unstyled\" data-block-weight=\"32\" data-block-id=\"15\">\n<p class=\"content-text__container \" data-track-category=\"Link no Texto\" data-track-links=\"\">Por fim, o advogado-geral destacou que d\u00edvida n\u00e3o gera interven\u00e7\u00e3o e que a medida pressup\u00f5e uma melhora. Segundo ele, uma interven\u00e7\u00e3o na v\u00e9spera da troca de governo seria \u201cinerte, in\u00f3cua e est\u00e9ril\u201d.<\/p>\n<\/div>\n<div data-track-category=\"fim do conteudo\" data-track-action=\"ultimo chunk conteudo\" data-track-noninteraction=\"false\" data-track-scroll=\"entrada completa viewport\">\n<div class=\"mc-column content-text active-extra-styles \" data-block-type=\"unstyled\" data-block-weight=\"84\" data-block-id=\"16\">\n<p class=\"content-text__container \" data-track-category=\"Link no Texto\" data-track-links=\"\">\u201cA a\u00e7\u00e3o interventiva \u00e9 uma a\u00e7\u00e3o que corre no Supremo, ela \u00e9 uma a\u00e7\u00e3o que pressup\u00f5e uma melhoria de quadro. E a gente sabe que o problema que a gente vive \u00e9 um problema de desequil\u00edbrio do quadro federativo. Tanto que Minas tem cr\u00e9ditos a receber elevad\u00edssimos, como da Lei Kandir, do Fundef, que est\u00e1 pra receber, como a decis\u00e3o da semana passada, do Fundo de Participa\u00e7\u00e3o dos estados, que est\u00e1 estimando que R$ 14 bilh\u00f5es n\u00e3o foram passados para o fundo\u201d, afirmou Batista.<\/p>\n<p class=\"content-text__container \" data-track-category=\"Link no Texto\" data-track-links=\"\">Fonte: G1<\/p>\n<\/div>\n<\/div>\n<\/div>\n<\/div>\n","protected":false},"excerpt":{"rendered":"<p>A Associa\u00e7\u00e3o Mineira de Munic\u00edpios (AMM) pediu a interven\u00e7\u00e3o federal no estado por falta de repasses de recursos. O presidente da entidade, Julvan Lacerda (MDB), prefeito de Moema, entregou o requerimento ao presidente Michel Temer (MDB) nesta segunda-feira (19), no \u201cEncontro dos munic\u00edpios com o presidente da Rep\u00fablica\u201d, em Bras\u00edlia.<\/p>\n","protected":false},"author":2,"featured_media":18837,"comment_status":"closed","ping_status":"open","sticky":false,"template":"","format":"standard","meta":{"advgb_blocks_editor_width":"","advgb_blocks_columns_visual_guide":"","_exactmetrics_skip_tracking":false,"_exactmetrics_sitenote_active":false,"_exactmetrics_sitenote_note":"","_exactmetrics_sitenote_category":0,"footnotes":""},"categories":[7,12],"tags":[5397,1023,257,1874,5398,1015,1619,3638],"class_list":["post-18836","post","type-post","status-publish","format-standard","has-post-thumbnail","hentry","category-destaques","category-politica","tag-associacao-mineira-de-municipios","tag-atraso","tag-crise","tag-dinheiro","tag-intervencao","tag-mg","tag-prefeitura","tag-verba"],"better_featured_image":{"id":18837,"alt_text":"","caption":"Foto: Luciano Pereira\/Associa\u00e7\u00e3o Mineira de Munic\u00edpios","description":"","media_type":"image","media_details":{"width":640,"height":480,"file":"2018\/11\/AMM-interven\u00e7ao.jpg","sizes":{"thumbnail":{"file":"AMM-interven\u00e7ao-150x113.jpg","width":150,"height":113,"mime-type":"image\/jpeg","source_url":"https:\/\/lavras.tv\/site\/wp-content\/uploads\/2018\/11\/AMM-interven\u00e7ao-150x113.jpg"},"medium":{"file":"AMM-interven\u00e7ao-300x225.jpg","width":300,"height":225,"mime-type":"image\/jpeg","source_url":"https:\/\/lavras.tv\/site\/wp-content\/uploads\/2018\/11\/AMM-interven\u00e7ao-300x225.jpg"},"featured-post-img":{"file":"AMM-interven\u00e7ao-480x320.jpg","width":480,"height":320,"mime-type":"image\/jpeg","source_url":"https:\/\/lavras.tv\/site\/wp-content\/uploads\/2018\/11\/AMM-interven\u00e7ao-480x320.jpg"},"sow-carousel-default":{"file":"AMM-interven\u00e7ao-272x182.jpg","width":272,"height":182,"mime-type":"image\/jpeg","source_url":"https:\/\/lavras.tv\/site\/wp-content\/uploads\/2018\/11\/AMM-interven\u00e7ao-272x182.jpg"}},"image_meta":{"aperture":"0","credit":"","camera":"","caption":"","created_timestamp":"0","copyright":"","focal_length":"0","iso":"0","shutter_speed":"0","title":"","orientation":"0","keywords":[]}},"post":18836,"source_url":"https:\/\/lavras.tv\/site\/wp-content\/uploads\/2018\/11\/AMM-interven\u00e7ao.jpg"},"author_meta":{"display_name":"Lavras TV","author_link":"https:\/\/lavras.tv\/site\/author\/lavrastv\/"},"featured_img":"https:\/\/lavras.tv\/site\/wp-content\/uploads\/2018\/11\/AMM-interven\u00e7ao-300x225.jpg","coauthors":[],"tax_additional":{"categories":{"linked":["<a href=\"https:\/\/lavras.tv\/site\/category\/destaques\/\" class=\"advgb-post-tax-term\">Destaques<\/a>","<a href=\"https:\/\/lavras.tv\/site\/category\/politica\/\" class=\"advgb-post-tax-term\">Pol\u00edtica<\/a>"],"unlinked":["<span class=\"advgb-post-tax-term\">Destaques<\/span>","<span class=\"advgb-post-tax-term\">Pol\u00edtica<\/span>"]},"tags":{"linked":["<a href=\"https:\/\/lavras.tv\/site\/category\/politica\/\" class=\"advgb-post-tax-term\">Associa\u00e7\u00e3o Mineira de Munic\u00edpios<\/a>","<a href=\"https:\/\/lavras.tv\/site\/category\/politica\/\" class=\"advgb-post-tax-term\">atraso<\/a>","<a href=\"https:\/\/lavras.tv\/site\/category\/politica\/\" class=\"advgb-post-tax-term\">crise<\/a>","<a href=\"https:\/\/lavras.tv\/site\/category\/politica\/\" class=\"advgb-post-tax-term\">dinheiro<\/a>","<a href=\"https:\/\/lavras.tv\/site\/category\/politica\/\" class=\"advgb-post-tax-term\">interven\u00e7\u00e3o<\/a>","<a href=\"https:\/\/lavras.tv\/site\/category\/politica\/\" class=\"advgb-post-tax-term\">mg<\/a>","<a href=\"https:\/\/lavras.tv\/site\/category\/politica\/\" class=\"advgb-post-tax-term\">prefeitura<\/a>","<a href=\"https:\/\/lavras.tv\/site\/category\/politica\/\" class=\"advgb-post-tax-term\">verba<\/a>"],"unlinked":["<span class=\"advgb-post-tax-term\">Associa\u00e7\u00e3o Mineira de Munic\u00edpios<\/span>","<span class=\"advgb-post-tax-term\">atraso<\/span>","<span class=\"advgb-post-tax-term\">crise<\/span>","<span class=\"advgb-post-tax-term\">dinheiro<\/span>","<span class=\"advgb-post-tax-term\">interven\u00e7\u00e3o<\/span>","<span class=\"advgb-post-tax-term\">mg<\/span>","<span class=\"advgb-post-tax-term\">prefeitura<\/span>","<span class=\"advgb-post-tax-term\">verba<\/span>"]}},"comment_count":"0","relative_dates":{"created":"Publicado 7 anos atr\u00e1s","modified":"Atualizado 7 anos atr\u00e1s"},"absolute_dates":{"created":"Publicado em 21 de novembro de 2018","modified":"Atualizado em 21 de novembro de 2018"},"absolute_dates_time":{"created":"Publicado em 21 de novembro de 2018 09:07","modified":"Atualizado em 21 de novembro de 2018 09:07"},"featured_img_caption":"Foto: Luciano Pereira\/Associa\u00e7\u00e3o Mineira de Munic\u00edpios","series_order":"","_links":{"self":[{"href":"https:\/\/lavras.tv\/site\/wp-json\/wp\/v2\/posts\/18836","targetHints":{"allow":["GET"]}}],"collection":[{"href":"https:\/\/lavras.tv\/site\/wp-json\/wp\/v2\/posts"}],"about":[{"href":"https:\/\/lavras.tv\/site\/wp-json\/wp\/v2\/types\/post"}],"author":[{"embeddable":true,"href":"https:\/\/lavras.tv\/site\/wp-json\/wp\/v2\/users\/2"}],"replies":[{"embeddable":true,"href":"https:\/\/lavras.tv\/site\/wp-json\/wp\/v2\/comments?post=18836"}],"version-history":[{"count":1,"href":"https:\/\/lavras.tv\/site\/wp-json\/wp\/v2\/posts\/18836\/revisions"}],"predecessor-version":[{"id":18838,"href":"https:\/\/lavras.tv\/site\/wp-json\/wp\/v2\/posts\/18836\/revisions\/18838"}],"wp:featuredmedia":[{"embeddable":true,"href":"https:\/\/lavras.tv\/site\/wp-json\/wp\/v2\/media\/18837"}],"wp:attachment":[{"href":"https:\/\/lavras.tv\/site\/wp-json\/wp\/v2\/media?parent=18836"}],"wp:term":[{"taxonomy":"category","embeddable":true,"href":"https:\/\/lavras.tv\/site\/wp-json\/wp\/v2\/categories?post=18836"},{"taxonomy":"post_tag","embeddable":true,"href":"https:\/\/lavras.tv\/site\/wp-json\/wp\/v2\/tags?post=18836"}],"curies":[{"name":"wp","href":"https:\/\/api.w.org\/{rel}","templated":true}]}}