{"id":1888,"date":"2016-08-29T12:53:28","date_gmt":"2016-08-29T12:53:28","guid":{"rendered":"http:\/\/lavras.tv\/site\/?p=1888"},"modified":"2016-08-29T12:53:28","modified_gmt":"2016-08-29T12:53:28","slug":"lavras-vai-sediar-etapa-dos-jogos-de-minas","status":"publish","type":"post","link":"https:\/\/lavras.tv\/site\/2016\/08\/29\/lavras-vai-sediar-etapa-dos-jogos-de-minas\/","title":{"rendered":"Lavras vai sediar etapa dos Jogos de Minas"},"content":{"rendered":"<div class=\"lavra-antes-do-conteudo_2\" id=\"lavra-381961557\"><div id=\"lavra-slider-27\" class=\"custom-slider lavra-slider-1354429304 lavra-slider\"><ul><li><div style=\"margin-left: auto;margin-right: auto;text-align: center;\" id=\"lavra-2178435052\"><a href=\"https:\/\/sistemas.lavras.mg.gov.br\/portalcidadao\/#df1b1a7c7b2a290bcb31e32771e610784662739a88807c0dacac58ede5f391a7530e299dc302d611ee73cb143fc22eaf93592e53e7b5bdb01b00a0b8d28dae460c141dd2ff83412e4dc1c31b16b25f33144a9e5620ea73b13f5bc1c59411d98439ad226e8af03840603796067d87afe130812cf3de24982d0e306f9e61e764e5\" aria-label=\"Lavras-TV&#8211;720x104px (1) (1)\"><img src=\"https:\/\/lavras.tv\/site\/wp-content\/uploads\/2025\/01\/Lavras-TV-720x104px-1-1.png\" alt=\"\"  srcset=\"https:\/\/lavras.tv\/site\/wp-content\/uploads\/2025\/01\/Lavras-TV-720x104px-1-1.png 720w, https:\/\/lavras.tv\/site\/wp-content\/uploads\/2025\/01\/Lavras-TV-720x104px-1-1-470x68.png 470w, https:\/\/lavras.tv\/site\/wp-content\/uploads\/2025\/01\/Lavras-TV-720x104px-1-1-170x25.png 170w, https:\/\/lavras.tv\/site\/wp-content\/uploads\/2025\/01\/Lavras-TV-720x104px-1-1-200x29.png 200w\" sizes=\"(max-width: 720px) 100vw, 720px\" width=\"720\" height=\"104\"  style=\"display: inline-block;\" \/><\/a><\/div><\/li><li><a href=\"https:\/\/sistemas.lavras.mg.gov.br\/portalcidadao\/#df1b1a7c7b2a290bcb31e32771e610784662739a88807c0dacac58ede5f391a7530e299dc302d611ee73cb143fc22eaf93592e53e7b5bdb01b00a0b8d28dae460c141dd2ff83412e4dc1c31b16b25f33144a9e5620ea73b13f5bc1c59411d98439ad226e8af03840603796067d87afe130812cf3de24982d0e306f9e61e764e5\" aria-label=\"Banner_Emprego_PortallavrasTV\"><img src=\"https:\/\/lavras.tv\/site\/wp-content\/uploads\/2025\/03\/Banner_Emprego_PortallavrasTV.png\" alt=\"\"  srcset=\"https:\/\/lavras.tv\/site\/wp-content\/uploads\/2025\/03\/Banner_Emprego_PortallavrasTV.png 720w, https:\/\/lavras.tv\/site\/wp-content\/uploads\/2025\/03\/Banner_Emprego_PortallavrasTV-470x68.png 470w, https:\/\/lavras.tv\/site\/wp-content\/uploads\/2025\/03\/Banner_Emprego_PortallavrasTV-170x25.png 170w, https:\/\/lavras.tv\/site\/wp-content\/uploads\/2025\/03\/Banner_Emprego_PortallavrasTV-200x29.png 200w\" sizes=\"(max-width: 720px) 100vw, 720px\" width=\"720\" height=\"104\"   \/><\/a><\/li><li><a href=\"https:\/\/sistemas.lavras.mg.gov.br\/portalcidadao\/#df1b1a7c7b2a290bcb31e32771e610784662739a88807c0dacac58ede5f391a7530e299dc302d611ee73cb143fc22eaf93592e53e7b5bdb01b00a0b8d28dae460c141dd2ff83412e4dc1c31b16b25f33144a9e5620ea73b13f5bc1c59411d98439ad226e8af03840603796067d87afe130812cf3de24982d0e306f9e61e764e5\" aria-label=\"Banner_Obras_PortallavrasTV\"><img src=\"https:\/\/lavras.tv\/site\/wp-content\/uploads\/2025\/03\/Banner_Obras_PortallavrasTV.png\" alt=\"\"  srcset=\"https:\/\/lavras.tv\/site\/wp-content\/uploads\/2025\/03\/Banner_Obras_PortallavrasTV.png 720w, https:\/\/lavras.tv\/site\/wp-content\/uploads\/2025\/03\/Banner_Obras_PortallavrasTV-470x68.png 470w, https:\/\/lavras.tv\/site\/wp-content\/uploads\/2025\/03\/Banner_Obras_PortallavrasTV-170x25.png 170w, https:\/\/lavras.tv\/site\/wp-content\/uploads\/2025\/03\/Banner_Obras_PortallavrasTV-200x29.png 200w\" sizes=\"(max-width: 720px) 100vw, 720px\" width=\"720\" height=\"104\"   \/><\/a><\/li><li><div style=\"margin-left: auto;margin-right: auto;text-align: center;\" id=\"lavra-1525821564\"><a href=\"https:\/\/sistemas.lavras.mg.gov.br\/portalcidadao\/#df1b1a7c7b2a290bcb31e32771e610784662739a88807c0dacac58ede5f391a7530e299dc302d611ee73cb143fc22eaf93592e53e7b5bdb01b00a0b8d28dae460c141dd2ff83412e4dc1c31b16b25f33144a9e5620ea73b13f5bc1c59411d98439ad226e8af03840603796067d87afe130812cf3de24982d0e306f9e61e764e5\" aria-label=\"Banner_Educa\u00e7\u00e3o_PortallavrasTV\"><img src=\"https:\/\/lavras.tv\/site\/wp-content\/uploads\/2025\/01\/Banner_Educacao_PortallavrasTV.png\" alt=\"\"  srcset=\"https:\/\/lavras.tv\/site\/wp-content\/uploads\/2025\/01\/Banner_Educacao_PortallavrasTV.png 720w, https:\/\/lavras.tv\/site\/wp-content\/uploads\/2025\/01\/Banner_Educacao_PortallavrasTV-470x68.png 470w, https:\/\/lavras.tv\/site\/wp-content\/uploads\/2025\/01\/Banner_Educacao_PortallavrasTV-170x25.png 170w, https:\/\/lavras.tv\/site\/wp-content\/uploads\/2025\/01\/Banner_Educacao_PortallavrasTV-200x29.png 200w\" sizes=\"(max-width: 720px) 100vw, 720px\" width=\"720\" height=\"104\"  style=\"display: inline-block;\" \/><\/a><\/div><\/li><li><a href=\"https:\/\/sistemas.lavras.mg.gov.br\/portalcidadao\/#df1b1a7c7b2a290bcb31e32771e610784662739a88807c0dacac58ede5f391a7530e299dc302d611ee73cb143fc22eaf93592e53e7b5bdb01b00a0b8d28dae460c141dd2ff83412e4dc1c31b16b25f33144a9e5620ea73b13f5bc1c59411d98439ad226e8af03840603796067d87afe130812cf3de24982d0e306f9e61e764e5\" aria-label=\"Banner_Sa\u00fade_PortallavrasTV\"><img src=\"https:\/\/lavras.tv\/site\/wp-content\/uploads\/2025\/03\/Banner_Saude_PortallavrasTV.png\" alt=\"\"  srcset=\"https:\/\/lavras.tv\/site\/wp-content\/uploads\/2025\/03\/Banner_Saude_PortallavrasTV.png 720w, https:\/\/lavras.tv\/site\/wp-content\/uploads\/2025\/03\/Banner_Saude_PortallavrasTV-470x68.png 470w, https:\/\/lavras.tv\/site\/wp-content\/uploads\/2025\/03\/Banner_Saude_PortallavrasTV-170x25.png 170w, https:\/\/lavras.tv\/site\/wp-content\/uploads\/2025\/03\/Banner_Saude_PortallavrasTV-200x29.png 200w\" sizes=\"(max-width: 720px) 100vw, 720px\" width=\"720\" height=\"104\"   \/><\/a><\/li><li><div id=\"lavra-4131757376\" style=\"width:720px;height:104px;background-color:#ddd;overflow:scroll;\">\n\t<strong>Sa\u00edda da depura\u00e7\u00e3o de an\u00fancios<\/strong>\n\t<br><br>\n\tO an\u00fancio n\u00e3o \u00e9 exibido na p\u00e1gina<br><br>post atual: Lavras vai sediar etapa dos Jogos de Minas, ID: 1888<br><br><span style=\"color: red;\">O post atual n\u00e3o \u00e9 id\u00eantico ao post principal.<\/span><br><br>An\u00fancios: ROXO - TOPO INTERNA - ROTATIVO 2 (197)<br \/>Grupo de an\u00fancios: Princ_Meio01_720x104 (27)<br><br>Condi\u00e7\u00f5es de exibi\u00e7\u00e3o<div style=\"margin-bottom: 20px; white-space: pre-wrap; font-family: monospace; width: 100%; background: #ffe9e9;\"><strong>condi\u00e7\u00f5es gerais<\/strong><table border=\"1\"><thead><tr><th><\/th><th>An\u00fancios<\/th><th>wp_the_query<\/th><\/tr><\/thead><tr><td>is_main_query<\/td><td>1<\/td><td>1<\/td><\/tr><tr><td>is_rest_api<\/td><td>0<\/td><td>1<\/td><\/tr><tr><td>page<\/td><td>0<\/td><td>1<\/td><\/tr><tr><td>numpages<\/td><td>0<\/td><td>1<\/td><\/tr><tr><td>is_archive<\/td><td>1<\/td><td><\/td><\/tr><tr><td>is_search<\/td><td>1<\/td><td><\/td><\/tr><tr><td>is_home<\/td><td>1<\/td><td><\/td><\/tr><tr><td>is_404<\/td><td>1<\/td><td><\/td><\/tr><tr><td>is_attachment<\/td><td>1<\/td><td><\/td><\/tr><tr><td>is_singular<\/td><td>1<\/td><td><\/td><\/tr><tr><td>is_front_page<\/td><td>1<\/td><td><\/td><\/tr><tr><td>is_feed<\/td><td>1<\/td><td><\/td><\/tr><\/table><\/div><br><br><span style=\"color: red;\">Seu site usa HTTPS, mas o c\u00f3digo do an\u00fancio cont\u00e9m HTTP e pode n\u00e3o funcionar.<\/span>\t<br><br>\n\t<a style=\"color: green;\" href=\"https:\/\/wpadvancedads.com\/manual\/ad-debug-mode\/?utm_source=advanced-ads&utm_medium=link&utm_campaign=ad-debug-mode\" target=\"_blank\" rel=\"nofollow\">Encontre solu\u00e7\u00f5es no manual<\/a>\n<\/div>\n<\/li><\/ul><\/div><script>( window.advanced_ads_ready || jQuery( document ).ready ).call( null, function() {var $lavraslider1354429304 = jQuery( \".lavra-slider-1354429304\" );$lavraslider1354429304.on( \"unslider.ready\", function() { jQuery( \"div.custom-slider ul li\" ).css( \"display\", \"block\" ); });$lavraslider1354429304.unslider({ delay:4000, autoplay:true, nav:false, arrows:false, infinite:true });$lavraslider1354429304.on(\"mouseover\", function() {$lavraslider1354429304.unslider(\"stop\");}).on(\"mouseout\", function() {$lavraslider1354429304.unslider(\"start\");});});<\/script><\/div><p>Se o Brasil foi nos \u00faltimos anos a casa dos grandes eventos esportivos mundiais (Copa do Mundo 2014 e Jogos Ol\u00edmpicos 2016), Lavras ir\u00e1 se lembrar de 2016 como um grande ano na quest\u00e3o esportiva.<!--more--> Depois de ter sediado as Etapas Estaduais dos Jogos Escolares de Minas Gerais, a cidade dos Ip\u00eas e das Escolas ir\u00e1 ser a sede da Fase Estadual dos Jogos de Minas, a maior competi\u00e7\u00e3o do esporte amador do estado de Minas Gerais.<\/p>\n<p><img fetchpriority=\"high\" decoding=\"async\" class=\"alignnone size-full wp-image-1889\" src=\"http:\/\/lavras.tv\/site\/wp-content\/uploads\/2016\/08\/jogos-de-minas.jpg\" alt=\"jogos de minas\" width=\"731\" height=\"483\" srcset=\"https:\/\/lavras.tv\/site\/wp-content\/uploads\/2016\/08\/jogos-de-minas.jpg 731w, https:\/\/lavras.tv\/site\/wp-content\/uploads\/2016\/08\/jogos-de-minas-150x99.jpg 150w, https:\/\/lavras.tv\/site\/wp-content\/uploads\/2016\/08\/jogos-de-minas-300x198.jpg 300w\" sizes=\"(max-width: 731px) 100vw, 731px\" \/><\/p>\n<p>As competi\u00e7\u00f5es ir\u00e3o come\u00e7ar no dia 2 de setembro e ir\u00e3o at\u00e9 o dia 11 do mesmo m\u00eas. Ser\u00e3o disputadas as modalidades coletivas de Futsal, Handebol, Basquete e Voleibol, al\u00e9m das modalidades individuais de Ciclismo Speed, Ciclismo Mountain Bike, Nata\u00e7\u00e3o, Jud\u00f4 e Taekwondo.<\/p>\n<p>A cidade ficar\u00e1 movimentada durante este per\u00edodo, com atletas e equipes de todas as regi\u00f5es do estado.<\/p>\n<p>Um dos maiores destaques desta fase, ser\u00e1 a participa\u00e7\u00e3o da equipe de voleibol masculino do Minas T\u00eanis Clube, que jogar\u00e1 suas partidas no Gin\u00e1sio da Ferrovi\u00e1ria.<\/p>\n<p>Nas modalidades coletivas, Lavras estar\u00e1 presente na disputa do Futsal (Masculino e Feminino) e do Handebol (Masculino e Feminino).<\/p>\n<p>Veja a tabela de jogos <a href=\"http:\/\/jogosdeminas.esportes.mg.gov.br\/wp-content\/uploads\/2016\/08\/TABELA-LAVRAS-EST..pdf\" target=\"_blank\">CLICANDO AQUI<\/a> e se programe para acompanhar os jogos!!!<\/p>\n<p>&nbsp;<\/p>\n<p>Fonte: ASDELA<\/p>\n","protected":false},"excerpt":{"rendered":"<p>Se o Brasil foi nos \u00faltimos anos a casa dos grandes eventos esportivos mundiais (Copa do Mundo 2014 e Jogos Ol\u00edmpicos 2016), Lavras ir\u00e1 se lembrar de 2016 como um grande ano na quest\u00e3o esportiva.<\/p>\n","protected":false},"author":2,"featured_media":1889,"comment_status":"closed","ping_status":"open","sticky":false,"template":"","format":"standard","meta":{"advgb_blocks_editor_width":"","advgb_blocks_columns_visual_guide":"","_exactmetrics_skip_tracking":false,"_exactmetrics_sitenote_active":false,"_exactmetrics_sitenote_note":"","_exactmetrics_sitenote_category":0,"footnotes":""},"categories":[7,3],"tags":[145,147,640,639],"class_list":["post-1888","post","type-post","status-publish","format-standard","has-post-thumbnail","hentry","category-destaques","category-esportes","tag-asdela","tag-esportes-lavras-mg","tag-jimi-lavras-mg","tag-jogos-de-minas-2017"],"better_featured_image":{"id":1889,"alt_text":"","caption":"","description":"","media_type":"image","media_details":{"width":731,"height":483,"file":"2016\/08\/jogos-de-minas.jpg","sizes":{"thumbnail":{"file":"jogos-de-minas-150x99.jpg","width":150,"height":99,"mime-type":"image\/jpeg","source_url":"https:\/\/lavras.tv\/site\/wp-content\/uploads\/2016\/08\/jogos-de-minas-150x99.jpg"},"medium":{"file":"jogos-de-minas-300x198.jpg","width":300,"height":198,"mime-type":"image\/jpeg","source_url":"https:\/\/lavras.tv\/site\/wp-content\/uploads\/2016\/08\/jogos-de-minas-300x198.jpg"},"featured-slider-img":{"file":"jogos-de-minas-640x480.jpg","width":640,"height":480,"mime-type":"image\/jpeg","source_url":"https:\/\/lavras.tv\/site\/wp-content\/uploads\/2016\/08\/jogos-de-minas-640x480.jpg"},"featured-post-img":{"file":"jogos-de-minas-480x320.jpg","width":480,"height":320,"mime-type":"image\/jpeg","source_url":"https:\/\/lavras.tv\/site\/wp-content\/uploads\/2016\/08\/jogos-de-minas-480x320.jpg"},"sow-carousel-default":{"file":"jogos-de-minas-272x182.jpg","width":272,"height":182,"mime-type":"image\/jpeg","source_url":"https:\/\/lavras.tv\/site\/wp-content\/uploads\/2016\/08\/jogos-de-minas-272x182.jpg"}},"image_meta":{"aperture":"5.6","credit":"","camera":"NIKON D300S","caption":"","created_timestamp":"1340729725","copyright":"","focal_length":"80","iso":"3200","shutter_speed":"0.008","title":"","orientation":"0","keywords":[]}},"post":1888,"source_url":"https:\/\/lavras.tv\/site\/wp-content\/uploads\/2016\/08\/jogos-de-minas.jpg"},"author_meta":{"display_name":"Lavras TV","author_link":"https:\/\/lavras.tv\/site\/author\/lavrastv\/"},"featured_img":"https:\/\/lavras.tv\/site\/wp-content\/uploads\/2016\/08\/jogos-de-minas-300x198.jpg","coauthors":[],"tax_additional":{"categories":{"linked":["<a href=\"https:\/\/lavras.tv\/site\/category\/destaques\/\" class=\"advgb-post-tax-term\">Destaques<\/a>","<a href=\"https:\/\/lavras.tv\/site\/category\/esportes\/\" class=\"advgb-post-tax-term\">Esportes<\/a>"],"unlinked":["<span class=\"advgb-post-tax-term\">Destaques<\/span>","<span class=\"advgb-post-tax-term\">Esportes<\/span>"]},"tags":{"linked":["<a href=\"https:\/\/lavras.tv\/site\/category\/esportes\/\" class=\"advgb-post-tax-term\">asdela<\/a>","<a href=\"https:\/\/lavras.tv\/site\/category\/esportes\/\" class=\"advgb-post-tax-term\">esportes lavras mg<\/a>","<a href=\"https:\/\/lavras.tv\/site\/category\/esportes\/\" class=\"advgb-post-tax-term\">jimi lavras mg<\/a>","<a href=\"https:\/\/lavras.tv\/site\/category\/esportes\/\" class=\"advgb-post-tax-term\">jogos de minas 2017<\/a>"],"unlinked":["<span class=\"advgb-post-tax-term\">asdela<\/span>","<span class=\"advgb-post-tax-term\">esportes lavras mg<\/span>","<span class=\"advgb-post-tax-term\">jimi lavras mg<\/span>","<span class=\"advgb-post-tax-term\">jogos de minas 2017<\/span>"]}},"comment_count":"0","relative_dates":{"created":"Publicado 10 anos atr\u00e1s","modified":"Atualizado 10 anos atr\u00e1s"},"absolute_dates":{"created":"Publicado em 29 de agosto de 2016","modified":"Atualizado em 29 de agosto de 2016"},"absolute_dates_time":{"created":"Publicado em 29 de agosto de 2016 12:53","modified":"Atualizado em 29 de agosto de 2016 12:53"},"featured_img_caption":"","series_order":"","_links":{"self":[{"href":"https:\/\/lavras.tv\/site\/wp-json\/wp\/v2\/posts\/1888","targetHints":{"allow":["GET"]}}],"collection":[{"href":"https:\/\/lavras.tv\/site\/wp-json\/wp\/v2\/posts"}],"about":[{"href":"https:\/\/lavras.tv\/site\/wp-json\/wp\/v2\/types\/post"}],"author":[{"embeddable":true,"href":"https:\/\/lavras.tv\/site\/wp-json\/wp\/v2\/users\/2"}],"replies":[{"embeddable":true,"href":"https:\/\/lavras.tv\/site\/wp-json\/wp\/v2\/comments?post=1888"}],"version-history":[{"count":1,"href":"https:\/\/lavras.tv\/site\/wp-json\/wp\/v2\/posts\/1888\/revisions"}],"predecessor-version":[{"id":1890,"href":"https:\/\/lavras.tv\/site\/wp-json\/wp\/v2\/posts\/1888\/revisions\/1890"}],"wp:featuredmedia":[{"embeddable":true,"href":"https:\/\/lavras.tv\/site\/wp-json\/wp\/v2\/media\/1889"}],"wp:attachment":[{"href":"https:\/\/lavras.tv\/site\/wp-json\/wp\/v2\/media?parent=1888"}],"wp:term":[{"taxonomy":"category","embeddable":true,"href":"https:\/\/lavras.tv\/site\/wp-json\/wp\/v2\/categories?post=1888"},{"taxonomy":"post_tag","embeddable":true,"href":"https:\/\/lavras.tv\/site\/wp-json\/wp\/v2\/tags?post=1888"}],"curies":[{"name":"wp","href":"https:\/\/api.w.org\/{rel}","templated":true}]}}