{"id":1895,"date":"2016-08-29T13:10:56","date_gmt":"2016-08-29T13:10:56","guid":{"rendered":"http:\/\/lavras.tv\/site\/?p=1895"},"modified":"2016-08-29T13:10:56","modified_gmt":"2016-08-29T13:10:56","slug":"escritora-premiada-participa-de-congresso-no-unilavras","status":"publish","type":"post","link":"https:\/\/lavras.tv\/site\/2016\/08\/29\/escritora-premiada-participa-de-congresso-no-unilavras\/","title":{"rendered":"Escritora premiada participa de Congresso no Unilavras"},"content":{"rendered":"<div class=\"lavra-antes-do-conteudo_2\" id=\"lavra-3063722878\"><div id=\"lavra-slider-27\" class=\"custom-slider lavra-slider-2083787022 lavra-slider\"><ul><li><div style=\"margin-left: auto;margin-right: auto;text-align: center;\" id=\"lavra-3127180912\"><a href=\"https:\/\/sistemas.lavras.mg.gov.br\/portalcidadao\/#df1b1a7c7b2a290bcb31e32771e610784662739a88807c0dacac58ede5f391a7530e299dc302d611ee73cb143fc22eaf93592e53e7b5bdb01b00a0b8d28dae460c141dd2ff83412e4dc1c31b16b25f33144a9e5620ea73b13f5bc1c59411d98439ad226e8af03840603796067d87afe130812cf3de24982d0e306f9e61e764e5\" aria-label=\"Lavras-TV&#8211;720x104px (1) (1)\"><img src=\"https:\/\/lavras.tv\/site\/wp-content\/uploads\/2025\/01\/Lavras-TV-720x104px-1-1.png\" alt=\"\"  srcset=\"https:\/\/lavras.tv\/site\/wp-content\/uploads\/2025\/01\/Lavras-TV-720x104px-1-1.png 720w, https:\/\/lavras.tv\/site\/wp-content\/uploads\/2025\/01\/Lavras-TV-720x104px-1-1-470x68.png 470w, https:\/\/lavras.tv\/site\/wp-content\/uploads\/2025\/01\/Lavras-TV-720x104px-1-1-170x25.png 170w, https:\/\/lavras.tv\/site\/wp-content\/uploads\/2025\/01\/Lavras-TV-720x104px-1-1-200x29.png 200w\" sizes=\"(max-width: 720px) 100vw, 720px\" width=\"720\" height=\"104\"  style=\"display: inline-block;\" \/><\/a><\/div><\/li><li><a href=\"https:\/\/sistemas.lavras.mg.gov.br\/portalcidadao\/#df1b1a7c7b2a290bcb31e32771e610784662739a88807c0dacac58ede5f391a7530e299dc302d611ee73cb143fc22eaf93592e53e7b5bdb01b00a0b8d28dae460c141dd2ff83412e4dc1c31b16b25f33144a9e5620ea73b13f5bc1c59411d98439ad226e8af03840603796067d87afe130812cf3de24982d0e306f9e61e764e5\" aria-label=\"Banner_Emprego_PortallavrasTV\"><img src=\"https:\/\/lavras.tv\/site\/wp-content\/uploads\/2025\/03\/Banner_Emprego_PortallavrasTV.png\" alt=\"\"  srcset=\"https:\/\/lavras.tv\/site\/wp-content\/uploads\/2025\/03\/Banner_Emprego_PortallavrasTV.png 720w, https:\/\/lavras.tv\/site\/wp-content\/uploads\/2025\/03\/Banner_Emprego_PortallavrasTV-470x68.png 470w, https:\/\/lavras.tv\/site\/wp-content\/uploads\/2025\/03\/Banner_Emprego_PortallavrasTV-170x25.png 170w, https:\/\/lavras.tv\/site\/wp-content\/uploads\/2025\/03\/Banner_Emprego_PortallavrasTV-200x29.png 200w\" sizes=\"(max-width: 720px) 100vw, 720px\" width=\"720\" height=\"104\"   \/><\/a><\/li><li><a href=\"https:\/\/sistemas.lavras.mg.gov.br\/portalcidadao\/#df1b1a7c7b2a290bcb31e32771e610784662739a88807c0dacac58ede5f391a7530e299dc302d611ee73cb143fc22eaf93592e53e7b5bdb01b00a0b8d28dae460c141dd2ff83412e4dc1c31b16b25f33144a9e5620ea73b13f5bc1c59411d98439ad226e8af03840603796067d87afe130812cf3de24982d0e306f9e61e764e5\" aria-label=\"Banner_Obras_PortallavrasTV\"><img src=\"https:\/\/lavras.tv\/site\/wp-content\/uploads\/2025\/03\/Banner_Obras_PortallavrasTV.png\" alt=\"\"  srcset=\"https:\/\/lavras.tv\/site\/wp-content\/uploads\/2025\/03\/Banner_Obras_PortallavrasTV.png 720w, https:\/\/lavras.tv\/site\/wp-content\/uploads\/2025\/03\/Banner_Obras_PortallavrasTV-470x68.png 470w, https:\/\/lavras.tv\/site\/wp-content\/uploads\/2025\/03\/Banner_Obras_PortallavrasTV-170x25.png 170w, https:\/\/lavras.tv\/site\/wp-content\/uploads\/2025\/03\/Banner_Obras_PortallavrasTV-200x29.png 200w\" sizes=\"(max-width: 720px) 100vw, 720px\" width=\"720\" height=\"104\"   \/><\/a><\/li><li><div style=\"margin-left: auto;margin-right: auto;text-align: center;\" id=\"lavra-1065264262\"><a href=\"https:\/\/sistemas.lavras.mg.gov.br\/portalcidadao\/#df1b1a7c7b2a290bcb31e32771e610784662739a88807c0dacac58ede5f391a7530e299dc302d611ee73cb143fc22eaf93592e53e7b5bdb01b00a0b8d28dae460c141dd2ff83412e4dc1c31b16b25f33144a9e5620ea73b13f5bc1c59411d98439ad226e8af03840603796067d87afe130812cf3de24982d0e306f9e61e764e5\" aria-label=\"Banner_Educa\u00e7\u00e3o_PortallavrasTV\"><img src=\"https:\/\/lavras.tv\/site\/wp-content\/uploads\/2025\/01\/Banner_Educacao_PortallavrasTV.png\" alt=\"\"  srcset=\"https:\/\/lavras.tv\/site\/wp-content\/uploads\/2025\/01\/Banner_Educacao_PortallavrasTV.png 720w, https:\/\/lavras.tv\/site\/wp-content\/uploads\/2025\/01\/Banner_Educacao_PortallavrasTV-470x68.png 470w, https:\/\/lavras.tv\/site\/wp-content\/uploads\/2025\/01\/Banner_Educacao_PortallavrasTV-170x25.png 170w, https:\/\/lavras.tv\/site\/wp-content\/uploads\/2025\/01\/Banner_Educacao_PortallavrasTV-200x29.png 200w\" sizes=\"(max-width: 720px) 100vw, 720px\" width=\"720\" height=\"104\"  style=\"display: inline-block;\" \/><\/a><\/div><\/li><li><a href=\"https:\/\/sistemas.lavras.mg.gov.br\/portalcidadao\/#df1b1a7c7b2a290bcb31e32771e610784662739a88807c0dacac58ede5f391a7530e299dc302d611ee73cb143fc22eaf93592e53e7b5bdb01b00a0b8d28dae460c141dd2ff83412e4dc1c31b16b25f33144a9e5620ea73b13f5bc1c59411d98439ad226e8af03840603796067d87afe130812cf3de24982d0e306f9e61e764e5\" aria-label=\"Banner_Sa\u00fade_PortallavrasTV\"><img src=\"https:\/\/lavras.tv\/site\/wp-content\/uploads\/2025\/03\/Banner_Saude_PortallavrasTV.png\" alt=\"\"  srcset=\"https:\/\/lavras.tv\/site\/wp-content\/uploads\/2025\/03\/Banner_Saude_PortallavrasTV.png 720w, https:\/\/lavras.tv\/site\/wp-content\/uploads\/2025\/03\/Banner_Saude_PortallavrasTV-470x68.png 470w, https:\/\/lavras.tv\/site\/wp-content\/uploads\/2025\/03\/Banner_Saude_PortallavrasTV-170x25.png 170w, https:\/\/lavras.tv\/site\/wp-content\/uploads\/2025\/03\/Banner_Saude_PortallavrasTV-200x29.png 200w\" sizes=\"(max-width: 720px) 100vw, 720px\" width=\"720\" height=\"104\"   \/><\/a><\/li><li><div id=\"lavra-461344225\" style=\"width:720px;height:104px;background-color:#ddd;overflow:scroll;\">\n\t<strong>Sa\u00edda da depura\u00e7\u00e3o de an\u00fancios<\/strong>\n\t<br><br>\n\tO an\u00fancio n\u00e3o \u00e9 exibido na p\u00e1gina<br><br>post atual: Escritora premiada participa de Congresso no Unilavras, ID: 1895<br><br><span style=\"color: red;\">O post atual n\u00e3o \u00e9 id\u00eantico ao post principal.<\/span><br><br>An\u00fancios: ROXO - TOPO INTERNA - ROTATIVO 2 (197)<br \/>Grupo de an\u00fancios: Princ_Meio01_720x104 (27)<br><br>Condi\u00e7\u00f5es de exibi\u00e7\u00e3o<div style=\"margin-bottom: 20px; white-space: pre-wrap; font-family: monospace; width: 100%; background: #ffe9e9;\"><strong>condi\u00e7\u00f5es gerais<\/strong><table border=\"1\"><thead><tr><th><\/th><th>An\u00fancios<\/th><th>wp_the_query<\/th><\/tr><\/thead><tr><td>is_main_query<\/td><td>1<\/td><td>1<\/td><\/tr><tr><td>is_rest_api<\/td><td>0<\/td><td>1<\/td><\/tr><tr><td>page<\/td><td>0<\/td><td>1<\/td><\/tr><tr><td>numpages<\/td><td>0<\/td><td>1<\/td><\/tr><tr><td>is_archive<\/td><td>1<\/td><td><\/td><\/tr><tr><td>is_search<\/td><td>1<\/td><td><\/td><\/tr><tr><td>is_home<\/td><td>1<\/td><td><\/td><\/tr><tr><td>is_404<\/td><td>1<\/td><td><\/td><\/tr><tr><td>is_attachment<\/td><td>1<\/td><td><\/td><\/tr><tr><td>is_singular<\/td><td>1<\/td><td><\/td><\/tr><tr><td>is_front_page<\/td><td>1<\/td><td><\/td><\/tr><tr><td>is_feed<\/td><td>1<\/td><td><\/td><\/tr><\/table><\/div><br><br><span style=\"color: red;\">Seu site usa HTTPS, mas o c\u00f3digo do an\u00fancio cont\u00e9m HTTP e pode n\u00e3o funcionar.<\/span>\t<br><br>\n\t<a style=\"color: green;\" href=\"https:\/\/wpadvancedads.com\/manual\/ad-debug-mode\/?utm_source=advanced-ads&utm_medium=link&utm_campaign=ad-debug-mode\" target=\"_blank\" rel=\"nofollow\">Encontre solu\u00e7\u00f5es no manual<\/a>\n<\/div>\n<\/li><\/ul><\/div><script>( window.advanced_ads_ready || jQuery( document ).ready ).call( null, function() {var $lavraslider2083787022 = jQuery( \".lavra-slider-2083787022\" );$lavraslider2083787022.on( \"unslider.ready\", function() { jQuery( \"div.custom-slider ul li\" ).css( \"display\", \"block\" ); });$lavraslider2083787022.unslider({ delay:4000, autoplay:true, nav:false, arrows:false, infinite:true });$lavraslider2083787022.on(\"mouseover\", function() {$lavraslider2083787022.unslider(\"stop\");}).on(\"mouseout\", function() {$lavraslider2083787022.unslider(\"start\");});});<\/script><\/div><p>A escritora e jornalista Daniela Arbex, autora do premiado livro \u201cHolocausto Brasileiro\u201d, estar\u00e1 em Lavras nesta sexta-feira, dia 02 de setembro, ministrando palestra sobre o tema no Congresso de Psicologia do Unilavras.<!--more--><\/p>\n<p><img fetchpriority=\"high\" decoding=\"async\" class=\" wp-image-1896 alignleft\" src=\"http:\/\/lavras.tv\/site\/wp-content\/uploads\/2016\/08\/Holocausto-brasileiro.jpg\" alt=\"Holocausto-brasileiro\" width=\"412\" height=\"269\" srcset=\"https:\/\/lavras.tv\/site\/wp-content\/uploads\/2016\/08\/Holocausto-brasileiro.jpg 609w, https:\/\/lavras.tv\/site\/wp-content\/uploads\/2016\/08\/Holocausto-brasileiro-150x98.jpg 150w, https:\/\/lavras.tv\/site\/wp-content\/uploads\/2016\/08\/Holocausto-brasileiro-300x196.jpg 300w\" sizes=\"(max-width: 412px) 100vw, 412px\" \/><\/p>\n<p>Uma das jornalistas do Brasil mais premiadas de sua gera\u00e7\u00e3o, Daniela trabalha h\u00e1 20 anos no Jornal Tribuna de Minas, onde \u00e9 rep\u00f3rter especial e tem no curr\u00edculo mais de 20 pr\u00eamios nacionais e internacionais, entre eles tr\u00eas pr\u00eamios Esso, o mais recente recebido em 2012 com a s\u00e9rie \u201cHolocausto brasileiro\u201d (Sobre os hosp\u00edcios de Barbacena), dois pr\u00eamios Vladimir Herzog (men\u00e7\u00e3o honrosa), o Knight International Journalism Award, entregue nos Estados Unidos (2010), e o pr\u00eamio IPYS de Melhor Investiga\u00e7\u00e3o Jornal\u00edstica da Am\u00e9rica Latina e Caribe (Transpar\u00eancia Internacional e Instituto Prensa y Sociedad).<\/p>\n<p>Seu best-seller \u201cHolocausto Brasileiro\u201d foi eleito Melhor Livro-Reportagem do Ano pela Associa\u00e7\u00e3o Paulista de Cr\u00edticos de Arte (2013) e segundo melhor Livro-Reportagem no pr\u00eamio Jabuti (2014). Com mais de 150 mil exemplares vendidos no Brasil e em Portugal, a obra ganhar\u00e1 as telas da TV no document\u00e1rio que est\u00e1 sendo produzido esse ano com exclusividade para a HBO, com exibi\u00e7\u00e3o prevista em mais de 20 pa\u00edses.<\/p>\n<p>Durante d\u00e9cadas \u2013 em especial entre os anos 30 e 60 &#8211; milhares de pacientes foram internados \u00e0 for\u00e7a, sem diagn\u00f3stico de doen\u00e7a mental, num enorme hosp\u00edcio na cidade de Barbacena. Ali foram torturados, violentados e mortos sem que ningu\u00e9m se importasse com seu destino. Eram apenas epil\u00e9ticos, alco\u00f3latras, homossexuais, prostitutas, meninas gr\u00e1vidas pelos patr\u00f5es, mulheres confinadas pelos maridos, mo\u00e7as que haviam perdido a virgindade antes do casamento. Ningu\u00e9m ouvia seus gritos. Jornalistas famosos, nos anos 60 e 70, fizeram reportagens denunciando os maus tratos \u2013 a primeira reportagem foi publicada pela revista O Cruzeiro, em 1961. Entretanto, nenhum deles \u2014 como fez Daniela Arbex \u2014 conseguiu contar a hist\u00f3ria completa. Para a autora, o que se praticou no Hosp\u00edcio de Barbacena foi um genoc\u00eddio, com 60 mil mortes.<\/p>\n<p>Em fun\u00e7\u00e3o de suas atividades como jornalista e escritora, Daniela j\u00e1 deu palestras sobre suas reportagens em defesa dos direitos humanos e den\u00fancias de corrup\u00e7\u00e3o em mais de cinco pa\u00edses, entre eles Estados Unidos, Portugal, Col\u00f4mbia, Uruguai, Peru, B\u00e9lgica.\u00a0 Enfim, uma oportunidade imperd\u00edvel conhecer a autora e suas obras aqui em Lavras.<\/p>\n<p>As inscri\u00e7\u00f5es para o Congresso de Psicologia do Unilavras podem ser feitas pela internet, no link <a href=\"http:\/\/www.unilavras.edu.br\/site\/congresso-de-psicologia\/\">http:\/\/www.unilavras.edu.br\/site\/congresso-de-psicologia\/<\/a> .<\/p>\n<p>Aqueles que se interessarem em participar somente da palestra de Daniela Arbex poder\u00e3o ser inscrever na hora (a palestra come\u00e7a \u00e0s 19h, no audit\u00f3rio do campus do Unilavras), pagando R$ 40,00. Na ocasi\u00e3o, haver\u00e1 ainda venda de livros (ela tamb\u00e9m lan\u00e7ou recentemente o livro Cova 321, sobre a ditadura no Brasil) e sess\u00e3o de aut\u00f3grafos.<\/p>\n<p>&nbsp;<\/p>\n<p>Fonte: ASCOM \u2013 Unilavras<\/p>\n","protected":false},"excerpt":{"rendered":"<p>A escritora e jornalista Daniela Arbex, autora do premiado livro \u201cHolocausto Brasileiro\u201d, estar\u00e1 em Lavras nesta sexta-feira, dia 02 de setembro, ministrando palestra sobre o tema no Congresso de Psicologia do Unilavras.<\/p>\n","protected":false},"author":2,"featured_media":1897,"comment_status":"closed","ping_status":"open","sticky":false,"template":"","format":"standard","meta":{"advgb_blocks_editor_width":"","advgb_blocks_columns_visual_guide":"","_exactmetrics_skip_tracking":false,"_exactmetrics_sitenote_active":false,"_exactmetrics_sitenote_note":"","_exactmetrics_sitenote_category":0,"footnotes":""},"categories":[7,2],"tags":[644,642,643,44,645],"class_list":["post-1895","post","type-post","status-publish","format-standard","has-post-thumbnail","hentry","category-destaques","category-noticias","tag-congresso-de-psicologia","tag-daniela-arbex","tag-holocausto-brasileiro","tag-lavras-mg","tag-unilvaras"],"better_featured_image":{"id":1897,"alt_text":"","caption":"","description":"","media_type":"image","media_details":{"width":600,"height":400,"file":"2016\/08\/daniela-arbex.jpg","sizes":{"thumbnail":{"file":"daniela-arbex-150x100.jpg","width":150,"height":100,"mime-type":"image\/jpeg","source_url":"https:\/\/lavras.tv\/site\/wp-content\/uploads\/2016\/08\/daniela-arbex-150x100.jpg"},"medium":{"file":"daniela-arbex-300x200.jpg","width":300,"height":200,"mime-type":"image\/jpeg","source_url":"https:\/\/lavras.tv\/site\/wp-content\/uploads\/2016\/08\/daniela-arbex-300x200.jpg"},"featured-post-img":{"file":"daniela-arbex-480x320.jpg","width":480,"height":320,"mime-type":"image\/jpeg","source_url":"https:\/\/lavras.tv\/site\/wp-content\/uploads\/2016\/08\/daniela-arbex-480x320.jpg"},"sow-carousel-default":{"file":"daniela-arbex-272x182.jpg","width":272,"height":182,"mime-type":"image\/jpeg","source_url":"https:\/\/lavras.tv\/site\/wp-content\/uploads\/2016\/08\/daniela-arbex-272x182.jpg"}},"image_meta":{"aperture":"0","credit":"","camera":"","caption":"","created_timestamp":"0","copyright":"","focal_length":"0","iso":"0","shutter_speed":"0","title":"","orientation":"0","keywords":[]}},"post":1895,"source_url":"https:\/\/lavras.tv\/site\/wp-content\/uploads\/2016\/08\/daniela-arbex.jpg"},"author_meta":{"display_name":"Lavras TV","author_link":"https:\/\/lavras.tv\/site\/author\/lavrastv\/"},"featured_img":"https:\/\/lavras.tv\/site\/wp-content\/uploads\/2016\/08\/daniela-arbex-300x200.jpg","coauthors":[],"tax_additional":{"categories":{"linked":["<a href=\"https:\/\/lavras.tv\/site\/category\/destaques\/\" class=\"advgb-post-tax-term\">Destaques<\/a>","<a href=\"https:\/\/lavras.tv\/site\/category\/noticias\/\" class=\"advgb-post-tax-term\">Not\u00edcias<\/a>"],"unlinked":["<span class=\"advgb-post-tax-term\">Destaques<\/span>","<span class=\"advgb-post-tax-term\">Not\u00edcias<\/span>"]},"tags":{"linked":["<a href=\"https:\/\/lavras.tv\/site\/category\/noticias\/\" class=\"advgb-post-tax-term\">congresso de psicologia<\/a>","<a href=\"https:\/\/lavras.tv\/site\/category\/noticias\/\" class=\"advgb-post-tax-term\">daniela arbex<\/a>","<a href=\"https:\/\/lavras.tv\/site\/category\/noticias\/\" class=\"advgb-post-tax-term\">holocausto brasileiro<\/a>","<a href=\"https:\/\/lavras.tv\/site\/category\/noticias\/\" class=\"advgb-post-tax-term\">lavras mg<\/a>","<a href=\"https:\/\/lavras.tv\/site\/category\/noticias\/\" class=\"advgb-post-tax-term\">unilvaras<\/a>"],"unlinked":["<span class=\"advgb-post-tax-term\">congresso de psicologia<\/span>","<span class=\"advgb-post-tax-term\">daniela arbex<\/span>","<span class=\"advgb-post-tax-term\">holocausto brasileiro<\/span>","<span class=\"advgb-post-tax-term\">lavras mg<\/span>","<span class=\"advgb-post-tax-term\">unilvaras<\/span>"]}},"comment_count":"0","relative_dates":{"created":"Publicado 10 anos atr\u00e1s","modified":"Atualizado 10 anos atr\u00e1s"},"absolute_dates":{"created":"Publicado em 29 de agosto de 2016","modified":"Atualizado em 29 de agosto de 2016"},"absolute_dates_time":{"created":"Publicado em 29 de agosto de 2016 13:10","modified":"Atualizado em 29 de agosto de 2016 13:10"},"featured_img_caption":"","series_order":"","_links":{"self":[{"href":"https:\/\/lavras.tv\/site\/wp-json\/wp\/v2\/posts\/1895","targetHints":{"allow":["GET"]}}],"collection":[{"href":"https:\/\/lavras.tv\/site\/wp-json\/wp\/v2\/posts"}],"about":[{"href":"https:\/\/lavras.tv\/site\/wp-json\/wp\/v2\/types\/post"}],"author":[{"embeddable":true,"href":"https:\/\/lavras.tv\/site\/wp-json\/wp\/v2\/users\/2"}],"replies":[{"embeddable":true,"href":"https:\/\/lavras.tv\/site\/wp-json\/wp\/v2\/comments?post=1895"}],"version-history":[{"count":1,"href":"https:\/\/lavras.tv\/site\/wp-json\/wp\/v2\/posts\/1895\/revisions"}],"predecessor-version":[{"id":1898,"href":"https:\/\/lavras.tv\/site\/wp-json\/wp\/v2\/posts\/1895\/revisions\/1898"}],"wp:featuredmedia":[{"embeddable":true,"href":"https:\/\/lavras.tv\/site\/wp-json\/wp\/v2\/media\/1897"}],"wp:attachment":[{"href":"https:\/\/lavras.tv\/site\/wp-json\/wp\/v2\/media?parent=1895"}],"wp:term":[{"taxonomy":"category","embeddable":true,"href":"https:\/\/lavras.tv\/site\/wp-json\/wp\/v2\/categories?post=1895"},{"taxonomy":"post_tag","embeddable":true,"href":"https:\/\/lavras.tv\/site\/wp-json\/wp\/v2\/tags?post=1895"}],"curies":[{"name":"wp","href":"https:\/\/api.w.org\/{rel}","templated":true}]}}