{"id":19094,"date":"2018-12-11T09:27:00","date_gmt":"2018-12-11T11:27:00","guid":{"rendered":"http:\/\/lavras.tv\/site\/?p=19094"},"modified":"2018-12-11T09:27:00","modified_gmt":"2018-12-11T11:27:00","slug":"pf-desencadeia-operacao-contra-o-senador-aecio-neves","status":"publish","type":"post","link":"https:\/\/lavras.tv\/site\/2018\/12\/11\/pf-desencadeia-operacao-contra-o-senador-aecio-neves\/","title":{"rendered":"PF desencadeia opera\u00e7\u00e3o contra o senador A\u00e9cio Neves"},"content":{"rendered":"<div class=\"lavra-antes-do-conteudo_2\" id=\"lavra-2186685409\"><div id=\"lavra-slider-27\" class=\"custom-slider lavra-slider-2830851797 lavra-slider\"><ul><li><div style=\"margin-left: auto;margin-right: auto;text-align: center;\" id=\"lavra-523715332\"><a href=\"https:\/\/sistemas.lavras.mg.gov.br\/portalcidadao\/#df1b1a7c7b2a290bcb31e32771e610784662739a88807c0dacac58ede5f391a7530e299dc302d611ee73cb143fc22eaf93592e53e7b5bdb01b00a0b8d28dae460c141dd2ff83412e4dc1c31b16b25f33144a9e5620ea73b13f5bc1c59411d98439ad226e8af03840603796067d87afe130812cf3de24982d0e306f9e61e764e5\" aria-label=\"Lavras-TV&#8211;720x104px (1) (1)\"><img src=\"https:\/\/lavras.tv\/site\/wp-content\/uploads\/2025\/01\/Lavras-TV-720x104px-1-1.png\" alt=\"\"  srcset=\"https:\/\/lavras.tv\/site\/wp-content\/uploads\/2025\/01\/Lavras-TV-720x104px-1-1.png 720w, https:\/\/lavras.tv\/site\/wp-content\/uploads\/2025\/01\/Lavras-TV-720x104px-1-1-470x68.png 470w, https:\/\/lavras.tv\/site\/wp-content\/uploads\/2025\/01\/Lavras-TV-720x104px-1-1-170x25.png 170w, https:\/\/lavras.tv\/site\/wp-content\/uploads\/2025\/01\/Lavras-TV-720x104px-1-1-200x29.png 200w\" sizes=\"(max-width: 720px) 100vw, 720px\" width=\"720\" height=\"104\"  style=\"display: inline-block;\" \/><\/a><\/div><\/li><li><a href=\"https:\/\/sistemas.lavras.mg.gov.br\/portalcidadao\/#df1b1a7c7b2a290bcb31e32771e610784662739a88807c0dacac58ede5f391a7530e299dc302d611ee73cb143fc22eaf93592e53e7b5bdb01b00a0b8d28dae460c141dd2ff83412e4dc1c31b16b25f33144a9e5620ea73b13f5bc1c59411d98439ad226e8af03840603796067d87afe130812cf3de24982d0e306f9e61e764e5\" aria-label=\"Banner_Emprego_PortallavrasTV\"><img src=\"https:\/\/lavras.tv\/site\/wp-content\/uploads\/2025\/03\/Banner_Emprego_PortallavrasTV.png\" alt=\"\"  srcset=\"https:\/\/lavras.tv\/site\/wp-content\/uploads\/2025\/03\/Banner_Emprego_PortallavrasTV.png 720w, https:\/\/lavras.tv\/site\/wp-content\/uploads\/2025\/03\/Banner_Emprego_PortallavrasTV-470x68.png 470w, https:\/\/lavras.tv\/site\/wp-content\/uploads\/2025\/03\/Banner_Emprego_PortallavrasTV-170x25.png 170w, https:\/\/lavras.tv\/site\/wp-content\/uploads\/2025\/03\/Banner_Emprego_PortallavrasTV-200x29.png 200w\" sizes=\"(max-width: 720px) 100vw, 720px\" width=\"720\" height=\"104\"   \/><\/a><\/li><li><a href=\"https:\/\/sistemas.lavras.mg.gov.br\/portalcidadao\/#df1b1a7c7b2a290bcb31e32771e610784662739a88807c0dacac58ede5f391a7530e299dc302d611ee73cb143fc22eaf93592e53e7b5bdb01b00a0b8d28dae460c141dd2ff83412e4dc1c31b16b25f33144a9e5620ea73b13f5bc1c59411d98439ad226e8af03840603796067d87afe130812cf3de24982d0e306f9e61e764e5\" aria-label=\"Banner_Obras_PortallavrasTV\"><img src=\"https:\/\/lavras.tv\/site\/wp-content\/uploads\/2025\/03\/Banner_Obras_PortallavrasTV.png\" alt=\"\"  srcset=\"https:\/\/lavras.tv\/site\/wp-content\/uploads\/2025\/03\/Banner_Obras_PortallavrasTV.png 720w, https:\/\/lavras.tv\/site\/wp-content\/uploads\/2025\/03\/Banner_Obras_PortallavrasTV-470x68.png 470w, https:\/\/lavras.tv\/site\/wp-content\/uploads\/2025\/03\/Banner_Obras_PortallavrasTV-170x25.png 170w, https:\/\/lavras.tv\/site\/wp-content\/uploads\/2025\/03\/Banner_Obras_PortallavrasTV-200x29.png 200w\" sizes=\"(max-width: 720px) 100vw, 720px\" width=\"720\" height=\"104\"   \/><\/a><\/li><li><div style=\"margin-left: auto;margin-right: auto;text-align: center;\" id=\"lavra-2232456949\"><a href=\"https:\/\/sistemas.lavras.mg.gov.br\/portalcidadao\/#df1b1a7c7b2a290bcb31e32771e610784662739a88807c0dacac58ede5f391a7530e299dc302d611ee73cb143fc22eaf93592e53e7b5bdb01b00a0b8d28dae460c141dd2ff83412e4dc1c31b16b25f33144a9e5620ea73b13f5bc1c59411d98439ad226e8af03840603796067d87afe130812cf3de24982d0e306f9e61e764e5\" aria-label=\"Banner_Educa\u00e7\u00e3o_PortallavrasTV\"><img src=\"https:\/\/lavras.tv\/site\/wp-content\/uploads\/2025\/01\/Banner_Educacao_PortallavrasTV.png\" alt=\"\"  srcset=\"https:\/\/lavras.tv\/site\/wp-content\/uploads\/2025\/01\/Banner_Educacao_PortallavrasTV.png 720w, https:\/\/lavras.tv\/site\/wp-content\/uploads\/2025\/01\/Banner_Educacao_PortallavrasTV-470x68.png 470w, https:\/\/lavras.tv\/site\/wp-content\/uploads\/2025\/01\/Banner_Educacao_PortallavrasTV-170x25.png 170w, https:\/\/lavras.tv\/site\/wp-content\/uploads\/2025\/01\/Banner_Educacao_PortallavrasTV-200x29.png 200w\" sizes=\"(max-width: 720px) 100vw, 720px\" width=\"720\" height=\"104\"  style=\"display: inline-block;\" \/><\/a><\/div><\/li><li><a href=\"https:\/\/sistemas.lavras.mg.gov.br\/portalcidadao\/#df1b1a7c7b2a290bcb31e32771e610784662739a88807c0dacac58ede5f391a7530e299dc302d611ee73cb143fc22eaf93592e53e7b5bdb01b00a0b8d28dae460c141dd2ff83412e4dc1c31b16b25f33144a9e5620ea73b13f5bc1c59411d98439ad226e8af03840603796067d87afe130812cf3de24982d0e306f9e61e764e5\" aria-label=\"Banner_Sa\u00fade_PortallavrasTV\"><img src=\"https:\/\/lavras.tv\/site\/wp-content\/uploads\/2025\/03\/Banner_Saude_PortallavrasTV.png\" alt=\"\"  srcset=\"https:\/\/lavras.tv\/site\/wp-content\/uploads\/2025\/03\/Banner_Saude_PortallavrasTV.png 720w, https:\/\/lavras.tv\/site\/wp-content\/uploads\/2025\/03\/Banner_Saude_PortallavrasTV-470x68.png 470w, https:\/\/lavras.tv\/site\/wp-content\/uploads\/2025\/03\/Banner_Saude_PortallavrasTV-170x25.png 170w, https:\/\/lavras.tv\/site\/wp-content\/uploads\/2025\/03\/Banner_Saude_PortallavrasTV-200x29.png 200w\" sizes=\"(max-width: 720px) 100vw, 720px\" width=\"720\" height=\"104\"   \/><\/a><\/li><li><div id=\"lavra-1791166028\" style=\"width:720px;height:104px;background-color:#ddd;overflow:scroll;\">\n\t<strong>Sa\u00edda da depura\u00e7\u00e3o de an\u00fancios<\/strong>\n\t<br><br>\n\tO an\u00fancio n\u00e3o \u00e9 exibido na p\u00e1gina<br><br>post atual: PF desencadeia opera\u00e7\u00e3o contra o senador A\u00e9cio Neves, ID: 19094<br><br><span style=\"color: red;\">O post atual n\u00e3o \u00e9 id\u00eantico ao post principal.<\/span><br><br>An\u00fancios: ROXO - TOPO INTERNA - ROTATIVO 2 (197)<br \/>Grupo de an\u00fancios: Princ_Meio01_720x104 (27)<br><br>Condi\u00e7\u00f5es de exibi\u00e7\u00e3o<div style=\"margin-bottom: 20px; white-space: pre-wrap; font-family: monospace; width: 100%; background: #ffe9e9;\"><strong>condi\u00e7\u00f5es gerais<\/strong><table border=\"1\"><thead><tr><th><\/th><th>An\u00fancios<\/th><th>wp_the_query<\/th><\/tr><\/thead><tr><td>is_main_query<\/td><td>1<\/td><td>1<\/td><\/tr><tr><td>is_rest_api<\/td><td>0<\/td><td>1<\/td><\/tr><tr><td>page<\/td><td>0<\/td><td>1<\/td><\/tr><tr><td>numpages<\/td><td>0<\/td><td>1<\/td><\/tr><tr><td>is_archive<\/td><td>1<\/td><td><\/td><\/tr><tr><td>is_search<\/td><td>1<\/td><td><\/td><\/tr><tr><td>is_home<\/td><td>1<\/td><td><\/td><\/tr><tr><td>is_404<\/td><td>1<\/td><td><\/td><\/tr><tr><td>is_attachment<\/td><td>1<\/td><td><\/td><\/tr><tr><td>is_singular<\/td><td>1<\/td><td><\/td><\/tr><tr><td>is_front_page<\/td><td>1<\/td><td><\/td><\/tr><tr><td>is_feed<\/td><td>1<\/td><td><\/td><\/tr><\/table><\/div><br><br><span style=\"color: red;\">Seu site usa HTTPS, mas o c\u00f3digo do an\u00fancio cont\u00e9m HTTP e pode n\u00e3o funcionar.<\/span>\t<br><br>\n\t<a style=\"color: green;\" href=\"https:\/\/wpadvancedads.com\/manual\/ad-debug-mode\/?utm_source=advanced-ads&utm_medium=link&utm_campaign=ad-debug-mode\" target=\"_blank\" rel=\"nofollow\">Encontre solu\u00e7\u00f5es no manual<\/a>\n<\/div>\n<\/li><\/ul><\/div><script>( window.advanced_ads_ready || jQuery( document ).ready ).call( null, function() {var $lavraslider2830851797 = jQuery( \".lavra-slider-2830851797\" );$lavraslider2830851797.on( \"unslider.ready\", function() { jQuery( \"div.custom-slider ul li\" ).css( \"display\", \"block\" ); });$lavraslider2830851797.unslider({ delay:4000, autoplay:true, nav:false, arrows:false, infinite:true });$lavraslider2830851797.on(\"mouseover\", function() {$lavraslider2830851797.unslider(\"stop\");}).on(\"mouseout\", function() {$lavraslider2830851797.unslider(\"start\");});});<\/script><\/div><p>O senador mineiro A\u00e9cio Neves (PSDB) \u00e9 alvo de uma opera\u00e7\u00e3o deflagrada pela Pol\u00edcia Federal e Minist\u00e9rio P\u00fablico Federal na manh\u00e3 desta ter\u00e7a-feira (11). <!--more-->Al\u00e9m do parlamentar, que foi eleito deputado federal por Minas Gerais, a irm\u00e3 dele, Andrea Neves, e o primo Frederico Pacheco tamb\u00e9m est\u00e3o sendo investigados. Conforme a PF, eles teriam envolvimento com\u00a0crimes de corrup\u00e7\u00e3o passiva, organiza\u00e7\u00e3o criminosa, lavagem de dinheiro e associa\u00e7\u00e3o criminosa.<\/p>\n<p><img fetchpriority=\"high\" decoding=\"async\" class=\"alignnone size-full wp-image-6984 aligncenter\" src=\"http:\/\/lavras.tv\/site\/wp-content\/uploads\/2017\/03\/aecio.jpg\" alt=\"aecio\" width=\"615\" height=\"470\" srcset=\"https:\/\/lavras.tv\/site\/wp-content\/uploads\/2017\/03\/aecio.jpg 615w, https:\/\/lavras.tv\/site\/wp-content\/uploads\/2017\/03\/aecio-150x115.jpg 150w, https:\/\/lavras.tv\/site\/wp-content\/uploads\/2017\/03\/aecio-300x229.jpg 300w\" sizes=\"(max-width: 615px) 100vw, 615px\" \/><\/p>\n<p>Outro alvo desta opera\u00e7\u00e3o \u00e9 Paulo Pereira da Silva, o Paulinho da For\u00e7a, presidente nacional do partido Solidariedade. Al\u00e9m disso, empres\u00e1rios que teriam emitidos notas fiscais frias para A\u00e9cio, entre 2014 e 2017, tamb\u00e9m est\u00e3o sendo investigados na Opera\u00e7\u00e3o Ross ocorre simultaneamente em Minas, S\u00e3o Paulo, Rio de Janeiro, Rio Grande do Norte, Bahia, Mato Grosso do Sul, Tocantins, Amap\u00e1 e Distrito Federal.<\/p>\n<p>De acordo com a PF, A\u00e9cio Neves teria comprado apoio pol\u00edtico do Solidariedade, por R$ 15 milh\u00f5es, e empres\u00e1rios paulistas ajudaram com doa\u00e7\u00f5es de campanha e caixa 2, por meio de notas frias. Os valores investigados ultrapassam R$ 100 milh\u00f5es. A defesa do senador ainda n\u00e3o foi encontrada pela reportagem para comentar o assunto.<\/p>\n<p>No total, 200 homens trabalham na a\u00e7\u00e3o, que faz parte do inqu\u00e9rito 4519, que tem como relator no Supremo Tribunal Federal (STF), o ministro Marco Aur\u00e9lio Neto.<\/p>\n<p><strong>Buscas<\/strong><\/p>\n<p>Logo nas primeiras horas do dia, policiais federais foram at\u00e9 o pr\u00e9dio de A\u00e9cio Neves, no bairro Anchieta, na regi\u00e3o Centro-Sul de Belo Horizonte. Os agentes tamb\u00e9m deram buscas em um im\u00f3vel do senador que fica no bairro Ipanema, no Rio de Janeiro. De Andrea Neves, foram cumpridas ordens judiciais em Brumadinho, na Grande BH, e em Copacabana, no Rio. J\u00e1 o primo do parlamentar tem im\u00f3vel em Nova Lima, na Grande BH.<\/p>\n<p><strong>Den\u00fancias<\/strong><\/p>\n<p>A opera\u00e7\u00e3o se baseia em informa\u00e7\u00f5es de empres\u00e1rios, que teriam relatado a promotores a emiss\u00e3o de notas fiscais frias. H\u00e1 den\u00fancias, que est\u00e3o sob investiga\u00e7\u00e3o, sobre a suposta compra de apoio pol\u00edtico do Solidariedade, e que empres\u00e1rios teriam ajudado com doa\u00e7\u00f5es de campanha e caixa 2, por meio de notas frias.<\/p>\n<p><strong>Nome<\/strong><\/p>\n<p>O nome da Opera\u00e7\u00e3o Ross \u00e9 refer\u00eancia ao explorador brit\u00e2nico que d\u00e1 nome \u00e0 maior plataforma de gelo do mundo, na Ant\u00e1rtida, fazendo alus\u00e3o \u00e0s notas fiscais frias que est\u00e3o sendo investigadas.<\/p>\n<p>Fonte: Hoje em Dia<\/p>\n","protected":false},"excerpt":{"rendered":"<p>O senador mineiro A\u00e9cio Neves (PSDB) \u00e9 alvo de uma opera\u00e7\u00e3o deflagrada pela Pol\u00edcia Federal e Minist\u00e9rio P\u00fablico Federal na manh\u00e3 desta ter\u00e7a-feira (11).<\/p>\n","protected":false},"author":2,"featured_media":6984,"comment_status":"closed","ping_status":"open","sticky":false,"template":"","format":"standard","meta":{"advgb_blocks_editor_width":"","advgb_blocks_columns_visual_guide":"","_exactmetrics_skip_tracking":false,"_exactmetrics_sitenote_active":false,"_exactmetrics_sitenote_note":"","_exactmetrics_sitenote_category":0,"footnotes":""},"categories":[7,12],"tags":[2023,2349,2764,2456],"class_list":["post-19094","post","type-post","status-publish","format-standard","has-post-thumbnail","hentry","category-destaques","category-politica","tag-aecio-neves","tag-lava-jato","tag-operacao","tag-policia-federal"],"better_featured_image":{"id":6984,"alt_text":"","caption":"","description":"","media_type":"image","media_details":{"width":615,"height":470,"file":"2017\/03\/aecio.jpg","sizes":{"thumbnail":{"file":"aecio-150x115.jpg","width":150,"height":115,"mime-type":"image\/jpeg","source_url":"https:\/\/lavras.tv\/site\/wp-content\/uploads\/2017\/03\/aecio-150x115.jpg"},"medium":{"file":"aecio-300x229.jpg","width":300,"height":229,"mime-type":"image\/jpeg","source_url":"https:\/\/lavras.tv\/site\/wp-content\/uploads\/2017\/03\/aecio-300x229.jpg"},"featured-post-img":{"file":"aecio-480x320.jpg","width":480,"height":320,"mime-type":"image\/jpeg","source_url":"https:\/\/lavras.tv\/site\/wp-content\/uploads\/2017\/03\/aecio-480x320.jpg"},"sow-carousel-default":{"file":"aecio-272x182.jpg","width":272,"height":182,"mime-type":"image\/jpeg","source_url":"https:\/\/lavras.tv\/site\/wp-content\/uploads\/2017\/03\/aecio-272x182.jpg"}},"image_meta":{"aperture":"0","credit":"","camera":"","caption":"","created_timestamp":"0","copyright":"","focal_length":"0","iso":"0","shutter_speed":"0","title":"","orientation":"0","keywords":[]}},"post":6983,"source_url":"https:\/\/lavras.tv\/site\/wp-content\/uploads\/2017\/03\/aecio.jpg"},"author_meta":{"display_name":"Lavras TV","author_link":"https:\/\/lavras.tv\/site\/author\/lavrastv\/"},"featured_img":"https:\/\/lavras.tv\/site\/wp-content\/uploads\/2017\/03\/aecio-300x229.jpg","coauthors":[],"tax_additional":{"categories":{"linked":["<a href=\"https:\/\/lavras.tv\/site\/category\/destaques\/\" class=\"advgb-post-tax-term\">Destaques<\/a>","<a href=\"https:\/\/lavras.tv\/site\/category\/politica\/\" class=\"advgb-post-tax-term\">Pol\u00edtica<\/a>"],"unlinked":["<span class=\"advgb-post-tax-term\">Destaques<\/span>","<span class=\"advgb-post-tax-term\">Pol\u00edtica<\/span>"]},"tags":{"linked":["<a href=\"https:\/\/lavras.tv\/site\/category\/politica\/\" class=\"advgb-post-tax-term\">a\u00e9cio neves<\/a>","<a href=\"https:\/\/lavras.tv\/site\/category\/politica\/\" class=\"advgb-post-tax-term\">Lava Jato<\/a>","<a href=\"https:\/\/lavras.tv\/site\/category\/politica\/\" class=\"advgb-post-tax-term\">opera\u00e7\u00e3o<\/a>","<a href=\"https:\/\/lavras.tv\/site\/category\/politica\/\" class=\"advgb-post-tax-term\">pol\u00edcia federal<\/a>"],"unlinked":["<span class=\"advgb-post-tax-term\">a\u00e9cio neves<\/span>","<span class=\"advgb-post-tax-term\">Lava Jato<\/span>","<span class=\"advgb-post-tax-term\">opera\u00e7\u00e3o<\/span>","<span class=\"advgb-post-tax-term\">pol\u00edcia federal<\/span>"]}},"comment_count":"0","relative_dates":{"created":"Publicado 7 anos atr\u00e1s","modified":"Atualizado 7 anos atr\u00e1s"},"absolute_dates":{"created":"Publicado em 11 de dezembro de 2018","modified":"Atualizado em 11 de dezembro de 2018"},"absolute_dates_time":{"created":"Publicado em 11 de dezembro de 2018 09:27","modified":"Atualizado em 11 de dezembro de 2018 09:27"},"featured_img_caption":"","series_order":"","_links":{"self":[{"href":"https:\/\/lavras.tv\/site\/wp-json\/wp\/v2\/posts\/19094","targetHints":{"allow":["GET"]}}],"collection":[{"href":"https:\/\/lavras.tv\/site\/wp-json\/wp\/v2\/posts"}],"about":[{"href":"https:\/\/lavras.tv\/site\/wp-json\/wp\/v2\/types\/post"}],"author":[{"embeddable":true,"href":"https:\/\/lavras.tv\/site\/wp-json\/wp\/v2\/users\/2"}],"replies":[{"embeddable":true,"href":"https:\/\/lavras.tv\/site\/wp-json\/wp\/v2\/comments?post=19094"}],"version-history":[{"count":1,"href":"https:\/\/lavras.tv\/site\/wp-json\/wp\/v2\/posts\/19094\/revisions"}],"predecessor-version":[{"id":19095,"href":"https:\/\/lavras.tv\/site\/wp-json\/wp\/v2\/posts\/19094\/revisions\/19095"}],"wp:featuredmedia":[{"embeddable":true,"href":"https:\/\/lavras.tv\/site\/wp-json\/wp\/v2\/media\/6984"}],"wp:attachment":[{"href":"https:\/\/lavras.tv\/site\/wp-json\/wp\/v2\/media?parent=19094"}],"wp:term":[{"taxonomy":"category","embeddable":true,"href":"https:\/\/lavras.tv\/site\/wp-json\/wp\/v2\/categories?post=19094"},{"taxonomy":"post_tag","embeddable":true,"href":"https:\/\/lavras.tv\/site\/wp-json\/wp\/v2\/tags?post=19094"}],"curies":[{"name":"wp","href":"https:\/\/api.w.org\/{rel}","templated":true}]}}