{"id":19193,"date":"2018-12-19T09:16:42","date_gmt":"2018-12-19T11:16:42","guid":{"rendered":"http:\/\/lavras.tv\/site\/?p=19193"},"modified":"2018-12-19T09:16:42","modified_gmt":"2018-12-19T11:16:42","slug":"cria-lavras-e-premiado-pelo-governo-de-minas-como-projeto-transformador","status":"publish","type":"post","link":"https:\/\/lavras.tv\/site\/2018\/12\/19\/cria-lavras-e-premiado-pelo-governo-de-minas-como-projeto-transformador\/","title":{"rendered":"Cria Lavras \u00e9 premiado pelo Governo de Minas como Projeto Transformador"},"content":{"rendered":"<div class=\"lavra-antes-do-conteudo_2\" id=\"lavra-4155249377\"><div id=\"lavra-slider-27\" class=\"custom-slider lavra-slider-1206223466 lavra-slider\"><ul><li><div style=\"margin-left: auto;margin-right: auto;text-align: center;\" id=\"lavra-3642585098\"><a href=\"https:\/\/sistemas.lavras.mg.gov.br\/portalcidadao\/#df1b1a7c7b2a290bcb31e32771e610784662739a88807c0dacac58ede5f391a7530e299dc302d611ee73cb143fc22eaf93592e53e7b5bdb01b00a0b8d28dae460c141dd2ff83412e4dc1c31b16b25f33144a9e5620ea73b13f5bc1c59411d98439ad226e8af03840603796067d87afe130812cf3de24982d0e306f9e61e764e5\" aria-label=\"Lavras-TV&#8211;720x104px (1) (1)\"><img src=\"https:\/\/lavras.tv\/site\/wp-content\/uploads\/2025\/01\/Lavras-TV-720x104px-1-1.png\" alt=\"\"  srcset=\"https:\/\/lavras.tv\/site\/wp-content\/uploads\/2025\/01\/Lavras-TV-720x104px-1-1.png 720w, https:\/\/lavras.tv\/site\/wp-content\/uploads\/2025\/01\/Lavras-TV-720x104px-1-1-470x68.png 470w, https:\/\/lavras.tv\/site\/wp-content\/uploads\/2025\/01\/Lavras-TV-720x104px-1-1-170x25.png 170w, https:\/\/lavras.tv\/site\/wp-content\/uploads\/2025\/01\/Lavras-TV-720x104px-1-1-200x29.png 200w\" sizes=\"(max-width: 720px) 100vw, 720px\" width=\"720\" height=\"104\"  style=\"display: inline-block;\" \/><\/a><\/div><\/li><li><a href=\"https:\/\/sistemas.lavras.mg.gov.br\/portalcidadao\/#df1b1a7c7b2a290bcb31e32771e610784662739a88807c0dacac58ede5f391a7530e299dc302d611ee73cb143fc22eaf93592e53e7b5bdb01b00a0b8d28dae460c141dd2ff83412e4dc1c31b16b25f33144a9e5620ea73b13f5bc1c59411d98439ad226e8af03840603796067d87afe130812cf3de24982d0e306f9e61e764e5\" aria-label=\"Banner_Emprego_PortallavrasTV\"><img src=\"https:\/\/lavras.tv\/site\/wp-content\/uploads\/2025\/03\/Banner_Emprego_PortallavrasTV.png\" alt=\"\"  srcset=\"https:\/\/lavras.tv\/site\/wp-content\/uploads\/2025\/03\/Banner_Emprego_PortallavrasTV.png 720w, https:\/\/lavras.tv\/site\/wp-content\/uploads\/2025\/03\/Banner_Emprego_PortallavrasTV-470x68.png 470w, https:\/\/lavras.tv\/site\/wp-content\/uploads\/2025\/03\/Banner_Emprego_PortallavrasTV-170x25.png 170w, https:\/\/lavras.tv\/site\/wp-content\/uploads\/2025\/03\/Banner_Emprego_PortallavrasTV-200x29.png 200w\" sizes=\"(max-width: 720px) 100vw, 720px\" width=\"720\" height=\"104\"   \/><\/a><\/li><li><a href=\"https:\/\/sistemas.lavras.mg.gov.br\/portalcidadao\/#df1b1a7c7b2a290bcb31e32771e610784662739a88807c0dacac58ede5f391a7530e299dc302d611ee73cb143fc22eaf93592e53e7b5bdb01b00a0b8d28dae460c141dd2ff83412e4dc1c31b16b25f33144a9e5620ea73b13f5bc1c59411d98439ad226e8af03840603796067d87afe130812cf3de24982d0e306f9e61e764e5\" aria-label=\"Banner_Obras_PortallavrasTV\"><img src=\"https:\/\/lavras.tv\/site\/wp-content\/uploads\/2025\/03\/Banner_Obras_PortallavrasTV.png\" alt=\"\"  srcset=\"https:\/\/lavras.tv\/site\/wp-content\/uploads\/2025\/03\/Banner_Obras_PortallavrasTV.png 720w, https:\/\/lavras.tv\/site\/wp-content\/uploads\/2025\/03\/Banner_Obras_PortallavrasTV-470x68.png 470w, https:\/\/lavras.tv\/site\/wp-content\/uploads\/2025\/03\/Banner_Obras_PortallavrasTV-170x25.png 170w, https:\/\/lavras.tv\/site\/wp-content\/uploads\/2025\/03\/Banner_Obras_PortallavrasTV-200x29.png 200w\" sizes=\"(max-width: 720px) 100vw, 720px\" width=\"720\" height=\"104\"   \/><\/a><\/li><li><div style=\"margin-left: auto;margin-right: auto;text-align: center;\" id=\"lavra-2189165963\"><a href=\"https:\/\/sistemas.lavras.mg.gov.br\/portalcidadao\/#df1b1a7c7b2a290bcb31e32771e610784662739a88807c0dacac58ede5f391a7530e299dc302d611ee73cb143fc22eaf93592e53e7b5bdb01b00a0b8d28dae460c141dd2ff83412e4dc1c31b16b25f33144a9e5620ea73b13f5bc1c59411d98439ad226e8af03840603796067d87afe130812cf3de24982d0e306f9e61e764e5\" aria-label=\"Banner_Educa\u00e7\u00e3o_PortallavrasTV\"><img src=\"https:\/\/lavras.tv\/site\/wp-content\/uploads\/2025\/01\/Banner_Educacao_PortallavrasTV.png\" alt=\"\"  srcset=\"https:\/\/lavras.tv\/site\/wp-content\/uploads\/2025\/01\/Banner_Educacao_PortallavrasTV.png 720w, https:\/\/lavras.tv\/site\/wp-content\/uploads\/2025\/01\/Banner_Educacao_PortallavrasTV-470x68.png 470w, https:\/\/lavras.tv\/site\/wp-content\/uploads\/2025\/01\/Banner_Educacao_PortallavrasTV-170x25.png 170w, https:\/\/lavras.tv\/site\/wp-content\/uploads\/2025\/01\/Banner_Educacao_PortallavrasTV-200x29.png 200w\" sizes=\"(max-width: 720px) 100vw, 720px\" width=\"720\" height=\"104\"  style=\"display: inline-block;\" \/><\/a><\/div><\/li><li><a href=\"https:\/\/sistemas.lavras.mg.gov.br\/portalcidadao\/#df1b1a7c7b2a290bcb31e32771e610784662739a88807c0dacac58ede5f391a7530e299dc302d611ee73cb143fc22eaf93592e53e7b5bdb01b00a0b8d28dae460c141dd2ff83412e4dc1c31b16b25f33144a9e5620ea73b13f5bc1c59411d98439ad226e8af03840603796067d87afe130812cf3de24982d0e306f9e61e764e5\" aria-label=\"Banner_Sa\u00fade_PortallavrasTV\"><img src=\"https:\/\/lavras.tv\/site\/wp-content\/uploads\/2025\/03\/Banner_Saude_PortallavrasTV.png\" alt=\"\"  srcset=\"https:\/\/lavras.tv\/site\/wp-content\/uploads\/2025\/03\/Banner_Saude_PortallavrasTV.png 720w, https:\/\/lavras.tv\/site\/wp-content\/uploads\/2025\/03\/Banner_Saude_PortallavrasTV-470x68.png 470w, https:\/\/lavras.tv\/site\/wp-content\/uploads\/2025\/03\/Banner_Saude_PortallavrasTV-170x25.png 170w, https:\/\/lavras.tv\/site\/wp-content\/uploads\/2025\/03\/Banner_Saude_PortallavrasTV-200x29.png 200w\" sizes=\"(max-width: 720px) 100vw, 720px\" width=\"720\" height=\"104\"   \/><\/a><\/li><li><div id=\"lavra-236896939\" style=\"width:720px;height:104px;background-color:#ddd;overflow:scroll;\">\n\t<strong>Sa\u00edda da depura\u00e7\u00e3o de an\u00fancios<\/strong>\n\t<br><br>\n\tO an\u00fancio n\u00e3o \u00e9 exibido na p\u00e1gina<br><br>post atual: Cria Lavras \u00e9 premiado pelo Governo de Minas como Projeto Transformador, ID: 19193<br><br><span style=\"color: red;\">O post atual n\u00e3o \u00e9 id\u00eantico ao post principal.<\/span><br><br>An\u00fancios: ROXO - TOPO INTERNA - ROTATIVO 2 (197)<br \/>Grupo de an\u00fancios: Princ_Meio01_720x104 (27)<br><br>Condi\u00e7\u00f5es de exibi\u00e7\u00e3o<div style=\"margin-bottom: 20px; white-space: pre-wrap; font-family: monospace; width: 100%; background: #ffe9e9;\"><strong>condi\u00e7\u00f5es gerais<\/strong><table border=\"1\"><thead><tr><th><\/th><th>An\u00fancios<\/th><th>wp_the_query<\/th><\/tr><\/thead><tr><td>is_main_query<\/td><td>1<\/td><td>1<\/td><\/tr><tr><td>is_rest_api<\/td><td>0<\/td><td>1<\/td><\/tr><tr><td>page<\/td><td>0<\/td><td>1<\/td><\/tr><tr><td>numpages<\/td><td>0<\/td><td>1<\/td><\/tr><tr><td>is_archive<\/td><td>1<\/td><td><\/td><\/tr><tr><td>is_search<\/td><td>1<\/td><td><\/td><\/tr><tr><td>is_home<\/td><td>1<\/td><td><\/td><\/tr><tr><td>is_404<\/td><td>1<\/td><td><\/td><\/tr><tr><td>is_attachment<\/td><td>1<\/td><td><\/td><\/tr><tr><td>is_singular<\/td><td>1<\/td><td><\/td><\/tr><tr><td>is_front_page<\/td><td>1<\/td><td><\/td><\/tr><tr><td>is_feed<\/td><td>1<\/td><td><\/td><\/tr><\/table><\/div><br><br><span style=\"color: red;\">Seu site usa HTTPS, mas o c\u00f3digo do an\u00fancio cont\u00e9m HTTP e pode n\u00e3o funcionar.<\/span>\t<br><br>\n\t<a style=\"color: green;\" href=\"https:\/\/wpadvancedads.com\/manual\/ad-debug-mode\/?utm_source=advanced-ads&utm_medium=link&utm_campaign=ad-debug-mode\" target=\"_blank\" rel=\"nofollow\">Encontre solu\u00e7\u00f5es no manual<\/a>\n<\/div>\n<\/li><\/ul><\/div><script>( window.advanced_ads_ready || jQuery( document ).ready ).call( null, function() {var $lavraslider1206223466 = jQuery( \".lavra-slider-1206223466\" );$lavraslider1206223466.on( \"unslider.ready\", function() { jQuery( \"div.custom-slider ul li\" ).css( \"display\", \"block\" ); });$lavraslider1206223466.unslider({ delay:4000, autoplay:true, nav:false, arrows:false, infinite:true });$lavraslider1206223466.on(\"mouseover\", function() {$lavraslider1206223466.unslider(\"stop\");}).on(\"mouseout\", function() {$lavraslider1206223466.unslider(\"start\");});});<\/script><\/div><p>O projeto Cria Lavras (Centro Regional de Inicia\u00e7\u00e3o ao Atletismo) foi condecorado na \u00faltima quinta-feira (13\/12) com o Pr\u00eamio do Esporte Mineiro, na categoria &#8220;Projeto Transformador.&#8221; A solenidade de reconhecimento ocorreu em Belo Horizonte, onde o professor do Departamento de Educa\u00e7\u00e3o F\u00edsica da Universidade Federal de Lavras (DEF\/UFLA) Fernando Oliveira, coordenador da iniciativa, recebeu a honraria. O pr\u00eamio \u00e9 concedido pelo Governo de Minas Gerais, por meio da Secretaria de Estado de Esportes (Seesp).<!--more--><\/p>\n<p><img fetchpriority=\"high\" decoding=\"async\" class=\"alignnone size-full wp-image-19194 aligncenter\" src=\"http:\/\/lavras.tv\/site\/wp-content\/uploads\/2018\/12\/premio_cria.jpg\" alt=\"premio_cria\" width=\"960\" height=\"720\" srcset=\"https:\/\/lavras.tv\/site\/wp-content\/uploads\/2018\/12\/premio_cria.jpg 960w, https:\/\/lavras.tv\/site\/wp-content\/uploads\/2018\/12\/premio_cria-150x113.jpg 150w, https:\/\/lavras.tv\/site\/wp-content\/uploads\/2018\/12\/premio_cria-300x225.jpg 300w, https:\/\/lavras.tv\/site\/wp-content\/uploads\/2018\/12\/premio_cria-640x480.jpg 640w\" sizes=\"(max-width: 960px) 100vw, 960px\" \/><\/p>\n<p>O objetivo do Pr\u00eamio, promovido anualmente h\u00e1 cerca de dez anos, \u00e9 reconhecer atletas de destaque e nomes de relev\u00e2ncia no esporte em Minas. Foram outorgadas 50 medalhas em 2018, atribu\u00eddas a atletas, t\u00e9cnicos, empresas, institui\u00e7\u00f5es e outras categorias que contribuem para a promo\u00e7\u00e3o da pr\u00e1tica esportiva no Estado. A condecora\u00e7\u00e3o do Cria Lavras na categoria &#8220;Projeto Transformador&#8221; \u00e9 um reconhecimento pelo trabalho social que integra as linhas a\u00e7\u00e3o do trabalho. Em 2017 o Cria Lavras tambem foi homenageado pelo Pr\u00eamio do Esporte Mineiro<\/p>\n<p>O professor Fernando diz\u00a0que a homenagem recebida sedimenta e consolida uma ideia e um prop\u00f3sito definidos h\u00e1 anos atr\u00e1s para o projeto, em conjunto com a Reitoria da UFLA. \u00c0 \u00e9poca, com o professor Nazareno e o professor Scolforo, pactuamos que seria um projeto<\/p>\n<p>diferente, com objetivos educacionais, que inclusive estariam \u00e0 frente dos esportivos. Conseguimos alcan\u00e7ar todas as metas &#8211; tanto na esfera esportiva como social. Hoje somos reconhecidos por isso e temos o desafio de ampliar o Cria, alcan\u00e7ando todo o Estado. \u00c9 hora de pensar em um Cria Minas, envolvendo outras institui\u00e7\u00f5es&#8221;, avalia.<\/p>\n<p>Desenvolvido na UFLA desde 2007, em parceria com a prefeitura de Lavras, o projeto de extens\u00e3o desperta em crian\u00e7as e jovens n\u00e3o s\u00f3 o interesse pelo esporte, como promove o interesse pelo ensino superior e colabora para estimular virtudes \u00fateis durante a vida toda, como a capacidade para o trabalho de equipe, a determina\u00e7\u00e3o, a disciplina e o compromisso com o rendimento escolar.<\/p>\n<p>Os treinos s\u00e3o realizados na Pista de Atletismo de Alto Rendimento ou no Gin\u00e1sio Poliesportivo da UFLA, durante seis dias da semana. Atualmente mais de cem participantes est\u00e3o no Projeto, divididos em quatro grupos, definidos inicialmente por faixa et\u00e1ria. \u00c0 medida que o\u00a0atleta avan\u00e7a em seu rendimento e se supera, pode migrar para grupos mais avan\u00e7ados, independentemente da idade. Al\u00e9m do atletismo, para os mais jovens h\u00e1 tamb\u00e9m atividades de jud\u00f4, taekwondo e dan\u00e7a. Campeonatos, jogos, muitas conquistas pelo pa\u00eds, e at\u00e9 em mundiais, fazem parte da agenda dos jovens atletas.<\/p>\n<p><img decoding=\"async\" class=\"aligncenter\" src=\"https:\/\/ufla.br\/images\/noticias\/2018\/12_dez\/cria_2.JPG\" alt=\"cria 2\" \/><\/p>\n<p>O projeto conta com a participa\u00e7\u00e3o e engajamento de estudantes de gradua\u00e7\u00e3o em Educa\u00e7\u00e3o F\u00edsica da UFLA, e com a parceria da Prefeitura, que cede transporte para treinos e viagens relacionados a campeonatos. Al\u00e9m das atividades no c\u00e2mpus, o projeto amplia sua abrang\u00eancia com a ida da equipe do projeto a escolas da cidade para o desenvolvimento das pr\u00e1ticas, assim como a escolas de munic\u00edpios da regi\u00e3o. Considerando essas a\u00e7\u00f5es nas escolas, o p\u00fablico alcan\u00e7ado chega a cerca de 2 mil alunos.<\/p>\n<p>Os interessados em participar do projeto (a partir de 7 anos de idade) podem procurar a secretaria do DEF, de segunda \u00e0 sexta-feira. Outras informa\u00e7\u00f5es podem ser solicitadas telefone (35) 3829-1293. \u00a0O professor Oliveira explica que n\u00e3o \u00e9 preciso ter talento especial para participar do projeto. \u201cNo atletismo, cabem todos\u201d, contando que \u00e9 sempre poss\u00edvel encaixar o participante em alguma das modalidades.<\/p>\n<p><strong>Jenifer Nicole: trajet\u00f3ria esportiva reconhecida<\/strong><\/p>\n<p>A atleta Jenifer Nicolet, que integrou o Cria Lavras. tamb\u00e9m recebeu a medalha do Pr\u00eamio Esporte Mineiro, na categoria &#8220;Trajet\u00f3ria Esportiva&#8221;. Foi o reconhecimento a um percurso de destaque. &#8220;Desde os 14 anos ela compete em alto n\u00edvel &#8211; esteve no p\u00f3dio em todas as competi\u00e7\u00f5es de que participou, no Brasil e no exterior&#8221;, conta o professor e treinador Fernando. Jenifer come\u00e7ou essa trajet\u00f3ria nos Jogos Escolares de Minas Gerais, uma iniciativa da Seesp, e h\u00e1 dois meses chegou a medalhista nos Jogos Universit\u00e1rios.<\/p>\n<p><img decoding=\"async\" class=\"aligncenter\" src=\"https:\/\/ufla.br\/images\/noticias\/2018\/12_dez\/jenifer-nicole-salto-em-altura.jpg\" alt=\"jenifer nicole salto em altura\" \/><\/p>\n<p>Jenifer diz que foi muito gratificante a homenagem: &#8220;Todo o esfor\u00e7o e o trabalho desse tempo est\u00e1 sendo reconhecido. Isso acaba motivando a gente ainda mais. Mesmo que hoje eu esteja representando outro clube, me sinto orgulhosa dessa intera\u00e7\u00e3o com Cria. E sei que o reconhecimento que eu recebo motiva tamb\u00e9m as crian\u00e7as do projeto&#8221;.<\/p>\n<p><a href=\"http:\/\/www.esportes.mg.gov.br\/component\/gmg\/story\/4187-premio-do-esporte-mineiro-entrega-mais-de-50-medalhas-em-dia-de-celebracao-do-esporte-em-minas\">Consulte a lista de homenageados no site da Seesp.<\/a><\/p>\n<p>Fotos: Divulga\u00e7\u00e3o Cria Lavras<\/p>\n<p>Fonte: UFLA<\/p>\n","protected":false},"excerpt":{"rendered":"<p>O projeto Cria Lavras (Centro Regional de Inicia\u00e7\u00e3o ao Atletismo) foi condecorado na \u00faltima quinta-feira (13\/12) com o Pr\u00eamio do Esporte Mineiro, na categoria &#8220;Projeto Transformador.&#8221; A solenidade de reconhecimento ocorreu em Belo Horizonte, onde o professor do Departamento de Educa\u00e7\u00e3o F\u00edsica da Universidade Federal de Lavras (DEF\/UFLA) Fernando Oliveira, coordenador da iniciativa, recebeu a [&hellip;]<\/p>\n","protected":false},"author":2,"featured_media":19194,"comment_status":"closed","ping_status":"open","sticky":false,"template":"","format":"standard","meta":{"advgb_blocks_editor_width":"","advgb_blocks_columns_visual_guide":"","_exactmetrics_skip_tracking":false,"_exactmetrics_sitenote_active":false,"_exactmetrics_sitenote_note":"","_exactmetrics_sitenote_category":0,"footnotes":""},"categories":[7,3],"tags":[1100,5463,1533,966,5461,1287,5464,5462,56],"class_list":["post-19193","post","type-post","status-publish","format-standard","has-post-thumbnail","hentry","category-destaques","category-esportes","tag-atletismo","tag-centro-regional-de-iniciacao-ao-atletismo","tag-cria","tag-esporte","tag-governo-de-mg","tag-premio","tag-premio-do-esporte-mineiro","tag-projeto-transformador","tag-ufla"],"better_featured_image":{"id":19194,"alt_text":"","caption":"","description":"","media_type":"image","media_details":{"width":960,"height":720,"file":"2018\/12\/premio_cria.jpg","sizes":{"thumbnail":{"file":"premio_cria-150x113.jpg","width":150,"height":113,"mime-type":"image\/jpeg","source_url":"https:\/\/lavras.tv\/site\/wp-content\/uploads\/2018\/12\/premio_cria-150x113.jpg"},"medium":{"file":"premio_cria-300x225.jpg","width":300,"height":225,"mime-type":"image\/jpeg","source_url":"https:\/\/lavras.tv\/site\/wp-content\/uploads\/2018\/12\/premio_cria-300x225.jpg"},"featured-slider-img":{"file":"premio_cria-640x480.jpg","width":640,"height":480,"mime-type":"image\/jpeg","source_url":"https:\/\/lavras.tv\/site\/wp-content\/uploads\/2018\/12\/premio_cria-640x480.jpg"},"featured-post-img":{"file":"premio_cria-480x320.jpg","width":480,"height":320,"mime-type":"image\/jpeg","source_url":"https:\/\/lavras.tv\/site\/wp-content\/uploads\/2018\/12\/premio_cria-480x320.jpg"},"sow-carousel-default":{"file":"premio_cria-272x182.jpg","width":272,"height":182,"mime-type":"image\/jpeg","source_url":"https:\/\/lavras.tv\/site\/wp-content\/uploads\/2018\/12\/premio_cria-272x182.jpg"}},"image_meta":{"aperture":"0","credit":"","camera":"","caption":"","created_timestamp":"0","copyright":"","focal_length":"0","iso":"0","shutter_speed":"0","title":"","orientation":"0","keywords":[]}},"post":19193,"source_url":"https:\/\/lavras.tv\/site\/wp-content\/uploads\/2018\/12\/premio_cria.jpg"},"author_meta":{"display_name":"Lavras TV","author_link":"https:\/\/lavras.tv\/site\/author\/lavrastv\/"},"featured_img":"https:\/\/lavras.tv\/site\/wp-content\/uploads\/2018\/12\/premio_cria-300x225.jpg","coauthors":[],"tax_additional":{"categories":{"linked":["<a href=\"https:\/\/lavras.tv\/site\/category\/destaques\/\" class=\"advgb-post-tax-term\">Destaques<\/a>","<a href=\"https:\/\/lavras.tv\/site\/category\/esportes\/\" class=\"advgb-post-tax-term\">Esportes<\/a>"],"unlinked":["<span class=\"advgb-post-tax-term\">Destaques<\/span>","<span class=\"advgb-post-tax-term\">Esportes<\/span>"]},"tags":{"linked":["<a href=\"https:\/\/lavras.tv\/site\/category\/esportes\/\" class=\"advgb-post-tax-term\">atletismo<\/a>","<a href=\"https:\/\/lavras.tv\/site\/category\/esportes\/\" class=\"advgb-post-tax-term\">Centro Regional de Inicia\u00e7\u00e3o ao Atletismo<\/a>","<a href=\"https:\/\/lavras.tv\/site\/category\/esportes\/\" class=\"advgb-post-tax-term\">CRIA<\/a>","<a href=\"https:\/\/lavras.tv\/site\/category\/esportes\/\" class=\"advgb-post-tax-term\">esporte<\/a>","<a href=\"https:\/\/lavras.tv\/site\/category\/esportes\/\" class=\"advgb-post-tax-term\">governo de mg<\/a>","<a href=\"https:\/\/lavras.tv\/site\/category\/esportes\/\" class=\"advgb-post-tax-term\">pr\u00eamio<\/a>","<a href=\"https:\/\/lavras.tv\/site\/category\/esportes\/\" class=\"advgb-post-tax-term\">Pr\u00eamio do Esporte Mineiro<\/a>","<a href=\"https:\/\/lavras.tv\/site\/category\/esportes\/\" class=\"advgb-post-tax-term\">projeto transformador<\/a>","<a href=\"https:\/\/lavras.tv\/site\/category\/esportes\/\" class=\"advgb-post-tax-term\">ufla<\/a>"],"unlinked":["<span class=\"advgb-post-tax-term\">atletismo<\/span>","<span class=\"advgb-post-tax-term\">Centro Regional de Inicia\u00e7\u00e3o ao Atletismo<\/span>","<span class=\"advgb-post-tax-term\">CRIA<\/span>","<span class=\"advgb-post-tax-term\">esporte<\/span>","<span class=\"advgb-post-tax-term\">governo de mg<\/span>","<span class=\"advgb-post-tax-term\">pr\u00eamio<\/span>","<span class=\"advgb-post-tax-term\">Pr\u00eamio do Esporte Mineiro<\/span>","<span class=\"advgb-post-tax-term\">projeto transformador<\/span>","<span class=\"advgb-post-tax-term\">ufla<\/span>"]}},"comment_count":"0","relative_dates":{"created":"Publicado 7 anos atr\u00e1s","modified":"Atualizado 7 anos atr\u00e1s"},"absolute_dates":{"created":"Publicado em 19 de dezembro de 2018","modified":"Atualizado em 19 de dezembro de 2018"},"absolute_dates_time":{"created":"Publicado em 19 de dezembro de 2018 09:16","modified":"Atualizado em 19 de dezembro de 2018 09:16"},"featured_img_caption":"","series_order":"","_links":{"self":[{"href":"https:\/\/lavras.tv\/site\/wp-json\/wp\/v2\/posts\/19193","targetHints":{"allow":["GET"]}}],"collection":[{"href":"https:\/\/lavras.tv\/site\/wp-json\/wp\/v2\/posts"}],"about":[{"href":"https:\/\/lavras.tv\/site\/wp-json\/wp\/v2\/types\/post"}],"author":[{"embeddable":true,"href":"https:\/\/lavras.tv\/site\/wp-json\/wp\/v2\/users\/2"}],"replies":[{"embeddable":true,"href":"https:\/\/lavras.tv\/site\/wp-json\/wp\/v2\/comments?post=19193"}],"version-history":[{"count":1,"href":"https:\/\/lavras.tv\/site\/wp-json\/wp\/v2\/posts\/19193\/revisions"}],"predecessor-version":[{"id":19195,"href":"https:\/\/lavras.tv\/site\/wp-json\/wp\/v2\/posts\/19193\/revisions\/19195"}],"wp:featuredmedia":[{"embeddable":true,"href":"https:\/\/lavras.tv\/site\/wp-json\/wp\/v2\/media\/19194"}],"wp:attachment":[{"href":"https:\/\/lavras.tv\/site\/wp-json\/wp\/v2\/media?parent=19193"}],"wp:term":[{"taxonomy":"category","embeddable":true,"href":"https:\/\/lavras.tv\/site\/wp-json\/wp\/v2\/categories?post=19193"},{"taxonomy":"post_tag","embeddable":true,"href":"https:\/\/lavras.tv\/site\/wp-json\/wp\/v2\/tags?post=19193"}],"curies":[{"name":"wp","href":"https:\/\/api.w.org\/{rel}","templated":true}]}}