{"id":19306,"date":"2019-01-02T10:15:07","date_gmt":"2019-01-02T12:15:07","guid":{"rendered":"http:\/\/lavras.tv\/site\/?p=19306"},"modified":"2019-01-02T10:15:07","modified_gmt":"2019-01-02T12:15:07","slug":"com-reforcos-encaminhados-para-2019-cruzeiro-completa-98-anos-de-historia-nesta-quarta","status":"publish","type":"post","link":"https:\/\/lavras.tv\/site\/2019\/01\/02\/com-reforcos-encaminhados-para-2019-cruzeiro-completa-98-anos-de-historia-nesta-quarta\/","title":{"rendered":"Com refor\u00e7os encaminhados para 2019, Cruzeiro completa 98 anos de hist\u00f3ria nesta quarta"},"content":{"rendered":"<div class=\"lavra-antes-do-conteudo_2\" id=\"lavra-2535066165\"><div id=\"lavra-slider-27\" class=\"custom-slider lavra-slider-4236487518 lavra-slider\"><ul><li><div style=\"margin-left: auto;margin-right: auto;text-align: center;\" id=\"lavra-1535002734\"><a href=\"https:\/\/sistemas.lavras.mg.gov.br\/portalcidadao\/#df1b1a7c7b2a290bcb31e32771e610784662739a88807c0dacac58ede5f391a7530e299dc302d611ee73cb143fc22eaf93592e53e7b5bdb01b00a0b8d28dae460c141dd2ff83412e4dc1c31b16b25f33144a9e5620ea73b13f5bc1c59411d98439ad226e8af03840603796067d87afe130812cf3de24982d0e306f9e61e764e5\" aria-label=\"Lavras-TV&#8211;720x104px (1) (1)\"><img src=\"https:\/\/lavras.tv\/site\/wp-content\/uploads\/2025\/01\/Lavras-TV-720x104px-1-1.png\" alt=\"\"  srcset=\"https:\/\/lavras.tv\/site\/wp-content\/uploads\/2025\/01\/Lavras-TV-720x104px-1-1.png 720w, https:\/\/lavras.tv\/site\/wp-content\/uploads\/2025\/01\/Lavras-TV-720x104px-1-1-470x68.png 470w, https:\/\/lavras.tv\/site\/wp-content\/uploads\/2025\/01\/Lavras-TV-720x104px-1-1-170x25.png 170w, https:\/\/lavras.tv\/site\/wp-content\/uploads\/2025\/01\/Lavras-TV-720x104px-1-1-200x29.png 200w\" sizes=\"(max-width: 720px) 100vw, 720px\" width=\"720\" height=\"104\"  style=\"display: inline-block;\" \/><\/a><\/div><\/li><li><a href=\"https:\/\/sistemas.lavras.mg.gov.br\/portalcidadao\/#df1b1a7c7b2a290bcb31e32771e610784662739a88807c0dacac58ede5f391a7530e299dc302d611ee73cb143fc22eaf93592e53e7b5bdb01b00a0b8d28dae460c141dd2ff83412e4dc1c31b16b25f33144a9e5620ea73b13f5bc1c59411d98439ad226e8af03840603796067d87afe130812cf3de24982d0e306f9e61e764e5\" aria-label=\"Banner_Emprego_PortallavrasTV\"><img src=\"https:\/\/lavras.tv\/site\/wp-content\/uploads\/2025\/03\/Banner_Emprego_PortallavrasTV.png\" alt=\"\"  srcset=\"https:\/\/lavras.tv\/site\/wp-content\/uploads\/2025\/03\/Banner_Emprego_PortallavrasTV.png 720w, https:\/\/lavras.tv\/site\/wp-content\/uploads\/2025\/03\/Banner_Emprego_PortallavrasTV-470x68.png 470w, https:\/\/lavras.tv\/site\/wp-content\/uploads\/2025\/03\/Banner_Emprego_PortallavrasTV-170x25.png 170w, https:\/\/lavras.tv\/site\/wp-content\/uploads\/2025\/03\/Banner_Emprego_PortallavrasTV-200x29.png 200w\" sizes=\"(max-width: 720px) 100vw, 720px\" width=\"720\" height=\"104\"   \/><\/a><\/li><li><a href=\"https:\/\/sistemas.lavras.mg.gov.br\/portalcidadao\/#df1b1a7c7b2a290bcb31e32771e610784662739a88807c0dacac58ede5f391a7530e299dc302d611ee73cb143fc22eaf93592e53e7b5bdb01b00a0b8d28dae460c141dd2ff83412e4dc1c31b16b25f33144a9e5620ea73b13f5bc1c59411d98439ad226e8af03840603796067d87afe130812cf3de24982d0e306f9e61e764e5\" aria-label=\"Banner_Obras_PortallavrasTV\"><img src=\"https:\/\/lavras.tv\/site\/wp-content\/uploads\/2025\/03\/Banner_Obras_PortallavrasTV.png\" alt=\"\"  srcset=\"https:\/\/lavras.tv\/site\/wp-content\/uploads\/2025\/03\/Banner_Obras_PortallavrasTV.png 720w, https:\/\/lavras.tv\/site\/wp-content\/uploads\/2025\/03\/Banner_Obras_PortallavrasTV-470x68.png 470w, https:\/\/lavras.tv\/site\/wp-content\/uploads\/2025\/03\/Banner_Obras_PortallavrasTV-170x25.png 170w, https:\/\/lavras.tv\/site\/wp-content\/uploads\/2025\/03\/Banner_Obras_PortallavrasTV-200x29.png 200w\" sizes=\"(max-width: 720px) 100vw, 720px\" width=\"720\" height=\"104\"   \/><\/a><\/li><li><div style=\"margin-left: auto;margin-right: auto;text-align: center;\" id=\"lavra-967835894\"><a href=\"https:\/\/sistemas.lavras.mg.gov.br\/portalcidadao\/#df1b1a7c7b2a290bcb31e32771e610784662739a88807c0dacac58ede5f391a7530e299dc302d611ee73cb143fc22eaf93592e53e7b5bdb01b00a0b8d28dae460c141dd2ff83412e4dc1c31b16b25f33144a9e5620ea73b13f5bc1c59411d98439ad226e8af03840603796067d87afe130812cf3de24982d0e306f9e61e764e5\" aria-label=\"Banner_Educa\u00e7\u00e3o_PortallavrasTV\"><img src=\"https:\/\/lavras.tv\/site\/wp-content\/uploads\/2025\/01\/Banner_Educacao_PortallavrasTV.png\" alt=\"\"  srcset=\"https:\/\/lavras.tv\/site\/wp-content\/uploads\/2025\/01\/Banner_Educacao_PortallavrasTV.png 720w, https:\/\/lavras.tv\/site\/wp-content\/uploads\/2025\/01\/Banner_Educacao_PortallavrasTV-470x68.png 470w, https:\/\/lavras.tv\/site\/wp-content\/uploads\/2025\/01\/Banner_Educacao_PortallavrasTV-170x25.png 170w, https:\/\/lavras.tv\/site\/wp-content\/uploads\/2025\/01\/Banner_Educacao_PortallavrasTV-200x29.png 200w\" sizes=\"(max-width: 720px) 100vw, 720px\" width=\"720\" height=\"104\"  style=\"display: inline-block;\" \/><\/a><\/div><\/li><li><a href=\"https:\/\/sistemas.lavras.mg.gov.br\/portalcidadao\/#df1b1a7c7b2a290bcb31e32771e610784662739a88807c0dacac58ede5f391a7530e299dc302d611ee73cb143fc22eaf93592e53e7b5bdb01b00a0b8d28dae460c141dd2ff83412e4dc1c31b16b25f33144a9e5620ea73b13f5bc1c59411d98439ad226e8af03840603796067d87afe130812cf3de24982d0e306f9e61e764e5\" aria-label=\"Banner_Sa\u00fade_PortallavrasTV\"><img src=\"https:\/\/lavras.tv\/site\/wp-content\/uploads\/2025\/03\/Banner_Saude_PortallavrasTV.png\" alt=\"\"  srcset=\"https:\/\/lavras.tv\/site\/wp-content\/uploads\/2025\/03\/Banner_Saude_PortallavrasTV.png 720w, https:\/\/lavras.tv\/site\/wp-content\/uploads\/2025\/03\/Banner_Saude_PortallavrasTV-470x68.png 470w, https:\/\/lavras.tv\/site\/wp-content\/uploads\/2025\/03\/Banner_Saude_PortallavrasTV-170x25.png 170w, https:\/\/lavras.tv\/site\/wp-content\/uploads\/2025\/03\/Banner_Saude_PortallavrasTV-200x29.png 200w\" sizes=\"(max-width: 720px) 100vw, 720px\" width=\"720\" height=\"104\"   \/><\/a><\/li><li><div id=\"lavra-1368433941\" style=\"width:720px;height:104px;background-color:#ddd;overflow:scroll;\">\n\t<strong>Sa\u00edda da depura\u00e7\u00e3o de an\u00fancios<\/strong>\n\t<br><br>\n\tO an\u00fancio n\u00e3o \u00e9 exibido na p\u00e1gina<br><br>post atual: Com refor\u00e7os encaminhados para 2019, Cruzeiro completa 98 anos de hist\u00f3ria nesta quarta, ID: 19306<br><br><span style=\"color: red;\">O post atual n\u00e3o \u00e9 id\u00eantico ao post principal.<\/span><br><br>An\u00fancios: ROXO - TOPO INTERNA - ROTATIVO 2 (197)<br \/>Grupo de an\u00fancios: Princ_Meio01_720x104 (27)<br><br>Condi\u00e7\u00f5es de exibi\u00e7\u00e3o<div style=\"margin-bottom: 20px; white-space: pre-wrap; font-family: monospace; width: 100%; background: #ffe9e9;\"><strong>condi\u00e7\u00f5es gerais<\/strong><table border=\"1\"><thead><tr><th><\/th><th>An\u00fancios<\/th><th>wp_the_query<\/th><\/tr><\/thead><tr><td>is_main_query<\/td><td>1<\/td><td>1<\/td><\/tr><tr><td>is_rest_api<\/td><td>0<\/td><td>1<\/td><\/tr><tr><td>page<\/td><td>0<\/td><td>1<\/td><\/tr><tr><td>numpages<\/td><td>0<\/td><td>1<\/td><\/tr><tr><td>is_archive<\/td><td>1<\/td><td><\/td><\/tr><tr><td>is_search<\/td><td>1<\/td><td><\/td><\/tr><tr><td>is_home<\/td><td>1<\/td><td><\/td><\/tr><tr><td>is_404<\/td><td>1<\/td><td><\/td><\/tr><tr><td>is_attachment<\/td><td>1<\/td><td><\/td><\/tr><tr><td>is_singular<\/td><td>1<\/td><td><\/td><\/tr><tr><td>is_front_page<\/td><td>1<\/td><td><\/td><\/tr><tr><td>is_feed<\/td><td>1<\/td><td><\/td><\/tr><\/table><\/div><br><br><span style=\"color: red;\">Seu site usa HTTPS, mas o c\u00f3digo do an\u00fancio cont\u00e9m HTTP e pode n\u00e3o funcionar.<\/span>\t<br><br>\n\t<a style=\"color: green;\" href=\"https:\/\/wpadvancedads.com\/manual\/ad-debug-mode\/?utm_source=advanced-ads&utm_medium=link&utm_campaign=ad-debug-mode\" target=\"_blank\" rel=\"nofollow\">Encontre solu\u00e7\u00f5es no manual<\/a>\n<\/div>\n<\/li><\/ul><\/div><script>( window.advanced_ads_ready || jQuery( document ).ready ).call( null, function() {var $lavraslider4236487518 = jQuery( \".lavra-slider-4236487518\" );$lavraslider4236487518.on( \"unslider.ready\", function() { jQuery( \"div.custom-slider ul li\" ).css( \"display\", \"block\" ); });$lavraslider4236487518.unslider({ delay:4000, autoplay:true, nav:false, arrows:false, infinite:true });$lavraslider4236487518.on(\"mouseover\", function() {$lavraslider4236487518.unslider(\"stop\");}).on(\"mouseout\", function() {$lavraslider4236487518.unslider(\"start\");});});<\/script><\/div><p>Fundado no dia 2 de janeiro de 1921, por um grupo de esportistas italianos, o Cruzeiro completa 98 anos de hist\u00f3ria repleta de gl\u00f3rias nesta quarta-feira. Como j\u00e1 \u00e9 tradi\u00e7\u00e3o no clube, a data ser\u00e1 comemorada em uma missa em a\u00e7\u00e3o de gra\u00e7as com as presen\u00e7as dos membros da diretoria e conselheiros. Aberta aos torcedores, a cerim\u00f4nia ser\u00e1 realizada \u00e0s 19h, no Gin\u00e1sio do Barro Preto.<!--more--><\/p>\n<p>Como em todos os anos, o padre Gilson de Oliveira Filho ser\u00e1 o respons\u00e1vel pela celebra\u00e7\u00e3o. A missa ter\u00e1 ainda a participa\u00e7\u00e3o do Coral Franpax.<\/p>\n<p>Ao longo de sua hist\u00f3ria, o Cruzeiro acumula v\u00e1rios de t\u00edtulos de express\u00e3o. Em 2018, a Raposa conquistou o hexa da Copa do Brasil. O clube se orgulha ainda de ser o \u00fanico do pa\u00eds a obter o feito de levantar tr\u00eas trof\u00e9us no mesmo ano. Em 2003, a equipe celeste faturou a Tr\u00edplice Coroa ao erguer a Copa do Brasil, o Campeonato Mineiro e o Campeonato Brasileiro.<\/p>\n<p><img fetchpriority=\"high\" decoding=\"async\" class=\"alignnone size-full wp-image-19307 aligncenter\" src=\"http:\/\/lavras.tv\/site\/wp-content\/uploads\/2019\/01\/cruzeiro-98-anos01-0.jpg\" alt=\"cruzeiro-98-anos01-0\" width=\"650\" height=\"437\" srcset=\"https:\/\/lavras.tv\/site\/wp-content\/uploads\/2019\/01\/cruzeiro-98-anos01-0.jpg 650w, https:\/\/lavras.tv\/site\/wp-content\/uploads\/2019\/01\/cruzeiro-98-anos01-0-150x101.jpg 150w, https:\/\/lavras.tv\/site\/wp-content\/uploads\/2019\/01\/cruzeiro-98-anos01-0-300x202.jpg 300w, https:\/\/lavras.tv\/site\/wp-content\/uploads\/2019\/01\/cruzeiro-98-anos01-0-272x182.jpg 272w\" sizes=\"(max-width: 650px) 100vw, 650px\" \/><\/p>\n<p>Al\u00e9m disso, o Cruzeiro conta com duas Copas Libertadores (1976 e 1997) em sua sala de trof\u00e9us. Neste ano, o time vai em busca do tricampeonato do torneio, que se tornou uma obsess\u00e3o da diretoria, comandada por Wagner Pires de S\u00e1 e Itair Machado.<\/p>\n<p><strong>Nenhum refor\u00e7o foi anunciado, mas alguns est\u00e3o encaminhados<\/strong><\/p>\n<p>Em meio \u00e0s celebra\u00e7\u00f5es dos 98 anos do clube, a torcida celeste aguarda por refor\u00e7os para a temporada 2019. Nenhuma contrata\u00e7\u00e3o foi anunciada oficialmente pela diretoria, mas alguns nomes est\u00e3o encaminhados e devem assinar contrato nos pr\u00f3ximos dias.<\/p>\n<p>Um deles \u00e9 o volante Jadson, do Fluminense. Os direitos econ\u00f4micos do jogador pertencem \u00e0 Udinese-ITA. O atleta ser\u00e1 envolvido em uma troca que mandaria Bruno Silva para o Rio de Janeiro.<\/p>\n<p>Outro refor\u00e7o encaminhado \u00e9 o lateral-direito Luis Orejuela, do Ajax-HOL. De acordo com informa\u00e7\u00f5es do rep\u00f3rter da Itatiaia, Samuel Ven\u00e2ncio, o colombiano ser\u00e1 emprestado \u00e0 Raposa por um ano, sem custos, e com 50% dos direitos econ\u00f4micos fixados em 1,5 milh\u00e3o de euros. O Cruzeiro aguarda a documenta\u00e7\u00e3o e exames m\u00e9dicos para oficializar o neg\u00f3cio.<\/p>\n<p>Outras caras novas que chegar\u00e3o \u00e0 Toca da Raposa II s\u00e3o jogadores que j\u00e1 eram do clube, mas estavam emprestados, como o atacante Renato Kayser, que passou a temporada 2018 no Atl\u00e9tico-GO, e o zagueiro Fabr\u00edcio Bruno, que estava na Chapecoense.<\/p>\n<p><strong>Sa\u00eddas<\/strong><\/p>\n<p>Quem n\u00e3o vai se reapresentar na pr\u00f3xima quinta-feira (3) s\u00e3o o atacante Rafael Sobis, que negocia a rescis\u00e3o do contrato, o lateral-direito Ezequiel, que acertou o rompimento do v\u00ednculo na \u00faltima segunda-feira (31), o lateral-esquerdo Marcelo Hermes, que n\u00e3o teve o empr\u00e9stimo renovado e volta ao Benfica-POR, e o volante Bruno Silva, que ser\u00e1 envolvido na negocia\u00e7\u00e3o com o Fluminense por Jadson.<\/p>\n<p>Fonte: Itatiaia<\/p>\n","protected":false},"excerpt":{"rendered":"<p>Fundado no dia 2 de janeiro de 1921, por um grupo de esportistas italianos, o Cruzeiro completa 98 anos de hist\u00f3ria repleta de gl\u00f3rias nesta quarta-feira. Como j\u00e1 \u00e9 tradi\u00e7\u00e3o no clube, a data ser\u00e1 comemorada em uma missa em a\u00e7\u00e3o de gra\u00e7as com as presen\u00e7as dos membros da diretoria e conselheiros. Aberta aos torcedores, [&hellip;]<\/p>\n","protected":false},"author":2,"featured_media":19307,"comment_status":"closed","ping_status":"open","sticky":false,"template":"","format":"standard","meta":{"advgb_blocks_editor_width":"","advgb_blocks_columns_visual_guide":"","_exactmetrics_skip_tracking":false,"_exactmetrics_sitenote_active":false,"_exactmetrics_sitenote_note":"","_exactmetrics_sitenote_category":0,"footnotes":""},"categories":[3],"tags":[5493,2438,908,1036],"class_list":["post-19306","post","type-post","status-publish","format-standard","has-post-thumbnail","hentry","category-esportes","tag-98-anos","tag-aniversario","tag-cruzeiro","tag-futebol"],"better_featured_image":{"id":19307,"alt_text":"","caption":"","description":"","media_type":"image","media_details":{"width":650,"height":437,"file":"2019\/01\/cruzeiro-98-anos01-0.jpg","sizes":{"thumbnail":{"file":"cruzeiro-98-anos01-0-150x101.jpg","width":150,"height":101,"mime-type":"image\/jpeg","source_url":"https:\/\/lavras.tv\/site\/wp-content\/uploads\/2019\/01\/cruzeiro-98-anos01-0-150x101.jpg"},"medium":{"file":"cruzeiro-98-anos01-0-300x202.jpg","width":300,"height":202,"mime-type":"image\/jpeg","source_url":"https:\/\/lavras.tv\/site\/wp-content\/uploads\/2019\/01\/cruzeiro-98-anos01-0-300x202.jpg"},"featured-slider-img":{"file":"cruzeiro-98-anos01-0-640x437.jpg","width":640,"height":437,"mime-type":"image\/jpeg","source_url":"https:\/\/lavras.tv\/site\/wp-content\/uploads\/2019\/01\/cruzeiro-98-anos01-0-640x437.jpg"},"featured-post-img":{"file":"cruzeiro-98-anos01-0-480x320.jpg","width":480,"height":320,"mime-type":"image\/jpeg","source_url":"https:\/\/lavras.tv\/site\/wp-content\/uploads\/2019\/01\/cruzeiro-98-anos01-0-480x320.jpg"},"sow-carousel-default":{"file":"cruzeiro-98-anos01-0-272x182.jpg","width":272,"height":182,"mime-type":"image\/jpeg","source_url":"https:\/\/lavras.tv\/site\/wp-content\/uploads\/2019\/01\/cruzeiro-98-anos01-0-272x182.jpg"}},"image_meta":{"aperture":"0","credit":"","camera":"","caption":"","created_timestamp":"0","copyright":"","focal_length":"0","iso":"0","shutter_speed":"0","title":"","orientation":"0","keywords":[]}},"post":19306,"source_url":"https:\/\/lavras.tv\/site\/wp-content\/uploads\/2019\/01\/cruzeiro-98-anos01-0.jpg"},"author_meta":{"display_name":"Lavras TV","author_link":"https:\/\/lavras.tv\/site\/author\/lavrastv\/"},"featured_img":"https:\/\/lavras.tv\/site\/wp-content\/uploads\/2019\/01\/cruzeiro-98-anos01-0-300x202.jpg","coauthors":[],"tax_additional":{"categories":{"linked":["<a href=\"https:\/\/lavras.tv\/site\/category\/esportes\/\" class=\"advgb-post-tax-term\">Esportes<\/a>"],"unlinked":["<span class=\"advgb-post-tax-term\">Esportes<\/span>"]},"tags":{"linked":["<a href=\"https:\/\/lavras.tv\/site\/category\/esportes\/\" class=\"advgb-post-tax-term\">98 anos<\/a>","<a href=\"https:\/\/lavras.tv\/site\/category\/esportes\/\" class=\"advgb-post-tax-term\">anivers\u00e1rio<\/a>","<a href=\"https:\/\/lavras.tv\/site\/category\/esportes\/\" class=\"advgb-post-tax-term\">cruzeiro<\/a>","<a href=\"https:\/\/lavras.tv\/site\/category\/esportes\/\" class=\"advgb-post-tax-term\">futebol<\/a>"],"unlinked":["<span class=\"advgb-post-tax-term\">98 anos<\/span>","<span class=\"advgb-post-tax-term\">anivers\u00e1rio<\/span>","<span class=\"advgb-post-tax-term\">cruzeiro<\/span>","<span class=\"advgb-post-tax-term\">futebol<\/span>"]}},"comment_count":"0","relative_dates":{"created":"Publicado 7 anos atr\u00e1s","modified":"Atualizado 7 anos atr\u00e1s"},"absolute_dates":{"created":"Publicado em 2 de janeiro de 2019","modified":"Atualizado em 2 de janeiro de 2019"},"absolute_dates_time":{"created":"Publicado em 2 de janeiro de 2019 10:15","modified":"Atualizado em 2 de janeiro de 2019 10:15"},"featured_img_caption":"","series_order":"","_links":{"self":[{"href":"https:\/\/lavras.tv\/site\/wp-json\/wp\/v2\/posts\/19306","targetHints":{"allow":["GET"]}}],"collection":[{"href":"https:\/\/lavras.tv\/site\/wp-json\/wp\/v2\/posts"}],"about":[{"href":"https:\/\/lavras.tv\/site\/wp-json\/wp\/v2\/types\/post"}],"author":[{"embeddable":true,"href":"https:\/\/lavras.tv\/site\/wp-json\/wp\/v2\/users\/2"}],"replies":[{"embeddable":true,"href":"https:\/\/lavras.tv\/site\/wp-json\/wp\/v2\/comments?post=19306"}],"version-history":[{"count":1,"href":"https:\/\/lavras.tv\/site\/wp-json\/wp\/v2\/posts\/19306\/revisions"}],"predecessor-version":[{"id":19308,"href":"https:\/\/lavras.tv\/site\/wp-json\/wp\/v2\/posts\/19306\/revisions\/19308"}],"wp:featuredmedia":[{"embeddable":true,"href":"https:\/\/lavras.tv\/site\/wp-json\/wp\/v2\/media\/19307"}],"wp:attachment":[{"href":"https:\/\/lavras.tv\/site\/wp-json\/wp\/v2\/media?parent=19306"}],"wp:term":[{"taxonomy":"category","embeddable":true,"href":"https:\/\/lavras.tv\/site\/wp-json\/wp\/v2\/categories?post=19306"},{"taxonomy":"post_tag","embeddable":true,"href":"https:\/\/lavras.tv\/site\/wp-json\/wp\/v2\/tags?post=19306"}],"curies":[{"name":"wp","href":"https:\/\/api.w.org\/{rel}","templated":true}]}}