{"id":19309,"date":"2019-01-02T10:21:39","date_gmt":"2019-01-02T12:21:39","guid":{"rendered":"http:\/\/lavras.tv\/site\/?p=19309"},"modified":"2019-01-02T10:21:39","modified_gmt":"2019-01-02T12:21:39","slug":"presidente-bolsonaro-reajusta-salario-minimo-para-r-998-em-2019","status":"publish","type":"post","link":"https:\/\/lavras.tv\/site\/2019\/01\/02\/presidente-bolsonaro-reajusta-salario-minimo-para-r-998-em-2019\/","title":{"rendered":"Presidente Bolsonaro reajusta sal\u00e1rio m\u00ednimo para R$ 998 em 2019"},"content":{"rendered":"<div class=\"lavra-antes-do-conteudo_2\" id=\"lavra-286567918\"><div id=\"lavra-slider-27\" class=\"custom-slider lavra-slider-1087686847 lavra-slider\"><ul><li><div style=\"margin-left: auto;margin-right: auto;text-align: center;\" id=\"lavra-2067846315\"><a href=\"https:\/\/sistemas.lavras.mg.gov.br\/portalcidadao\/#df1b1a7c7b2a290bcb31e32771e610784662739a88807c0dacac58ede5f391a7530e299dc302d611ee73cb143fc22eaf93592e53e7b5bdb01b00a0b8d28dae460c141dd2ff83412e4dc1c31b16b25f33144a9e5620ea73b13f5bc1c59411d98439ad226e8af03840603796067d87afe130812cf3de24982d0e306f9e61e764e5\" aria-label=\"Lavras-TV&#8211;720x104px (1) (1)\"><img src=\"https:\/\/lavras.tv\/site\/wp-content\/uploads\/2025\/01\/Lavras-TV-720x104px-1-1.png\" alt=\"\"  srcset=\"https:\/\/lavras.tv\/site\/wp-content\/uploads\/2025\/01\/Lavras-TV-720x104px-1-1.png 720w, https:\/\/lavras.tv\/site\/wp-content\/uploads\/2025\/01\/Lavras-TV-720x104px-1-1-470x68.png 470w, https:\/\/lavras.tv\/site\/wp-content\/uploads\/2025\/01\/Lavras-TV-720x104px-1-1-170x25.png 170w, https:\/\/lavras.tv\/site\/wp-content\/uploads\/2025\/01\/Lavras-TV-720x104px-1-1-200x29.png 200w\" sizes=\"(max-width: 720px) 100vw, 720px\" width=\"720\" height=\"104\"  style=\"display: inline-block;\" \/><\/a><\/div><\/li><li><a href=\"https:\/\/sistemas.lavras.mg.gov.br\/portalcidadao\/#df1b1a7c7b2a290bcb31e32771e610784662739a88807c0dacac58ede5f391a7530e299dc302d611ee73cb143fc22eaf93592e53e7b5bdb01b00a0b8d28dae460c141dd2ff83412e4dc1c31b16b25f33144a9e5620ea73b13f5bc1c59411d98439ad226e8af03840603796067d87afe130812cf3de24982d0e306f9e61e764e5\" aria-label=\"Banner_Emprego_PortallavrasTV\"><img src=\"https:\/\/lavras.tv\/site\/wp-content\/uploads\/2025\/03\/Banner_Emprego_PortallavrasTV.png\" alt=\"\"  srcset=\"https:\/\/lavras.tv\/site\/wp-content\/uploads\/2025\/03\/Banner_Emprego_PortallavrasTV.png 720w, https:\/\/lavras.tv\/site\/wp-content\/uploads\/2025\/03\/Banner_Emprego_PortallavrasTV-470x68.png 470w, https:\/\/lavras.tv\/site\/wp-content\/uploads\/2025\/03\/Banner_Emprego_PortallavrasTV-170x25.png 170w, https:\/\/lavras.tv\/site\/wp-content\/uploads\/2025\/03\/Banner_Emprego_PortallavrasTV-200x29.png 200w\" sizes=\"(max-width: 720px) 100vw, 720px\" width=\"720\" height=\"104\"   \/><\/a><\/li><li><a href=\"https:\/\/sistemas.lavras.mg.gov.br\/portalcidadao\/#df1b1a7c7b2a290bcb31e32771e610784662739a88807c0dacac58ede5f391a7530e299dc302d611ee73cb143fc22eaf93592e53e7b5bdb01b00a0b8d28dae460c141dd2ff83412e4dc1c31b16b25f33144a9e5620ea73b13f5bc1c59411d98439ad226e8af03840603796067d87afe130812cf3de24982d0e306f9e61e764e5\" aria-label=\"Banner_Obras_PortallavrasTV\"><img src=\"https:\/\/lavras.tv\/site\/wp-content\/uploads\/2025\/03\/Banner_Obras_PortallavrasTV.png\" alt=\"\"  srcset=\"https:\/\/lavras.tv\/site\/wp-content\/uploads\/2025\/03\/Banner_Obras_PortallavrasTV.png 720w, https:\/\/lavras.tv\/site\/wp-content\/uploads\/2025\/03\/Banner_Obras_PortallavrasTV-470x68.png 470w, https:\/\/lavras.tv\/site\/wp-content\/uploads\/2025\/03\/Banner_Obras_PortallavrasTV-170x25.png 170w, https:\/\/lavras.tv\/site\/wp-content\/uploads\/2025\/03\/Banner_Obras_PortallavrasTV-200x29.png 200w\" sizes=\"(max-width: 720px) 100vw, 720px\" width=\"720\" height=\"104\"   \/><\/a><\/li><li><div style=\"margin-left: auto;margin-right: auto;text-align: center;\" id=\"lavra-812415731\"><a href=\"https:\/\/sistemas.lavras.mg.gov.br\/portalcidadao\/#df1b1a7c7b2a290bcb31e32771e610784662739a88807c0dacac58ede5f391a7530e299dc302d611ee73cb143fc22eaf93592e53e7b5bdb01b00a0b8d28dae460c141dd2ff83412e4dc1c31b16b25f33144a9e5620ea73b13f5bc1c59411d98439ad226e8af03840603796067d87afe130812cf3de24982d0e306f9e61e764e5\" aria-label=\"Banner_Educa\u00e7\u00e3o_PortallavrasTV\"><img src=\"https:\/\/lavras.tv\/site\/wp-content\/uploads\/2025\/01\/Banner_Educacao_PortallavrasTV.png\" alt=\"\"  srcset=\"https:\/\/lavras.tv\/site\/wp-content\/uploads\/2025\/01\/Banner_Educacao_PortallavrasTV.png 720w, https:\/\/lavras.tv\/site\/wp-content\/uploads\/2025\/01\/Banner_Educacao_PortallavrasTV-470x68.png 470w, https:\/\/lavras.tv\/site\/wp-content\/uploads\/2025\/01\/Banner_Educacao_PortallavrasTV-170x25.png 170w, https:\/\/lavras.tv\/site\/wp-content\/uploads\/2025\/01\/Banner_Educacao_PortallavrasTV-200x29.png 200w\" sizes=\"(max-width: 720px) 100vw, 720px\" width=\"720\" height=\"104\"  style=\"display: inline-block;\" \/><\/a><\/div><\/li><li><a href=\"https:\/\/sistemas.lavras.mg.gov.br\/portalcidadao\/#df1b1a7c7b2a290bcb31e32771e610784662739a88807c0dacac58ede5f391a7530e299dc302d611ee73cb143fc22eaf93592e53e7b5bdb01b00a0b8d28dae460c141dd2ff83412e4dc1c31b16b25f33144a9e5620ea73b13f5bc1c59411d98439ad226e8af03840603796067d87afe130812cf3de24982d0e306f9e61e764e5\" aria-label=\"Banner_Sa\u00fade_PortallavrasTV\"><img src=\"https:\/\/lavras.tv\/site\/wp-content\/uploads\/2025\/03\/Banner_Saude_PortallavrasTV.png\" alt=\"\"  srcset=\"https:\/\/lavras.tv\/site\/wp-content\/uploads\/2025\/03\/Banner_Saude_PortallavrasTV.png 720w, https:\/\/lavras.tv\/site\/wp-content\/uploads\/2025\/03\/Banner_Saude_PortallavrasTV-470x68.png 470w, https:\/\/lavras.tv\/site\/wp-content\/uploads\/2025\/03\/Banner_Saude_PortallavrasTV-170x25.png 170w, https:\/\/lavras.tv\/site\/wp-content\/uploads\/2025\/03\/Banner_Saude_PortallavrasTV-200x29.png 200w\" sizes=\"(max-width: 720px) 100vw, 720px\" width=\"720\" height=\"104\"   \/><\/a><\/li><li><div id=\"lavra-842450793\" style=\"width:720px;height:104px;background-color:#ddd;overflow:scroll;\">\n\t<strong>Sa\u00edda da depura\u00e7\u00e3o de an\u00fancios<\/strong>\n\t<br><br>\n\tO an\u00fancio n\u00e3o \u00e9 exibido na p\u00e1gina<br><br>post atual: Presidente Bolsonaro reajusta sal\u00e1rio m\u00ednimo para R$ 998 em 2019, ID: 19309<br><br><span style=\"color: red;\">O post atual n\u00e3o \u00e9 id\u00eantico ao post principal.<\/span><br><br>An\u00fancios: ROXO - TOPO INTERNA - ROTATIVO 2 (197)<br \/>Grupo de an\u00fancios: Princ_Meio01_720x104 (27)<br><br>Condi\u00e7\u00f5es de exibi\u00e7\u00e3o<div style=\"margin-bottom: 20px; white-space: pre-wrap; font-family: monospace; width: 100%; background: #ffe9e9;\"><strong>condi\u00e7\u00f5es gerais<\/strong><table border=\"1\"><thead><tr><th><\/th><th>An\u00fancios<\/th><th>wp_the_query<\/th><\/tr><\/thead><tr><td>is_main_query<\/td><td>1<\/td><td>1<\/td><\/tr><tr><td>is_rest_api<\/td><td>0<\/td><td>1<\/td><\/tr><tr><td>page<\/td><td>0<\/td><td>1<\/td><\/tr><tr><td>numpages<\/td><td>0<\/td><td>1<\/td><\/tr><tr><td>is_archive<\/td><td>1<\/td><td><\/td><\/tr><tr><td>is_search<\/td><td>1<\/td><td><\/td><\/tr><tr><td>is_home<\/td><td>1<\/td><td><\/td><\/tr><tr><td>is_404<\/td><td>1<\/td><td><\/td><\/tr><tr><td>is_attachment<\/td><td>1<\/td><td><\/td><\/tr><tr><td>is_singular<\/td><td>1<\/td><td><\/td><\/tr><tr><td>is_front_page<\/td><td>1<\/td><td><\/td><\/tr><tr><td>is_feed<\/td><td>1<\/td><td><\/td><\/tr><\/table><\/div><br><br><span style=\"color: red;\">Seu site usa HTTPS, mas o c\u00f3digo do an\u00fancio cont\u00e9m HTTP e pode n\u00e3o funcionar.<\/span>\t<br><br>\n\t<a style=\"color: green;\" href=\"https:\/\/wpadvancedads.com\/manual\/ad-debug-mode\/?utm_source=advanced-ads&utm_medium=link&utm_campaign=ad-debug-mode\" target=\"_blank\" rel=\"nofollow\">Encontre solu\u00e7\u00f5es no manual<\/a>\n<\/div>\n<\/li><\/ul><\/div><script>( window.advanced_ads_ready || jQuery( document ).ready ).call( null, function() {var $lavraslider1087686847 = jQuery( \".lavra-slider-1087686847\" );$lavraslider1087686847.on( \"unslider.ready\", function() { jQuery( \"div.custom-slider ul li\" ).css( \"display\", \"block\" ); });$lavraslider1087686847.unslider({ delay:4000, autoplay:true, nav:false, arrows:false, infinite:true });$lavraslider1087686847.on(\"mouseover\", function() {$lavraslider1087686847.unslider(\"stop\");}).on(\"mouseout\", function() {$lavraslider1087686847.unslider(\"start\");});});<\/script><\/div><p>O presidente Jair Bolsonaro assinou o decreto que define o sal\u00e1rio m\u00ednimo de 2018 em R$ 998 &#8211; o atual valor \u00e9 de R$ 954. A medida foi publicada no Di\u00e1rio Oficial da Uni\u00e3o no final da tarde desta ter\u00e7a-feira (1\u00ba).<!--more--><\/p>\n<p>O valor \u00e9 R$ 8 abaixo do que foi definido pelo Congresso Nacional quando aprovado o Or\u00e7amento da Uni\u00e3o, no dia 19 de dezembro \u2014 na ocasi\u00e3o, deputados e senadores colocaram o valor dos vencimentos m\u00ednimos em R$ 1.006.<\/p>\n<figure id=\"attachment_19310\" aria-describedby=\"caption-attachment-19310\" style=\"width: 680px\" class=\"wp-caption aligncenter\"><img fetchpriority=\"high\" decoding=\"async\" class=\"size-full wp-image-19310\" src=\"http:\/\/lavras.tv\/site\/wp-content\/uploads\/2019\/01\/bolsonaro.jpg\" alt=\"Foto: Marcelo Camargo - Ag\u00eancia Brasil\" width=\"680\" height=\"453\" srcset=\"https:\/\/lavras.tv\/site\/wp-content\/uploads\/2019\/01\/bolsonaro.jpg 680w, https:\/\/lavras.tv\/site\/wp-content\/uploads\/2019\/01\/bolsonaro-150x100.jpg 150w, https:\/\/lavras.tv\/site\/wp-content\/uploads\/2019\/01\/bolsonaro-300x200.jpg 300w, https:\/\/lavras.tv\/site\/wp-content\/uploads\/2019\/01\/bolsonaro-480x320.jpg 480w, https:\/\/lavras.tv\/site\/wp-content\/uploads\/2019\/01\/bolsonaro-272x182.jpg 272w\" sizes=\"(max-width: 680px) 100vw, 680px\" \/><figcaption id=\"caption-attachment-19310\" class=\"wp-caption-text\">Foto: Marcelo Camargo &#8211; Ag\u00eancia Brasil<\/figcaption><\/figure>\n<p>O decreto de Bolsonaro tamb\u00e9m coloca os valores di\u00e1rios do sal\u00e1rio m\u00ednimo (R$ 33,27) e hor\u00e1rios (R$ 4,54).<\/p>\n<p>O sal\u00e1rio m\u00ednimo \u00e9 usado como refer\u00eancia para os benef\u00edcios assistenciais e previdenci\u00e1rios. Bolsonaro tem at\u00e9 o dia 15 de abril para decidir se mant\u00e9m a regra ou se muda.<\/p>\n<p>Pela regra atual, o m\u00ednimo deve ser corrigido pela infla\u00e7\u00e3o do ano anterior, medida pelo \u00cdndice Nacional de Pre\u00e7os ao Consumidor (INPC) mais a varia\u00e7\u00e3o do Produto Interno Bruto (PIB, soma dos bens e dos servi\u00e7os produzidos no pa\u00eds) dos dois anos anteriores.<\/p>\n<p>Os minist\u00e9rios da Fazenda e do Planejamento informaram que o valor do m\u00ednimo foi revisado para cima porque a estimativa de infla\u00e7\u00e3o pelo INPC em 2018 passou de 3,3% para 4,2%. O INPC mede a varia\u00e7\u00e3o de pre\u00e7os das fam\u00edlias mais pobres, com renda mensal de um a cinco sal\u00e1rios m\u00ednimos. Alguns Estados, como Rio de Janeiro e S\u00e3o Paulo, t\u00eam valores diferenciados para o sal\u00e1rio m\u00ednimo, acima do piso nacional.<\/p>\n<p>Fonte: Ga\u00facha ZH<\/p>\n","protected":false},"excerpt":{"rendered":"<p>O presidente Jair Bolsonaro assinou o decreto que define o sal\u00e1rio m\u00ednimo de 2018 em R$ 998 &#8211; o atual valor \u00e9 de R$ 954. A medida foi publicada no Di\u00e1rio Oficial da Uni\u00e3o no final da tarde desta ter\u00e7a-feira (1\u00ba).<\/p>\n","protected":false},"author":2,"featured_media":19310,"comment_status":"closed","ping_status":"open","sticky":false,"template":"","format":"standard","meta":{"advgb_blocks_editor_width":"","advgb_blocks_columns_visual_guide":"","_exactmetrics_skip_tracking":false,"_exactmetrics_sitenote_active":false,"_exactmetrics_sitenote_note":"","_exactmetrics_sitenote_category":0,"footnotes":""},"categories":[7,12],"tags":[4197,3282,2068],"class_list":["post-19309","post","type-post","status-publish","format-standard","has-post-thumbnail","hentry","category-destaques","category-politica","tag-4197","tag-bolsonaro","tag-salario-minimo"],"better_featured_image":{"id":19310,"alt_text":"","caption":"Foto: Marcelo Camargo - Ag\u00eancia Brasil","description":"","media_type":"image","media_details":{"width":680,"height":453,"file":"2019\/01\/bolsonaro.jpg","sizes":{"thumbnail":{"file":"bolsonaro-150x100.jpg","width":150,"height":100,"mime-type":"image\/jpeg","source_url":"https:\/\/lavras.tv\/site\/wp-content\/uploads\/2019\/01\/bolsonaro-150x100.jpg"},"medium":{"file":"bolsonaro-300x200.jpg","width":300,"height":200,"mime-type":"image\/jpeg","source_url":"https:\/\/lavras.tv\/site\/wp-content\/uploads\/2019\/01\/bolsonaro-300x200.jpg"},"featured-slider-img":{"file":"bolsonaro-640x453.jpg","width":640,"height":453,"mime-type":"image\/jpeg","source_url":"https:\/\/lavras.tv\/site\/wp-content\/uploads\/2019\/01\/bolsonaro-640x453.jpg"},"featured-post-img":{"file":"bolsonaro-480x320.jpg","width":480,"height":320,"mime-type":"image\/jpeg","source_url":"https:\/\/lavras.tv\/site\/wp-content\/uploads\/2019\/01\/bolsonaro-480x320.jpg"},"sow-carousel-default":{"file":"bolsonaro-272x182.jpg","width":272,"height":182,"mime-type":"image\/jpeg","source_url":"https:\/\/lavras.tv\/site\/wp-content\/uploads\/2019\/01\/bolsonaro-272x182.jpg"}},"image_meta":{"aperture":"0","credit":"","camera":"","caption":"","created_timestamp":"0","copyright":"","focal_length":"0","iso":"0","shutter_speed":"0","title":"","orientation":"0","keywords":[]}},"post":19309,"source_url":"https:\/\/lavras.tv\/site\/wp-content\/uploads\/2019\/01\/bolsonaro.jpg"},"author_meta":{"display_name":"Lavras TV","author_link":"https:\/\/lavras.tv\/site\/author\/lavrastv\/"},"featured_img":"https:\/\/lavras.tv\/site\/wp-content\/uploads\/2019\/01\/bolsonaro-300x200.jpg","coauthors":[],"tax_additional":{"categories":{"linked":["<a href=\"https:\/\/lavras.tv\/site\/category\/destaques\/\" class=\"advgb-post-tax-term\">Destaques<\/a>","<a href=\"https:\/\/lavras.tv\/site\/category\/politica\/\" class=\"advgb-post-tax-term\">Pol\u00edtica<\/a>"],"unlinked":["<span class=\"advgb-post-tax-term\">Destaques<\/span>","<span class=\"advgb-post-tax-term\">Pol\u00edtica<\/span>"]},"tags":{"linked":["<a href=\"https:\/\/lavras.tv\/site\/category\/politica\/\" class=\"advgb-post-tax-term\">2019<\/a>","<a href=\"https:\/\/lavras.tv\/site\/category\/politica\/\" class=\"advgb-post-tax-term\">Bolsonaro<\/a>","<a href=\"https:\/\/lavras.tv\/site\/category\/politica\/\" class=\"advgb-post-tax-term\">sal\u00e1rio m\u00ednimo<\/a>"],"unlinked":["<span class=\"advgb-post-tax-term\">2019<\/span>","<span class=\"advgb-post-tax-term\">Bolsonaro<\/span>","<span class=\"advgb-post-tax-term\">sal\u00e1rio m\u00ednimo<\/span>"]}},"comment_count":"0","relative_dates":{"created":"Publicado 7 anos atr\u00e1s","modified":"Atualizado 7 anos atr\u00e1s"},"absolute_dates":{"created":"Publicado em 2 de janeiro de 2019","modified":"Atualizado em 2 de janeiro de 2019"},"absolute_dates_time":{"created":"Publicado em 2 de janeiro de 2019 10:21","modified":"Atualizado em 2 de janeiro de 2019 10:21"},"featured_img_caption":"Foto: Marcelo Camargo - Ag\u00eancia Brasil","series_order":"","_links":{"self":[{"href":"https:\/\/lavras.tv\/site\/wp-json\/wp\/v2\/posts\/19309","targetHints":{"allow":["GET"]}}],"collection":[{"href":"https:\/\/lavras.tv\/site\/wp-json\/wp\/v2\/posts"}],"about":[{"href":"https:\/\/lavras.tv\/site\/wp-json\/wp\/v2\/types\/post"}],"author":[{"embeddable":true,"href":"https:\/\/lavras.tv\/site\/wp-json\/wp\/v2\/users\/2"}],"replies":[{"embeddable":true,"href":"https:\/\/lavras.tv\/site\/wp-json\/wp\/v2\/comments?post=19309"}],"version-history":[{"count":1,"href":"https:\/\/lavras.tv\/site\/wp-json\/wp\/v2\/posts\/19309\/revisions"}],"predecessor-version":[{"id":19311,"href":"https:\/\/lavras.tv\/site\/wp-json\/wp\/v2\/posts\/19309\/revisions\/19311"}],"wp:featuredmedia":[{"embeddable":true,"href":"https:\/\/lavras.tv\/site\/wp-json\/wp\/v2\/media\/19310"}],"wp:attachment":[{"href":"https:\/\/lavras.tv\/site\/wp-json\/wp\/v2\/media?parent=19309"}],"wp:term":[{"taxonomy":"category","embeddable":true,"href":"https:\/\/lavras.tv\/site\/wp-json\/wp\/v2\/categories?post=19309"},{"taxonomy":"post_tag","embeddable":true,"href":"https:\/\/lavras.tv\/site\/wp-json\/wp\/v2\/tags?post=19309"}],"curies":[{"name":"wp","href":"https:\/\/api.w.org\/{rel}","templated":true}]}}