{"id":19321,"date":"2019-01-03T09:15:19","date_gmt":"2019-01-03T11:15:19","guid":{"rendered":"http:\/\/lavras.tv\/site\/?p=19321"},"modified":"2019-01-03T09:15:19","modified_gmt":"2019-01-03T11:15:19","slug":"com-oito-trocas-de-tecnico-desde-2013-atletico-tem-desafio-de-manter-levir-ate-dezembro","status":"publish","type":"post","link":"https:\/\/lavras.tv\/site\/2019\/01\/03\/com-oito-trocas-de-tecnico-desde-2013-atletico-tem-desafio-de-manter-levir-ate-dezembro\/","title":{"rendered":"Com oito trocas de t\u00e9cnico desde 2013, Atl\u00e9tico tem desafio de manter Levir at\u00e9 dezembro"},"content":{"rendered":"<div class=\"lavra-antes-do-conteudo_2\" id=\"lavra-1639191776\"><div id=\"lavra-slider-27\" class=\"custom-slider lavra-slider-3506272665 lavra-slider\"><ul><li><div style=\"margin-left: auto;margin-right: auto;text-align: center;\" id=\"lavra-2764864495\"><a href=\"https:\/\/sistemas.lavras.mg.gov.br\/portalcidadao\/#df1b1a7c7b2a290bcb31e32771e610784662739a88807c0dacac58ede5f391a7530e299dc302d611ee73cb143fc22eaf93592e53e7b5bdb01b00a0b8d28dae460c141dd2ff83412e4dc1c31b16b25f33144a9e5620ea73b13f5bc1c59411d98439ad226e8af03840603796067d87afe130812cf3de24982d0e306f9e61e764e5\" aria-label=\"Lavras-TV&#8211;720x104px (1) (1)\"><img src=\"https:\/\/lavras.tv\/site\/wp-content\/uploads\/2025\/01\/Lavras-TV-720x104px-1-1.png\" alt=\"\"  srcset=\"https:\/\/lavras.tv\/site\/wp-content\/uploads\/2025\/01\/Lavras-TV-720x104px-1-1.png 720w, https:\/\/lavras.tv\/site\/wp-content\/uploads\/2025\/01\/Lavras-TV-720x104px-1-1-470x68.png 470w, https:\/\/lavras.tv\/site\/wp-content\/uploads\/2025\/01\/Lavras-TV-720x104px-1-1-170x25.png 170w, https:\/\/lavras.tv\/site\/wp-content\/uploads\/2025\/01\/Lavras-TV-720x104px-1-1-200x29.png 200w\" sizes=\"(max-width: 720px) 100vw, 720px\" width=\"720\" height=\"104\"  style=\"display: inline-block;\" \/><\/a><\/div><\/li><li><a href=\"https:\/\/sistemas.lavras.mg.gov.br\/portalcidadao\/#df1b1a7c7b2a290bcb31e32771e610784662739a88807c0dacac58ede5f391a7530e299dc302d611ee73cb143fc22eaf93592e53e7b5bdb01b00a0b8d28dae460c141dd2ff83412e4dc1c31b16b25f33144a9e5620ea73b13f5bc1c59411d98439ad226e8af03840603796067d87afe130812cf3de24982d0e306f9e61e764e5\" aria-label=\"Banner_Emprego_PortallavrasTV\"><img src=\"https:\/\/lavras.tv\/site\/wp-content\/uploads\/2025\/03\/Banner_Emprego_PortallavrasTV.png\" alt=\"\"  srcset=\"https:\/\/lavras.tv\/site\/wp-content\/uploads\/2025\/03\/Banner_Emprego_PortallavrasTV.png 720w, https:\/\/lavras.tv\/site\/wp-content\/uploads\/2025\/03\/Banner_Emprego_PortallavrasTV-470x68.png 470w, https:\/\/lavras.tv\/site\/wp-content\/uploads\/2025\/03\/Banner_Emprego_PortallavrasTV-170x25.png 170w, https:\/\/lavras.tv\/site\/wp-content\/uploads\/2025\/03\/Banner_Emprego_PortallavrasTV-200x29.png 200w\" sizes=\"(max-width: 720px) 100vw, 720px\" width=\"720\" height=\"104\"   \/><\/a><\/li><li><a href=\"https:\/\/sistemas.lavras.mg.gov.br\/portalcidadao\/#df1b1a7c7b2a290bcb31e32771e610784662739a88807c0dacac58ede5f391a7530e299dc302d611ee73cb143fc22eaf93592e53e7b5bdb01b00a0b8d28dae460c141dd2ff83412e4dc1c31b16b25f33144a9e5620ea73b13f5bc1c59411d98439ad226e8af03840603796067d87afe130812cf3de24982d0e306f9e61e764e5\" aria-label=\"Banner_Obras_PortallavrasTV\"><img src=\"https:\/\/lavras.tv\/site\/wp-content\/uploads\/2025\/03\/Banner_Obras_PortallavrasTV.png\" alt=\"\"  srcset=\"https:\/\/lavras.tv\/site\/wp-content\/uploads\/2025\/03\/Banner_Obras_PortallavrasTV.png 720w, https:\/\/lavras.tv\/site\/wp-content\/uploads\/2025\/03\/Banner_Obras_PortallavrasTV-470x68.png 470w, https:\/\/lavras.tv\/site\/wp-content\/uploads\/2025\/03\/Banner_Obras_PortallavrasTV-170x25.png 170w, https:\/\/lavras.tv\/site\/wp-content\/uploads\/2025\/03\/Banner_Obras_PortallavrasTV-200x29.png 200w\" sizes=\"(max-width: 720px) 100vw, 720px\" width=\"720\" height=\"104\"   \/><\/a><\/li><li><div style=\"margin-left: auto;margin-right: auto;text-align: center;\" id=\"lavra-1826908224\"><a href=\"https:\/\/sistemas.lavras.mg.gov.br\/portalcidadao\/#df1b1a7c7b2a290bcb31e32771e610784662739a88807c0dacac58ede5f391a7530e299dc302d611ee73cb143fc22eaf93592e53e7b5bdb01b00a0b8d28dae460c141dd2ff83412e4dc1c31b16b25f33144a9e5620ea73b13f5bc1c59411d98439ad226e8af03840603796067d87afe130812cf3de24982d0e306f9e61e764e5\" aria-label=\"Banner_Educa\u00e7\u00e3o_PortallavrasTV\"><img src=\"https:\/\/lavras.tv\/site\/wp-content\/uploads\/2025\/01\/Banner_Educacao_PortallavrasTV.png\" alt=\"\"  srcset=\"https:\/\/lavras.tv\/site\/wp-content\/uploads\/2025\/01\/Banner_Educacao_PortallavrasTV.png 720w, https:\/\/lavras.tv\/site\/wp-content\/uploads\/2025\/01\/Banner_Educacao_PortallavrasTV-470x68.png 470w, https:\/\/lavras.tv\/site\/wp-content\/uploads\/2025\/01\/Banner_Educacao_PortallavrasTV-170x25.png 170w, https:\/\/lavras.tv\/site\/wp-content\/uploads\/2025\/01\/Banner_Educacao_PortallavrasTV-200x29.png 200w\" sizes=\"(max-width: 720px) 100vw, 720px\" width=\"720\" height=\"104\"  style=\"display: inline-block;\" \/><\/a><\/div><\/li><li><a href=\"https:\/\/sistemas.lavras.mg.gov.br\/portalcidadao\/#df1b1a7c7b2a290bcb31e32771e610784662739a88807c0dacac58ede5f391a7530e299dc302d611ee73cb143fc22eaf93592e53e7b5bdb01b00a0b8d28dae460c141dd2ff83412e4dc1c31b16b25f33144a9e5620ea73b13f5bc1c59411d98439ad226e8af03840603796067d87afe130812cf3de24982d0e306f9e61e764e5\" aria-label=\"Banner_Sa\u00fade_PortallavrasTV\"><img src=\"https:\/\/lavras.tv\/site\/wp-content\/uploads\/2025\/03\/Banner_Saude_PortallavrasTV.png\" alt=\"\"  srcset=\"https:\/\/lavras.tv\/site\/wp-content\/uploads\/2025\/03\/Banner_Saude_PortallavrasTV.png 720w, https:\/\/lavras.tv\/site\/wp-content\/uploads\/2025\/03\/Banner_Saude_PortallavrasTV-470x68.png 470w, https:\/\/lavras.tv\/site\/wp-content\/uploads\/2025\/03\/Banner_Saude_PortallavrasTV-170x25.png 170w, https:\/\/lavras.tv\/site\/wp-content\/uploads\/2025\/03\/Banner_Saude_PortallavrasTV-200x29.png 200w\" sizes=\"(max-width: 720px) 100vw, 720px\" width=\"720\" height=\"104\"   \/><\/a><\/li><li><div id=\"lavra-1246540715\" style=\"width:720px;height:104px;background-color:#ddd;overflow:scroll;\">\n\t<strong>Sa\u00edda da depura\u00e7\u00e3o de an\u00fancios<\/strong>\n\t<br><br>\n\tO an\u00fancio n\u00e3o \u00e9 exibido na p\u00e1gina<br><br>post atual: Com oito trocas de t\u00e9cnico desde 2013, Atl\u00e9tico tem desafio de manter Levir at\u00e9 dezembro, ID: 19321<br><br><span style=\"color: red;\">O post atual n\u00e3o \u00e9 id\u00eantico ao post principal.<\/span><br><br>An\u00fancios: ROXO - TOPO INTERNA - ROTATIVO 2 (197)<br \/>Grupo de an\u00fancios: Princ_Meio01_720x104 (27)<br><br>Condi\u00e7\u00f5es de exibi\u00e7\u00e3o<div style=\"margin-bottom: 20px; white-space: pre-wrap; font-family: monospace; width: 100%; background: #ffe9e9;\"><strong>condi\u00e7\u00f5es gerais<\/strong><table border=\"1\"><thead><tr><th><\/th><th>An\u00fancios<\/th><th>wp_the_query<\/th><\/tr><\/thead><tr><td>is_main_query<\/td><td>1<\/td><td>1<\/td><\/tr><tr><td>is_rest_api<\/td><td>0<\/td><td>1<\/td><\/tr><tr><td>page<\/td><td>0<\/td><td>1<\/td><\/tr><tr><td>numpages<\/td><td>0<\/td><td>1<\/td><\/tr><tr><td>is_archive<\/td><td>1<\/td><td><\/td><\/tr><tr><td>is_search<\/td><td>1<\/td><td><\/td><\/tr><tr><td>is_home<\/td><td>1<\/td><td><\/td><\/tr><tr><td>is_404<\/td><td>1<\/td><td><\/td><\/tr><tr><td>is_attachment<\/td><td>1<\/td><td><\/td><\/tr><tr><td>is_singular<\/td><td>1<\/td><td><\/td><\/tr><tr><td>is_front_page<\/td><td>1<\/td><td><\/td><\/tr><tr><td>is_feed<\/td><td>1<\/td><td><\/td><\/tr><\/table><\/div><br><br><span style=\"color: red;\">Seu site usa HTTPS, mas o c\u00f3digo do an\u00fancio cont\u00e9m HTTP e pode n\u00e3o funcionar.<\/span>\t<br><br>\n\t<a style=\"color: green;\" href=\"https:\/\/wpadvancedads.com\/manual\/ad-debug-mode\/?utm_source=advanced-ads&utm_medium=link&utm_campaign=ad-debug-mode\" target=\"_blank\" rel=\"nofollow\">Encontre solu\u00e7\u00f5es no manual<\/a>\n<\/div>\n<\/li><\/ul><\/div><script>( window.advanced_ads_ready || jQuery( document ).ready ).call( null, function() {var $lavraslider3506272665 = jQuery( \".lavra-slider-3506272665\" );$lavraslider3506272665.on( \"unslider.ready\", function() { jQuery( \"div.custom-slider ul li\" ).css( \"display\", \"block\" ); });$lavraslider3506272665.unslider({ delay:4000, autoplay:true, nav:false, arrows:false, infinite:true });$lavraslider3506272665.on(\"mouseover\", function() {$lavraslider3506272665.unslider(\"stop\");}).on(\"mouseout\", function() {$lavraslider3506272665.unslider(\"start\");});});<\/script><\/div><p>A temporada 2019 come\u00e7a no Atl\u00e9tico nesta quinta-feira, quando o elenco se reapresenta ao t\u00e9cnico Levir Culpi na Cidade do Galo. E a diretoria alvinegra inicia o novo ano com um desafio: encerrar a ciranda de treinadores no clube e manter Levir Culpi pelo menos at\u00e9 dezembro, o que n\u00e3o acontece no Galo desde 2013.<!--more--><\/p>\n<p>Nos \u00faltimos cinco anos, o Atl\u00e9tico n\u00e3o conseguiu ficar com um treinador de janeiro a dezembro, efetivando oito trocas de t\u00e9cnico no per\u00edodo. Desde a sa\u00edda de Cuca, em dezembro de 2013 logo ap\u00f3s o fim da participa\u00e7\u00e3o do Galo no Mundial de Clubes da Fifa, a diretoria alvinegra n\u00e3o manteve um mesmo treinador ao longo de uma temporada inteira. O \u00fanico que chegou perto foi justamente Levir, em 2015, mas ele foi demitido pelo ent\u00e3o presidente Daniel Nepomuceno no fim de novembro ap\u00f3s uma sequ\u00eancia de maus resultados no Campeonato Brasileiro. Diogo Giacomini assumiu a equipe interinamente nas tr\u00eas \u00faltimas partidas do ano.<\/p>\n<figure id=\"attachment_19322\" aria-describedby=\"caption-attachment-19322\" style=\"width: 650px\" class=\"wp-caption aligncenter\"><img fetchpriority=\"high\" decoding=\"async\" class=\"size-full wp-image-19322\" src=\"http:\/\/lavras.tv\/site\/wp-content\/uploads\/2019\/01\/levir.jpg\" alt=\"Foto: Bruno Cantini\/Atl\u00e9tico\" width=\"650\" height=\"437\" srcset=\"https:\/\/lavras.tv\/site\/wp-content\/uploads\/2019\/01\/levir.jpg 650w, https:\/\/lavras.tv\/site\/wp-content\/uploads\/2019\/01\/levir-150x101.jpg 150w, https:\/\/lavras.tv\/site\/wp-content\/uploads\/2019\/01\/levir-300x202.jpg 300w, https:\/\/lavras.tv\/site\/wp-content\/uploads\/2019\/01\/levir-272x182.jpg 272w\" sizes=\"(max-width: 650px) 100vw, 650px\" \/><figcaption id=\"caption-attachment-19322\" class=\"wp-caption-text\">Foto: Bruno Cantini\/Atl\u00e9tico<\/figcaption><\/figure>\n<p>Em 2014, o Atl\u00e9tico contratou Paulo Autuori para o lugar de Cuca. Mas o treinador ficou \u00e0 frente da equipe somente at\u00e9 abril, quando foi demitido ap\u00f3s derrota para o Atl\u00e9tico Nacional-COL, nas oitavas de final da Copa Libertadores. Levir Culpi assumiu o comando do time e quase completou o ciclo inteiro de janeiro a dezembro, mas saiu no dia 26 de novembro de 2015. Por ter sido interino, Diogo Giacomini\u00a0n\u00e3o entrou no levantamento realizado pela reportagem.<\/p>\n<p>Diego Aguirre come\u00e7ou como t\u00e9cnico em 2016, mas deixou o cargo em maio. Marcelo Oliveira substituiu o uruguaio, mas foi demitiu no fim do ano, justamente\u00a0entre as duas finais da Copa do Brasil contra o Gr\u00eamio que acabou sendo vencida pelos ga\u00fachos. Em 2017, o clube come\u00e7ou com Roger Machado, contou com Rog\u00e9rio Micale por um breve per\u00edodo e fechou a temporada com Oswaldo de Oliveira, que iniciou 2018, mas caiu em fevereiro ap\u00f3s o futebol pouco convincente apresentado pelo time e de um desentendimento com o jornalista L\u00e9o Gomide, da\u00a0<em>r\u00e1dio Inconfid\u00eancia<\/em>, durante uma entrevista coletiva.<\/p>\n<p>Auxiliar t\u00e9cnico de Oswaldo, Thiago Larghi assumiu como interino e s\u00f3 foi efetivado em junho. Mas devido \u00e0 queda de desempenho do time no Campeonato Brasileiro, a diretoria n\u00e3o pensou duas vezes e o demitiu em outubro. Assim, Levir Culpi voltou ao Atl\u00e9tico ap\u00f3s quase tr\u00eas anos e assinou contrato at\u00e9 dezembro desta temporada.<\/p>\n<p>O lateral-esquerdo F\u00e1bio Santos acredita que a continuidade no trabalho de Levir pode ser um fator para o Atl\u00e9tico ter uma boa temporada em 2019.<\/p>\n<p>\u201cA gente espera que ele possa come\u00e7ar o trabalho e terminar, porque \u00e9 desta maneira que a gente acredita que as coisas possam acontecer. \u00d3bvio que cada um tem sua responsabilidade, n\u00f3s jogadores temos que fazer o nosso melhor para que o treinador permane\u00e7a at\u00e9 o final. Acredito que a continuidade do treinador \u00e9 um \u00f3timo come\u00e7o para que as coisas possam dar certo durante o ano\u201d, declarou.<\/p>\n<p><strong>Confira os \u00faltimos t\u00e9cnicos que estiveram \u00e0 frente do Atl\u00e9tico:<\/strong><\/p>\n<p><em>2013 &#8211; Cuca<br \/>\n2014 &#8211; Paulo Autuori e Levir Culpi<br \/>\n2015 &#8211; Levir Culpi e Diogo Giacomini (interino nas tr\u00eas \u00faltimas rodadas do Brasileiro)<br \/>\n2016 &#8211; Diego Aguirre e Marcelo Oliveira<br \/>\n2017 &#8211; Roger Machado, Rog\u00e9rio Micale e Oswaldo de Oliveira<br \/>\n2018 &#8211; Oswaldo de Oliveira, Thiago Larghi e Levir Culpi<br \/>\n2019 &#8211; Levir Culpi<\/em><\/p>\n<p>Fonte: Itatiaia<\/p>\n","protected":false},"excerpt":{"rendered":"<p>A temporada 2019 come\u00e7a no Atl\u00e9tico nesta quinta-feira, quando o elenco se reapresenta ao t\u00e9cnico Levir Culpi na Cidade do Galo. E a diretoria alvinegra inicia o novo ano com um desafio: encerrar a ciranda de treinadores no clube e manter Levir Culpi pelo menos at\u00e9 dezembro, o que n\u00e3o acontece no Galo desde 2013.<\/p>\n","protected":false},"author":2,"featured_media":19322,"comment_status":"closed","ping_status":"open","sticky":false,"template":"","format":"standard","meta":{"advgb_blocks_editor_width":"","advgb_blocks_columns_visual_guide":"","_exactmetrics_skip_tracking":false,"_exactmetrics_sitenote_active":false,"_exactmetrics_sitenote_note":"","_exactmetrics_sitenote_category":0,"footnotes":""},"categories":[7,3],"tags":[907,1036,5495],"class_list":["post-19321","post","type-post","status-publish","format-standard","has-post-thumbnail","hentry","category-destaques","category-esportes","tag-atletico-mg","tag-futebol","tag-levir-culpi"],"better_featured_image":{"id":19322,"alt_text":"","caption":"Foto: Bruno Cantini\/Atl\u00e9tico","description":"","media_type":"image","media_details":{"width":650,"height":437,"file":"2019\/01\/levir.jpg","sizes":{"thumbnail":{"file":"levir-150x101.jpg","width":150,"height":101,"mime-type":"image\/jpeg","source_url":"https:\/\/lavras.tv\/site\/wp-content\/uploads\/2019\/01\/levir-150x101.jpg"},"medium":{"file":"levir-300x202.jpg","width":300,"height":202,"mime-type":"image\/jpeg","source_url":"https:\/\/lavras.tv\/site\/wp-content\/uploads\/2019\/01\/levir-300x202.jpg"},"featured-slider-img":{"file":"levir-640x437.jpg","width":640,"height":437,"mime-type":"image\/jpeg","source_url":"https:\/\/lavras.tv\/site\/wp-content\/uploads\/2019\/01\/levir-640x437.jpg"},"featured-post-img":{"file":"levir-480x320.jpg","width":480,"height":320,"mime-type":"image\/jpeg","source_url":"https:\/\/lavras.tv\/site\/wp-content\/uploads\/2019\/01\/levir-480x320.jpg"},"sow-carousel-default":{"file":"levir-272x182.jpg","width":272,"height":182,"mime-type":"image\/jpeg","source_url":"https:\/\/lavras.tv\/site\/wp-content\/uploads\/2019\/01\/levir-272x182.jpg"}},"image_meta":{"aperture":"0","credit":"","camera":"","caption":"","created_timestamp":"0","copyright":"","focal_length":"0","iso":"0","shutter_speed":"0","title":"","orientation":"0","keywords":[]}},"post":19321,"source_url":"https:\/\/lavras.tv\/site\/wp-content\/uploads\/2019\/01\/levir.jpg"},"author_meta":{"display_name":"Lavras TV","author_link":"https:\/\/lavras.tv\/site\/author\/lavrastv\/"},"featured_img":"https:\/\/lavras.tv\/site\/wp-content\/uploads\/2019\/01\/levir-300x202.jpg","coauthors":[],"tax_additional":{"categories":{"linked":["<a href=\"https:\/\/lavras.tv\/site\/category\/destaques\/\" class=\"advgb-post-tax-term\">Destaques<\/a>","<a href=\"https:\/\/lavras.tv\/site\/category\/esportes\/\" class=\"advgb-post-tax-term\">Esportes<\/a>"],"unlinked":["<span class=\"advgb-post-tax-term\">Destaques<\/span>","<span class=\"advgb-post-tax-term\">Esportes<\/span>"]},"tags":{"linked":["<a href=\"https:\/\/lavras.tv\/site\/category\/esportes\/\" class=\"advgb-post-tax-term\">atl\u00e9tico mg<\/a>","<a href=\"https:\/\/lavras.tv\/site\/category\/esportes\/\" class=\"advgb-post-tax-term\">futebol<\/a>","<a href=\"https:\/\/lavras.tv\/site\/category\/esportes\/\" class=\"advgb-post-tax-term\">levir culpi<\/a>"],"unlinked":["<span class=\"advgb-post-tax-term\">atl\u00e9tico mg<\/span>","<span class=\"advgb-post-tax-term\">futebol<\/span>","<span class=\"advgb-post-tax-term\">levir culpi<\/span>"]}},"comment_count":"0","relative_dates":{"created":"Publicado 7 anos atr\u00e1s","modified":"Atualizado 7 anos atr\u00e1s"},"absolute_dates":{"created":"Publicado em 3 de janeiro de 2019","modified":"Atualizado em 3 de janeiro de 2019"},"absolute_dates_time":{"created":"Publicado em 3 de janeiro de 2019 09:15","modified":"Atualizado em 3 de janeiro de 2019 09:15"},"featured_img_caption":"Foto: Bruno Cantini\/Atl\u00e9tico","series_order":"","_links":{"self":[{"href":"https:\/\/lavras.tv\/site\/wp-json\/wp\/v2\/posts\/19321","targetHints":{"allow":["GET"]}}],"collection":[{"href":"https:\/\/lavras.tv\/site\/wp-json\/wp\/v2\/posts"}],"about":[{"href":"https:\/\/lavras.tv\/site\/wp-json\/wp\/v2\/types\/post"}],"author":[{"embeddable":true,"href":"https:\/\/lavras.tv\/site\/wp-json\/wp\/v2\/users\/2"}],"replies":[{"embeddable":true,"href":"https:\/\/lavras.tv\/site\/wp-json\/wp\/v2\/comments?post=19321"}],"version-history":[{"count":1,"href":"https:\/\/lavras.tv\/site\/wp-json\/wp\/v2\/posts\/19321\/revisions"}],"predecessor-version":[{"id":19323,"href":"https:\/\/lavras.tv\/site\/wp-json\/wp\/v2\/posts\/19321\/revisions\/19323"}],"wp:featuredmedia":[{"embeddable":true,"href":"https:\/\/lavras.tv\/site\/wp-json\/wp\/v2\/media\/19322"}],"wp:attachment":[{"href":"https:\/\/lavras.tv\/site\/wp-json\/wp\/v2\/media?parent=19321"}],"wp:term":[{"taxonomy":"category","embeddable":true,"href":"https:\/\/lavras.tv\/site\/wp-json\/wp\/v2\/categories?post=19321"},{"taxonomy":"post_tag","embeddable":true,"href":"https:\/\/lavras.tv\/site\/wp-json\/wp\/v2\/tags?post=19321"}],"curies":[{"name":"wp","href":"https:\/\/api.w.org\/{rel}","templated":true}]}}