{"id":19409,"date":"2019-01-15T10:25:45","date_gmt":"2019-01-15T12:25:45","guid":{"rendered":"http:\/\/lavras.tv\/site\/?p=19409"},"modified":"2019-01-15T10:25:45","modified_gmt":"2019-01-15T12:25:45","slug":"governo-de-minas-recontrata-pelo-menos-830-servidores-que-haviam-sido-exonerados","status":"publish","type":"post","link":"https:\/\/lavras.tv\/site\/2019\/01\/15\/governo-de-minas-recontrata-pelo-menos-830-servidores-que-haviam-sido-exonerados\/","title":{"rendered":"Governo de Minas recontrata pelo menos 830 servidores que haviam sido exonerados"},"content":{"rendered":"<div class=\"lavra-antes-do-conteudo_2\" id=\"lavra-1149276443\"><div id=\"lavra-slider-27\" class=\"custom-slider lavra-slider-621556228 lavra-slider\"><ul><li><div style=\"margin-left: auto;margin-right: auto;text-align: center;\" id=\"lavra-2916850680\"><a href=\"https:\/\/sistemas.lavras.mg.gov.br\/portalcidadao\/#df1b1a7c7b2a290bcb31e32771e610784662739a88807c0dacac58ede5f391a7530e299dc302d611ee73cb143fc22eaf93592e53e7b5bdb01b00a0b8d28dae460c141dd2ff83412e4dc1c31b16b25f33144a9e5620ea73b13f5bc1c59411d98439ad226e8af03840603796067d87afe130812cf3de24982d0e306f9e61e764e5\" aria-label=\"Lavras-TV&#8211;720x104px (1) (1)\"><img src=\"https:\/\/lavras.tv\/site\/wp-content\/uploads\/2025\/01\/Lavras-TV-720x104px-1-1.png\" alt=\"\"  srcset=\"https:\/\/lavras.tv\/site\/wp-content\/uploads\/2025\/01\/Lavras-TV-720x104px-1-1.png 720w, https:\/\/lavras.tv\/site\/wp-content\/uploads\/2025\/01\/Lavras-TV-720x104px-1-1-470x68.png 470w, https:\/\/lavras.tv\/site\/wp-content\/uploads\/2025\/01\/Lavras-TV-720x104px-1-1-170x25.png 170w, https:\/\/lavras.tv\/site\/wp-content\/uploads\/2025\/01\/Lavras-TV-720x104px-1-1-200x29.png 200w\" sizes=\"(max-width: 720px) 100vw, 720px\" width=\"720\" height=\"104\"  style=\"display: inline-block;\" \/><\/a><\/div><\/li><li><a href=\"https:\/\/sistemas.lavras.mg.gov.br\/portalcidadao\/#df1b1a7c7b2a290bcb31e32771e610784662739a88807c0dacac58ede5f391a7530e299dc302d611ee73cb143fc22eaf93592e53e7b5bdb01b00a0b8d28dae460c141dd2ff83412e4dc1c31b16b25f33144a9e5620ea73b13f5bc1c59411d98439ad226e8af03840603796067d87afe130812cf3de24982d0e306f9e61e764e5\" aria-label=\"Banner_Emprego_PortallavrasTV\"><img src=\"https:\/\/lavras.tv\/site\/wp-content\/uploads\/2025\/03\/Banner_Emprego_PortallavrasTV.png\" alt=\"\"  srcset=\"https:\/\/lavras.tv\/site\/wp-content\/uploads\/2025\/03\/Banner_Emprego_PortallavrasTV.png 720w, https:\/\/lavras.tv\/site\/wp-content\/uploads\/2025\/03\/Banner_Emprego_PortallavrasTV-470x68.png 470w, https:\/\/lavras.tv\/site\/wp-content\/uploads\/2025\/03\/Banner_Emprego_PortallavrasTV-170x25.png 170w, https:\/\/lavras.tv\/site\/wp-content\/uploads\/2025\/03\/Banner_Emprego_PortallavrasTV-200x29.png 200w\" sizes=\"(max-width: 720px) 100vw, 720px\" width=\"720\" height=\"104\"   \/><\/a><\/li><li><a href=\"https:\/\/sistemas.lavras.mg.gov.br\/portalcidadao\/#df1b1a7c7b2a290bcb31e32771e610784662739a88807c0dacac58ede5f391a7530e299dc302d611ee73cb143fc22eaf93592e53e7b5bdb01b00a0b8d28dae460c141dd2ff83412e4dc1c31b16b25f33144a9e5620ea73b13f5bc1c59411d98439ad226e8af03840603796067d87afe130812cf3de24982d0e306f9e61e764e5\" aria-label=\"Banner_Obras_PortallavrasTV\"><img src=\"https:\/\/lavras.tv\/site\/wp-content\/uploads\/2025\/03\/Banner_Obras_PortallavrasTV.png\" alt=\"\"  srcset=\"https:\/\/lavras.tv\/site\/wp-content\/uploads\/2025\/03\/Banner_Obras_PortallavrasTV.png 720w, https:\/\/lavras.tv\/site\/wp-content\/uploads\/2025\/03\/Banner_Obras_PortallavrasTV-470x68.png 470w, https:\/\/lavras.tv\/site\/wp-content\/uploads\/2025\/03\/Banner_Obras_PortallavrasTV-170x25.png 170w, https:\/\/lavras.tv\/site\/wp-content\/uploads\/2025\/03\/Banner_Obras_PortallavrasTV-200x29.png 200w\" sizes=\"(max-width: 720px) 100vw, 720px\" width=\"720\" height=\"104\"   \/><\/a><\/li><li><div style=\"margin-left: auto;margin-right: auto;text-align: center;\" id=\"lavra-2653116800\"><a href=\"https:\/\/sistemas.lavras.mg.gov.br\/portalcidadao\/#df1b1a7c7b2a290bcb31e32771e610784662739a88807c0dacac58ede5f391a7530e299dc302d611ee73cb143fc22eaf93592e53e7b5bdb01b00a0b8d28dae460c141dd2ff83412e4dc1c31b16b25f33144a9e5620ea73b13f5bc1c59411d98439ad226e8af03840603796067d87afe130812cf3de24982d0e306f9e61e764e5\" aria-label=\"Banner_Educa\u00e7\u00e3o_PortallavrasTV\"><img src=\"https:\/\/lavras.tv\/site\/wp-content\/uploads\/2025\/01\/Banner_Educacao_PortallavrasTV.png\" alt=\"\"  srcset=\"https:\/\/lavras.tv\/site\/wp-content\/uploads\/2025\/01\/Banner_Educacao_PortallavrasTV.png 720w, https:\/\/lavras.tv\/site\/wp-content\/uploads\/2025\/01\/Banner_Educacao_PortallavrasTV-470x68.png 470w, https:\/\/lavras.tv\/site\/wp-content\/uploads\/2025\/01\/Banner_Educacao_PortallavrasTV-170x25.png 170w, https:\/\/lavras.tv\/site\/wp-content\/uploads\/2025\/01\/Banner_Educacao_PortallavrasTV-200x29.png 200w\" sizes=\"(max-width: 720px) 100vw, 720px\" width=\"720\" height=\"104\"  style=\"display: inline-block;\" \/><\/a><\/div><\/li><li><a href=\"https:\/\/sistemas.lavras.mg.gov.br\/portalcidadao\/#df1b1a7c7b2a290bcb31e32771e610784662739a88807c0dacac58ede5f391a7530e299dc302d611ee73cb143fc22eaf93592e53e7b5bdb01b00a0b8d28dae460c141dd2ff83412e4dc1c31b16b25f33144a9e5620ea73b13f5bc1c59411d98439ad226e8af03840603796067d87afe130812cf3de24982d0e306f9e61e764e5\" aria-label=\"Banner_Sa\u00fade_PortallavrasTV\"><img src=\"https:\/\/lavras.tv\/site\/wp-content\/uploads\/2025\/03\/Banner_Saude_PortallavrasTV.png\" alt=\"\"  srcset=\"https:\/\/lavras.tv\/site\/wp-content\/uploads\/2025\/03\/Banner_Saude_PortallavrasTV.png 720w, https:\/\/lavras.tv\/site\/wp-content\/uploads\/2025\/03\/Banner_Saude_PortallavrasTV-470x68.png 470w, https:\/\/lavras.tv\/site\/wp-content\/uploads\/2025\/03\/Banner_Saude_PortallavrasTV-170x25.png 170w, https:\/\/lavras.tv\/site\/wp-content\/uploads\/2025\/03\/Banner_Saude_PortallavrasTV-200x29.png 200w\" sizes=\"(max-width: 720px) 100vw, 720px\" width=\"720\" height=\"104\"   \/><\/a><\/li><li><div id=\"lavra-793013834\" style=\"width:720px;height:104px;background-color:#ddd;overflow:scroll;\">\n\t<strong>Sa\u00edda da depura\u00e7\u00e3o de an\u00fancios<\/strong>\n\t<br><br>\n\tO an\u00fancio n\u00e3o \u00e9 exibido na p\u00e1gina<br><br>post atual: Governo de Minas recontrata pelo menos 830 servidores que haviam sido exonerados, ID: 19409<br><br><span style=\"color: red;\">O post atual n\u00e3o \u00e9 id\u00eantico ao post principal.<\/span><br><br>An\u00fancios: ROXO - TOPO INTERNA - ROTATIVO 2 (197)<br \/>Grupo de an\u00fancios: Princ_Meio01_720x104 (27)<br><br>Condi\u00e7\u00f5es de exibi\u00e7\u00e3o<div style=\"margin-bottom: 20px; white-space: pre-wrap; font-family: monospace; width: 100%; background: #ffe9e9;\"><strong>condi\u00e7\u00f5es gerais<\/strong><table border=\"1\"><thead><tr><th><\/th><th>An\u00fancios<\/th><th>wp_the_query<\/th><\/tr><\/thead><tr><td>is_main_query<\/td><td>1<\/td><td>1<\/td><\/tr><tr><td>is_rest_api<\/td><td>0<\/td><td>1<\/td><\/tr><tr><td>page<\/td><td>0<\/td><td>1<\/td><\/tr><tr><td>numpages<\/td><td>0<\/td><td>1<\/td><\/tr><tr><td>is_archive<\/td><td>1<\/td><td><\/td><\/tr><tr><td>is_search<\/td><td>1<\/td><td><\/td><\/tr><tr><td>is_home<\/td><td>1<\/td><td><\/td><\/tr><tr><td>is_404<\/td><td>1<\/td><td><\/td><\/tr><tr><td>is_attachment<\/td><td>1<\/td><td><\/td><\/tr><tr><td>is_singular<\/td><td>1<\/td><td><\/td><\/tr><tr><td>is_front_page<\/td><td>1<\/td><td><\/td><\/tr><tr><td>is_feed<\/td><td>1<\/td><td><\/td><\/tr><\/table><\/div><br><br><span style=\"color: red;\">Seu site usa HTTPS, mas o c\u00f3digo do an\u00fancio cont\u00e9m HTTP e pode n\u00e3o funcionar.<\/span>\t<br><br>\n\t<a style=\"color: green;\" href=\"https:\/\/wpadvancedads.com\/manual\/ad-debug-mode\/?utm_source=advanced-ads&utm_medium=link&utm_campaign=ad-debug-mode\" target=\"_blank\" rel=\"nofollow\">Encontre solu\u00e7\u00f5es no manual<\/a>\n<\/div>\n<\/li><\/ul><\/div><script>( window.advanced_ads_ready || jQuery( document ).ready ).call( null, function() {var $lavraslider621556228 = jQuery( \".lavra-slider-621556228\" );$lavraslider621556228.on( \"unslider.ready\", function() { jQuery( \"div.custom-slider ul li\" ).css( \"display\", \"block\" ); });$lavraslider621556228.unslider({ delay:4000, autoplay:true, nav:false, arrows:false, infinite:true });$lavraslider621556228.on(\"mouseover\", function() {$lavraslider621556228.unslider(\"stop\");}).on(\"mouseout\", function() {$lavraslider621556228.unslider(\"start\");});});<\/script><\/div><p>Entre o dia 4 de janeiro e o \u00faltimo s\u00e1bado (12), o governo de Minas &#8220;recontratou&#8221;\u00a0pelo menos 830 servidores que haviam sido exonerados ou dispensados. As recontrata\u00e7\u00f5es foram anunciadas nas publica\u00e7\u00f5es do Di\u00e1rio Oficial de Minas Gerais neste per\u00edodo. Nelas, o governador Romeu Zema (novo) &#8220;torna sem efeito&#8221; as exonera\u00e7\u00f5es executadas nos primeiros dias de sua gest\u00e3o.\u00a0\u00a0<!--more--><\/p>\n<p>Contando as exonera\u00e7\u00f5es feitas pelo ex-governador Fernando Pimentel (PT) no fim do ano passado e as do atual governo, cerca de 6000 servidores estaduais haviam perdido seus cargos em diversos \u00f3rg\u00e3os e secretarias do Executivo. O cancelamento destas exonera\u00e7\u00f5es representa cerca de 14% dos servidores que haviam sido retirados de seus cargos e\u00a0que, agora, foram reconduzidos.<\/p>\n<p><img fetchpriority=\"high\" decoding=\"async\" class=\"alignnone size-full wp-image-13423 aligncenter\" src=\"http:\/\/lavras.tv\/site\/wp-content\/uploads\/2017\/11\/tiradentes-minas-gerais-governo.jpg\" alt=\"tiradentes minas gerais governo\" width=\"556\" height=\"370\" srcset=\"https:\/\/lavras.tv\/site\/wp-content\/uploads\/2017\/11\/tiradentes-minas-gerais-governo.jpg 556w, https:\/\/lavras.tv\/site\/wp-content\/uploads\/2017\/11\/tiradentes-minas-gerais-governo-150x100.jpg 150w, https:\/\/lavras.tv\/site\/wp-content\/uploads\/2017\/11\/tiradentes-minas-gerais-governo-300x200.jpg 300w, https:\/\/lavras.tv\/site\/wp-content\/uploads\/2017\/11\/tiradentes-minas-gerais-governo-480x320.jpg 480w, https:\/\/lavras.tv\/site\/wp-content\/uploads\/2017\/11\/tiradentes-minas-gerais-governo-272x182.jpg 272w\" sizes=\"(max-width: 556px) 100vw, 556px\" \/><\/p>\n<p>Conforme informou a assessoria do governo, as avalia\u00e7\u00f5es dos servidores ainda ser\u00e3o finalizadas nos pr\u00f3ximos dias &#8220;para que seja feito o devido remanejamento de funcion\u00e1rios efetivos, a fim de atender a demanda em todas as \u00e1reas da Administra\u00e7\u00e3o P\u00fablica o quanto antes&#8221;.<\/p>\n<p>O n\u00famero de servidores que foram exonerados que\u00a0ser\u00e3o reconduzidos a seus cargos pode aumentar ainda mais. &#8220;No \u00faltimo s\u00e1bado (12) foi conclu\u00eddo o processo de levantamento, por todos os \u00f3rg\u00e3os do governo, da rela\u00e7\u00e3o de ocupantes de cargos comissionados que dever\u00e3o ser reconduzidos aos cargos, de acordo com crit\u00e9rios exclusivamente t\u00e9cnicos. A partir desse levantamento, novas recondu\u00e7\u00f5es poder\u00e3o ser feitas nos pr\u00f3ximos dias&#8221;, conclui a nota do Executivo.<\/p>\n<p><strong>Or\u00e7amento<\/strong><\/p>\n<p>O\u00a0or\u00e7amento de 2019 aprovado por Romeu Zema\u00a0estima uma receita de R$ 100,3\u00a0bilh\u00f5es e uma despesa de R$ 111,7\u00a0bilh\u00f5es, gerando um d\u00e9ficit fiscal de R$ 11,4 bilh\u00f5es aos cofres mineiros.<\/p>\n<p>O principal respons\u00e1vel pelo arrocho do Estado \u00e9 a despesa\u00a0com pessoal, que soma\u00a0R$ 37,2\u00a0bilh\u00f5es, comprometendo 60,78% da Receita Corrente L\u00edquida (RCL). O valor ultrapassa o limite estabelecido na Lei de Responsabilidade Fiscal (LRF), de at\u00e9 60%.<\/p>\n<p>Fonte: Hoje em Dia<\/p>\n","protected":false},"excerpt":{"rendered":"<p>Entre o dia 4 de janeiro e o \u00faltimo s\u00e1bado (12), o governo de Minas &#8220;recontratou&#8221;\u00a0pelo menos 830 servidores que haviam sido exonerados ou dispensados. As recontrata\u00e7\u00f5es foram anunciadas nas publica\u00e7\u00f5es do Di\u00e1rio Oficial de Minas Gerais neste per\u00edodo. Nelas, o governador Romeu Zema (novo) &#8220;torna sem efeito&#8221; as exonera\u00e7\u00f5es executadas nos primeiros dias de [&hellip;]<\/p>\n","protected":false},"author":2,"featured_media":13423,"comment_status":"closed","ping_status":"open","sticky":false,"template":"","format":"standard","meta":{"advgb_blocks_editor_width":"","advgb_blocks_columns_visual_guide":"","_exactmetrics_skip_tracking":false,"_exactmetrics_sitenote_active":false,"_exactmetrics_sitenote_note":"","_exactmetrics_sitenote_category":0,"footnotes":""},"categories":[7,12],"tags":[5508,5461,5507,5313],"class_list":["post-19409","post","type-post","status-publish","format-standard","has-post-thumbnail","hentry","category-destaques","category-politica","tag-exoneracao","tag-governo-de-mg","tag-recontratacao","tag-zema"],"better_featured_image":{"id":13423,"alt_text":"","caption":"Todos os cargos s\u00e3o para trabalhar na Cidade Administrativa, em BH","description":"","media_type":"image","media_details":{"width":556,"height":370,"file":"2017\/11\/tiradentes-minas-gerais-governo.jpg","sizes":{"thumbnail":{"file":"tiradentes-minas-gerais-governo-150x100.jpg","width":150,"height":100,"mime-type":"image\/jpeg","source_url":"https:\/\/lavras.tv\/site\/wp-content\/uploads\/2017\/11\/tiradentes-minas-gerais-governo-150x100.jpg"},"medium":{"file":"tiradentes-minas-gerais-governo-300x200.jpg","width":300,"height":200,"mime-type":"image\/jpeg","source_url":"https:\/\/lavras.tv\/site\/wp-content\/uploads\/2017\/11\/tiradentes-minas-gerais-governo-300x200.jpg"},"featured-post-img":{"file":"tiradentes-minas-gerais-governo-480x320.jpg","width":480,"height":320,"mime-type":"image\/jpeg","source_url":"https:\/\/lavras.tv\/site\/wp-content\/uploads\/2017\/11\/tiradentes-minas-gerais-governo-480x320.jpg"},"sow-carousel-default":{"file":"tiradentes-minas-gerais-governo-272x182.jpg","width":272,"height":182,"mime-type":"image\/jpeg","source_url":"https:\/\/lavras.tv\/site\/wp-content\/uploads\/2017\/11\/tiradentes-minas-gerais-governo-272x182.jpg"}},"image_meta":{"aperture":"0","credit":"","camera":"","caption":"","created_timestamp":"0","copyright":"","focal_length":"0","iso":"0","shutter_speed":"0","title":"","orientation":"0","keywords":[]}},"post":13422,"source_url":"https:\/\/lavras.tv\/site\/wp-content\/uploads\/2017\/11\/tiradentes-minas-gerais-governo.jpg"},"author_meta":{"display_name":"Lavras TV","author_link":"https:\/\/lavras.tv\/site\/author\/lavrastv\/"},"featured_img":"https:\/\/lavras.tv\/site\/wp-content\/uploads\/2017\/11\/tiradentes-minas-gerais-governo-300x200.jpg","coauthors":[],"tax_additional":{"categories":{"linked":["<a href=\"https:\/\/lavras.tv\/site\/category\/destaques\/\" class=\"advgb-post-tax-term\">Destaques<\/a>","<a href=\"https:\/\/lavras.tv\/site\/category\/politica\/\" class=\"advgb-post-tax-term\">Pol\u00edtica<\/a>"],"unlinked":["<span class=\"advgb-post-tax-term\">Destaques<\/span>","<span class=\"advgb-post-tax-term\">Pol\u00edtica<\/span>"]},"tags":{"linked":["<a href=\"https:\/\/lavras.tv\/site\/category\/politica\/\" class=\"advgb-post-tax-term\">exonera\u00e7\u00e3o<\/a>","<a href=\"https:\/\/lavras.tv\/site\/category\/politica\/\" class=\"advgb-post-tax-term\">governo de mg<\/a>","<a href=\"https:\/\/lavras.tv\/site\/category\/politica\/\" class=\"advgb-post-tax-term\">recontrata\u00e7\u00e3o<\/a>","<a href=\"https:\/\/lavras.tv\/site\/category\/politica\/\" class=\"advgb-post-tax-term\">zema<\/a>"],"unlinked":["<span class=\"advgb-post-tax-term\">exonera\u00e7\u00e3o<\/span>","<span class=\"advgb-post-tax-term\">governo de mg<\/span>","<span class=\"advgb-post-tax-term\">recontrata\u00e7\u00e3o<\/span>","<span class=\"advgb-post-tax-term\">zema<\/span>"]}},"comment_count":"0","relative_dates":{"created":"Publicado 7 anos atr\u00e1s","modified":"Atualizado 7 anos atr\u00e1s"},"absolute_dates":{"created":"Publicado em 15 de janeiro de 2019","modified":"Atualizado em 15 de janeiro de 2019"},"absolute_dates_time":{"created":"Publicado em 15 de janeiro de 2019 10:25","modified":"Atualizado em 15 de janeiro de 2019 10:25"},"featured_img_caption":"Todos os cargos s\u00e3o para trabalhar na Cidade Administrativa, em BH","series_order":"","_links":{"self":[{"href":"https:\/\/lavras.tv\/site\/wp-json\/wp\/v2\/posts\/19409","targetHints":{"allow":["GET"]}}],"collection":[{"href":"https:\/\/lavras.tv\/site\/wp-json\/wp\/v2\/posts"}],"about":[{"href":"https:\/\/lavras.tv\/site\/wp-json\/wp\/v2\/types\/post"}],"author":[{"embeddable":true,"href":"https:\/\/lavras.tv\/site\/wp-json\/wp\/v2\/users\/2"}],"replies":[{"embeddable":true,"href":"https:\/\/lavras.tv\/site\/wp-json\/wp\/v2\/comments?post=19409"}],"version-history":[{"count":1,"href":"https:\/\/lavras.tv\/site\/wp-json\/wp\/v2\/posts\/19409\/revisions"}],"predecessor-version":[{"id":19410,"href":"https:\/\/lavras.tv\/site\/wp-json\/wp\/v2\/posts\/19409\/revisions\/19410"}],"wp:featuredmedia":[{"embeddable":true,"href":"https:\/\/lavras.tv\/site\/wp-json\/wp\/v2\/media\/13423"}],"wp:attachment":[{"href":"https:\/\/lavras.tv\/site\/wp-json\/wp\/v2\/media?parent=19409"}],"wp:term":[{"taxonomy":"category","embeddable":true,"href":"https:\/\/lavras.tv\/site\/wp-json\/wp\/v2\/categories?post=19409"},{"taxonomy":"post_tag","embeddable":true,"href":"https:\/\/lavras.tv\/site\/wp-json\/wp\/v2\/tags?post=19409"}],"curies":[{"name":"wp","href":"https:\/\/api.w.org\/{rel}","templated":true}]}}