{"id":19431,"date":"2019-01-16T09:36:59","date_gmt":"2019-01-16T11:36:59","guid":{"rendered":"http:\/\/lavras.tv\/site\/?p=19431"},"modified":"2019-01-16T09:36:59","modified_gmt":"2019-01-16T11:36:59","slug":"atletico-tera-reuniao-com-minas-arena-e-pode-voltar-a-mandar-jogos-no-mineirao","status":"publish","type":"post","link":"https:\/\/lavras.tv\/site\/2019\/01\/16\/atletico-tera-reuniao-com-minas-arena-e-pode-voltar-a-mandar-jogos-no-mineirao\/","title":{"rendered":"Atl\u00e9tico ter\u00e1 reuni\u00e3o com Minas Arena e pode voltar a mandar jogos no Mineir\u00e3o"},"content":{"rendered":"<div class=\"lavra-antes-do-conteudo_2\" id=\"lavra-2293311785\"><div id=\"lavra-slider-27\" class=\"custom-slider lavra-slider-2565906299 lavra-slider\"><ul><li><div style=\"margin-left: auto;margin-right: auto;text-align: center;\" id=\"lavra-153092702\"><a href=\"https:\/\/sistemas.lavras.mg.gov.br\/portalcidadao\/#df1b1a7c7b2a290bcb31e32771e610784662739a88807c0dacac58ede5f391a7530e299dc302d611ee73cb143fc22eaf93592e53e7b5bdb01b00a0b8d28dae460c141dd2ff83412e4dc1c31b16b25f33144a9e5620ea73b13f5bc1c59411d98439ad226e8af03840603796067d87afe130812cf3de24982d0e306f9e61e764e5\" aria-label=\"Lavras-TV&#8211;720x104px (1) (1)\"><img src=\"https:\/\/lavras.tv\/site\/wp-content\/uploads\/2025\/01\/Lavras-TV-720x104px-1-1.png\" alt=\"\"  srcset=\"https:\/\/lavras.tv\/site\/wp-content\/uploads\/2025\/01\/Lavras-TV-720x104px-1-1.png 720w, https:\/\/lavras.tv\/site\/wp-content\/uploads\/2025\/01\/Lavras-TV-720x104px-1-1-470x68.png 470w, https:\/\/lavras.tv\/site\/wp-content\/uploads\/2025\/01\/Lavras-TV-720x104px-1-1-170x25.png 170w, https:\/\/lavras.tv\/site\/wp-content\/uploads\/2025\/01\/Lavras-TV-720x104px-1-1-200x29.png 200w\" sizes=\"(max-width: 720px) 100vw, 720px\" width=\"720\" height=\"104\"  style=\"display: inline-block;\" \/><\/a><\/div><\/li><li><a href=\"https:\/\/sistemas.lavras.mg.gov.br\/portalcidadao\/#df1b1a7c7b2a290bcb31e32771e610784662739a88807c0dacac58ede5f391a7530e299dc302d611ee73cb143fc22eaf93592e53e7b5bdb01b00a0b8d28dae460c141dd2ff83412e4dc1c31b16b25f33144a9e5620ea73b13f5bc1c59411d98439ad226e8af03840603796067d87afe130812cf3de24982d0e306f9e61e764e5\" aria-label=\"Banner_Emprego_PortallavrasTV\"><img src=\"https:\/\/lavras.tv\/site\/wp-content\/uploads\/2025\/03\/Banner_Emprego_PortallavrasTV.png\" alt=\"\"  srcset=\"https:\/\/lavras.tv\/site\/wp-content\/uploads\/2025\/03\/Banner_Emprego_PortallavrasTV.png 720w, https:\/\/lavras.tv\/site\/wp-content\/uploads\/2025\/03\/Banner_Emprego_PortallavrasTV-470x68.png 470w, https:\/\/lavras.tv\/site\/wp-content\/uploads\/2025\/03\/Banner_Emprego_PortallavrasTV-170x25.png 170w, https:\/\/lavras.tv\/site\/wp-content\/uploads\/2025\/03\/Banner_Emprego_PortallavrasTV-200x29.png 200w\" sizes=\"(max-width: 720px) 100vw, 720px\" width=\"720\" height=\"104\"   \/><\/a><\/li><li><a href=\"https:\/\/sistemas.lavras.mg.gov.br\/portalcidadao\/#df1b1a7c7b2a290bcb31e32771e610784662739a88807c0dacac58ede5f391a7530e299dc302d611ee73cb143fc22eaf93592e53e7b5bdb01b00a0b8d28dae460c141dd2ff83412e4dc1c31b16b25f33144a9e5620ea73b13f5bc1c59411d98439ad226e8af03840603796067d87afe130812cf3de24982d0e306f9e61e764e5\" aria-label=\"Banner_Obras_PortallavrasTV\"><img src=\"https:\/\/lavras.tv\/site\/wp-content\/uploads\/2025\/03\/Banner_Obras_PortallavrasTV.png\" alt=\"\"  srcset=\"https:\/\/lavras.tv\/site\/wp-content\/uploads\/2025\/03\/Banner_Obras_PortallavrasTV.png 720w, https:\/\/lavras.tv\/site\/wp-content\/uploads\/2025\/03\/Banner_Obras_PortallavrasTV-470x68.png 470w, https:\/\/lavras.tv\/site\/wp-content\/uploads\/2025\/03\/Banner_Obras_PortallavrasTV-170x25.png 170w, https:\/\/lavras.tv\/site\/wp-content\/uploads\/2025\/03\/Banner_Obras_PortallavrasTV-200x29.png 200w\" sizes=\"(max-width: 720px) 100vw, 720px\" width=\"720\" height=\"104\"   \/><\/a><\/li><li><div style=\"margin-left: auto;margin-right: auto;text-align: center;\" id=\"lavra-1248912546\"><a href=\"https:\/\/sistemas.lavras.mg.gov.br\/portalcidadao\/#df1b1a7c7b2a290bcb31e32771e610784662739a88807c0dacac58ede5f391a7530e299dc302d611ee73cb143fc22eaf93592e53e7b5bdb01b00a0b8d28dae460c141dd2ff83412e4dc1c31b16b25f33144a9e5620ea73b13f5bc1c59411d98439ad226e8af03840603796067d87afe130812cf3de24982d0e306f9e61e764e5\" aria-label=\"Banner_Educa\u00e7\u00e3o_PortallavrasTV\"><img src=\"https:\/\/lavras.tv\/site\/wp-content\/uploads\/2025\/01\/Banner_Educacao_PortallavrasTV.png\" alt=\"\"  srcset=\"https:\/\/lavras.tv\/site\/wp-content\/uploads\/2025\/01\/Banner_Educacao_PortallavrasTV.png 720w, https:\/\/lavras.tv\/site\/wp-content\/uploads\/2025\/01\/Banner_Educacao_PortallavrasTV-470x68.png 470w, https:\/\/lavras.tv\/site\/wp-content\/uploads\/2025\/01\/Banner_Educacao_PortallavrasTV-170x25.png 170w, https:\/\/lavras.tv\/site\/wp-content\/uploads\/2025\/01\/Banner_Educacao_PortallavrasTV-200x29.png 200w\" sizes=\"(max-width: 720px) 100vw, 720px\" width=\"720\" height=\"104\"  style=\"display: inline-block;\" \/><\/a><\/div><\/li><li><a href=\"https:\/\/sistemas.lavras.mg.gov.br\/portalcidadao\/#df1b1a7c7b2a290bcb31e32771e610784662739a88807c0dacac58ede5f391a7530e299dc302d611ee73cb143fc22eaf93592e53e7b5bdb01b00a0b8d28dae460c141dd2ff83412e4dc1c31b16b25f33144a9e5620ea73b13f5bc1c59411d98439ad226e8af03840603796067d87afe130812cf3de24982d0e306f9e61e764e5\" aria-label=\"Banner_Sa\u00fade_PortallavrasTV\"><img src=\"https:\/\/lavras.tv\/site\/wp-content\/uploads\/2025\/03\/Banner_Saude_PortallavrasTV.png\" alt=\"\"  srcset=\"https:\/\/lavras.tv\/site\/wp-content\/uploads\/2025\/03\/Banner_Saude_PortallavrasTV.png 720w, https:\/\/lavras.tv\/site\/wp-content\/uploads\/2025\/03\/Banner_Saude_PortallavrasTV-470x68.png 470w, https:\/\/lavras.tv\/site\/wp-content\/uploads\/2025\/03\/Banner_Saude_PortallavrasTV-170x25.png 170w, https:\/\/lavras.tv\/site\/wp-content\/uploads\/2025\/03\/Banner_Saude_PortallavrasTV-200x29.png 200w\" sizes=\"(max-width: 720px) 100vw, 720px\" width=\"720\" height=\"104\"   \/><\/a><\/li><li><div id=\"lavra-2751429305\" style=\"width:720px;height:104px;background-color:#ddd;overflow:scroll;\">\n\t<strong>Sa\u00edda da depura\u00e7\u00e3o de an\u00fancios<\/strong>\n\t<br><br>\n\tO an\u00fancio n\u00e3o \u00e9 exibido na p\u00e1gina<br><br>post atual: Atl\u00e9tico ter\u00e1 reuni\u00e3o com Minas Arena e pode voltar a mandar jogos no Mineir\u00e3o, ID: 19431<br><br><span style=\"color: red;\">O post atual n\u00e3o \u00e9 id\u00eantico ao post principal.<\/span><br><br>An\u00fancios: ROXO - TOPO INTERNA - ROTATIVO 2 (197)<br \/>Grupo de an\u00fancios: Princ_Meio01_720x104 (27)<br><br>Condi\u00e7\u00f5es de exibi\u00e7\u00e3o<div style=\"margin-bottom: 20px; white-space: pre-wrap; font-family: monospace; width: 100%; background: #ffe9e9;\"><strong>condi\u00e7\u00f5es gerais<\/strong><table border=\"1\"><thead><tr><th><\/th><th>An\u00fancios<\/th><th>wp_the_query<\/th><\/tr><\/thead><tr><td>is_main_query<\/td><td>1<\/td><td>1<\/td><\/tr><tr><td>is_rest_api<\/td><td>0<\/td><td>1<\/td><\/tr><tr><td>page<\/td><td>0<\/td><td>1<\/td><\/tr><tr><td>numpages<\/td><td>0<\/td><td>1<\/td><\/tr><tr><td>is_archive<\/td><td>1<\/td><td><\/td><\/tr><tr><td>is_search<\/td><td>1<\/td><td><\/td><\/tr><tr><td>is_home<\/td><td>1<\/td><td><\/td><\/tr><tr><td>is_404<\/td><td>1<\/td><td><\/td><\/tr><tr><td>is_attachment<\/td><td>1<\/td><td><\/td><\/tr><tr><td>is_singular<\/td><td>1<\/td><td><\/td><\/tr><tr><td>is_front_page<\/td><td>1<\/td><td><\/td><\/tr><tr><td>is_feed<\/td><td>1<\/td><td><\/td><\/tr><\/table><\/div><br><br><span style=\"color: red;\">Seu site usa HTTPS, mas o c\u00f3digo do an\u00fancio cont\u00e9m HTTP e pode n\u00e3o funcionar.<\/span>\t<br><br>\n\t<a style=\"color: green;\" href=\"https:\/\/wpadvancedads.com\/manual\/ad-debug-mode\/?utm_source=advanced-ads&utm_medium=link&utm_campaign=ad-debug-mode\" target=\"_blank\" rel=\"nofollow\">Encontre solu\u00e7\u00f5es no manual<\/a>\n<\/div>\n<\/li><\/ul><\/div><script>( window.advanced_ads_ready || jQuery( document ).ready ).call( null, function() {var $lavraslider2565906299 = jQuery( \".lavra-slider-2565906299\" );$lavraslider2565906299.on( \"unslider.ready\", function() { jQuery( \"div.custom-slider ul li\" ).css( \"display\", \"block\" ); });$lavraslider2565906299.unslider({ delay:4000, autoplay:true, nav:false, arrows:false, infinite:true });$lavraslider2565906299.on(\"mouseover\", function() {$lavraslider2565906299.unslider(\"stop\");}).on(\"mouseout\", function() {$lavraslider2565906299.unslider(\"start\");});});<\/script><\/div><p>O Atl\u00e9tico pode voltar a mandar jogos no Mineir\u00e3o em 2019. Uma reuni\u00e3o entre o clube alvinegro e a Minas Arena, concession\u00e1ria que administra o est\u00e1dio, abriu a possibilidade para a torcida atleticana retornar ao Gigante da Pampulha para ver o time como mandante.<!--more--><\/p>\n<p>Em entrevista \u00e0\u00a0<strong>Itatiaia<\/strong>, o diretor comercial da Minas Arena, Samuel Lloyd, confirmou que ter\u00e1 um encontro com a dire\u00e7\u00e3o do Atl\u00e9tico nesta semana para acertar quais jogos ser\u00e3o transferidos para o Mineir\u00e3o.<\/p>\n<p>\u201cExiste uma reuni\u00e3o marcada com o Atl\u00e9tico nesta semana para a gente alinhar qual \u00e9 o planejamento para 2019. Estamos bem esperan\u00e7osos de que alguns jogos venham para o Mineir\u00e3o\u201d, declarou Lloyd nesta ter\u00e7a-feira durante o evento \u2018Futebol, Gest\u00e3o e Inova\u00e7\u00e3o\u2019, promovido pela administradora em parceria com a Federa\u00e7\u00e3o Mineira de Futebol (FMF).<\/p>\n<p>Em 2018, o Atl\u00e9tico n\u00e3o mandou uma partida sequer no Mineir\u00e3o. Desta forma, pela primeira vez na hist\u00f3ria, o clube passou uma temporada inteira sem jogar no est\u00e1dio como mandante.<!--more--><\/p>\n<figure id=\"attachment_19432\" aria-describedby=\"caption-attachment-19432\" style=\"width: 842px\" class=\"wp-caption aligncenter\"><img fetchpriority=\"high\" decoding=\"async\" class=\"size-full wp-image-19432\" src=\"http:\/\/lavras.tv\/site\/wp-content\/uploads\/2019\/01\/mineirao.jpeg\" alt=\"Divulga\u00e7\u00e3o - Portal da Copa\" width=\"842\" height=\"558\" srcset=\"https:\/\/lavras.tv\/site\/wp-content\/uploads\/2019\/01\/mineirao.jpeg 842w, https:\/\/lavras.tv\/site\/wp-content\/uploads\/2019\/01\/mineirao-150x99.jpeg 150w, https:\/\/lavras.tv\/site\/wp-content\/uploads\/2019\/01\/mineirao-300x199.jpeg 300w\" sizes=\"(max-width: 842px) 100vw, 842px\" \/><figcaption id=\"caption-attachment-19432\" class=\"wp-caption-text\">Divulga\u00e7\u00e3o &#8211; Portal da Copa<\/figcaption><\/figure>\n<p>A ideia do Atl\u00e9tico em 2019 \u00e9 mandar para o Mineir\u00e3o somente os jogos que tenham previs\u00e3o de grande p\u00fablico. Desde a reinaugura\u00e7\u00e3o do est\u00e1dio, que foi reformado para a Copa do Mundo de 2014, o clube alvinegro entende que n\u00e3o \u00e9 vantajoso financeiramente atuar no Gigante da Pampulha para menos de 30 mil torcedores. Desta forma, a equipe passou a jogar a maioria das partidas no Independ\u00eancia.<\/p>\n<p>\u201cO Mineir\u00e3o sempre foi a casa de Cruzeiro, Atl\u00e9tico e Am\u00e9rica e de qualquer time mineiro que queira jogar aqui. Sempre fez parte da concess\u00e3o do Mineir\u00e3o que a gente abrigasse todos os jogos do Cruzeiro e do Atl\u00e9tico. Para n\u00f3s, sempre ser\u00e1 uma alegria receber mais jogos do Atl\u00e9tico aqui tamb\u00e9m. Entendemos e respeitamos qualquer decis\u00e3o da diretoria em escolher outra arena. Mas as portas est\u00e3o abertas\u201d, finalizou Samuel Lloyd.<\/p>\n<p>Fonte: Itatiaia<\/p>\n","protected":false},"excerpt":{"rendered":"<p>O Atl\u00e9tico pode voltar a mandar jogos no Mineir\u00e3o em 2019. Uma reuni\u00e3o entre o clube alvinegro e a Minas Arena, concession\u00e1ria que administra o est\u00e1dio, abriu a possibilidade para a torcida atleticana retornar ao Gigante da Pampulha para ver o time como mandante.<\/p>\n","protected":false},"author":2,"featured_media":19432,"comment_status":"closed","ping_status":"open","sticky":false,"template":"","format":"standard","meta":{"advgb_blocks_editor_width":"","advgb_blocks_columns_visual_guide":"","_exactmetrics_skip_tracking":false,"_exactmetrics_sitenote_active":false,"_exactmetrics_sitenote_note":"","_exactmetrics_sitenote_category":0,"footnotes":""},"categories":[3],"tags":[923,1036,469],"class_list":["post-19431","post","type-post","status-publish","format-standard","has-post-thumbnail","hentry","category-esportes","tag-atletico","tag-futebol","tag-mineirao"],"better_featured_image":{"id":19432,"alt_text":"","caption":"Divulga\u00e7\u00e3o - Portal da Copa","description":"","media_type":"image","media_details":{"width":842,"height":558,"file":"2019\/01\/mineirao.jpeg","sizes":{"thumbnail":{"file":"mineirao-150x99.jpeg","width":150,"height":99,"mime-type":"image\/jpeg","source_url":"https:\/\/lavras.tv\/site\/wp-content\/uploads\/2019\/01\/mineirao-150x99.jpeg"},"medium":{"file":"mineirao-300x199.jpeg","width":300,"height":199,"mime-type":"image\/jpeg","source_url":"https:\/\/lavras.tv\/site\/wp-content\/uploads\/2019\/01\/mineirao-300x199.jpeg"},"featured-slider-img":{"file":"mineirao-640x480.jpeg","width":640,"height":480,"mime-type":"image\/jpeg","source_url":"https:\/\/lavras.tv\/site\/wp-content\/uploads\/2019\/01\/mineirao-640x480.jpeg"},"featured-post-img":{"file":"mineirao-480x320.jpeg","width":480,"height":320,"mime-type":"image\/jpeg","source_url":"https:\/\/lavras.tv\/site\/wp-content\/uploads\/2019\/01\/mineirao-480x320.jpeg"},"sow-carousel-default":{"file":"mineirao-272x182.jpeg","width":272,"height":182,"mime-type":"image\/jpeg","source_url":"https:\/\/lavras.tv\/site\/wp-content\/uploads\/2019\/01\/mineirao-272x182.jpeg"}},"image_meta":{"aperture":"0","credit":"","camera":"","caption":"","created_timestamp":"0","copyright":"","focal_length":"0","iso":"0","shutter_speed":"0","title":"","orientation":"0","keywords":[]}},"post":19431,"source_url":"https:\/\/lavras.tv\/site\/wp-content\/uploads\/2019\/01\/mineirao.jpeg"},"author_meta":{"display_name":"Lavras TV","author_link":"https:\/\/lavras.tv\/site\/author\/lavrastv\/"},"featured_img":"https:\/\/lavras.tv\/site\/wp-content\/uploads\/2019\/01\/mineirao-300x199.jpeg","coauthors":[],"tax_additional":{"categories":{"linked":["<a href=\"https:\/\/lavras.tv\/site\/category\/esportes\/\" class=\"advgb-post-tax-term\">Esportes<\/a>"],"unlinked":["<span class=\"advgb-post-tax-term\">Esportes<\/span>"]},"tags":{"linked":["<a href=\"https:\/\/lavras.tv\/site\/category\/esportes\/\" class=\"advgb-post-tax-term\">atl\u00e9tico<\/a>","<a href=\"https:\/\/lavras.tv\/site\/category\/esportes\/\" class=\"advgb-post-tax-term\">futebol<\/a>","<a href=\"https:\/\/lavras.tv\/site\/category\/esportes\/\" class=\"advgb-post-tax-term\">mineir\u00e3o<\/a>"],"unlinked":["<span class=\"advgb-post-tax-term\">atl\u00e9tico<\/span>","<span class=\"advgb-post-tax-term\">futebol<\/span>","<span class=\"advgb-post-tax-term\">mineir\u00e3o<\/span>"]}},"comment_count":"0","relative_dates":{"created":"Publicado 7 anos atr\u00e1s","modified":"Atualizado 7 anos atr\u00e1s"},"absolute_dates":{"created":"Publicado em 16 de janeiro de 2019","modified":"Atualizado em 16 de janeiro de 2019"},"absolute_dates_time":{"created":"Publicado em 16 de janeiro de 2019 09:36","modified":"Atualizado em 16 de janeiro de 2019 09:36"},"featured_img_caption":"Divulga\u00e7\u00e3o - Portal da Copa","series_order":"","_links":{"self":[{"href":"https:\/\/lavras.tv\/site\/wp-json\/wp\/v2\/posts\/19431","targetHints":{"allow":["GET"]}}],"collection":[{"href":"https:\/\/lavras.tv\/site\/wp-json\/wp\/v2\/posts"}],"about":[{"href":"https:\/\/lavras.tv\/site\/wp-json\/wp\/v2\/types\/post"}],"author":[{"embeddable":true,"href":"https:\/\/lavras.tv\/site\/wp-json\/wp\/v2\/users\/2"}],"replies":[{"embeddable":true,"href":"https:\/\/lavras.tv\/site\/wp-json\/wp\/v2\/comments?post=19431"}],"version-history":[{"count":1,"href":"https:\/\/lavras.tv\/site\/wp-json\/wp\/v2\/posts\/19431\/revisions"}],"predecessor-version":[{"id":19433,"href":"https:\/\/lavras.tv\/site\/wp-json\/wp\/v2\/posts\/19431\/revisions\/19433"}],"wp:featuredmedia":[{"embeddable":true,"href":"https:\/\/lavras.tv\/site\/wp-json\/wp\/v2\/media\/19432"}],"wp:attachment":[{"href":"https:\/\/lavras.tv\/site\/wp-json\/wp\/v2\/media?parent=19431"}],"wp:term":[{"taxonomy":"category","embeddable":true,"href":"https:\/\/lavras.tv\/site\/wp-json\/wp\/v2\/categories?post=19431"},{"taxonomy":"post_tag","embeddable":true,"href":"https:\/\/lavras.tv\/site\/wp-json\/wp\/v2\/tags?post=19431"}],"curies":[{"name":"wp","href":"https:\/\/api.w.org\/{rel}","templated":true}]}}