{"id":1946,"date":"2016-08-30T12:16:01","date_gmt":"2016-08-30T12:16:01","guid":{"rendered":"http:\/\/lavras.tv\/site\/?p=1946"},"modified":"2016-08-30T12:16:01","modified_gmt":"2016-08-30T12:16:01","slug":"ufla-nao-tera-shows-no-aniversario-deste-ano","status":"publish","type":"post","link":"https:\/\/lavras.tv\/site\/2016\/08\/30\/ufla-nao-tera-shows-no-aniversario-deste-ano\/","title":{"rendered":"UFLA n\u00e3o ter\u00e1 shows no anivers\u00e1rio deste ano"},"content":{"rendered":"<div class=\"lavra-antes-do-conteudo_2\" id=\"lavra-802835562\"><div id=\"lavra-slider-27\" class=\"custom-slider lavra-slider-2340972896 lavra-slider\"><ul><li><div style=\"margin-left: auto;margin-right: auto;text-align: center;\" id=\"lavra-1773417954\"><a href=\"https:\/\/sistemas.lavras.mg.gov.br\/portalcidadao\/#df1b1a7c7b2a290bcb31e32771e610784662739a88807c0dacac58ede5f391a7530e299dc302d611ee73cb143fc22eaf93592e53e7b5bdb01b00a0b8d28dae460c141dd2ff83412e4dc1c31b16b25f33144a9e5620ea73b13f5bc1c59411d98439ad226e8af03840603796067d87afe130812cf3de24982d0e306f9e61e764e5\" aria-label=\"Lavras-TV&#8211;720x104px (1) (1)\"><img src=\"https:\/\/lavras.tv\/site\/wp-content\/uploads\/2025\/01\/Lavras-TV-720x104px-1-1.png\" alt=\"\"  srcset=\"https:\/\/lavras.tv\/site\/wp-content\/uploads\/2025\/01\/Lavras-TV-720x104px-1-1.png 720w, https:\/\/lavras.tv\/site\/wp-content\/uploads\/2025\/01\/Lavras-TV-720x104px-1-1-470x68.png 470w, https:\/\/lavras.tv\/site\/wp-content\/uploads\/2025\/01\/Lavras-TV-720x104px-1-1-170x25.png 170w, https:\/\/lavras.tv\/site\/wp-content\/uploads\/2025\/01\/Lavras-TV-720x104px-1-1-200x29.png 200w\" sizes=\"(max-width: 720px) 100vw, 720px\" width=\"720\" height=\"104\"  style=\"display: inline-block;\" \/><\/a><\/div><\/li><li><a href=\"https:\/\/sistemas.lavras.mg.gov.br\/portalcidadao\/#df1b1a7c7b2a290bcb31e32771e610784662739a88807c0dacac58ede5f391a7530e299dc302d611ee73cb143fc22eaf93592e53e7b5bdb01b00a0b8d28dae460c141dd2ff83412e4dc1c31b16b25f33144a9e5620ea73b13f5bc1c59411d98439ad226e8af03840603796067d87afe130812cf3de24982d0e306f9e61e764e5\" aria-label=\"Banner_Emprego_PortallavrasTV\"><img src=\"https:\/\/lavras.tv\/site\/wp-content\/uploads\/2025\/03\/Banner_Emprego_PortallavrasTV.png\" alt=\"\"  srcset=\"https:\/\/lavras.tv\/site\/wp-content\/uploads\/2025\/03\/Banner_Emprego_PortallavrasTV.png 720w, https:\/\/lavras.tv\/site\/wp-content\/uploads\/2025\/03\/Banner_Emprego_PortallavrasTV-470x68.png 470w, https:\/\/lavras.tv\/site\/wp-content\/uploads\/2025\/03\/Banner_Emprego_PortallavrasTV-170x25.png 170w, https:\/\/lavras.tv\/site\/wp-content\/uploads\/2025\/03\/Banner_Emprego_PortallavrasTV-200x29.png 200w\" sizes=\"(max-width: 720px) 100vw, 720px\" width=\"720\" height=\"104\"   \/><\/a><\/li><li><a href=\"https:\/\/sistemas.lavras.mg.gov.br\/portalcidadao\/#df1b1a7c7b2a290bcb31e32771e610784662739a88807c0dacac58ede5f391a7530e299dc302d611ee73cb143fc22eaf93592e53e7b5bdb01b00a0b8d28dae460c141dd2ff83412e4dc1c31b16b25f33144a9e5620ea73b13f5bc1c59411d98439ad226e8af03840603796067d87afe130812cf3de24982d0e306f9e61e764e5\" aria-label=\"Banner_Obras_PortallavrasTV\"><img src=\"https:\/\/lavras.tv\/site\/wp-content\/uploads\/2025\/03\/Banner_Obras_PortallavrasTV.png\" alt=\"\"  srcset=\"https:\/\/lavras.tv\/site\/wp-content\/uploads\/2025\/03\/Banner_Obras_PortallavrasTV.png 720w, https:\/\/lavras.tv\/site\/wp-content\/uploads\/2025\/03\/Banner_Obras_PortallavrasTV-470x68.png 470w, https:\/\/lavras.tv\/site\/wp-content\/uploads\/2025\/03\/Banner_Obras_PortallavrasTV-170x25.png 170w, https:\/\/lavras.tv\/site\/wp-content\/uploads\/2025\/03\/Banner_Obras_PortallavrasTV-200x29.png 200w\" sizes=\"(max-width: 720px) 100vw, 720px\" width=\"720\" height=\"104\"   \/><\/a><\/li><li><div style=\"margin-left: auto;margin-right: auto;text-align: center;\" id=\"lavra-1626506028\"><a href=\"https:\/\/sistemas.lavras.mg.gov.br\/portalcidadao\/#df1b1a7c7b2a290bcb31e32771e610784662739a88807c0dacac58ede5f391a7530e299dc302d611ee73cb143fc22eaf93592e53e7b5bdb01b00a0b8d28dae460c141dd2ff83412e4dc1c31b16b25f33144a9e5620ea73b13f5bc1c59411d98439ad226e8af03840603796067d87afe130812cf3de24982d0e306f9e61e764e5\" aria-label=\"Banner_Educa\u00e7\u00e3o_PortallavrasTV\"><img src=\"https:\/\/lavras.tv\/site\/wp-content\/uploads\/2025\/01\/Banner_Educacao_PortallavrasTV.png\" alt=\"\"  srcset=\"https:\/\/lavras.tv\/site\/wp-content\/uploads\/2025\/01\/Banner_Educacao_PortallavrasTV.png 720w, https:\/\/lavras.tv\/site\/wp-content\/uploads\/2025\/01\/Banner_Educacao_PortallavrasTV-470x68.png 470w, https:\/\/lavras.tv\/site\/wp-content\/uploads\/2025\/01\/Banner_Educacao_PortallavrasTV-170x25.png 170w, https:\/\/lavras.tv\/site\/wp-content\/uploads\/2025\/01\/Banner_Educacao_PortallavrasTV-200x29.png 200w\" sizes=\"(max-width: 720px) 100vw, 720px\" width=\"720\" height=\"104\"  style=\"display: inline-block;\" \/><\/a><\/div><\/li><li><a href=\"https:\/\/sistemas.lavras.mg.gov.br\/portalcidadao\/#df1b1a7c7b2a290bcb31e32771e610784662739a88807c0dacac58ede5f391a7530e299dc302d611ee73cb143fc22eaf93592e53e7b5bdb01b00a0b8d28dae460c141dd2ff83412e4dc1c31b16b25f33144a9e5620ea73b13f5bc1c59411d98439ad226e8af03840603796067d87afe130812cf3de24982d0e306f9e61e764e5\" aria-label=\"Banner_Sa\u00fade_PortallavrasTV\"><img src=\"https:\/\/lavras.tv\/site\/wp-content\/uploads\/2025\/03\/Banner_Saude_PortallavrasTV.png\" alt=\"\"  srcset=\"https:\/\/lavras.tv\/site\/wp-content\/uploads\/2025\/03\/Banner_Saude_PortallavrasTV.png 720w, https:\/\/lavras.tv\/site\/wp-content\/uploads\/2025\/03\/Banner_Saude_PortallavrasTV-470x68.png 470w, https:\/\/lavras.tv\/site\/wp-content\/uploads\/2025\/03\/Banner_Saude_PortallavrasTV-170x25.png 170w, https:\/\/lavras.tv\/site\/wp-content\/uploads\/2025\/03\/Banner_Saude_PortallavrasTV-200x29.png 200w\" sizes=\"(max-width: 720px) 100vw, 720px\" width=\"720\" height=\"104\"   \/><\/a><\/li><li><div id=\"lavra-476429187\" style=\"width:720px;height:104px;background-color:#ddd;overflow:scroll;\">\n\t<strong>Sa\u00edda da depura\u00e7\u00e3o de an\u00fancios<\/strong>\n\t<br><br>\n\tO an\u00fancio n\u00e3o \u00e9 exibido na p\u00e1gina<br><br>post atual: UFLA n\u00e3o ter\u00e1 shows no anivers\u00e1rio deste ano, ID: 1946<br><br><span style=\"color: red;\">O post atual n\u00e3o \u00e9 id\u00eantico ao post principal.<\/span><br><br>An\u00fancios: ROXO - TOPO INTERNA - ROTATIVO 2 (197)<br \/>Grupo de an\u00fancios: Princ_Meio01_720x104 (27)<br><br>Condi\u00e7\u00f5es de exibi\u00e7\u00e3o<div style=\"margin-bottom: 20px; white-space: pre-wrap; font-family: monospace; width: 100%; background: #ffe9e9;\"><strong>condi\u00e7\u00f5es gerais<\/strong><table border=\"1\"><thead><tr><th><\/th><th>An\u00fancios<\/th><th>wp_the_query<\/th><\/tr><\/thead><tr><td>is_main_query<\/td><td>1<\/td><td>1<\/td><\/tr><tr><td>is_rest_api<\/td><td>0<\/td><td>1<\/td><\/tr><tr><td>page<\/td><td>0<\/td><td>1<\/td><\/tr><tr><td>numpages<\/td><td>0<\/td><td>1<\/td><\/tr><tr><td>is_archive<\/td><td>1<\/td><td><\/td><\/tr><tr><td>is_search<\/td><td>1<\/td><td><\/td><\/tr><tr><td>is_home<\/td><td>1<\/td><td><\/td><\/tr><tr><td>is_404<\/td><td>1<\/td><td><\/td><\/tr><tr><td>is_attachment<\/td><td>1<\/td><td><\/td><\/tr><tr><td>is_singular<\/td><td>1<\/td><td><\/td><\/tr><tr><td>is_front_page<\/td><td>1<\/td><td><\/td><\/tr><tr><td>is_feed<\/td><td>1<\/td><td><\/td><\/tr><\/table><\/div><br><br><span style=\"color: red;\">Seu site usa HTTPS, mas o c\u00f3digo do an\u00fancio cont\u00e9m HTTP e pode n\u00e3o funcionar.<\/span>\t<br><br>\n\t<a style=\"color: green;\" href=\"https:\/\/wpadvancedads.com\/manual\/ad-debug-mode\/?utm_source=advanced-ads&utm_medium=link&utm_campaign=ad-debug-mode\" target=\"_blank\" rel=\"nofollow\">Encontre solu\u00e7\u00f5es no manual<\/a>\n<\/div>\n<\/li><\/ul><\/div><script>( window.advanced_ads_ready || jQuery( document ).ready ).call( null, function() {var $lavraslider2340972896 = jQuery( \".lavra-slider-2340972896\" );$lavraslider2340972896.on( \"unslider.ready\", function() { jQuery( \"div.custom-slider ul li\" ).css( \"display\", \"block\" ); });$lavraslider2340972896.unslider({ delay:4000, autoplay:true, nav:false, arrows:false, infinite:true });$lavraslider2340972896.on(\"mouseover\", function() {$lavraslider2340972896.unslider(\"stop\");}).on(\"mouseout\", function() {$lavraslider2340972896.unslider(\"start\");});});<\/script><\/div><p>Para celebrar os 108 anos de atua\u00e7\u00e3o e consolida\u00e7\u00e3o como uma das mais importantes institui\u00e7\u00f5es de ensino do Pa\u00eds, a Universidade Federal de Lavras (UFLA) convida toda a comunidade para participar da Semana de Ci\u00eancia, Cultura e Arte, de 2 a 9 de setembro.<!--more--><\/p>\n<p><img fetchpriority=\"high\" decoding=\"async\" class=\"alignnone size-full wp-image-723\" src=\"http:\/\/lavras.tv\/site\/wp-content\/uploads\/2016\/07\/ufla-aerea.jpg\" alt=\"ufla aerea\" width=\"640\" height=\"640\" srcset=\"https:\/\/lavras.tv\/site\/wp-content\/uploads\/2016\/07\/ufla-aerea.jpg 640w, https:\/\/lavras.tv\/site\/wp-content\/uploads\/2016\/07\/ufla-aerea-150x150.jpg 150w, https:\/\/lavras.tv\/site\/wp-content\/uploads\/2016\/07\/ufla-aerea-300x300.jpg 300w\" sizes=\"(max-width: 640px) 100vw, 640px\" \/><\/p>\n<p>Neste ano, a programa\u00e7\u00e3o da Semana de Ci\u00eancia, Cultura e Arte ser\u00e1 compat\u00edvel com o momento econ\u00f4mico vivenciado pelo Pa\u00eds e, em especial, pelas universidades p\u00fablicas federais.<\/p>\n<p>A programa\u00e7\u00e3o da Semana de Ci\u00eancia, Cultura e Arte foi cuidadosamente planejada para manter o princ\u00edpio de sua realiza\u00e7\u00e3o: a celebra\u00e7\u00e3o dos 108 anos da Institui\u00e7\u00e3o ESAL\/UFLA, que tanto nos orgulha.<\/p>\n<p>A programa\u00e7\u00e3o inclui atividades para diferentes p\u00fablicos. Na sexta-feira (2\/9), haver\u00e1 a abertura oficial, no Pavilh\u00e3o Nacional (em frente ao pr\u00e9dio das Pr\u00f3-Reitorias), seguida pela cerim\u00f4nia de A\u00e7\u00e3o de Gra\u00e7as (culto ecum\u00eanico), realizado na Capela da Universidade.<\/p>\n<p>Tamb\u00e9m haver\u00e1 exposi\u00e7\u00f5es, apresenta\u00e7\u00f5es art\u00edsticas e culturais, caminhada ecol\u00f3gica, inaugura\u00e7\u00f5es, lan\u00e7amento do aplicativo Minha UFLA, homenagens e encontro de ex-alunos.<\/p>\n<p>Confira a programa\u00e7\u00e3o no site\u00a0<a href=\"http:\/\/www.eventos.ufla.br\/aniversario\/108anos\/\"><strong>http:\/\/www.eventos.ufla.br\/aniversario\/108anos\/<\/strong><\/a><\/p>\n<p><strong>Esclarecimento<\/strong><\/p>\n<p>Nesta edi\u00e7\u00e3o, n\u00e3o ser\u00e1 poss\u00edvel a realiza\u00e7\u00e3o dos tradicionais shows promovidos pela UFLA, com artistas de renome nacional, em virtude da aus\u00eancia de recursos necess\u00e1rios para a realiza\u00e7\u00e3o de eventos desta magnitude. Espera-se que haja a compreens\u00e3o de que a n\u00e3o realiza\u00e7\u00e3o dos shows evita que a UFLA assuma compromissos acima das possibilidades, preservando, sobretudo, as atividades essenciais da universidade.<\/p>\n<p>A Dire\u00e7\u00e3o Executiva da Universidade tamb\u00e9m optou pela n\u00e3o realiza\u00e7\u00e3o do \u2018Churrasco do Servidor\u2019, em respeito \u00e0 situa\u00e7\u00e3o econ\u00f4mica da maioria das empresas locais apoiadoras do evento.<\/p>\n<p>&nbsp;<\/p>\n<p>Fonte: ASCOM &#8211; UFLA<\/p>\n","protected":false},"excerpt":{"rendered":"<p>Para celebrar os 108 anos de atua\u00e7\u00e3o e consolida\u00e7\u00e3o como uma das mais importantes institui\u00e7\u00f5es de ensino do Pa\u00eds, a Universidade Federal de Lavras (UFLA) convida toda a comunidade para participar da Semana de Ci\u00eancia, Cultura e Arte, de 2 a 9 de setembro.<\/p>\n","protected":false},"author":2,"featured_media":823,"comment_status":"closed","ping_status":"open","sticky":false,"template":"","format":"standard","meta":{"advgb_blocks_editor_width":"","advgb_blocks_columns_visual_guide":"","_exactmetrics_skip_tracking":false,"_exactmetrics_sitenote_active":false,"_exactmetrics_sitenote_note":"","_exactmetrics_sitenote_category":0,"footnotes":""},"categories":[7,2,21],"tags":[655,656,56],"class_list":["post-1946","post","type-post","status-publish","format-standard","has-post-thumbnail","hentry","category-destaques","category-noticias","category-vem-ai","tag-108-anos","tag-festa-ufla","tag-ufla"],"better_featured_image":{"id":823,"alt_text":"","caption":"","description":"","media_type":"image","media_details":{"width":1024,"height":741,"file":"2016\/07\/ufla.jpg","sizes":{"thumbnail":{"file":"ufla-150x109.jpg","width":150,"height":109,"mime-type":"image\/jpeg","source_url":"https:\/\/lavras.tv\/site\/wp-content\/uploads\/2016\/07\/ufla-150x109.jpg"},"medium":{"file":"ufla-300x217.jpg","width":300,"height":217,"mime-type":"image\/jpeg","source_url":"https:\/\/lavras.tv\/site\/wp-content\/uploads\/2016\/07\/ufla-300x217.jpg"},"large":{"file":"ufla-1024x741.jpg","width":1024,"height":741,"mime-type":"image\/jpeg","source_url":"https:\/\/lavras.tv\/site\/wp-content\/uploads\/2016\/07\/ufla-1024x741.jpg"},"featured-slider-img":{"file":"ufla-640x480.jpg","width":640,"height":480,"mime-type":"image\/jpeg","source_url":"https:\/\/lavras.tv\/site\/wp-content\/uploads\/2016\/07\/ufla-640x480.jpg"},"featured-post-img":{"file":"ufla-480x320.jpg","width":480,"height":320,"mime-type":"image\/jpeg","source_url":"https:\/\/lavras.tv\/site\/wp-content\/uploads\/2016\/07\/ufla-480x320.jpg"},"sow-carousel-default":{"file":"ufla-272x182.jpg","width":272,"height":182,"mime-type":"image\/jpeg","source_url":"https:\/\/lavras.tv\/site\/wp-content\/uploads\/2016\/07\/ufla-272x182.jpg"}},"image_meta":{"aperture":"10","credit":"","camera":"DSLR-A200","caption":"SONY DSC","created_timestamp":"1314134422","copyright":"","focal_length":"22","iso":"100","shutter_speed":"0.005","title":"SONY DSC","orientation":"1","keywords":[]}},"post":821,"source_url":"https:\/\/lavras.tv\/site\/wp-content\/uploads\/2016\/07\/ufla.jpg"},"author_meta":{"display_name":"Lavras TV","author_link":"https:\/\/lavras.tv\/site\/author\/lavrastv\/"},"featured_img":"https:\/\/lavras.tv\/site\/wp-content\/uploads\/2016\/07\/ufla-300x217.jpg","coauthors":[],"tax_additional":{"categories":{"linked":["<a href=\"https:\/\/lavras.tv\/site\/category\/destaques\/\" class=\"advgb-post-tax-term\">Destaques<\/a>","<a href=\"https:\/\/lavras.tv\/site\/category\/noticias\/\" class=\"advgb-post-tax-term\">Not\u00edcias<\/a>","<a href=\"https:\/\/lavras.tv\/site\/category\/vem-ai\/\" class=\"advgb-post-tax-term\">Vem a\u00ed<\/a>"],"unlinked":["<span class=\"advgb-post-tax-term\">Destaques<\/span>","<span class=\"advgb-post-tax-term\">Not\u00edcias<\/span>","<span class=\"advgb-post-tax-term\">Vem a\u00ed<\/span>"]},"tags":{"linked":["<a href=\"https:\/\/lavras.tv\/site\/category\/vem-ai\/\" class=\"advgb-post-tax-term\">108 anos<\/a>","<a href=\"https:\/\/lavras.tv\/site\/category\/vem-ai\/\" class=\"advgb-post-tax-term\">festa ufla<\/a>","<a href=\"https:\/\/lavras.tv\/site\/category\/vem-ai\/\" class=\"advgb-post-tax-term\">ufla<\/a>"],"unlinked":["<span class=\"advgb-post-tax-term\">108 anos<\/span>","<span class=\"advgb-post-tax-term\">festa ufla<\/span>","<span class=\"advgb-post-tax-term\">ufla<\/span>"]}},"comment_count":"0","relative_dates":{"created":"Publicado 10 anos atr\u00e1s","modified":"Atualizado 10 anos atr\u00e1s"},"absolute_dates":{"created":"Publicado em 30 de agosto de 2016","modified":"Atualizado em 30 de agosto de 2016"},"absolute_dates_time":{"created":"Publicado em 30 de agosto de 2016 12:16","modified":"Atualizado em 30 de agosto de 2016 12:16"},"featured_img_caption":"","series_order":"","_links":{"self":[{"href":"https:\/\/lavras.tv\/site\/wp-json\/wp\/v2\/posts\/1946","targetHints":{"allow":["GET"]}}],"collection":[{"href":"https:\/\/lavras.tv\/site\/wp-json\/wp\/v2\/posts"}],"about":[{"href":"https:\/\/lavras.tv\/site\/wp-json\/wp\/v2\/types\/post"}],"author":[{"embeddable":true,"href":"https:\/\/lavras.tv\/site\/wp-json\/wp\/v2\/users\/2"}],"replies":[{"embeddable":true,"href":"https:\/\/lavras.tv\/site\/wp-json\/wp\/v2\/comments?post=1946"}],"version-history":[{"count":1,"href":"https:\/\/lavras.tv\/site\/wp-json\/wp\/v2\/posts\/1946\/revisions"}],"predecessor-version":[{"id":1947,"href":"https:\/\/lavras.tv\/site\/wp-json\/wp\/v2\/posts\/1946\/revisions\/1947"}],"wp:featuredmedia":[{"embeddable":true,"href":"https:\/\/lavras.tv\/site\/wp-json\/wp\/v2\/media\/823"}],"wp:attachment":[{"href":"https:\/\/lavras.tv\/site\/wp-json\/wp\/v2\/media?parent=1946"}],"wp:term":[{"taxonomy":"category","embeddable":true,"href":"https:\/\/lavras.tv\/site\/wp-json\/wp\/v2\/categories?post=1946"},{"taxonomy":"post_tag","embeddable":true,"href":"https:\/\/lavras.tv\/site\/wp-json\/wp\/v2\/tags?post=1946"}],"curies":[{"name":"wp","href":"https:\/\/api.w.org\/{rel}","templated":true}]}}