{"id":19630,"date":"2019-02-05T09:07:36","date_gmt":"2019-02-05T11:07:36","guid":{"rendered":"http:\/\/lavras.tv\/site\/?p=19630"},"modified":"2019-02-05T09:07:36","modified_gmt":"2019-02-05T11:07:36","slug":"eleitores-de-12-cidades-da-regiao-devem-fazer-o-recadastramento-biometrico-a-partir-de-hoje-veja-a-lista","status":"publish","type":"post","link":"https:\/\/lavras.tv\/site\/2019\/02\/05\/eleitores-de-12-cidades-da-regiao-devem-fazer-o-recadastramento-biometrico-a-partir-de-hoje-veja-a-lista\/","title":{"rendered":"Eleitores de 12 cidades da regi\u00e3o devem fazer o recadastramento biom\u00e9trico a partir de hoje &#8211; veja a lista"},"content":{"rendered":"<div class=\"lavra-antes-do-conteudo_2\" id=\"lavra-533836805\"><div id=\"lavra-slider-27\" class=\"custom-slider lavra-slider-2245415451 lavra-slider\"><ul><li><div style=\"margin-left: auto;margin-right: auto;text-align: center;\" id=\"lavra-1107903941\"><a href=\"https:\/\/sistemas.lavras.mg.gov.br\/portalcidadao\/#df1b1a7c7b2a290bcb31e32771e610784662739a88807c0dacac58ede5f391a7530e299dc302d611ee73cb143fc22eaf93592e53e7b5bdb01b00a0b8d28dae460c141dd2ff83412e4dc1c31b16b25f33144a9e5620ea73b13f5bc1c59411d98439ad226e8af03840603796067d87afe130812cf3de24982d0e306f9e61e764e5\" aria-label=\"Lavras-TV&#8211;720x104px (1) (1)\"><img src=\"https:\/\/lavras.tv\/site\/wp-content\/uploads\/2025\/01\/Lavras-TV-720x104px-1-1.png\" alt=\"\"  srcset=\"https:\/\/lavras.tv\/site\/wp-content\/uploads\/2025\/01\/Lavras-TV-720x104px-1-1.png 720w, https:\/\/lavras.tv\/site\/wp-content\/uploads\/2025\/01\/Lavras-TV-720x104px-1-1-470x68.png 470w, https:\/\/lavras.tv\/site\/wp-content\/uploads\/2025\/01\/Lavras-TV-720x104px-1-1-170x25.png 170w, https:\/\/lavras.tv\/site\/wp-content\/uploads\/2025\/01\/Lavras-TV-720x104px-1-1-200x29.png 200w\" sizes=\"(max-width: 720px) 100vw, 720px\" width=\"720\" height=\"104\"  style=\"display: inline-block;\" \/><\/a><\/div><\/li><li><a href=\"https:\/\/sistemas.lavras.mg.gov.br\/portalcidadao\/#df1b1a7c7b2a290bcb31e32771e610784662739a88807c0dacac58ede5f391a7530e299dc302d611ee73cb143fc22eaf93592e53e7b5bdb01b00a0b8d28dae460c141dd2ff83412e4dc1c31b16b25f33144a9e5620ea73b13f5bc1c59411d98439ad226e8af03840603796067d87afe130812cf3de24982d0e306f9e61e764e5\" aria-label=\"Banner_Emprego_PortallavrasTV\"><img src=\"https:\/\/lavras.tv\/site\/wp-content\/uploads\/2025\/03\/Banner_Emprego_PortallavrasTV.png\" alt=\"\"  srcset=\"https:\/\/lavras.tv\/site\/wp-content\/uploads\/2025\/03\/Banner_Emprego_PortallavrasTV.png 720w, https:\/\/lavras.tv\/site\/wp-content\/uploads\/2025\/03\/Banner_Emprego_PortallavrasTV-470x68.png 470w, https:\/\/lavras.tv\/site\/wp-content\/uploads\/2025\/03\/Banner_Emprego_PortallavrasTV-170x25.png 170w, https:\/\/lavras.tv\/site\/wp-content\/uploads\/2025\/03\/Banner_Emprego_PortallavrasTV-200x29.png 200w\" sizes=\"(max-width: 720px) 100vw, 720px\" width=\"720\" height=\"104\"   \/><\/a><\/li><li><a href=\"https:\/\/sistemas.lavras.mg.gov.br\/portalcidadao\/#df1b1a7c7b2a290bcb31e32771e610784662739a88807c0dacac58ede5f391a7530e299dc302d611ee73cb143fc22eaf93592e53e7b5bdb01b00a0b8d28dae460c141dd2ff83412e4dc1c31b16b25f33144a9e5620ea73b13f5bc1c59411d98439ad226e8af03840603796067d87afe130812cf3de24982d0e306f9e61e764e5\" aria-label=\"Banner_Obras_PortallavrasTV\"><img src=\"https:\/\/lavras.tv\/site\/wp-content\/uploads\/2025\/03\/Banner_Obras_PortallavrasTV.png\" alt=\"\"  srcset=\"https:\/\/lavras.tv\/site\/wp-content\/uploads\/2025\/03\/Banner_Obras_PortallavrasTV.png 720w, https:\/\/lavras.tv\/site\/wp-content\/uploads\/2025\/03\/Banner_Obras_PortallavrasTV-470x68.png 470w, https:\/\/lavras.tv\/site\/wp-content\/uploads\/2025\/03\/Banner_Obras_PortallavrasTV-170x25.png 170w, https:\/\/lavras.tv\/site\/wp-content\/uploads\/2025\/03\/Banner_Obras_PortallavrasTV-200x29.png 200w\" sizes=\"(max-width: 720px) 100vw, 720px\" width=\"720\" height=\"104\"   \/><\/a><\/li><li><div style=\"margin-left: auto;margin-right: auto;text-align: center;\" id=\"lavra-2357483785\"><a href=\"https:\/\/sistemas.lavras.mg.gov.br\/portalcidadao\/#df1b1a7c7b2a290bcb31e32771e610784662739a88807c0dacac58ede5f391a7530e299dc302d611ee73cb143fc22eaf93592e53e7b5bdb01b00a0b8d28dae460c141dd2ff83412e4dc1c31b16b25f33144a9e5620ea73b13f5bc1c59411d98439ad226e8af03840603796067d87afe130812cf3de24982d0e306f9e61e764e5\" aria-label=\"Banner_Educa\u00e7\u00e3o_PortallavrasTV\"><img src=\"https:\/\/lavras.tv\/site\/wp-content\/uploads\/2025\/01\/Banner_Educacao_PortallavrasTV.png\" alt=\"\"  srcset=\"https:\/\/lavras.tv\/site\/wp-content\/uploads\/2025\/01\/Banner_Educacao_PortallavrasTV.png 720w, https:\/\/lavras.tv\/site\/wp-content\/uploads\/2025\/01\/Banner_Educacao_PortallavrasTV-470x68.png 470w, https:\/\/lavras.tv\/site\/wp-content\/uploads\/2025\/01\/Banner_Educacao_PortallavrasTV-170x25.png 170w, https:\/\/lavras.tv\/site\/wp-content\/uploads\/2025\/01\/Banner_Educacao_PortallavrasTV-200x29.png 200w\" sizes=\"(max-width: 720px) 100vw, 720px\" width=\"720\" height=\"104\"  style=\"display: inline-block;\" \/><\/a><\/div><\/li><li><a href=\"https:\/\/sistemas.lavras.mg.gov.br\/portalcidadao\/#df1b1a7c7b2a290bcb31e32771e610784662739a88807c0dacac58ede5f391a7530e299dc302d611ee73cb143fc22eaf93592e53e7b5bdb01b00a0b8d28dae460c141dd2ff83412e4dc1c31b16b25f33144a9e5620ea73b13f5bc1c59411d98439ad226e8af03840603796067d87afe130812cf3de24982d0e306f9e61e764e5\" aria-label=\"Banner_Sa\u00fade_PortallavrasTV\"><img src=\"https:\/\/lavras.tv\/site\/wp-content\/uploads\/2025\/03\/Banner_Saude_PortallavrasTV.png\" alt=\"\"  srcset=\"https:\/\/lavras.tv\/site\/wp-content\/uploads\/2025\/03\/Banner_Saude_PortallavrasTV.png 720w, https:\/\/lavras.tv\/site\/wp-content\/uploads\/2025\/03\/Banner_Saude_PortallavrasTV-470x68.png 470w, https:\/\/lavras.tv\/site\/wp-content\/uploads\/2025\/03\/Banner_Saude_PortallavrasTV-170x25.png 170w, https:\/\/lavras.tv\/site\/wp-content\/uploads\/2025\/03\/Banner_Saude_PortallavrasTV-200x29.png 200w\" sizes=\"(max-width: 720px) 100vw, 720px\" width=\"720\" height=\"104\"   \/><\/a><\/li><li><div id=\"lavra-577446842\" style=\"width:720px;height:104px;background-color:#ddd;overflow:scroll;\">\n\t<strong>Sa\u00edda da depura\u00e7\u00e3o de an\u00fancios<\/strong>\n\t<br><br>\n\tO an\u00fancio n\u00e3o \u00e9 exibido na p\u00e1gina<br><br>post atual: Eleitores de 12 cidades da regi\u00e3o devem fazer o recadastramento biom\u00e9trico a partir de hoje - veja a lista, ID: 19630<br><br><span style=\"color: red;\">O post atual n\u00e3o \u00e9 id\u00eantico ao post principal.<\/span><br><br>An\u00fancios: ROXO - TOPO INTERNA - ROTATIVO 2 (197)<br \/>Grupo de an\u00fancios: Princ_Meio01_720x104 (27)<br><br>Condi\u00e7\u00f5es de exibi\u00e7\u00e3o<div style=\"margin-bottom: 20px; white-space: pre-wrap; font-family: monospace; width: 100%; background: #ffe9e9;\"><strong>condi\u00e7\u00f5es gerais<\/strong><table border=\"1\"><thead><tr><th><\/th><th>An\u00fancios<\/th><th>wp_the_query<\/th><\/tr><\/thead><tr><td>is_main_query<\/td><td>1<\/td><td>1<\/td><\/tr><tr><td>is_rest_api<\/td><td>0<\/td><td>1<\/td><\/tr><tr><td>page<\/td><td>0<\/td><td>1<\/td><\/tr><tr><td>numpages<\/td><td>0<\/td><td>1<\/td><\/tr><tr><td>is_archive<\/td><td>1<\/td><td><\/td><\/tr><tr><td>is_search<\/td><td>1<\/td><td><\/td><\/tr><tr><td>is_home<\/td><td>1<\/td><td><\/td><\/tr><tr><td>is_404<\/td><td>1<\/td><td><\/td><\/tr><tr><td>is_attachment<\/td><td>1<\/td><td><\/td><\/tr><tr><td>is_singular<\/td><td>1<\/td><td><\/td><\/tr><tr><td>is_front_page<\/td><td>1<\/td><td><\/td><\/tr><tr><td>is_feed<\/td><td>1<\/td><td><\/td><\/tr><\/table><\/div><br><br><span style=\"color: red;\">Seu site usa HTTPS, mas o c\u00f3digo do an\u00fancio cont\u00e9m HTTP e pode n\u00e3o funcionar.<\/span>\t<br><br>\n\t<a style=\"color: green;\" href=\"https:\/\/wpadvancedads.com\/manual\/ad-debug-mode\/?utm_source=advanced-ads&utm_medium=link&utm_campaign=ad-debug-mode\" target=\"_blank\" rel=\"nofollow\">Encontre solu\u00e7\u00f5es no manual<\/a>\n<\/div>\n<\/li><\/ul><\/div><script>( window.advanced_ads_ready || jQuery( document ).ready ).call( null, function() {var $lavraslider2245415451 = jQuery( \".lavra-slider-2245415451\" );$lavraslider2245415451.on( \"unslider.ready\", function() { jQuery( \"div.custom-slider ul li\" ).css( \"display\", \"block\" ); });$lavraslider2245415451.unslider({ delay:4000, autoplay:true, nav:false, arrows:false, infinite:true });$lavraslider2245415451.on(\"mouseover\", function() {$lavraslider2245415451.unslider(\"stop\");}).on(\"mouseout\", function() {$lavraslider2245415451.unslider(\"start\");});});<\/script><\/div><div class=\"mc-column content-text active-extra-styles active-capital-letter\" data-block-type=\"unstyled\" data-block-weight=\"47\" data-block-id=\"2\">\n<p class=\"content-text__container theme-color-primary-first-letter\" data-track-category=\"Link no Texto\" data-track-links=\"\">Eleitores de 12 cidades do Sul de Minas devem comparecer a partir desta ter\u00e7a-feira (5) aos cart\u00f3rios eleitorais para o recadastramento biom\u00e9trico obrigat\u00f3rio. O prazo, que come\u00e7a a partir de agora, \u00e9 importante para manter o t\u00edtulo de eleitor em dia e poder votar nas pr\u00f3ximas elei\u00e7\u00f5es.<\/p>\n<\/div>\n<p><!--more--><\/p>\n<div class=\"wall protected-content\">\n<div class=\"mc-column content-text active-extra-styles \" data-block-type=\"unstyled\" data-block-weight=\"29\" data-block-id=\"3\">\n<p class=\"content-text__container \" data-track-category=\"Link no Texto\" data-track-links=\"\">O cadastro da biometria passa a ser obrigat\u00f3rio em Liberdade, Passa Vinte, Carvalhos, Aiuruoca, Santana do Jacar\u00e9, Carrancas, Concei\u00e7\u00e3o da Barra de Minas, Itutinga, Inga\u00ed, Itumirim, Lumin\u00e1rias e Nazareno.<\/p>\n<p class=\"content-text__container \" data-track-category=\"Link no Texto\" data-track-links=\"\"><img fetchpriority=\"high\" decoding=\"async\" class=\"alignnone size-full wp-image-9946\" src=\"http:\/\/lavras.tv\/site\/wp-content\/uploads\/2017\/06\/biometria.png\" alt=\"biometria\" width=\"1143\" height=\"744\" srcset=\"https:\/\/lavras.tv\/site\/wp-content\/uploads\/2017\/06\/biometria.png 1143w, https:\/\/lavras.tv\/site\/wp-content\/uploads\/2017\/06\/biometria-150x98.png 150w, https:\/\/lavras.tv\/site\/wp-content\/uploads\/2017\/06\/biometria-300x195.png 300w, https:\/\/lavras.tv\/site\/wp-content\/uploads\/2017\/06\/biometria-1024x667.png 1024w\" sizes=\"(max-width: 1143px) 100vw, 1143px\" \/><\/p>\n<\/div>\n<div class=\"mc-column content-text active-extra-styles \" data-block-type=\"unstyled\" data-block-weight=\"34\" data-block-id=\"4\">\n<p class=\"content-text__container \" data-track-category=\"Link no Texto\" data-track-links=\"\">No caso de alguns munic\u00edpios, \u00e9 preciso que o eleitor v\u00e1 at\u00e9 a sede do cart\u00f3rio eleitoral mais pr\u00f3xima para regularizar a situa\u00e7\u00e3o, ou a um posto ou central de atendimento.\u00a0<strong>Confira a lista:<\/strong><\/p>\n<\/div>\n<div class=\"row medium-uncollapsed content-text\" data-block-type=\"table-plugin\" data-block-id=\"5\">\n<div class=\"column medium-centered medium-22 large-20\">\n<div class=\"show-table content-media content-media--normal\">\n<p class=\"mc-column show-table__title\">Cidades com cadastro obrigat\u00f3rio de biometria a partir de 5\/02<\/p>\n<div class=\"show-table__centralized\">\n<div class=\"show-table__container\">\n<table class=\"show-table__content\n show-table__content--highlight-top        \"><\/p>\n<tbody>\n<tr>\n<td>Cidade<\/td>\n<td>Sede para atualiza\u00e7\u00e3o<\/td>\n<td>Prazo final<\/td>\n<\/tr>\n<tr>\n<td>Liberdade<\/td>\n<td>Aiuruoca<\/td>\n<td>10\/10\/2019<\/td>\n<\/tr>\n<tr>\n<td>Passa Vinte<\/td>\n<td>Aiuruoca<\/td>\n<td>10\/10\/2019<\/td>\n<\/tr>\n<tr>\n<td>Carvalhos<\/td>\n<td>Aiuruoca<\/td>\n<td>17\/12\/2019<\/td>\n<\/tr>\n<tr>\n<td>Aiuruoca<\/td>\n<td>Aiuruoca<\/td>\n<td>21\/02\/2020<\/td>\n<\/tr>\n<tr>\n<td>Santana do Jacar\u00e9<\/td>\n<td>Candeias<\/td>\n<td>10\/10\/2019<\/td>\n<\/tr>\n<tr>\n<td>Carrancas<\/td>\n<td>Itumirim<\/td>\n<td>10\/10\/2019<\/td>\n<\/tr>\n<tr>\n<td>Itutinga<\/td>\n<td>Itumirim<\/td>\n<td>10\/10\/2019<\/td>\n<\/tr>\n<tr>\n<td>Inga\u00ed<\/td>\n<td>Itumirim<\/td>\n<td>17\/12\/2019<\/td>\n<\/tr>\n<tr>\n<td>Itumirim<\/td>\n<td>Itumirim<\/td>\n<td>21\/02\/2020<\/td>\n<\/tr>\n<tr>\n<td>Lumin\u00e1rias<\/td>\n<td>Itumirim<\/td>\n<td>21\/02\/2020<\/td>\n<\/tr>\n<tr>\n<td>Nazareno<\/td>\n<td>S\u00e3o Jo\u00e3o Del Rei<\/td>\n<td>10\/10\/2019<\/td>\n<\/tr>\n<tr>\n<td>Concei\u00e7\u00e3o da Barra de Minas<\/td>\n<td>S\u00e3o Jo\u00e3o Del Rei<\/td>\n<td>17\/12\/2019<\/td>\n<\/tr>\n<\/tbody>\n<\/table>\n<\/div>\n<div class=\"show-table__footer\">\n<div class=\"show-table__source\">Fonte: Tribunal Regional Eleitoral<\/div>\n<\/div>\n<\/div>\n<\/div>\n<\/div>\n<\/div>\n<div class=\"mc-column content-text active-extra-styles \" data-block-type=\"unstyled\" data-block-weight=\"17\" data-block-id=\"6\">\n<p class=\"content-text__container \" data-track-category=\"Link no Texto\" data-track-links=\"\">Os eleitores destas cidades que j\u00e1 coletaram assinatura, fotos e digitais n\u00e3o precisam fazer o cadastro novamente.<\/p>\n<\/div>\n<div class=\"mc-column content-text active-extra-styles\" data-block-type=\"raw\" data-block-weight=\"2\" data-block-id=\"7\">\n<div class=\"content-intertitle\">\n<h2>Como fazer?<\/h2>\n<\/div>\n<\/div>\n<div class=\"mc-column content-text active-extra-styles \" data-block-type=\"unstyled\" data-block-weight=\"38\" data-block-id=\"8\">\n<p class=\"content-text__container \" data-track-category=\"Link no Texto\" data-track-links=\"\">O eleitor precisa apresentar um comprovante de endere\u00e7o e um documento oficial de identidade \u2013 exceto carteira de habilita\u00e7\u00e3o e passaporte novo. Homens que v\u00e3o fazer o alistamento militar devem apresentar o comprovante de quita\u00e7\u00e3o do servi\u00e7o militar.<\/p>\n<\/div>\n<div class=\"mc-column content-text active-extra-styles \" data-block-type=\"unstyled\" data-block-weight=\"34\" data-block-id=\"9\">\n<p class=\"content-text__container \" data-track-category=\"Link no Texto\" data-track-links=\"\">O atendimento pode ser agendado no\u00a0<a href=\"http:\/\/www.tre-mg.jus.br\/eleitor\/agendamento\" target=\"_blank\">site do TRE<\/a>\u00a0ou pelo disque-eleitor no 148. Nos cart\u00f3rios, os eleitores podem ser atendidos por ordem de chegada. O hor\u00e1rio de atendimento \u00e9 das 12h \u00e0s 18h.<\/p>\n<\/div>\n<div class=\"content-ads content-ads--reveal\" data-block-type=\"ads\" data-block-id=\"10\"><\/div>\n<div class=\"mc-column content-text active-extra-styles \" data-block-type=\"unstyled\" data-block-weight=\"28\" data-block-id=\"11\">\n<p class=\"content-text__container \" data-track-category=\"Link no Texto\" data-track-links=\"\">Em todo o estado, 121 munic\u00edpios passar\u00e3o a ter a biometria como obrigat\u00f3ria. O eleitorado total dessas cidades \u00e9 de mais de 1,8 milh\u00e3o, com 22,26% j\u00e1 atualizados.<\/p>\n<\/div>\n<div class=\"mc-column content-text active-extra-styles \" data-block-type=\"unstyled\" data-block-weight=\"14\" data-block-id=\"12\">\n<p class=\"content-text__container \" data-track-category=\"Link no Texto\" data-track-links=\"\">Em 84 cidades de Minas Gerais, a biometria j\u00e1 foi obrigat\u00f3ria nas \u00faltimas elei\u00e7\u00f5es.<\/p>\n<p class=\"content-text__container \" data-track-category=\"Link no Texto\" data-track-links=\"\">Fonte: G1<\/p>\n<\/div>\n<\/div>\n","protected":false},"excerpt":{"rendered":"<p>Eleitores de 12 cidades do Sul de Minas devem comparecer a partir desta ter\u00e7a-feira (5) aos cart\u00f3rios eleitorais para o recadastramento biom\u00e9trico obrigat\u00f3rio. O prazo, que come\u00e7a a partir de agora, \u00e9 importante para manter o t\u00edtulo de eleitor em dia e poder votar nas pr\u00f3ximas elei\u00e7\u00f5es.<\/p>\n","protected":false},"author":2,"featured_media":9946,"comment_status":"closed","ping_status":"open","sticky":false,"template":"","format":"standard","meta":{"advgb_blocks_editor_width":"","advgb_blocks_columns_visual_guide":"","_exactmetrics_skip_tracking":false,"_exactmetrics_sitenote_active":false,"_exactmetrics_sitenote_note":"","_exactmetrics_sitenote_category":0,"footnotes":""},"categories":[7,12],"tags":[3576,2075,1082,955,693,3496,652,70,2671],"class_list":["post-19630","post","type-post","status-publish","format-standard","has-post-thumbnail","hentry","category-destaques","category-politica","tag-biometria","tag-carrancas","tag-ingai","tag-itumirim","tag-luminarias","tag-nazareno","tag-recadastramento","tag-sul-de-minas","tag-tre"],"better_featured_image":{"id":9946,"alt_text":"","caption":"","description":"","media_type":"image","media_details":{"width":1143,"height":744,"file":"2017\/06\/biometria.png","sizes":{"thumbnail":{"file":"biometria-150x98.png","width":150,"height":98,"mime-type":"image\/png","source_url":"https:\/\/lavras.tv\/site\/wp-content\/uploads\/2017\/06\/biometria-150x98.png"},"medium":{"file":"biometria-300x195.png","width":300,"height":195,"mime-type":"image\/png","source_url":"https:\/\/lavras.tv\/site\/wp-content\/uploads\/2017\/06\/biometria-300x195.png"},"large":{"file":"biometria-1024x667.png","width":1024,"height":667,"mime-type":"image\/png","source_url":"https:\/\/lavras.tv\/site\/wp-content\/uploads\/2017\/06\/biometria-1024x667.png"},"featured-slider-img":{"file":"biometria-640x480.png","width":640,"height":480,"mime-type":"image\/png","source_url":"https:\/\/lavras.tv\/site\/wp-content\/uploads\/2017\/06\/biometria-640x480.png"},"featured-post-img":{"file":"biometria-480x320.png","width":480,"height":320,"mime-type":"image\/png","source_url":"https:\/\/lavras.tv\/site\/wp-content\/uploads\/2017\/06\/biometria-480x320.png"},"sow-carousel-default":{"file":"biometria-272x182.png","width":272,"height":182,"mime-type":"image\/png","source_url":"https:\/\/lavras.tv\/site\/wp-content\/uploads\/2017\/06\/biometria-272x182.png"}},"image_meta":{"aperture":"0","credit":"","camera":"","caption":"","created_timestamp":"0","copyright":"","focal_length":"0","iso":"0","shutter_speed":"0","title":"","orientation":"0","keywords":[]}},"post":9945,"source_url":"https:\/\/lavras.tv\/site\/wp-content\/uploads\/2017\/06\/biometria.png"},"author_meta":{"display_name":"Lavras TV","author_link":"https:\/\/lavras.tv\/site\/author\/lavrastv\/"},"featured_img":"https:\/\/lavras.tv\/site\/wp-content\/uploads\/2017\/06\/biometria-300x195.png","coauthors":[],"tax_additional":{"categories":{"linked":["<a href=\"https:\/\/lavras.tv\/site\/category\/destaques\/\" class=\"advgb-post-tax-term\">Destaques<\/a>","<a href=\"https:\/\/lavras.tv\/site\/category\/politica\/\" class=\"advgb-post-tax-term\">Pol\u00edtica<\/a>"],"unlinked":["<span class=\"advgb-post-tax-term\">Destaques<\/span>","<span class=\"advgb-post-tax-term\">Pol\u00edtica<\/span>"]},"tags":{"linked":["<a href=\"https:\/\/lavras.tv\/site\/category\/politica\/\" class=\"advgb-post-tax-term\">biometria<\/a>","<a href=\"https:\/\/lavras.tv\/site\/category\/politica\/\" class=\"advgb-post-tax-term\">carrancas<\/a>","<a href=\"https:\/\/lavras.tv\/site\/category\/politica\/\" class=\"advgb-post-tax-term\">inga\u00ed<\/a>","<a href=\"https:\/\/lavras.tv\/site\/category\/politica\/\" class=\"advgb-post-tax-term\">itumirim<\/a>","<a href=\"https:\/\/lavras.tv\/site\/category\/politica\/\" class=\"advgb-post-tax-term\">lumin\u00e1rias<\/a>","<a href=\"https:\/\/lavras.tv\/site\/category\/politica\/\" class=\"advgb-post-tax-term\">Nazareno<\/a>","<a href=\"https:\/\/lavras.tv\/site\/category\/politica\/\" class=\"advgb-post-tax-term\">recadastramento<\/a>","<a href=\"https:\/\/lavras.tv\/site\/category\/politica\/\" class=\"advgb-post-tax-term\">sul de minas<\/a>","<a href=\"https:\/\/lavras.tv\/site\/category\/politica\/\" class=\"advgb-post-tax-term\">TRE<\/a>"],"unlinked":["<span class=\"advgb-post-tax-term\">biometria<\/span>","<span class=\"advgb-post-tax-term\">carrancas<\/span>","<span class=\"advgb-post-tax-term\">inga\u00ed<\/span>","<span class=\"advgb-post-tax-term\">itumirim<\/span>","<span class=\"advgb-post-tax-term\">lumin\u00e1rias<\/span>","<span class=\"advgb-post-tax-term\">Nazareno<\/span>","<span class=\"advgb-post-tax-term\">recadastramento<\/span>","<span class=\"advgb-post-tax-term\">sul de minas<\/span>","<span class=\"advgb-post-tax-term\">TRE<\/span>"]}},"comment_count":"0","relative_dates":{"created":"Publicado 7 anos atr\u00e1s","modified":"Atualizado 7 anos atr\u00e1s"},"absolute_dates":{"created":"Publicado em 5 de fevereiro de 2019","modified":"Atualizado em 5 de fevereiro de 2019"},"absolute_dates_time":{"created":"Publicado em 5 de fevereiro de 2019 09:07","modified":"Atualizado em 5 de fevereiro de 2019 09:07"},"featured_img_caption":"","series_order":"","_links":{"self":[{"href":"https:\/\/lavras.tv\/site\/wp-json\/wp\/v2\/posts\/19630","targetHints":{"allow":["GET"]}}],"collection":[{"href":"https:\/\/lavras.tv\/site\/wp-json\/wp\/v2\/posts"}],"about":[{"href":"https:\/\/lavras.tv\/site\/wp-json\/wp\/v2\/types\/post"}],"author":[{"embeddable":true,"href":"https:\/\/lavras.tv\/site\/wp-json\/wp\/v2\/users\/2"}],"replies":[{"embeddable":true,"href":"https:\/\/lavras.tv\/site\/wp-json\/wp\/v2\/comments?post=19630"}],"version-history":[{"count":1,"href":"https:\/\/lavras.tv\/site\/wp-json\/wp\/v2\/posts\/19630\/revisions"}],"predecessor-version":[{"id":19631,"href":"https:\/\/lavras.tv\/site\/wp-json\/wp\/v2\/posts\/19630\/revisions\/19631"}],"wp:featuredmedia":[{"embeddable":true,"href":"https:\/\/lavras.tv\/site\/wp-json\/wp\/v2\/media\/9946"}],"wp:attachment":[{"href":"https:\/\/lavras.tv\/site\/wp-json\/wp\/v2\/media?parent=19630"}],"wp:term":[{"taxonomy":"category","embeddable":true,"href":"https:\/\/lavras.tv\/site\/wp-json\/wp\/v2\/categories?post=19630"},{"taxonomy":"post_tag","embeddable":true,"href":"https:\/\/lavras.tv\/site\/wp-json\/wp\/v2\/tags?post=19630"}],"curies":[{"name":"wp","href":"https:\/\/api.w.org\/{rel}","templated":true}]}}