{"id":19634,"date":"2019-02-05T09:21:20","date_gmt":"2019-02-05T11:21:20","guid":{"rendered":"http:\/\/lavras.tv\/site\/?p=19634"},"modified":"2019-02-05T09:21:20","modified_gmt":"2019-02-05T11:21:20","slug":"apresentacao-da-denuncia-de-problemas-no-contrato-da-autotrans-e-pedido-de-cassacao-do-mandato-do-prefeito-de-lavras-e-adiada-para-a-semana-que-vem","status":"publish","type":"post","link":"https:\/\/lavras.tv\/site\/2019\/02\/05\/apresentacao-da-denuncia-de-problemas-no-contrato-da-autotrans-e-pedido-de-cassacao-do-mandato-do-prefeito-de-lavras-e-adiada-para-a-semana-que-vem\/","title":{"rendered":"Apresenta\u00e7\u00e3o da den\u00fancia de problemas no contrato da Autotrans e pedido de cassa\u00e7\u00e3o do mandato do prefeito de Lavras \u00e9 adiada para a semana que vem"},"content":{"rendered":"<div class=\"lavra-antes-do-conteudo_2\" id=\"lavra-2987983898\"><div id=\"lavra-slider-27\" class=\"custom-slider lavra-slider-987768168 lavra-slider\"><ul><li><div style=\"margin-left: auto;margin-right: auto;text-align: center;\" id=\"lavra-2183323878\"><a href=\"https:\/\/sistemas.lavras.mg.gov.br\/portalcidadao\/#df1b1a7c7b2a290bcb31e32771e610784662739a88807c0dacac58ede5f391a7530e299dc302d611ee73cb143fc22eaf93592e53e7b5bdb01b00a0b8d28dae460c141dd2ff83412e4dc1c31b16b25f33144a9e5620ea73b13f5bc1c59411d98439ad226e8af03840603796067d87afe130812cf3de24982d0e306f9e61e764e5\" aria-label=\"Lavras-TV&#8211;720x104px (1) (1)\"><img src=\"https:\/\/lavras.tv\/site\/wp-content\/uploads\/2025\/01\/Lavras-TV-720x104px-1-1.png\" alt=\"\"  srcset=\"https:\/\/lavras.tv\/site\/wp-content\/uploads\/2025\/01\/Lavras-TV-720x104px-1-1.png 720w, https:\/\/lavras.tv\/site\/wp-content\/uploads\/2025\/01\/Lavras-TV-720x104px-1-1-470x68.png 470w, https:\/\/lavras.tv\/site\/wp-content\/uploads\/2025\/01\/Lavras-TV-720x104px-1-1-170x25.png 170w, https:\/\/lavras.tv\/site\/wp-content\/uploads\/2025\/01\/Lavras-TV-720x104px-1-1-200x29.png 200w\" sizes=\"(max-width: 720px) 100vw, 720px\" width=\"720\" height=\"104\"  style=\"display: inline-block;\" \/><\/a><\/div><\/li><li><a href=\"https:\/\/sistemas.lavras.mg.gov.br\/portalcidadao\/#df1b1a7c7b2a290bcb31e32771e610784662739a88807c0dacac58ede5f391a7530e299dc302d611ee73cb143fc22eaf93592e53e7b5bdb01b00a0b8d28dae460c141dd2ff83412e4dc1c31b16b25f33144a9e5620ea73b13f5bc1c59411d98439ad226e8af03840603796067d87afe130812cf3de24982d0e306f9e61e764e5\" aria-label=\"Banner_Emprego_PortallavrasTV\"><img src=\"https:\/\/lavras.tv\/site\/wp-content\/uploads\/2025\/03\/Banner_Emprego_PortallavrasTV.png\" alt=\"\"  srcset=\"https:\/\/lavras.tv\/site\/wp-content\/uploads\/2025\/03\/Banner_Emprego_PortallavrasTV.png 720w, https:\/\/lavras.tv\/site\/wp-content\/uploads\/2025\/03\/Banner_Emprego_PortallavrasTV-470x68.png 470w, https:\/\/lavras.tv\/site\/wp-content\/uploads\/2025\/03\/Banner_Emprego_PortallavrasTV-170x25.png 170w, https:\/\/lavras.tv\/site\/wp-content\/uploads\/2025\/03\/Banner_Emprego_PortallavrasTV-200x29.png 200w\" sizes=\"(max-width: 720px) 100vw, 720px\" width=\"720\" height=\"104\"   \/><\/a><\/li><li><a href=\"https:\/\/sistemas.lavras.mg.gov.br\/portalcidadao\/#df1b1a7c7b2a290bcb31e32771e610784662739a88807c0dacac58ede5f391a7530e299dc302d611ee73cb143fc22eaf93592e53e7b5bdb01b00a0b8d28dae460c141dd2ff83412e4dc1c31b16b25f33144a9e5620ea73b13f5bc1c59411d98439ad226e8af03840603796067d87afe130812cf3de24982d0e306f9e61e764e5\" aria-label=\"Banner_Obras_PortallavrasTV\"><img src=\"https:\/\/lavras.tv\/site\/wp-content\/uploads\/2025\/03\/Banner_Obras_PortallavrasTV.png\" alt=\"\"  srcset=\"https:\/\/lavras.tv\/site\/wp-content\/uploads\/2025\/03\/Banner_Obras_PortallavrasTV.png 720w, https:\/\/lavras.tv\/site\/wp-content\/uploads\/2025\/03\/Banner_Obras_PortallavrasTV-470x68.png 470w, https:\/\/lavras.tv\/site\/wp-content\/uploads\/2025\/03\/Banner_Obras_PortallavrasTV-170x25.png 170w, https:\/\/lavras.tv\/site\/wp-content\/uploads\/2025\/03\/Banner_Obras_PortallavrasTV-200x29.png 200w\" sizes=\"(max-width: 720px) 100vw, 720px\" width=\"720\" height=\"104\"   \/><\/a><\/li><li><div style=\"margin-left: auto;margin-right: auto;text-align: center;\" id=\"lavra-3339957866\"><a href=\"https:\/\/sistemas.lavras.mg.gov.br\/portalcidadao\/#df1b1a7c7b2a290bcb31e32771e610784662739a88807c0dacac58ede5f391a7530e299dc302d611ee73cb143fc22eaf93592e53e7b5bdb01b00a0b8d28dae460c141dd2ff83412e4dc1c31b16b25f33144a9e5620ea73b13f5bc1c59411d98439ad226e8af03840603796067d87afe130812cf3de24982d0e306f9e61e764e5\" aria-label=\"Banner_Educa\u00e7\u00e3o_PortallavrasTV\"><img src=\"https:\/\/lavras.tv\/site\/wp-content\/uploads\/2025\/01\/Banner_Educacao_PortallavrasTV.png\" alt=\"\"  srcset=\"https:\/\/lavras.tv\/site\/wp-content\/uploads\/2025\/01\/Banner_Educacao_PortallavrasTV.png 720w, https:\/\/lavras.tv\/site\/wp-content\/uploads\/2025\/01\/Banner_Educacao_PortallavrasTV-470x68.png 470w, https:\/\/lavras.tv\/site\/wp-content\/uploads\/2025\/01\/Banner_Educacao_PortallavrasTV-170x25.png 170w, https:\/\/lavras.tv\/site\/wp-content\/uploads\/2025\/01\/Banner_Educacao_PortallavrasTV-200x29.png 200w\" sizes=\"(max-width: 720px) 100vw, 720px\" width=\"720\" height=\"104\"  style=\"display: inline-block;\" \/><\/a><\/div><\/li><li><a href=\"https:\/\/sistemas.lavras.mg.gov.br\/portalcidadao\/#df1b1a7c7b2a290bcb31e32771e610784662739a88807c0dacac58ede5f391a7530e299dc302d611ee73cb143fc22eaf93592e53e7b5bdb01b00a0b8d28dae460c141dd2ff83412e4dc1c31b16b25f33144a9e5620ea73b13f5bc1c59411d98439ad226e8af03840603796067d87afe130812cf3de24982d0e306f9e61e764e5\" aria-label=\"Banner_Sa\u00fade_PortallavrasTV\"><img src=\"https:\/\/lavras.tv\/site\/wp-content\/uploads\/2025\/03\/Banner_Saude_PortallavrasTV.png\" alt=\"\"  srcset=\"https:\/\/lavras.tv\/site\/wp-content\/uploads\/2025\/03\/Banner_Saude_PortallavrasTV.png 720w, https:\/\/lavras.tv\/site\/wp-content\/uploads\/2025\/03\/Banner_Saude_PortallavrasTV-470x68.png 470w, https:\/\/lavras.tv\/site\/wp-content\/uploads\/2025\/03\/Banner_Saude_PortallavrasTV-170x25.png 170w, https:\/\/lavras.tv\/site\/wp-content\/uploads\/2025\/03\/Banner_Saude_PortallavrasTV-200x29.png 200w\" sizes=\"(max-width: 720px) 100vw, 720px\" width=\"720\" height=\"104\"   \/><\/a><\/li><li><div id=\"lavra-344791012\" style=\"width:720px;height:104px;background-color:#ddd;overflow:scroll;\">\n\t<strong>Sa\u00edda da depura\u00e7\u00e3o de an\u00fancios<\/strong>\n\t<br><br>\n\tO an\u00fancio n\u00e3o \u00e9 exibido na p\u00e1gina<br><br>post atual: Apresenta\u00e7\u00e3o da den\u00fancia de problemas no contrato da Autotrans e pedido de cassa\u00e7\u00e3o do mandato do prefeito de Lavras \u00e9 adiada para a semana que vem, ID: 19634<br><br><span style=\"color: red;\">O post atual n\u00e3o \u00e9 id\u00eantico ao post principal.<\/span><br><br>An\u00fancios: ROXO - TOPO INTERNA - ROTATIVO 2 (197)<br \/>Grupo de an\u00fancios: Princ_Meio01_720x104 (27)<br><br>Condi\u00e7\u00f5es de exibi\u00e7\u00e3o<div style=\"margin-bottom: 20px; white-space: pre-wrap; font-family: monospace; width: 100%; background: #ffe9e9;\"><strong>condi\u00e7\u00f5es gerais<\/strong><table border=\"1\"><thead><tr><th><\/th><th>An\u00fancios<\/th><th>wp_the_query<\/th><\/tr><\/thead><tr><td>is_main_query<\/td><td>1<\/td><td>1<\/td><\/tr><tr><td>is_rest_api<\/td><td>0<\/td><td>1<\/td><\/tr><tr><td>page<\/td><td>0<\/td><td>1<\/td><\/tr><tr><td>numpages<\/td><td>0<\/td><td>1<\/td><\/tr><tr><td>is_archive<\/td><td>1<\/td><td><\/td><\/tr><tr><td>is_search<\/td><td>1<\/td><td><\/td><\/tr><tr><td>is_home<\/td><td>1<\/td><td><\/td><\/tr><tr><td>is_404<\/td><td>1<\/td><td><\/td><\/tr><tr><td>is_attachment<\/td><td>1<\/td><td><\/td><\/tr><tr><td>is_singular<\/td><td>1<\/td><td><\/td><\/tr><tr><td>is_front_page<\/td><td>1<\/td><td><\/td><\/tr><tr><td>is_feed<\/td><td>1<\/td><td><\/td><\/tr><\/table><\/div><br><br><span style=\"color: red;\">Seu site usa HTTPS, mas o c\u00f3digo do an\u00fancio cont\u00e9m HTTP e pode n\u00e3o funcionar.<\/span>\t<br><br>\n\t<a style=\"color: green;\" href=\"https:\/\/wpadvancedads.com\/manual\/ad-debug-mode\/?utm_source=advanced-ads&utm_medium=link&utm_campaign=ad-debug-mode\" target=\"_blank\" rel=\"nofollow\">Encontre solu\u00e7\u00f5es no manual<\/a>\n<\/div>\n<\/li><\/ul><\/div><script>( window.advanced_ads_ready || jQuery( document ).ready ).call( null, function() {var $lavraslider987768168 = jQuery( \".lavra-slider-987768168\" );$lavraslider987768168.on( \"unslider.ready\", function() { jQuery( \"div.custom-slider ul li\" ).css( \"display\", \"block\" ); });$lavraslider987768168.unslider({ delay:4000, autoplay:true, nav:false, arrows:false, infinite:true });$lavraslider987768168.on(\"mouseover\", function() {$lavraslider987768168.unslider(\"stop\");}).on(\"mouseout\", function() {$lavraslider987768168.unslider(\"start\");});});<\/script><\/div><p>O n\u00e3o comparecimento de um vereador suplente impediu que a den\u00fancia com o pedido de cassa\u00e7\u00e3o do prefeito Jos\u00e9 Cherem, no caso Autotrans, fosse lida no plen\u00e1rio da C\u00e2mara Municipal de Lavras nesta segunda-feira, dia 4.<!--more--> O texto, de autoria do vereador Carlos Lindomar, tem por base o contrato prorrogado entre o Executivo e a Autotrans, o qual, segundo o vereador, apresenta irregularidades contr\u00e1rias \u00e0 Lei Org\u00e2nica do Munic\u00edpio e o Decreto Lei do Executivo.<\/p>\n<div id=\"lavra-306460901\" class=\"lavra-conteudo\"><\/div>\n<figure id=\"attachment_19635\" aria-describedby=\"caption-attachment-19635\" style=\"width: 736px\" class=\"wp-caption aligncenter\"><img fetchpriority=\"high\" decoding=\"async\" class=\"size-full wp-image-19635\" src=\"http:\/\/lavras.tv\/site\/wp-content\/uploads\/2019\/02\/lindomar-denuncia.jpg\" alt=\"Vereador Carlos Lindomar, autor da den\u00fancia\" width=\"736\" height=\"415\" srcset=\"https:\/\/lavras.tv\/site\/wp-content\/uploads\/2019\/02\/lindomar-denuncia.jpg 736w, https:\/\/lavras.tv\/site\/wp-content\/uploads\/2019\/02\/lindomar-denuncia-150x85.jpg 150w, https:\/\/lavras.tv\/site\/wp-content\/uploads\/2019\/02\/lindomar-denuncia-300x169.jpg 300w\" sizes=\"(max-width: 736px) 100vw, 736px\" \/><figcaption id=\"caption-attachment-19635\" class=\"wp-caption-text\">Vereador Carlos Lindomar, autor da den\u00fancia<\/figcaption><\/figure>\n<p>Como denunciante, Carlos Lindomar fica impedido de votar, sendo que seu suplente, Cl\u00e1udio Jos\u00e9 da Silva ( Zeca do Sal\u00e3o), \u00e9 convocado a ocupar seu lugar na vota\u00e7\u00e3o de acatamento da den\u00fancia, como prev\u00ea o Regimento Interno do Legislativo.\u00a0Para que seja acatada pelo Legislativo, a den\u00fancia precisar\u00e1 de 12 votos favor\u00e1veis para que seja instaurada uma comiss\u00e3o processante que ir\u00e1 investigar o caso.<\/p>\n<p>O assessor jur\u00eddico da C\u00e2mara Municipal, Dr. Paulo Luciano de Oliveira Carlos, disse que o suplente foi notificado. Em contato com a C\u00e2mara durante a reuni\u00e3o, Zeca do Sal\u00e3o informou que n\u00e3o poderia participar do ato, pois tinha um compromisso. Em vota\u00e7\u00e3o, os vereadores decidiram que a leitura da den\u00fancia ser\u00e1 feita na pr\u00f3xima reuni\u00e3o ordin\u00e1ria de segunda-feira, dia 11.<\/p>\n<p><img decoding=\"async\" class=\"wp-image-241690 alignleft\" src=\"https:\/\/www.lavras24horas.com.br\/portal\/wp-content\/uploads\/2019\/02\/assessoria-juridica-prefeitura-2019-Copia-458x271.jpg\" alt=\"\" width=\"340\" height=\"201\" \/>A pedido da vereadora Cristiane Costa, representantes do departamento jur\u00eddico da Prefeitura Municipal de Lavras estiveram na reuni\u00e3o para esclarecer d\u00favidas acerca do processo licitat\u00f3rio. O procurador geral do munic\u00edpio, Dr. Marcos Henrique, elencou v\u00e1rios motivos para que a licita\u00e7\u00e3o fosse adiada e o contrato de concess\u00e3o do servi\u00e7o da empresa Autotrans fosse renovado temporariamente. Ele informou que o edital do processo licitat\u00f3rio para a contrata\u00e7\u00e3o de uma empresa de \u00f4nibus foi conclu\u00eddo e ser\u00e1 publicado no pr\u00f3ximo dia 8 de mar\u00e7o.<\/p>\n<p>A vereadora Nastenka Ferreira (Nan\u00e1) interrogou o vereador Coronel Claret sobre seus questionamentos acerca do processo empreendido no aumento do pre\u00e7o das passagens por parte da Autotrans no munic\u00edpio. O vereador protocolou um requerimento que pede esclarecimentos sobre o assunto para a empresa. Ele afirmou que o tema n\u00e3o tem qualquer rela\u00e7\u00e3o com a den\u00fancia de Carlos Lindomar.<\/p>\n<p>Para o vereador Carlos Lindomar, houve omiss\u00e3o por parte do prefeito Jos\u00e9 Cherem no processo de realiza\u00e7\u00e3o de uma nova licita\u00e7\u00e3o do servi\u00e7o de transporte urbano no munic\u00edpio. O parlamentar afirmou que \u00a0a presen\u00e7a da comitiva jur\u00eddica da prefeitura durante a reuni\u00e3o foi uma manobra de defesa pr\u00e9via por parte do Executivo, sem mesmo que a sua den\u00fancia fosse lida em plen\u00e1rio.<\/p>\n<p>O assessor do prefeito, Dr. H\u00e9lio Ribeiro, negou que houvesse omiss\u00e3o no processo licitat\u00f3rio por parte da Prefeitura Municipal. \u201cN\u00e3o estamos aqui hoje para defender o prefeito, mas o\u00a0munic\u00edpio de Lavras\u201d, disse.<\/p>\n<p>Fonte: Lavras 24 Horas<\/p>\n","protected":false},"excerpt":{"rendered":"<p>O n\u00e3o comparecimento de um vereador suplente impediu que a den\u00fancia com o pedido de cassa\u00e7\u00e3o do prefeito Jos\u00e9 Cherem, no caso Autotrans, fosse lida no plen\u00e1rio da C\u00e2mara Municipal de Lavras nesta segunda-feira, dia 4.<\/p>\n","protected":false},"author":2,"featured_media":19635,"comment_status":"closed","ping_status":"open","sticky":false,"template":"","format":"standard","meta":{"advgb_blocks_editor_width":"","advgb_blocks_columns_visual_guide":"","_exactmetrics_skip_tracking":false,"_exactmetrics_sitenote_active":false,"_exactmetrics_sitenote_note":"","_exactmetrics_sitenote_category":0,"footnotes":""},"categories":[7,12],"tags":[2064,1398,5546,5545,104,1138,954],"class_list":["post-19634","post","type-post","status-publish","format-standard","has-post-thumbnail","hentry","category-destaques","category-politica","tag-autotrans","tag-camara-municipal","tag-carlos-lindomar-de-sousa","tag-cassacao-do-mandato","tag-denuncia","tag-jose-cherem","tag-vereadores"],"better_featured_image":{"id":19635,"alt_text":"","caption":"Vereador Carlos Lindomar, autor da den\u00fancia","description":"","media_type":"image","media_details":{"width":736,"height":415,"file":"2019\/02\/lindomar-denuncia.jpg","sizes":{"thumbnail":{"file":"lindomar-denuncia-150x85.jpg","width":150,"height":85,"mime-type":"image\/jpeg","source_url":"https:\/\/lavras.tv\/site\/wp-content\/uploads\/2019\/02\/lindomar-denuncia-150x85.jpg"},"medium":{"file":"lindomar-denuncia-300x169.jpg","width":300,"height":169,"mime-type":"image\/jpeg","source_url":"https:\/\/lavras.tv\/site\/wp-content\/uploads\/2019\/02\/lindomar-denuncia-300x169.jpg"},"featured-slider-img":{"file":"lindomar-denuncia-640x415.jpg","width":640,"height":415,"mime-type":"image\/jpeg","source_url":"https:\/\/lavras.tv\/site\/wp-content\/uploads\/2019\/02\/lindomar-denuncia-640x415.jpg"},"featured-post-img":{"file":"lindomar-denuncia-480x320.jpg","width":480,"height":320,"mime-type":"image\/jpeg","source_url":"https:\/\/lavras.tv\/site\/wp-content\/uploads\/2019\/02\/lindomar-denuncia-480x320.jpg"},"sow-carousel-default":{"file":"lindomar-denuncia-272x182.jpg","width":272,"height":182,"mime-type":"image\/jpeg","source_url":"https:\/\/lavras.tv\/site\/wp-content\/uploads\/2019\/02\/lindomar-denuncia-272x182.jpg"}},"image_meta":{"aperture":"0","credit":"","camera":"","caption":"","created_timestamp":"0","copyright":"","focal_length":"0","iso":"0","shutter_speed":"0","title":"","orientation":"0","keywords":[]}},"post":19634,"source_url":"https:\/\/lavras.tv\/site\/wp-content\/uploads\/2019\/02\/lindomar-denuncia.jpg"},"author_meta":{"display_name":"Lavras TV","author_link":"https:\/\/lavras.tv\/site\/author\/lavrastv\/"},"featured_img":"https:\/\/lavras.tv\/site\/wp-content\/uploads\/2019\/02\/lindomar-denuncia-300x169.jpg","coauthors":[],"tax_additional":{"categories":{"linked":["<a href=\"https:\/\/lavras.tv\/site\/category\/destaques\/\" class=\"advgb-post-tax-term\">Destaques<\/a>","<a href=\"https:\/\/lavras.tv\/site\/category\/politica\/\" class=\"advgb-post-tax-term\">Pol\u00edtica<\/a>"],"unlinked":["<span class=\"advgb-post-tax-term\">Destaques<\/span>","<span class=\"advgb-post-tax-term\">Pol\u00edtica<\/span>"]},"tags":{"linked":["<a href=\"https:\/\/lavras.tv\/site\/category\/politica\/\" class=\"advgb-post-tax-term\">autotrans<\/a>","<a href=\"https:\/\/lavras.tv\/site\/category\/politica\/\" class=\"advgb-post-tax-term\">C\u00e2mara municipal<\/a>","<a href=\"https:\/\/lavras.tv\/site\/category\/politica\/\" class=\"advgb-post-tax-term\">Carlos Lindomar de Sousa<\/a>","<a href=\"https:\/\/lavras.tv\/site\/category\/politica\/\" class=\"advgb-post-tax-term\">cassa\u00e7\u00e3o do mandato<\/a>","<a href=\"https:\/\/lavras.tv\/site\/category\/politica\/\" class=\"advgb-post-tax-term\">den\u00fancia<\/a>","<a href=\"https:\/\/lavras.tv\/site\/category\/politica\/\" class=\"advgb-post-tax-term\">jos\u00e9 cherem<\/a>","<a href=\"https:\/\/lavras.tv\/site\/category\/politica\/\" class=\"advgb-post-tax-term\">vereadores<\/a>"],"unlinked":["<span class=\"advgb-post-tax-term\">autotrans<\/span>","<span class=\"advgb-post-tax-term\">C\u00e2mara municipal<\/span>","<span class=\"advgb-post-tax-term\">Carlos Lindomar de Sousa<\/span>","<span class=\"advgb-post-tax-term\">cassa\u00e7\u00e3o do mandato<\/span>","<span class=\"advgb-post-tax-term\">den\u00fancia<\/span>","<span class=\"advgb-post-tax-term\">jos\u00e9 cherem<\/span>","<span class=\"advgb-post-tax-term\">vereadores<\/span>"]}},"comment_count":"0","relative_dates":{"created":"Publicado 7 anos atr\u00e1s","modified":"Atualizado 7 anos atr\u00e1s"},"absolute_dates":{"created":"Publicado em 5 de fevereiro de 2019","modified":"Atualizado em 5 de fevereiro de 2019"},"absolute_dates_time":{"created":"Publicado em 5 de fevereiro de 2019 09:21","modified":"Atualizado em 5 de fevereiro de 2019 09:21"},"featured_img_caption":"Vereador Carlos Lindomar, autor da den\u00fancia","series_order":"","_links":{"self":[{"href":"https:\/\/lavras.tv\/site\/wp-json\/wp\/v2\/posts\/19634","targetHints":{"allow":["GET"]}}],"collection":[{"href":"https:\/\/lavras.tv\/site\/wp-json\/wp\/v2\/posts"}],"about":[{"href":"https:\/\/lavras.tv\/site\/wp-json\/wp\/v2\/types\/post"}],"author":[{"embeddable":true,"href":"https:\/\/lavras.tv\/site\/wp-json\/wp\/v2\/users\/2"}],"replies":[{"embeddable":true,"href":"https:\/\/lavras.tv\/site\/wp-json\/wp\/v2\/comments?post=19634"}],"version-history":[{"count":1,"href":"https:\/\/lavras.tv\/site\/wp-json\/wp\/v2\/posts\/19634\/revisions"}],"predecessor-version":[{"id":19636,"href":"https:\/\/lavras.tv\/site\/wp-json\/wp\/v2\/posts\/19634\/revisions\/19636"}],"wp:featuredmedia":[{"embeddable":true,"href":"https:\/\/lavras.tv\/site\/wp-json\/wp\/v2\/media\/19635"}],"wp:attachment":[{"href":"https:\/\/lavras.tv\/site\/wp-json\/wp\/v2\/media?parent=19634"}],"wp:term":[{"taxonomy":"category","embeddable":true,"href":"https:\/\/lavras.tv\/site\/wp-json\/wp\/v2\/categories?post=19634"},{"taxonomy":"post_tag","embeddable":true,"href":"https:\/\/lavras.tv\/site\/wp-json\/wp\/v2\/tags?post=19634"}],"curies":[{"name":"wp","href":"https:\/\/api.w.org\/{rel}","templated":true}]}}