{"id":1966,"date":"2016-08-31T11:01:06","date_gmt":"2016-08-31T11:01:06","guid":{"rendered":"http:\/\/lavras.tv\/site\/?p=1966"},"modified":"2016-08-31T11:01:06","modified_gmt":"2016-08-31T11:01:06","slug":"termina-nesta-4a-o-prazo-para-sacar-o-pis","status":"publish","type":"post","link":"https:\/\/lavras.tv\/site\/2016\/08\/31\/termina-nesta-4a-o-prazo-para-sacar-o-pis\/","title":{"rendered":"Termina nesta 4\u00aa o prazo para sacar o PIS"},"content":{"rendered":"<div class=\"lavra-antes-do-conteudo_2\" id=\"lavra-1992884839\"><div id=\"lavra-slider-27\" class=\"custom-slider lavra-slider-509571718 lavra-slider\"><ul><li><div style=\"margin-left: auto;margin-right: auto;text-align: center;\" id=\"lavra-893233406\"><a href=\"https:\/\/sistemas.lavras.mg.gov.br\/portalcidadao\/#df1b1a7c7b2a290bcb31e32771e610784662739a88807c0dacac58ede5f391a7530e299dc302d611ee73cb143fc22eaf93592e53e7b5bdb01b00a0b8d28dae460c141dd2ff83412e4dc1c31b16b25f33144a9e5620ea73b13f5bc1c59411d98439ad226e8af03840603796067d87afe130812cf3de24982d0e306f9e61e764e5\" aria-label=\"Lavras-TV&#8211;720x104px (1) (1)\"><img src=\"https:\/\/lavras.tv\/site\/wp-content\/uploads\/2025\/01\/Lavras-TV-720x104px-1-1.png\" alt=\"\"  srcset=\"https:\/\/lavras.tv\/site\/wp-content\/uploads\/2025\/01\/Lavras-TV-720x104px-1-1.png 720w, https:\/\/lavras.tv\/site\/wp-content\/uploads\/2025\/01\/Lavras-TV-720x104px-1-1-470x68.png 470w, https:\/\/lavras.tv\/site\/wp-content\/uploads\/2025\/01\/Lavras-TV-720x104px-1-1-170x25.png 170w, https:\/\/lavras.tv\/site\/wp-content\/uploads\/2025\/01\/Lavras-TV-720x104px-1-1-200x29.png 200w\" sizes=\"(max-width: 720px) 100vw, 720px\" width=\"720\" height=\"104\"  style=\"display: inline-block;\" \/><\/a><\/div><\/li><li><a href=\"https:\/\/sistemas.lavras.mg.gov.br\/portalcidadao\/#df1b1a7c7b2a290bcb31e32771e610784662739a88807c0dacac58ede5f391a7530e299dc302d611ee73cb143fc22eaf93592e53e7b5bdb01b00a0b8d28dae460c141dd2ff83412e4dc1c31b16b25f33144a9e5620ea73b13f5bc1c59411d98439ad226e8af03840603796067d87afe130812cf3de24982d0e306f9e61e764e5\" aria-label=\"Banner_Emprego_PortallavrasTV\"><img src=\"https:\/\/lavras.tv\/site\/wp-content\/uploads\/2025\/03\/Banner_Emprego_PortallavrasTV.png\" alt=\"\"  srcset=\"https:\/\/lavras.tv\/site\/wp-content\/uploads\/2025\/03\/Banner_Emprego_PortallavrasTV.png 720w, https:\/\/lavras.tv\/site\/wp-content\/uploads\/2025\/03\/Banner_Emprego_PortallavrasTV-470x68.png 470w, https:\/\/lavras.tv\/site\/wp-content\/uploads\/2025\/03\/Banner_Emprego_PortallavrasTV-170x25.png 170w, https:\/\/lavras.tv\/site\/wp-content\/uploads\/2025\/03\/Banner_Emprego_PortallavrasTV-200x29.png 200w\" sizes=\"(max-width: 720px) 100vw, 720px\" width=\"720\" height=\"104\"   \/><\/a><\/li><li><a href=\"https:\/\/sistemas.lavras.mg.gov.br\/portalcidadao\/#df1b1a7c7b2a290bcb31e32771e610784662739a88807c0dacac58ede5f391a7530e299dc302d611ee73cb143fc22eaf93592e53e7b5bdb01b00a0b8d28dae460c141dd2ff83412e4dc1c31b16b25f33144a9e5620ea73b13f5bc1c59411d98439ad226e8af03840603796067d87afe130812cf3de24982d0e306f9e61e764e5\" aria-label=\"Banner_Obras_PortallavrasTV\"><img src=\"https:\/\/lavras.tv\/site\/wp-content\/uploads\/2025\/03\/Banner_Obras_PortallavrasTV.png\" alt=\"\"  srcset=\"https:\/\/lavras.tv\/site\/wp-content\/uploads\/2025\/03\/Banner_Obras_PortallavrasTV.png 720w, https:\/\/lavras.tv\/site\/wp-content\/uploads\/2025\/03\/Banner_Obras_PortallavrasTV-470x68.png 470w, https:\/\/lavras.tv\/site\/wp-content\/uploads\/2025\/03\/Banner_Obras_PortallavrasTV-170x25.png 170w, https:\/\/lavras.tv\/site\/wp-content\/uploads\/2025\/03\/Banner_Obras_PortallavrasTV-200x29.png 200w\" sizes=\"(max-width: 720px) 100vw, 720px\" width=\"720\" height=\"104\"   \/><\/a><\/li><li><div style=\"margin-left: auto;margin-right: auto;text-align: center;\" id=\"lavra-343136962\"><a href=\"https:\/\/sistemas.lavras.mg.gov.br\/portalcidadao\/#df1b1a7c7b2a290bcb31e32771e610784662739a88807c0dacac58ede5f391a7530e299dc302d611ee73cb143fc22eaf93592e53e7b5bdb01b00a0b8d28dae460c141dd2ff83412e4dc1c31b16b25f33144a9e5620ea73b13f5bc1c59411d98439ad226e8af03840603796067d87afe130812cf3de24982d0e306f9e61e764e5\" aria-label=\"Banner_Educa\u00e7\u00e3o_PortallavrasTV\"><img src=\"https:\/\/lavras.tv\/site\/wp-content\/uploads\/2025\/01\/Banner_Educacao_PortallavrasTV.png\" alt=\"\"  srcset=\"https:\/\/lavras.tv\/site\/wp-content\/uploads\/2025\/01\/Banner_Educacao_PortallavrasTV.png 720w, https:\/\/lavras.tv\/site\/wp-content\/uploads\/2025\/01\/Banner_Educacao_PortallavrasTV-470x68.png 470w, https:\/\/lavras.tv\/site\/wp-content\/uploads\/2025\/01\/Banner_Educacao_PortallavrasTV-170x25.png 170w, https:\/\/lavras.tv\/site\/wp-content\/uploads\/2025\/01\/Banner_Educacao_PortallavrasTV-200x29.png 200w\" sizes=\"(max-width: 720px) 100vw, 720px\" width=\"720\" height=\"104\"  style=\"display: inline-block;\" \/><\/a><\/div><\/li><li><a href=\"https:\/\/sistemas.lavras.mg.gov.br\/portalcidadao\/#df1b1a7c7b2a290bcb31e32771e610784662739a88807c0dacac58ede5f391a7530e299dc302d611ee73cb143fc22eaf93592e53e7b5bdb01b00a0b8d28dae460c141dd2ff83412e4dc1c31b16b25f33144a9e5620ea73b13f5bc1c59411d98439ad226e8af03840603796067d87afe130812cf3de24982d0e306f9e61e764e5\" aria-label=\"Banner_Sa\u00fade_PortallavrasTV\"><img src=\"https:\/\/lavras.tv\/site\/wp-content\/uploads\/2025\/03\/Banner_Saude_PortallavrasTV.png\" alt=\"\"  srcset=\"https:\/\/lavras.tv\/site\/wp-content\/uploads\/2025\/03\/Banner_Saude_PortallavrasTV.png 720w, https:\/\/lavras.tv\/site\/wp-content\/uploads\/2025\/03\/Banner_Saude_PortallavrasTV-470x68.png 470w, https:\/\/lavras.tv\/site\/wp-content\/uploads\/2025\/03\/Banner_Saude_PortallavrasTV-170x25.png 170w, https:\/\/lavras.tv\/site\/wp-content\/uploads\/2025\/03\/Banner_Saude_PortallavrasTV-200x29.png 200w\" sizes=\"(max-width: 720px) 100vw, 720px\" width=\"720\" height=\"104\"   \/><\/a><\/li><li><div id=\"lavra-3591471429\" style=\"width:720px;height:104px;background-color:#ddd;overflow:scroll;\">\n\t<strong>Sa\u00edda da depura\u00e7\u00e3o de an\u00fancios<\/strong>\n\t<br><br>\n\tO an\u00fancio n\u00e3o \u00e9 exibido na p\u00e1gina<br><br>post atual: Termina nesta 4\u00aa o prazo para sacar o PIS, ID: 1966<br><br><span style=\"color: red;\">O post atual n\u00e3o \u00e9 id\u00eantico ao post principal.<\/span><br><br>An\u00fancios: ROXO - TOPO INTERNA - ROTATIVO 2 (197)<br \/>Grupo de an\u00fancios: Princ_Meio01_720x104 (27)<br><br>Condi\u00e7\u00f5es de exibi\u00e7\u00e3o<div style=\"margin-bottom: 20px; white-space: pre-wrap; font-family: monospace; width: 100%; background: #ffe9e9;\"><strong>condi\u00e7\u00f5es gerais<\/strong><table border=\"1\"><thead><tr><th><\/th><th>An\u00fancios<\/th><th>wp_the_query<\/th><\/tr><\/thead><tr><td>is_main_query<\/td><td>1<\/td><td>1<\/td><\/tr><tr><td>is_rest_api<\/td><td>0<\/td><td>1<\/td><\/tr><tr><td>page<\/td><td>0<\/td><td>1<\/td><\/tr><tr><td>numpages<\/td><td>0<\/td><td>1<\/td><\/tr><tr><td>is_archive<\/td><td>1<\/td><td><\/td><\/tr><tr><td>is_search<\/td><td>1<\/td><td><\/td><\/tr><tr><td>is_home<\/td><td>1<\/td><td><\/td><\/tr><tr><td>is_404<\/td><td>1<\/td><td><\/td><\/tr><tr><td>is_attachment<\/td><td>1<\/td><td><\/td><\/tr><tr><td>is_singular<\/td><td>1<\/td><td><\/td><\/tr><tr><td>is_front_page<\/td><td>1<\/td><td><\/td><\/tr><tr><td>is_feed<\/td><td>1<\/td><td><\/td><\/tr><\/table><\/div><br><br><span style=\"color: red;\">Seu site usa HTTPS, mas o c\u00f3digo do an\u00fancio cont\u00e9m HTTP e pode n\u00e3o funcionar.<\/span>\t<br><br>\n\t<a style=\"color: green;\" href=\"https:\/\/wpadvancedads.com\/manual\/ad-debug-mode\/?utm_source=advanced-ads&utm_medium=link&utm_campaign=ad-debug-mode\" target=\"_blank\" rel=\"nofollow\">Encontre solu\u00e7\u00f5es no manual<\/a>\n<\/div>\n<\/li><\/ul><\/div><script>( window.advanced_ads_ready || jQuery( document ).ready ).call( null, function() {var $lavraslider509571718 = jQuery( \".lavra-slider-509571718\" );$lavraslider509571718.on( \"unslider.ready\", function() { jQuery( \"div.custom-slider ul li\" ).css( \"display\", \"block\" ); });$lavraslider509571718.unslider({ delay:4000, autoplay:true, nav:false, arrows:false, infinite:true });$lavraslider509571718.on(\"mouseover\", function() {$lavraslider509571718.unslider(\"stop\");}).on(\"mouseout\", function() {$lavraslider509571718.unslider(\"start\");});});<\/script><\/div><p>Termina nesta quarta-feira, dia 31, o prazo de saque do abono salarial de 2015, relativo ao ano-base 2014 (PIS\/Pasep).<!--more--> O valor de R$ 880 est\u00e1 dispon\u00edvel para saque nas ag\u00eancias da Caixa ou do Banco do Brasil a aproximadamente um milh\u00e3o de trabalhadores em todo o Brasil, informou o Minist\u00e9rio do Trabalho. S\u00f3 em Lavras quase 500 pessoas ainda n\u00e3o fizeram a retirada.<img fetchpriority=\"high\" decoding=\"async\" class=\" wp-image-1967 alignright\" src=\"http:\/\/lavras.tv\/site\/wp-content\/uploads\/2016\/08\/dinheiro.jpg\" alt=\"dinheiro\" width=\"412\" height=\"309\" srcset=\"https:\/\/lavras.tv\/site\/wp-content\/uploads\/2016\/08\/dinheiro.jpg 620w, https:\/\/lavras.tv\/site\/wp-content\/uploads\/2016\/08\/dinheiro-150x113.jpg 150w, https:\/\/lavras.tv\/site\/wp-content\/uploads\/2016\/08\/dinheiro-300x225.jpg 300w\" sizes=\"(max-width: 412px) 100vw, 412px\" \/><\/p>\n<p>Passado o prazo, os benef\u00edcios que n\u00e3o forem sacados voltar\u00e3o para o Fundo de Amparo ao Trabalhador (FAT) e n\u00e3o estar\u00e3o mais dispon\u00edveis para retirada nas ag\u00eancias banc\u00e1rias.<\/p>\n<p>O ministro do Trabalho, Ronaldo Nogueira, alerta os trabalhadores que tiveram a carteira assinada por pelo menos 30 dias em 2014 e receberam at\u00e9 dois sal\u00e1rios m\u00ednimos para que procurem saber se t\u00eam direito ao abono.<\/p>\n<p>O coordenador geral de Seguro-Desemprego, Abono Salarial e Identifica\u00e7\u00e3o Profissional do Minist\u00e9rio do Trabalho, M\u00e1rcio Borges lembra o prazo j\u00e1 foi ampliado e n\u00e3o ser\u00e1 prorrogado novamente.<\/p>\n<p>Para ter direito ao abono salarial de 2015, o trabalhador precisa:<\/p>\n<p>&#8211; estar cadastrado no PIS\/Pasep h\u00e1 pelo menos cinco anos;<\/p>\n<p>&#8211; ter recebido remunera\u00e7\u00e3o mensal m\u00e9dia de at\u00e9 2 sal\u00e1rios m\u00ednimos em 2014;<\/p>\n<p>&#8211; ter exercido trabalho remunerado por pelo menos 30 dias em 2014;<\/p>\n<p>&#8211; ter os dados atualizados pelo empregador na Rela\u00e7\u00e3o Anual de Informa\u00e7\u00f5es Sociais<\/p>\n<p>Abono de 2016<\/p>\n<p>O abono salarial 2016, referente ao ano-base de 2015, come\u00e7ou a ser pago em 28 de julho, conforme calend\u00e1rio definido pelo Conselho Deliberativo do Fundo de Amparo ao Trabalhador (Codefat). Os trabalhadores recebem os valores at\u00e9 30 de junho de 2017.<\/p>\n<p>A estimativa do Minist\u00e9rio do Trabalho \u00e9 que sejam repassados R$ 14,8 bilh\u00f5es a a 22,3 milh\u00f5es de trabalhadores que t\u00eam direito ao abono.<\/p>\n<p><strong>\u00a0<\/strong><\/p>\n<p><strong>Como sacar o PIS\/Pasep<\/strong><\/p>\n<p>&#8211; Antes de sacar o PIS, o trabalhador dever\u00e1 verificar se o benef\u00edcio n\u00e3o foi depositado diretamente na conta. Caso contr\u00e1rio, deve comparecer com o Cart\u00e3o do Cidad\u00e3o e senha cadastrada nos terminais de autoatendimento da Caixa ou em uma Casa Lot\u00e9rica. Se n\u00e3o tiver o Cart\u00e3o do Cidad\u00e3o, o beneficiado pode receber o abono em qualquer ag\u00eancia da Caixa mediante apresenta\u00e7\u00e3o de um documento de identifica\u00e7\u00e3o.<\/p>\n<p>&#8211; J\u00e1 os participantes do Pasep (Banco do Brasil), ap\u00f3s verificar se houve dep\u00f3sito na conta, devem procurar uma ag\u00eancia e apresentar um documento de identifica\u00e7\u00e3o.<\/p>\n<p>&#8211; As informa\u00e7\u00f5es sobre o direito ao saque tamb\u00e9m podem ser obtidas pela Central de Atendimento Al\u00f4 Trabalho \u2013 158; pelo 0800-7260207, da Caixa; e pelo 0800-7290001, do Banco do Brasil.<\/p>\n<p>O valor equivale a um sal\u00e1rio m\u00ednimo vigente na data de pagamento, atualmente em R$ 880. Os recursos que n\u00e3o forem sacados retornam para o Fundo de Amparo ao Trabalhador (FAT).<\/p>\n<p>&nbsp;<\/p>\n<p><strong>Mais informa\u00e7\u00f5es<\/strong><\/p>\n<p>A Central de Atendimento Al\u00f4 Trabalho do Minist\u00e9rio do Trabalho, que atende pelo n\u00famero 158, tem informa\u00e7\u00f5es sobre o PIS\/Pasep. Para o caso do PIS, o telefone de contato da Caixa Econ\u00f4mica Federal \u00e9 0800-726 02 07 e, para o Pasep, o n\u00famero de telefone do Banco do Brasil \u00e9 0800-729 00 01.<\/p>\n<p>&nbsp;<\/p>\n<p>Fonte: G1<\/p>\n","protected":false},"excerpt":{"rendered":"<p>Termina nesta quarta-feira, dia 31, o prazo de saque do abono salarial de 2015, relativo ao ano-base 2014 (PIS\/Pasep).<\/p>\n","protected":false},"author":2,"featured_media":1967,"comment_status":"closed","ping_status":"open","sticky":false,"template":"","format":"standard","meta":{"advgb_blocks_editor_width":"","advgb_blocks_columns_visual_guide":"","_exactmetrics_skip_tracking":false,"_exactmetrics_sitenote_active":false,"_exactmetrics_sitenote_note":"","_exactmetrics_sitenote_category":0,"footnotes":""},"categories":[7,2],"tags":[355,664,665,663],"class_list":["post-1966","post","type-post","status-publish","format-standard","has-post-thumbnail","hentry","category-destaques","category-noticias","tag-abono-pis-pasep","tag-banco-do-brasil","tag-caixa-federal","tag-pis-pasep"],"better_featured_image":{"id":1967,"alt_text":"","caption":"","description":"","media_type":"image","media_details":{"width":620,"height":465,"file":"2016\/08\/dinheiro.jpg","sizes":{"thumbnail":{"file":"dinheiro-150x113.jpg","width":150,"height":113,"mime-type":"image\/jpeg","source_url":"https:\/\/lavras.tv\/site\/wp-content\/uploads\/2016\/08\/dinheiro-150x113.jpg"},"medium":{"file":"dinheiro-300x225.jpg","width":300,"height":225,"mime-type":"image\/jpeg","source_url":"https:\/\/lavras.tv\/site\/wp-content\/uploads\/2016\/08\/dinheiro-300x225.jpg"},"featured-post-img":{"file":"dinheiro-480x320.jpg","width":480,"height":320,"mime-type":"image\/jpeg","source_url":"https:\/\/lavras.tv\/site\/wp-content\/uploads\/2016\/08\/dinheiro-480x320.jpg"},"sow-carousel-default":{"file":"dinheiro-272x182.jpg","width":272,"height":182,"mime-type":"image\/jpeg","source_url":"https:\/\/lavras.tv\/site\/wp-content\/uploads\/2016\/08\/dinheiro-272x182.jpg"}},"image_meta":{"aperture":"0","credit":"","camera":"","caption":"","created_timestamp":"0","copyright":"","focal_length":"0","iso":"0","shutter_speed":"0","title":"","orientation":"0","keywords":[]}},"post":1966,"source_url":"https:\/\/lavras.tv\/site\/wp-content\/uploads\/2016\/08\/dinheiro.jpg"},"author_meta":{"display_name":"Lavras TV","author_link":"https:\/\/lavras.tv\/site\/author\/lavrastv\/"},"featured_img":"https:\/\/lavras.tv\/site\/wp-content\/uploads\/2016\/08\/dinheiro-300x225.jpg","coauthors":[],"tax_additional":{"categories":{"linked":["<a href=\"https:\/\/lavras.tv\/site\/category\/destaques\/\" class=\"advgb-post-tax-term\">Destaques<\/a>","<a href=\"https:\/\/lavras.tv\/site\/category\/noticias\/\" class=\"advgb-post-tax-term\">Not\u00edcias<\/a>"],"unlinked":["<span class=\"advgb-post-tax-term\">Destaques<\/span>","<span class=\"advgb-post-tax-term\">Not\u00edcias<\/span>"]},"tags":{"linked":["<a href=\"https:\/\/lavras.tv\/site\/category\/noticias\/\" class=\"advgb-post-tax-term\">abono pis pasep<\/a>","<a href=\"https:\/\/lavras.tv\/site\/category\/noticias\/\" class=\"advgb-post-tax-term\">banco do brasil<\/a>","<a href=\"https:\/\/lavras.tv\/site\/category\/noticias\/\" class=\"advgb-post-tax-term\">caixa federal<\/a>","<a href=\"https:\/\/lavras.tv\/site\/category\/noticias\/\" class=\"advgb-post-tax-term\">pis pasep<\/a>"],"unlinked":["<span class=\"advgb-post-tax-term\">abono pis pasep<\/span>","<span class=\"advgb-post-tax-term\">banco do brasil<\/span>","<span class=\"advgb-post-tax-term\">caixa federal<\/span>","<span class=\"advgb-post-tax-term\">pis pasep<\/span>"]}},"comment_count":"0","relative_dates":{"created":"Publicado 10 anos atr\u00e1s","modified":"Atualizado 10 anos atr\u00e1s"},"absolute_dates":{"created":"Publicado em 31 de agosto de 2016","modified":"Atualizado em 31 de agosto de 2016"},"absolute_dates_time":{"created":"Publicado em 31 de agosto de 2016 11:01","modified":"Atualizado em 31 de agosto de 2016 11:01"},"featured_img_caption":"","series_order":"","_links":{"self":[{"href":"https:\/\/lavras.tv\/site\/wp-json\/wp\/v2\/posts\/1966","targetHints":{"allow":["GET"]}}],"collection":[{"href":"https:\/\/lavras.tv\/site\/wp-json\/wp\/v2\/posts"}],"about":[{"href":"https:\/\/lavras.tv\/site\/wp-json\/wp\/v2\/types\/post"}],"author":[{"embeddable":true,"href":"https:\/\/lavras.tv\/site\/wp-json\/wp\/v2\/users\/2"}],"replies":[{"embeddable":true,"href":"https:\/\/lavras.tv\/site\/wp-json\/wp\/v2\/comments?post=1966"}],"version-history":[{"count":1,"href":"https:\/\/lavras.tv\/site\/wp-json\/wp\/v2\/posts\/1966\/revisions"}],"predecessor-version":[{"id":1968,"href":"https:\/\/lavras.tv\/site\/wp-json\/wp\/v2\/posts\/1966\/revisions\/1968"}],"wp:featuredmedia":[{"embeddable":true,"href":"https:\/\/lavras.tv\/site\/wp-json\/wp\/v2\/media\/1967"}],"wp:attachment":[{"href":"https:\/\/lavras.tv\/site\/wp-json\/wp\/v2\/media?parent=1966"}],"wp:term":[{"taxonomy":"category","embeddable":true,"href":"https:\/\/lavras.tv\/site\/wp-json\/wp\/v2\/categories?post=1966"},{"taxonomy":"post_tag","embeddable":true,"href":"https:\/\/lavras.tv\/site\/wp-json\/wp\/v2\/tags?post=1966"}],"curies":[{"name":"wp","href":"https:\/\/api.w.org\/{rel}","templated":true}]}}