{"id":19731,"date":"2019-02-11T09:41:03","date_gmt":"2019-02-11T11:41:03","guid":{"rendered":"http:\/\/lavras.tv\/site\/?p=19731"},"modified":"2019-02-11T09:41:03","modified_gmt":"2019-02-11T11:41:03","slug":"planalto-quer-conter-avanco-da-igreja-catolica-na-lideranca-da-oposicao-ao-governo-bolsonaro","status":"publish","type":"post","link":"https:\/\/lavras.tv\/site\/2019\/02\/11\/planalto-quer-conter-avanco-da-igreja-catolica-na-lideranca-da-oposicao-ao-governo-bolsonaro\/","title":{"rendered":"Planalto quer conter avan\u00e7o da Igreja Cat\u00f3lica na lideran\u00e7a da oposi\u00e7\u00e3o ao governo Bolsonaro"},"content":{"rendered":"<div class=\"lavra-antes-do-conteudo_2\" id=\"lavra-1962063691\"><div id=\"lavra-slider-27\" class=\"custom-slider lavra-slider-1008754111 lavra-slider\"><ul><li><div style=\"margin-left: auto;margin-right: auto;text-align: center;\" id=\"lavra-727839503\"><a href=\"https:\/\/sistemas.lavras.mg.gov.br\/portalcidadao\/#df1b1a7c7b2a290bcb31e32771e610784662739a88807c0dacac58ede5f391a7530e299dc302d611ee73cb143fc22eaf93592e53e7b5bdb01b00a0b8d28dae460c141dd2ff83412e4dc1c31b16b25f33144a9e5620ea73b13f5bc1c59411d98439ad226e8af03840603796067d87afe130812cf3de24982d0e306f9e61e764e5\" aria-label=\"Lavras-TV&#8211;720x104px (1) (1)\"><img src=\"https:\/\/lavras.tv\/site\/wp-content\/uploads\/2025\/01\/Lavras-TV-720x104px-1-1.png\" alt=\"\"  srcset=\"https:\/\/lavras.tv\/site\/wp-content\/uploads\/2025\/01\/Lavras-TV-720x104px-1-1.png 720w, https:\/\/lavras.tv\/site\/wp-content\/uploads\/2025\/01\/Lavras-TV-720x104px-1-1-470x68.png 470w, https:\/\/lavras.tv\/site\/wp-content\/uploads\/2025\/01\/Lavras-TV-720x104px-1-1-170x25.png 170w, https:\/\/lavras.tv\/site\/wp-content\/uploads\/2025\/01\/Lavras-TV-720x104px-1-1-200x29.png 200w\" sizes=\"(max-width: 720px) 100vw, 720px\" width=\"720\" height=\"104\"  style=\"display: inline-block;\" \/><\/a><\/div><\/li><li><a href=\"https:\/\/sistemas.lavras.mg.gov.br\/portalcidadao\/#df1b1a7c7b2a290bcb31e32771e610784662739a88807c0dacac58ede5f391a7530e299dc302d611ee73cb143fc22eaf93592e53e7b5bdb01b00a0b8d28dae460c141dd2ff83412e4dc1c31b16b25f33144a9e5620ea73b13f5bc1c59411d98439ad226e8af03840603796067d87afe130812cf3de24982d0e306f9e61e764e5\" aria-label=\"Banner_Emprego_PortallavrasTV\"><img src=\"https:\/\/lavras.tv\/site\/wp-content\/uploads\/2025\/03\/Banner_Emprego_PortallavrasTV.png\" alt=\"\"  srcset=\"https:\/\/lavras.tv\/site\/wp-content\/uploads\/2025\/03\/Banner_Emprego_PortallavrasTV.png 720w, https:\/\/lavras.tv\/site\/wp-content\/uploads\/2025\/03\/Banner_Emprego_PortallavrasTV-470x68.png 470w, https:\/\/lavras.tv\/site\/wp-content\/uploads\/2025\/03\/Banner_Emprego_PortallavrasTV-170x25.png 170w, https:\/\/lavras.tv\/site\/wp-content\/uploads\/2025\/03\/Banner_Emprego_PortallavrasTV-200x29.png 200w\" sizes=\"(max-width: 720px) 100vw, 720px\" width=\"720\" height=\"104\"   \/><\/a><\/li><li><a href=\"https:\/\/sistemas.lavras.mg.gov.br\/portalcidadao\/#df1b1a7c7b2a290bcb31e32771e610784662739a88807c0dacac58ede5f391a7530e299dc302d611ee73cb143fc22eaf93592e53e7b5bdb01b00a0b8d28dae460c141dd2ff83412e4dc1c31b16b25f33144a9e5620ea73b13f5bc1c59411d98439ad226e8af03840603796067d87afe130812cf3de24982d0e306f9e61e764e5\" aria-label=\"Banner_Obras_PortallavrasTV\"><img src=\"https:\/\/lavras.tv\/site\/wp-content\/uploads\/2025\/03\/Banner_Obras_PortallavrasTV.png\" alt=\"\"  srcset=\"https:\/\/lavras.tv\/site\/wp-content\/uploads\/2025\/03\/Banner_Obras_PortallavrasTV.png 720w, https:\/\/lavras.tv\/site\/wp-content\/uploads\/2025\/03\/Banner_Obras_PortallavrasTV-470x68.png 470w, https:\/\/lavras.tv\/site\/wp-content\/uploads\/2025\/03\/Banner_Obras_PortallavrasTV-170x25.png 170w, https:\/\/lavras.tv\/site\/wp-content\/uploads\/2025\/03\/Banner_Obras_PortallavrasTV-200x29.png 200w\" sizes=\"(max-width: 720px) 100vw, 720px\" width=\"720\" height=\"104\"   \/><\/a><\/li><li><div style=\"margin-left: auto;margin-right: auto;text-align: center;\" id=\"lavra-3929426322\"><a href=\"https:\/\/sistemas.lavras.mg.gov.br\/portalcidadao\/#df1b1a7c7b2a290bcb31e32771e610784662739a88807c0dacac58ede5f391a7530e299dc302d611ee73cb143fc22eaf93592e53e7b5bdb01b00a0b8d28dae460c141dd2ff83412e4dc1c31b16b25f33144a9e5620ea73b13f5bc1c59411d98439ad226e8af03840603796067d87afe130812cf3de24982d0e306f9e61e764e5\" aria-label=\"Banner_Educa\u00e7\u00e3o_PortallavrasTV\"><img src=\"https:\/\/lavras.tv\/site\/wp-content\/uploads\/2025\/01\/Banner_Educacao_PortallavrasTV.png\" alt=\"\"  srcset=\"https:\/\/lavras.tv\/site\/wp-content\/uploads\/2025\/01\/Banner_Educacao_PortallavrasTV.png 720w, https:\/\/lavras.tv\/site\/wp-content\/uploads\/2025\/01\/Banner_Educacao_PortallavrasTV-470x68.png 470w, https:\/\/lavras.tv\/site\/wp-content\/uploads\/2025\/01\/Banner_Educacao_PortallavrasTV-170x25.png 170w, https:\/\/lavras.tv\/site\/wp-content\/uploads\/2025\/01\/Banner_Educacao_PortallavrasTV-200x29.png 200w\" sizes=\"(max-width: 720px) 100vw, 720px\" width=\"720\" height=\"104\"  style=\"display: inline-block;\" \/><\/a><\/div><\/li><li><a href=\"https:\/\/sistemas.lavras.mg.gov.br\/portalcidadao\/#df1b1a7c7b2a290bcb31e32771e610784662739a88807c0dacac58ede5f391a7530e299dc302d611ee73cb143fc22eaf93592e53e7b5bdb01b00a0b8d28dae460c141dd2ff83412e4dc1c31b16b25f33144a9e5620ea73b13f5bc1c59411d98439ad226e8af03840603796067d87afe130812cf3de24982d0e306f9e61e764e5\" aria-label=\"Banner_Sa\u00fade_PortallavrasTV\"><img src=\"https:\/\/lavras.tv\/site\/wp-content\/uploads\/2025\/03\/Banner_Saude_PortallavrasTV.png\" alt=\"\"  srcset=\"https:\/\/lavras.tv\/site\/wp-content\/uploads\/2025\/03\/Banner_Saude_PortallavrasTV.png 720w, https:\/\/lavras.tv\/site\/wp-content\/uploads\/2025\/03\/Banner_Saude_PortallavrasTV-470x68.png 470w, https:\/\/lavras.tv\/site\/wp-content\/uploads\/2025\/03\/Banner_Saude_PortallavrasTV-170x25.png 170w, https:\/\/lavras.tv\/site\/wp-content\/uploads\/2025\/03\/Banner_Saude_PortallavrasTV-200x29.png 200w\" sizes=\"(max-width: 720px) 100vw, 720px\" width=\"720\" height=\"104\"   \/><\/a><\/li><li><div id=\"lavra-2953685902\" style=\"width:720px;height:104px;background-color:#ddd;overflow:scroll;\">\n\t<strong>Sa\u00edda da depura\u00e7\u00e3o de an\u00fancios<\/strong>\n\t<br><br>\n\tO an\u00fancio n\u00e3o \u00e9 exibido na p\u00e1gina<br><br>post atual: Planalto quer conter avan\u00e7o da Igreja Cat\u00f3lica na lideran\u00e7a da oposi\u00e7\u00e3o ao governo Bolsonaro, ID: 19731<br><br><span style=\"color: red;\">O post atual n\u00e3o \u00e9 id\u00eantico ao post principal.<\/span><br><br>An\u00fancios: ROXO - TOPO INTERNA - ROTATIVO 2 (197)<br \/>Grupo de an\u00fancios: Princ_Meio01_720x104 (27)<br><br>Condi\u00e7\u00f5es de exibi\u00e7\u00e3o<div style=\"margin-bottom: 20px; white-space: pre-wrap; font-family: monospace; width: 100%; background: #ffe9e9;\"><strong>condi\u00e7\u00f5es gerais<\/strong><table border=\"1\"><thead><tr><th><\/th><th>An\u00fancios<\/th><th>wp_the_query<\/th><\/tr><\/thead><tr><td>is_main_query<\/td><td>1<\/td><td>1<\/td><\/tr><tr><td>is_rest_api<\/td><td>0<\/td><td>1<\/td><\/tr><tr><td>page<\/td><td>0<\/td><td>1<\/td><\/tr><tr><td>numpages<\/td><td>0<\/td><td>1<\/td><\/tr><tr><td>is_archive<\/td><td>1<\/td><td><\/td><\/tr><tr><td>is_search<\/td><td>1<\/td><td><\/td><\/tr><tr><td>is_home<\/td><td>1<\/td><td><\/td><\/tr><tr><td>is_404<\/td><td>1<\/td><td><\/td><\/tr><tr><td>is_attachment<\/td><td>1<\/td><td><\/td><\/tr><tr><td>is_singular<\/td><td>1<\/td><td><\/td><\/tr><tr><td>is_front_page<\/td><td>1<\/td><td><\/td><\/tr><tr><td>is_feed<\/td><td>1<\/td><td><\/td><\/tr><\/table><\/div><br><br><span style=\"color: red;\">Seu site usa HTTPS, mas o c\u00f3digo do an\u00fancio cont\u00e9m HTTP e pode n\u00e3o funcionar.<\/span>\t<br><br>\n\t<a style=\"color: green;\" href=\"https:\/\/wpadvancedads.com\/manual\/ad-debug-mode\/?utm_source=advanced-ads&utm_medium=link&utm_campaign=ad-debug-mode\" target=\"_blank\" rel=\"nofollow\">Encontre solu\u00e7\u00f5es no manual<\/a>\n<\/div>\n<\/li><\/ul><\/div><script>( window.advanced_ads_ready || jQuery( document ).ready ).call( null, function() {var $lavraslider1008754111 = jQuery( \".lavra-slider-1008754111\" );$lavraslider1008754111.on( \"unslider.ready\", function() { jQuery( \"div.custom-slider ul li\" ).css( \"display\", \"block\" ); });$lavraslider1008754111.unslider({ delay:4000, autoplay:true, nav:false, arrows:false, infinite:true });$lavraslider1008754111.on(\"mouseover\", function() {$lavraslider1008754111.unslider(\"stop\");}).on(\"mouseout\", function() {$lavraslider1008754111.unslider(\"start\");});});<\/script><\/div><p>O Pal\u00e1cio do Planalto quer conter o que considera um avan\u00e7o da Igreja Cat\u00f3lica na lideran\u00e7a da oposi\u00e7\u00e3o ao governo Jair Bolsonaro, no v\u00e1cuo da derrota e perda de protagonismo dos partidos de esquerda. Na avalia\u00e7\u00e3o da equipe do presidente, a Igreja \u00e9 uma tradicional aliada do PT e est\u00e1 se articulando para influenciar debates antes protagonizados pelo partido no interior do Pa\u00eds e nas periferias.<!--more--><\/p>\n<p>O alerta ao governo veio de informes da Ag\u00eancia Brasileira de Intelig\u00eancia (Abin) e dos comandos militares. As informa\u00e7\u00f5es\u00a0relatam recentes encontros de cardeais brasileiros com o papa Francisco, no Vaticano, para discutir a realiza\u00e7\u00e3o do S\u00ednodo sobre Amaz\u00f4nia, que reunir\u00e1 em Roma, em outubro, bispos de todos os continentes.<\/p>\n<p>Durante 23 dias, o Vaticano vai discutir a situa\u00e7\u00e3o da Amaz\u00f4nia e tratar de temas considerados pelo governo brasileiro como uma &#8220;agenda da esquerda&#8221;.<\/p>\n<p>O debate ir\u00e1 abordar a situa\u00e7\u00e3o de povos ind\u00edgenas, mudan\u00e7as clim\u00e1ticas provocadas por desmatamento e quilombolas. &#8220;Estamos preocupados e queremos neutralizar isso a\u00ed&#8221;, disse o ministro chefe do Gabinete de Seguran\u00e7a Institucional (GSI), Augusto Heleno, que comanda a contraofensiva.<\/p>\n<p>Com base em documentos que circularam no Planalto, militares do GSI avaliaram que os setores da Igreja aliados a movimentos sociais e partidos de esquerda, integrantes do chamado &#8220;clero progressista&#8221;, pretenderiam aproveitar o S\u00ednodo para criticar o governo Bolsonaro e obter impacto internacional. &#8220;Achamos que isso \u00e9 interfer\u00eancia em assunto interno do Brasil&#8221;, disse Heleno.<\/p>\n<p>Escrit\u00f3rios da Abin em Manaus, Bel\u00e9m, Marab\u00e1, no sudoeste paraense (epicentro de conflitos agr\u00e1rios), e Boa Vista (que monitora a presen\u00e7a de estrangeiros nas terras ind\u00edgenas ianom\u00e2mi e Raposa Serra do Sol) est\u00e3o sendo mobilizados para acompanhar reuni\u00f5es preparat\u00f3rias para o S\u00ednodo em par\u00f3quias e dioceses.<\/p>\n<p><img fetchpriority=\"high\" decoding=\"async\" class=\"alignnone size-full wp-image-19732 aligncenter\" src=\"http:\/\/lavras.tv\/site\/wp-content\/uploads\/2019\/02\/catolicismo.jpg\" alt=\"catolicismo\" width=\"274\" height=\"184\" srcset=\"https:\/\/lavras.tv\/site\/wp-content\/uploads\/2019\/02\/catolicismo.jpg 274w, https:\/\/lavras.tv\/site\/wp-content\/uploads\/2019\/02\/catolicismo-150x101.jpg 150w, https:\/\/lavras.tv\/site\/wp-content\/uploads\/2019\/02\/catolicismo-272x182.jpg 272w\" sizes=\"(max-width: 274px) 100vw, 274px\" \/><\/p>\n<p>O GSI tamb\u00e9m obteve informa\u00e7\u00f5es do Comando Militar da Amaz\u00f4nia, com sede em Manaus, e do Comando Militar do Norte, em Bel\u00e9m. Com base nos relat\u00f3rios de intelig\u00eancia, o governo federal vai procurar governadores, prefeitos e at\u00e9 autoridades eclesi\u00e1sticas que mant\u00eam boas rela\u00e7\u00f5es com os quart\u00e9is, especialmente nas regi\u00f5es de fronteira, para refor\u00e7ar sua tentativa de neutralizar o S\u00ednodo.<\/p>\n<p>O Estado apurou que o GSI planeja envolver ainda o Itamaraty, para monitorar discuss\u00f5es no exterior, e o Minist\u00e9rio do Meio Ambiente, para detectar a eventual participa\u00e7\u00e3o de ONGs e ambientalistas. Com pedido de reserva, outro militar da equipe de Bolsonaro afirmou que o S\u00ednodo \u00e9 contra &#8220;toda&#8221; a pol\u00edtica do governo para a Amaz\u00f4nia &#8211; que prega a defesa da &#8220;soberania&#8221; da regi\u00e3o. &#8220;O encontro vai servir para recrudescer o discurso ideol\u00f3gico da esquerda&#8221;, avaliou ele.<\/p>\n<p><strong>Conex\u00e3o<\/strong><\/p>\n<p>Assim que os primeiros comunicados da Abin chegaram ao Planalto, os generais logo fizeram uma conex\u00e3o com as cr\u00edticas da Confer\u00eancia Nacional dos Bispos do Brasil (CNBB) a Bolsonaro durante a campanha eleitoral. \u00d3rg\u00e3os ligados \u00e0 CNBB, como o Conselho Indigenista Mission\u00e1rio (CIMI) e a Comiss\u00e3o Pastoral da Terra (CPT), n\u00e3o economizaram ataques, que continuaram ap\u00f3s a elei\u00e7\u00e3o e a posse de Bolsonaro na Presid\u00eancia. Todos eles s\u00e3o aliados hist\u00f3ricos do PT. A Pastoral Carcer\u00e1ria, por exemplo, distribuiu nota na semana passada em que critica o pacote anticrime do ministro da Justi\u00e7a, S\u00e9rgio Moro, que, como juiz, condenou o ex-presidente Luiz In\u00e1cio Lula da Silva na Lava Jato.<\/p>\n<p>Na campanha, a Pastoral da Terra divulgou relato do bispo Andr\u00e9 de Witte, da Bahia, que apontou Bolsonaro como um &#8220;perigo real&#8221;. As redes de apoio a Bolsonaro contra-atacaram espalhando na internet que o papa Francisco era &#8220;comunista&#8221;. Como resultado, Bolsonaro desistiu de vez da CNBB e investiu incessantemente no apoio dos evang\u00e9licos. A princ\u00edpio, ele queria que o ex-senador e cantor gospel Magno Malta (PR-ES) fosse seu candidato a vice. Eleito, nomeou a pastora Damares Alves, assessora de Malta, para o Minist\u00e9rio da Mulher, da Fam\u00edlia e dos Direitos Humanos.<\/p>\n<p><strong>Hist\u00f3rico<\/strong><\/p>\n<p>A rela\u00e7\u00e3o tensa entre militares e Igreja Cat\u00f3lica come\u00e7ou ainda em 1964 e se manteve mesmo nos governos de &#8220;distens\u00e3o&#8221; dos generais Ernesto Geisel e Jo\u00e3o Figueiredo, \u00faltimo presidente do ciclo da ditadura. A CNBB manteve rela\u00e7\u00f5es amistosas com governos democr\u00e1ticos, mas foi classificada pela gest\u00e3o Fernando Henrique Cardoso como um bra\u00e7o do PT. A entidade criticou a pol\u00edtica agr\u00e1ria do governo FHC e a decis\u00e3o dos tucanos de acabar com o ensino religioso nas escolas p\u00fablicas.<\/p>\n<p>O governo do ex-presidente Lula, que era pr\u00f3ximo de d. Cl\u00e1udio Hummes, ex-cardeal de S\u00e3o Paulo, foi surpreendido, em 2005, pela greve de fome do bispo de Barra (BA), dom Luiz Cappio. O religioso se op\u00f4s \u00e0 transposi\u00e7\u00e3o do Rio S\u00e3o Francisco.<\/p>\n<p>Com a chegada de Dilma Rousseff, a rela\u00e7\u00e3o entre a CNBB e o PT sofreu abalos. A entidade fez uma s\u00e9rie de eventos para criticar a presidente, especialmente por quest\u00f5es como aborto e reforma agr\u00e1ria. A CNBB, por\u00e9m, se op\u00f4s ao processo de impeachment, alegando que &#8220;enfraqueceria&#8221; as institui\u00e7\u00f5es.<\/p>\n<p><strong>&#8216;Vamos entrar a fundo nisso&#8217;<\/strong><\/p>\n<p>O ministro do Gabinete de Seguran\u00e7a Institucional (GSI), Augusto Heleno Ribeiro, afirmou que h\u00e1 uma &#8220;preocupa\u00e7\u00e3o&#8221; do Planalto com as reuni\u00f5es e os encontros preparat\u00f3rios do S\u00ednodo sobre a Amaz\u00f4nia, que ocorrem nos Estados.<\/p>\n<p>&#8220;H\u00e1 muito tempo existe influ\u00eancia da Igreja e ONGs na floresta&#8221;, disse. Mais pr\u00f3ximo conselheiro do presidente Jair Bolsonaro, Heleno criticou a atua\u00e7\u00e3o da Igreja, mas relativizou sua capacidade de causar problemas para o governo.<\/p>\n<p>&#8220;N\u00e3o vai trazer problema. (O trabalho do governo de neutralizar impactos do encontro) vai apenas fortalecer a soberania brasileira e impedir que interesses estranhos acabem prevalecendo na Amaz\u00f4nia&#8221;, afirmou. &#8220;A quest\u00e3o vai ser objeto de estudo cuidadoso pelo GSI. Vamos entrar a fundo nisso.&#8221;<\/p>\n<p>Tanto o ministro Augusto Heleno quanto o ex-comandante do Ex\u00e9rcito Eduardo Villas B\u00f4as, hoje na assessoria do GSI e no comando do monitoramento do S\u00ednodo, foram comandantes militares em Manaus. O vice-presidente Hamilton Mour\u00e3o tamb\u00e9m atuou na regi\u00e3o, \u00e0 frente da 2.\u00aa Brigada de Infantaria de Selva, em S\u00e3o Gabriel da Cachoeira<\/p>\n<p>Fonte: Hoje em Dia \/ Ag\u00eancia Estado<\/p>\n","protected":false},"excerpt":{"rendered":"<p>O Pal\u00e1cio do Planalto quer conter o que considera um avan\u00e7o da Igreja Cat\u00f3lica na lideran\u00e7a da oposi\u00e7\u00e3o ao governo Jair Bolsonaro, no v\u00e1cuo da derrota e perda de protagonismo dos partidos de esquerda. Na avalia\u00e7\u00e3o da equipe do presidente, a Igreja \u00e9 uma tradicional aliada do PT e est\u00e1 se articulando para influenciar debates [&hellip;]<\/p>\n","protected":false},"author":2,"featured_media":19732,"comment_status":"closed","ping_status":"open","sticky":false,"template":"","format":"standard","meta":{"advgb_blocks_editor_width":"","advgb_blocks_columns_visual_guide":"","_exactmetrics_skip_tracking":false,"_exactmetrics_sitenote_active":false,"_exactmetrics_sitenote_note":"","_exactmetrics_sitenote_category":0,"footnotes":""},"categories":[7,12],"tags":[3282,2803],"class_list":["post-19731","post","type-post","status-publish","format-standard","has-post-thumbnail","hentry","category-destaques","category-politica","tag-bolsonaro","tag-igreja-catolica"],"better_featured_image":{"id":19732,"alt_text":"","caption":"","description":"","media_type":"image","media_details":{"width":274,"height":184,"file":"2019\/02\/catolicismo.jpg","sizes":{"thumbnail":{"file":"catolicismo-150x101.jpg","width":150,"height":101,"mime-type":"image\/jpeg","source_url":"https:\/\/lavras.tv\/site\/wp-content\/uploads\/2019\/02\/catolicismo-150x101.jpg"},"sow-carousel-default":{"file":"catolicismo-272x182.jpg","width":272,"height":182,"mime-type":"image\/jpeg","source_url":"https:\/\/lavras.tv\/site\/wp-content\/uploads\/2019\/02\/catolicismo-272x182.jpg"}},"image_meta":{"aperture":"0","credit":"","camera":"","caption":"","created_timestamp":"0","copyright":"","focal_length":"0","iso":"0","shutter_speed":"0","title":"","orientation":"0","keywords":[]}},"post":19731,"source_url":"https:\/\/lavras.tv\/site\/wp-content\/uploads\/2019\/02\/catolicismo.jpg"},"author_meta":{"display_name":"Lavras TV","author_link":"https:\/\/lavras.tv\/site\/author\/lavrastv\/"},"featured_img":"https:\/\/lavras.tv\/site\/wp-content\/uploads\/2019\/02\/catolicismo.jpg","coauthors":[],"tax_additional":{"categories":{"linked":["<a href=\"https:\/\/lavras.tv\/site\/category\/destaques\/\" class=\"advgb-post-tax-term\">Destaques<\/a>","<a href=\"https:\/\/lavras.tv\/site\/category\/politica\/\" class=\"advgb-post-tax-term\">Pol\u00edtica<\/a>"],"unlinked":["<span class=\"advgb-post-tax-term\">Destaques<\/span>","<span class=\"advgb-post-tax-term\">Pol\u00edtica<\/span>"]},"tags":{"linked":["<a href=\"https:\/\/lavras.tv\/site\/category\/politica\/\" class=\"advgb-post-tax-term\">Bolsonaro<\/a>","<a href=\"https:\/\/lavras.tv\/site\/category\/politica\/\" class=\"advgb-post-tax-term\">igreja cat\u00f3lica<\/a>"],"unlinked":["<span class=\"advgb-post-tax-term\">Bolsonaro<\/span>","<span class=\"advgb-post-tax-term\">igreja cat\u00f3lica<\/span>"]}},"comment_count":"0","relative_dates":{"created":"Publicado 7 anos atr\u00e1s","modified":"Atualizado 7 anos atr\u00e1s"},"absolute_dates":{"created":"Publicado em 11 de fevereiro de 2019","modified":"Atualizado em 11 de fevereiro de 2019"},"absolute_dates_time":{"created":"Publicado em 11 de fevereiro de 2019 09:41","modified":"Atualizado em 11 de fevereiro de 2019 09:41"},"featured_img_caption":"","series_order":"","_links":{"self":[{"href":"https:\/\/lavras.tv\/site\/wp-json\/wp\/v2\/posts\/19731","targetHints":{"allow":["GET"]}}],"collection":[{"href":"https:\/\/lavras.tv\/site\/wp-json\/wp\/v2\/posts"}],"about":[{"href":"https:\/\/lavras.tv\/site\/wp-json\/wp\/v2\/types\/post"}],"author":[{"embeddable":true,"href":"https:\/\/lavras.tv\/site\/wp-json\/wp\/v2\/users\/2"}],"replies":[{"embeddable":true,"href":"https:\/\/lavras.tv\/site\/wp-json\/wp\/v2\/comments?post=19731"}],"version-history":[{"count":1,"href":"https:\/\/lavras.tv\/site\/wp-json\/wp\/v2\/posts\/19731\/revisions"}],"predecessor-version":[{"id":19733,"href":"https:\/\/lavras.tv\/site\/wp-json\/wp\/v2\/posts\/19731\/revisions\/19733"}],"wp:featuredmedia":[{"embeddable":true,"href":"https:\/\/lavras.tv\/site\/wp-json\/wp\/v2\/media\/19732"}],"wp:attachment":[{"href":"https:\/\/lavras.tv\/site\/wp-json\/wp\/v2\/media?parent=19731"}],"wp:term":[{"taxonomy":"category","embeddable":true,"href":"https:\/\/lavras.tv\/site\/wp-json\/wp\/v2\/categories?post=19731"},{"taxonomy":"post_tag","embeddable":true,"href":"https:\/\/lavras.tv\/site\/wp-json\/wp\/v2\/tags?post=19731"}],"curies":[{"name":"wp","href":"https:\/\/api.w.org\/{rel}","templated":true}]}}