{"id":19745,"date":"2019-02-12T09:17:35","date_gmt":"2019-02-12T11:17:35","guid":{"rendered":"http:\/\/lavras.tv\/site\/?p=19745"},"modified":"2019-02-12T09:17:35","modified_gmt":"2019-02-12T11:17:35","slug":"vereadores-recusam-denuncia-contra-o-prefeito-de-lavras-sobre-possiveis-irregularidades-na-renovacao-do-contrato-com-a-autotrans","status":"publish","type":"post","link":"https:\/\/lavras.tv\/site\/2019\/02\/12\/vereadores-recusam-denuncia-contra-o-prefeito-de-lavras-sobre-possiveis-irregularidades-na-renovacao-do-contrato-com-a-autotrans\/","title":{"rendered":"Vereadores recusam den\u00fancia contra o Prefeito de Lavras sobre poss\u00edveis irregularidades na renova\u00e7\u00e3o do contrato com a Autotrans"},"content":{"rendered":"<div class=\"lavra-antes-do-conteudo_2\" id=\"lavra-2495557041\"><div id=\"lavra-slider-27\" class=\"custom-slider lavra-slider-304295517 lavra-slider\"><ul><li><div style=\"margin-left: auto;margin-right: auto;text-align: center;\" id=\"lavra-2279073919\"><a href=\"https:\/\/sistemas.lavras.mg.gov.br\/portalcidadao\/#df1b1a7c7b2a290bcb31e32771e610784662739a88807c0dacac58ede5f391a7530e299dc302d611ee73cb143fc22eaf93592e53e7b5bdb01b00a0b8d28dae460c141dd2ff83412e4dc1c31b16b25f33144a9e5620ea73b13f5bc1c59411d98439ad226e8af03840603796067d87afe130812cf3de24982d0e306f9e61e764e5\" aria-label=\"Lavras-TV&#8211;720x104px (1) (1)\"><img src=\"https:\/\/lavras.tv\/site\/wp-content\/uploads\/2025\/01\/Lavras-TV-720x104px-1-1.png\" alt=\"\"  srcset=\"https:\/\/lavras.tv\/site\/wp-content\/uploads\/2025\/01\/Lavras-TV-720x104px-1-1.png 720w, https:\/\/lavras.tv\/site\/wp-content\/uploads\/2025\/01\/Lavras-TV-720x104px-1-1-470x68.png 470w, https:\/\/lavras.tv\/site\/wp-content\/uploads\/2025\/01\/Lavras-TV-720x104px-1-1-170x25.png 170w, https:\/\/lavras.tv\/site\/wp-content\/uploads\/2025\/01\/Lavras-TV-720x104px-1-1-200x29.png 200w\" sizes=\"(max-width: 720px) 100vw, 720px\" width=\"720\" height=\"104\"  style=\"display: inline-block;\" \/><\/a><\/div><\/li><li><a href=\"https:\/\/sistemas.lavras.mg.gov.br\/portalcidadao\/#df1b1a7c7b2a290bcb31e32771e610784662739a88807c0dacac58ede5f391a7530e299dc302d611ee73cb143fc22eaf93592e53e7b5bdb01b00a0b8d28dae460c141dd2ff83412e4dc1c31b16b25f33144a9e5620ea73b13f5bc1c59411d98439ad226e8af03840603796067d87afe130812cf3de24982d0e306f9e61e764e5\" aria-label=\"Banner_Emprego_PortallavrasTV\"><img src=\"https:\/\/lavras.tv\/site\/wp-content\/uploads\/2025\/03\/Banner_Emprego_PortallavrasTV.png\" alt=\"\"  srcset=\"https:\/\/lavras.tv\/site\/wp-content\/uploads\/2025\/03\/Banner_Emprego_PortallavrasTV.png 720w, https:\/\/lavras.tv\/site\/wp-content\/uploads\/2025\/03\/Banner_Emprego_PortallavrasTV-470x68.png 470w, https:\/\/lavras.tv\/site\/wp-content\/uploads\/2025\/03\/Banner_Emprego_PortallavrasTV-170x25.png 170w, https:\/\/lavras.tv\/site\/wp-content\/uploads\/2025\/03\/Banner_Emprego_PortallavrasTV-200x29.png 200w\" sizes=\"(max-width: 720px) 100vw, 720px\" width=\"720\" height=\"104\"   \/><\/a><\/li><li><a href=\"https:\/\/sistemas.lavras.mg.gov.br\/portalcidadao\/#df1b1a7c7b2a290bcb31e32771e610784662739a88807c0dacac58ede5f391a7530e299dc302d611ee73cb143fc22eaf93592e53e7b5bdb01b00a0b8d28dae460c141dd2ff83412e4dc1c31b16b25f33144a9e5620ea73b13f5bc1c59411d98439ad226e8af03840603796067d87afe130812cf3de24982d0e306f9e61e764e5\" aria-label=\"Banner_Obras_PortallavrasTV\"><img src=\"https:\/\/lavras.tv\/site\/wp-content\/uploads\/2025\/03\/Banner_Obras_PortallavrasTV.png\" alt=\"\"  srcset=\"https:\/\/lavras.tv\/site\/wp-content\/uploads\/2025\/03\/Banner_Obras_PortallavrasTV.png 720w, https:\/\/lavras.tv\/site\/wp-content\/uploads\/2025\/03\/Banner_Obras_PortallavrasTV-470x68.png 470w, https:\/\/lavras.tv\/site\/wp-content\/uploads\/2025\/03\/Banner_Obras_PortallavrasTV-170x25.png 170w, https:\/\/lavras.tv\/site\/wp-content\/uploads\/2025\/03\/Banner_Obras_PortallavrasTV-200x29.png 200w\" sizes=\"(max-width: 720px) 100vw, 720px\" width=\"720\" height=\"104\"   \/><\/a><\/li><li><div style=\"margin-left: auto;margin-right: auto;text-align: center;\" id=\"lavra-2488376292\"><a href=\"https:\/\/sistemas.lavras.mg.gov.br\/portalcidadao\/#df1b1a7c7b2a290bcb31e32771e610784662739a88807c0dacac58ede5f391a7530e299dc302d611ee73cb143fc22eaf93592e53e7b5bdb01b00a0b8d28dae460c141dd2ff83412e4dc1c31b16b25f33144a9e5620ea73b13f5bc1c59411d98439ad226e8af03840603796067d87afe130812cf3de24982d0e306f9e61e764e5\" aria-label=\"Banner_Educa\u00e7\u00e3o_PortallavrasTV\"><img src=\"https:\/\/lavras.tv\/site\/wp-content\/uploads\/2025\/01\/Banner_Educacao_PortallavrasTV.png\" alt=\"\"  srcset=\"https:\/\/lavras.tv\/site\/wp-content\/uploads\/2025\/01\/Banner_Educacao_PortallavrasTV.png 720w, https:\/\/lavras.tv\/site\/wp-content\/uploads\/2025\/01\/Banner_Educacao_PortallavrasTV-470x68.png 470w, https:\/\/lavras.tv\/site\/wp-content\/uploads\/2025\/01\/Banner_Educacao_PortallavrasTV-170x25.png 170w, https:\/\/lavras.tv\/site\/wp-content\/uploads\/2025\/01\/Banner_Educacao_PortallavrasTV-200x29.png 200w\" sizes=\"(max-width: 720px) 100vw, 720px\" width=\"720\" height=\"104\"  style=\"display: inline-block;\" \/><\/a><\/div><\/li><li><a href=\"https:\/\/sistemas.lavras.mg.gov.br\/portalcidadao\/#df1b1a7c7b2a290bcb31e32771e610784662739a88807c0dacac58ede5f391a7530e299dc302d611ee73cb143fc22eaf93592e53e7b5bdb01b00a0b8d28dae460c141dd2ff83412e4dc1c31b16b25f33144a9e5620ea73b13f5bc1c59411d98439ad226e8af03840603796067d87afe130812cf3de24982d0e306f9e61e764e5\" aria-label=\"Banner_Sa\u00fade_PortallavrasTV\"><img src=\"https:\/\/lavras.tv\/site\/wp-content\/uploads\/2025\/03\/Banner_Saude_PortallavrasTV.png\" alt=\"\"  srcset=\"https:\/\/lavras.tv\/site\/wp-content\/uploads\/2025\/03\/Banner_Saude_PortallavrasTV.png 720w, https:\/\/lavras.tv\/site\/wp-content\/uploads\/2025\/03\/Banner_Saude_PortallavrasTV-470x68.png 470w, https:\/\/lavras.tv\/site\/wp-content\/uploads\/2025\/03\/Banner_Saude_PortallavrasTV-170x25.png 170w, https:\/\/lavras.tv\/site\/wp-content\/uploads\/2025\/03\/Banner_Saude_PortallavrasTV-200x29.png 200w\" sizes=\"(max-width: 720px) 100vw, 720px\" width=\"720\" height=\"104\"   \/><\/a><\/li><li><div id=\"lavra-2188202988\" style=\"width:720px;height:104px;background-color:#ddd;overflow:scroll;\">\n\t<strong>Sa\u00edda da depura\u00e7\u00e3o de an\u00fancios<\/strong>\n\t<br><br>\n\tO an\u00fancio n\u00e3o \u00e9 exibido na p\u00e1gina<br><br>post atual: Vereadores recusam den\u00fancia contra o Prefeito de Lavras sobre poss\u00edveis irregularidades na renova\u00e7\u00e3o do contrato com a Autotrans, ID: 19745<br><br><span style=\"color: red;\">O post atual n\u00e3o \u00e9 id\u00eantico ao post principal.<\/span><br><br>An\u00fancios: ROXO - TOPO INTERNA - ROTATIVO 2 (197)<br \/>Grupo de an\u00fancios: Princ_Meio01_720x104 (27)<br><br>Condi\u00e7\u00f5es de exibi\u00e7\u00e3o<div style=\"margin-bottom: 20px; white-space: pre-wrap; font-family: monospace; width: 100%; background: #ffe9e9;\"><strong>condi\u00e7\u00f5es gerais<\/strong><table border=\"1\"><thead><tr><th><\/th><th>An\u00fancios<\/th><th>wp_the_query<\/th><\/tr><\/thead><tr><td>is_main_query<\/td><td>1<\/td><td>1<\/td><\/tr><tr><td>is_rest_api<\/td><td>0<\/td><td>1<\/td><\/tr><tr><td>page<\/td><td>0<\/td><td>1<\/td><\/tr><tr><td>numpages<\/td><td>0<\/td><td>1<\/td><\/tr><tr><td>is_archive<\/td><td>1<\/td><td><\/td><\/tr><tr><td>is_search<\/td><td>1<\/td><td><\/td><\/tr><tr><td>is_home<\/td><td>1<\/td><td><\/td><\/tr><tr><td>is_404<\/td><td>1<\/td><td><\/td><\/tr><tr><td>is_attachment<\/td><td>1<\/td><td><\/td><\/tr><tr><td>is_singular<\/td><td>1<\/td><td><\/td><\/tr><tr><td>is_front_page<\/td><td>1<\/td><td><\/td><\/tr><tr><td>is_feed<\/td><td>1<\/td><td><\/td><\/tr><\/table><\/div><br><br><span style=\"color: red;\">Seu site usa HTTPS, mas o c\u00f3digo do an\u00fancio cont\u00e9m HTTP e pode n\u00e3o funcionar.<\/span>\t<br><br>\n\t<a style=\"color: green;\" href=\"https:\/\/wpadvancedads.com\/manual\/ad-debug-mode\/?utm_source=advanced-ads&utm_medium=link&utm_campaign=ad-debug-mode\" target=\"_blank\" rel=\"nofollow\">Encontre solu\u00e7\u00f5es no manual<\/a>\n<\/div>\n<\/li><\/ul><\/div><script>( window.advanced_ads_ready || jQuery( document ).ready ).call( null, function() {var $lavraslider304295517 = jQuery( \".lavra-slider-304295517\" );$lavraslider304295517.on( \"unslider.ready\", function() { jQuery( \"div.custom-slider ul li\" ).css( \"display\", \"block\" ); });$lavraslider304295517.unslider({ delay:4000, autoplay:true, nav:false, arrows:false, infinite:true });$lavraslider304295517.on(\"mouseover\", function() {$lavraslider304295517.unslider(\"stop\");}).on(\"mouseout\", function() {$lavraslider304295517.unslider(\"start\");});});<\/script><\/div><p>A maioria dos vereadores da C\u00e2mara Municipal de Lavras votou contra a instaura\u00e7\u00e3o de uma Comiss\u00e3o Parlamentar de Inqu\u00e9rito (CPI) para investigar o prefeito Jos\u00e9 Cherem. O pedido partiu do vereador Carlos Lindomar, que formalizou uma den\u00fancia contra o chefe do Executivo.<!--more--><\/p>\n<p>O texto tem por base o contrato prorrogado entre o Executivo e a Autotrans, o qual, segundo o vereador, apresenta irregularidades contr\u00e1rias \u00e0 Lei Org\u00e2nica do Munic\u00edpio e o Decreto Lei do Executivo.<\/p>\n<p>A fim que fosse acatada pelo Legislativo, a den\u00fancia precisaria de 9 votos favor\u00e1veis para que fosse instaurada uma comiss\u00e3o processante que ir\u00e1 investigar o caso. Como denunciante, Carlos Lindomar, foi \u00a0impedido de votar, sendo que seu suplente, Cl\u00e1udio Jos\u00e9 da Silva ( Zeca do Sal\u00e3o), foi convocado para o ato.<\/p>\n<p><img fetchpriority=\"high\" decoding=\"async\" class=\"alignnone size-full wp-image-13555 aligncenter\" src=\"http:\/\/lavras.tv\/site\/wp-content\/uploads\/2017\/12\/camara.jpg\" alt=\"camara\" width=\"960\" height=\"540\" srcset=\"https:\/\/lavras.tv\/site\/wp-content\/uploads\/2017\/12\/camara.jpg 960w, https:\/\/lavras.tv\/site\/wp-content\/uploads\/2017\/12\/camara-150x84.jpg 150w, https:\/\/lavras.tv\/site\/wp-content\/uploads\/2017\/12\/camara-300x169.jpg 300w\" sizes=\"(max-width: 960px) 100vw, 960px\" \/><\/p>\n<p>Foram contra o pedido de abertura da CPI os vereadores \u00a0Jo\u00e3o Paulo Felizardo, Ennio Mendes, Dr. Sebasti\u00e3o dos Santos Vieira, Dr. Alessandro, Marcos Possato, vereadora Daiana Garcia (Daia Protetora), Coronel Claret, Cristiane Costa, Ubirajara Cassiano Rocha (Bira), Ti Ailton, Toninho do Raio X, Peterson Borges e Evandro Miranda (Mestre Grilo).<\/p>\n<p>Se abstiveram de votar: Nan\u00e1h Ferreira, Matusal\u00e9m da Silva Machado, Zeca do Sal\u00e3o. O \u00fanico voto favor\u00e1vel foi do vereador \u00a0Elias Freire Filho (Lila).<\/p>\n<p>Fonte: Lavras 24 Horas<\/p>\n","protected":false},"excerpt":{"rendered":"<p>A maioria dos vereadores da C\u00e2mara Municipal de Lavras votou contra a instaura\u00e7\u00e3o de uma Comiss\u00e3o Parlamentar de Inqu\u00e9rito (CPI) para investigar o prefeito Jos\u00e9 Cherem. O pedido partiu do vereador Carlos Lindomar, que formalizou uma den\u00fancia contra o chefe do Executivo.<\/p>\n","protected":false},"author":2,"featured_media":13555,"comment_status":"closed","ping_status":"open","sticky":false,"template":"","format":"standard","meta":{"advgb_blocks_editor_width":"","advgb_blocks_columns_visual_guide":"","_exactmetrics_skip_tracking":false,"_exactmetrics_sitenote_active":false,"_exactmetrics_sitenote_note":"","_exactmetrics_sitenote_category":0,"footnotes":""},"categories":[7,12],"tags":[2064,157,5561,778,2024,104,1138],"class_list":["post-19745","post","type-post","status-publish","format-standard","has-post-thumbnail","hentry","category-destaques","category-politica","tag-autotrans","tag-camara-municipal-de-lavras","tag-carlos-lindomar","tag-cassacao","tag-cpi","tag-denuncia","tag-jose-cherem"],"better_featured_image":{"id":13555,"alt_text":"","caption":"","description":"","media_type":"image","media_details":{"width":960,"height":540,"file":"2017\/12\/camara.jpg","sizes":{"thumbnail":{"file":"camara-150x84.jpg","width":150,"height":84,"mime-type":"image\/jpeg","source_url":"https:\/\/lavras.tv\/site\/wp-content\/uploads\/2017\/12\/camara-150x84.jpg"},"medium":{"file":"camara-300x169.jpg","width":300,"height":169,"mime-type":"image\/jpeg","source_url":"https:\/\/lavras.tv\/site\/wp-content\/uploads\/2017\/12\/camara-300x169.jpg"},"featured-slider-img":{"file":"camara-640x480.jpg","width":640,"height":480,"mime-type":"image\/jpeg","source_url":"https:\/\/lavras.tv\/site\/wp-content\/uploads\/2017\/12\/camara-640x480.jpg"},"featured-post-img":{"file":"camara-480x320.jpg","width":480,"height":320,"mime-type":"image\/jpeg","source_url":"https:\/\/lavras.tv\/site\/wp-content\/uploads\/2017\/12\/camara-480x320.jpg"},"sow-carousel-default":{"file":"camara-272x182.jpg","width":272,"height":182,"mime-type":"image\/jpeg","source_url":"https:\/\/lavras.tv\/site\/wp-content\/uploads\/2017\/12\/camara-272x182.jpg"}},"image_meta":{"aperture":"0","credit":"","camera":"","caption":"","created_timestamp":"0","copyright":"","focal_length":"0","iso":"0","shutter_speed":"0","title":"","orientation":"0","keywords":[]}},"post":13554,"source_url":"https:\/\/lavras.tv\/site\/wp-content\/uploads\/2017\/12\/camara.jpg"},"author_meta":{"display_name":"Lavras TV","author_link":"https:\/\/lavras.tv\/site\/author\/lavrastv\/"},"featured_img":"https:\/\/lavras.tv\/site\/wp-content\/uploads\/2017\/12\/camara-300x169.jpg","coauthors":[],"tax_additional":{"categories":{"linked":["<a href=\"https:\/\/lavras.tv\/site\/category\/destaques\/\" class=\"advgb-post-tax-term\">Destaques<\/a>","<a href=\"https:\/\/lavras.tv\/site\/category\/politica\/\" class=\"advgb-post-tax-term\">Pol\u00edtica<\/a>"],"unlinked":["<span class=\"advgb-post-tax-term\">Destaques<\/span>","<span class=\"advgb-post-tax-term\">Pol\u00edtica<\/span>"]},"tags":{"linked":["<a href=\"https:\/\/lavras.tv\/site\/category\/politica\/\" class=\"advgb-post-tax-term\">autotrans<\/a>","<a href=\"https:\/\/lavras.tv\/site\/category\/politica\/\" class=\"advgb-post-tax-term\">c\u00e2mara municipal de Lavras<\/a>","<a href=\"https:\/\/lavras.tv\/site\/category\/politica\/\" class=\"advgb-post-tax-term\">Carlos Lindomar<\/a>","<a href=\"https:\/\/lavras.tv\/site\/category\/politica\/\" class=\"advgb-post-tax-term\">cassa\u00e7\u00e3o<\/a>","<a href=\"https:\/\/lavras.tv\/site\/category\/politica\/\" class=\"advgb-post-tax-term\">cpi<\/a>","<a href=\"https:\/\/lavras.tv\/site\/category\/politica\/\" class=\"advgb-post-tax-term\">den\u00fancia<\/a>","<a href=\"https:\/\/lavras.tv\/site\/category\/politica\/\" class=\"advgb-post-tax-term\">jos\u00e9 cherem<\/a>"],"unlinked":["<span class=\"advgb-post-tax-term\">autotrans<\/span>","<span class=\"advgb-post-tax-term\">c\u00e2mara municipal de Lavras<\/span>","<span class=\"advgb-post-tax-term\">Carlos Lindomar<\/span>","<span class=\"advgb-post-tax-term\">cassa\u00e7\u00e3o<\/span>","<span class=\"advgb-post-tax-term\">cpi<\/span>","<span class=\"advgb-post-tax-term\">den\u00fancia<\/span>","<span class=\"advgb-post-tax-term\">jos\u00e9 cherem<\/span>"]}},"comment_count":"0","relative_dates":{"created":"Publicado 7 anos atr\u00e1s","modified":"Atualizado 7 anos atr\u00e1s"},"absolute_dates":{"created":"Publicado em 12 de fevereiro de 2019","modified":"Atualizado em 12 de fevereiro de 2019"},"absolute_dates_time":{"created":"Publicado em 12 de fevereiro de 2019 09:17","modified":"Atualizado em 12 de fevereiro de 2019 09:17"},"featured_img_caption":"","series_order":"","_links":{"self":[{"href":"https:\/\/lavras.tv\/site\/wp-json\/wp\/v2\/posts\/19745","targetHints":{"allow":["GET"]}}],"collection":[{"href":"https:\/\/lavras.tv\/site\/wp-json\/wp\/v2\/posts"}],"about":[{"href":"https:\/\/lavras.tv\/site\/wp-json\/wp\/v2\/types\/post"}],"author":[{"embeddable":true,"href":"https:\/\/lavras.tv\/site\/wp-json\/wp\/v2\/users\/2"}],"replies":[{"embeddable":true,"href":"https:\/\/lavras.tv\/site\/wp-json\/wp\/v2\/comments?post=19745"}],"version-history":[{"count":1,"href":"https:\/\/lavras.tv\/site\/wp-json\/wp\/v2\/posts\/19745\/revisions"}],"predecessor-version":[{"id":19746,"href":"https:\/\/lavras.tv\/site\/wp-json\/wp\/v2\/posts\/19745\/revisions\/19746"}],"wp:featuredmedia":[{"embeddable":true,"href":"https:\/\/lavras.tv\/site\/wp-json\/wp\/v2\/media\/13555"}],"wp:attachment":[{"href":"https:\/\/lavras.tv\/site\/wp-json\/wp\/v2\/media?parent=19745"}],"wp:term":[{"taxonomy":"category","embeddable":true,"href":"https:\/\/lavras.tv\/site\/wp-json\/wp\/v2\/categories?post=19745"},{"taxonomy":"post_tag","embeddable":true,"href":"https:\/\/lavras.tv\/site\/wp-json\/wp\/v2\/tags?post=19745"}],"curies":[{"name":"wp","href":"https:\/\/api.w.org\/{rel}","templated":true}]}}