{"id":19869,"date":"2019-02-21T09:20:12","date_gmt":"2019-02-21T12:20:12","guid":{"rendered":"http:\/\/lavras.tv\/site\/?p=19869"},"modified":"2019-02-21T09:20:12","modified_gmt":"2019-02-21T12:20:12","slug":"superliga-b-lavras-volei-joga-em-brasilia-neste-fim-de-semana","status":"publish","type":"post","link":"https:\/\/lavras.tv\/site\/2019\/02\/21\/superliga-b-lavras-volei-joga-em-brasilia-neste-fim-de-semana\/","title":{"rendered":"Superliga B: Lavras V\u00f4lei joga em Bras\u00edlia neste fim de semana"},"content":{"rendered":"<div class=\"lavra-antes-do-conteudo_2\" id=\"lavra-2111819101\"><div id=\"lavra-slider-27\" class=\"custom-slider lavra-slider-1346951827 lavra-slider\"><ul><li><div style=\"margin-left: auto;margin-right: auto;text-align: center;\" id=\"lavra-91602929\"><a href=\"https:\/\/sistemas.lavras.mg.gov.br\/portalcidadao\/#df1b1a7c7b2a290bcb31e32771e610784662739a88807c0dacac58ede5f391a7530e299dc302d611ee73cb143fc22eaf93592e53e7b5bdb01b00a0b8d28dae460c141dd2ff83412e4dc1c31b16b25f33144a9e5620ea73b13f5bc1c59411d98439ad226e8af03840603796067d87afe130812cf3de24982d0e306f9e61e764e5\" aria-label=\"Lavras-TV&#8211;720x104px (1) (1)\"><img src=\"https:\/\/lavras.tv\/site\/wp-content\/uploads\/2025\/01\/Lavras-TV-720x104px-1-1.png\" alt=\"\"  srcset=\"https:\/\/lavras.tv\/site\/wp-content\/uploads\/2025\/01\/Lavras-TV-720x104px-1-1.png 720w, https:\/\/lavras.tv\/site\/wp-content\/uploads\/2025\/01\/Lavras-TV-720x104px-1-1-470x68.png 470w, https:\/\/lavras.tv\/site\/wp-content\/uploads\/2025\/01\/Lavras-TV-720x104px-1-1-170x25.png 170w, https:\/\/lavras.tv\/site\/wp-content\/uploads\/2025\/01\/Lavras-TV-720x104px-1-1-200x29.png 200w\" sizes=\"(max-width: 720px) 100vw, 720px\" width=\"720\" height=\"104\"  style=\"display: inline-block;\" \/><\/a><\/div><\/li><li><a href=\"https:\/\/sistemas.lavras.mg.gov.br\/portalcidadao\/#df1b1a7c7b2a290bcb31e32771e610784662739a88807c0dacac58ede5f391a7530e299dc302d611ee73cb143fc22eaf93592e53e7b5bdb01b00a0b8d28dae460c141dd2ff83412e4dc1c31b16b25f33144a9e5620ea73b13f5bc1c59411d98439ad226e8af03840603796067d87afe130812cf3de24982d0e306f9e61e764e5\" aria-label=\"Banner_Emprego_PortallavrasTV\"><img src=\"https:\/\/lavras.tv\/site\/wp-content\/uploads\/2025\/03\/Banner_Emprego_PortallavrasTV.png\" alt=\"\"  srcset=\"https:\/\/lavras.tv\/site\/wp-content\/uploads\/2025\/03\/Banner_Emprego_PortallavrasTV.png 720w, https:\/\/lavras.tv\/site\/wp-content\/uploads\/2025\/03\/Banner_Emprego_PortallavrasTV-470x68.png 470w, https:\/\/lavras.tv\/site\/wp-content\/uploads\/2025\/03\/Banner_Emprego_PortallavrasTV-170x25.png 170w, https:\/\/lavras.tv\/site\/wp-content\/uploads\/2025\/03\/Banner_Emprego_PortallavrasTV-200x29.png 200w\" sizes=\"(max-width: 720px) 100vw, 720px\" width=\"720\" height=\"104\"   \/><\/a><\/li><li><a href=\"https:\/\/sistemas.lavras.mg.gov.br\/portalcidadao\/#df1b1a7c7b2a290bcb31e32771e610784662739a88807c0dacac58ede5f391a7530e299dc302d611ee73cb143fc22eaf93592e53e7b5bdb01b00a0b8d28dae460c141dd2ff83412e4dc1c31b16b25f33144a9e5620ea73b13f5bc1c59411d98439ad226e8af03840603796067d87afe130812cf3de24982d0e306f9e61e764e5\" aria-label=\"Banner_Obras_PortallavrasTV\"><img src=\"https:\/\/lavras.tv\/site\/wp-content\/uploads\/2025\/03\/Banner_Obras_PortallavrasTV.png\" alt=\"\"  srcset=\"https:\/\/lavras.tv\/site\/wp-content\/uploads\/2025\/03\/Banner_Obras_PortallavrasTV.png 720w, https:\/\/lavras.tv\/site\/wp-content\/uploads\/2025\/03\/Banner_Obras_PortallavrasTV-470x68.png 470w, https:\/\/lavras.tv\/site\/wp-content\/uploads\/2025\/03\/Banner_Obras_PortallavrasTV-170x25.png 170w, https:\/\/lavras.tv\/site\/wp-content\/uploads\/2025\/03\/Banner_Obras_PortallavrasTV-200x29.png 200w\" sizes=\"(max-width: 720px) 100vw, 720px\" width=\"720\" height=\"104\"   \/><\/a><\/li><li><div style=\"margin-left: auto;margin-right: auto;text-align: center;\" id=\"lavra-2208750871\"><a href=\"https:\/\/sistemas.lavras.mg.gov.br\/portalcidadao\/#df1b1a7c7b2a290bcb31e32771e610784662739a88807c0dacac58ede5f391a7530e299dc302d611ee73cb143fc22eaf93592e53e7b5bdb01b00a0b8d28dae460c141dd2ff83412e4dc1c31b16b25f33144a9e5620ea73b13f5bc1c59411d98439ad226e8af03840603796067d87afe130812cf3de24982d0e306f9e61e764e5\" aria-label=\"Banner_Educa\u00e7\u00e3o_PortallavrasTV\"><img src=\"https:\/\/lavras.tv\/site\/wp-content\/uploads\/2025\/01\/Banner_Educacao_PortallavrasTV.png\" alt=\"\"  srcset=\"https:\/\/lavras.tv\/site\/wp-content\/uploads\/2025\/01\/Banner_Educacao_PortallavrasTV.png 720w, https:\/\/lavras.tv\/site\/wp-content\/uploads\/2025\/01\/Banner_Educacao_PortallavrasTV-470x68.png 470w, https:\/\/lavras.tv\/site\/wp-content\/uploads\/2025\/01\/Banner_Educacao_PortallavrasTV-170x25.png 170w, https:\/\/lavras.tv\/site\/wp-content\/uploads\/2025\/01\/Banner_Educacao_PortallavrasTV-200x29.png 200w\" sizes=\"(max-width: 720px) 100vw, 720px\" width=\"720\" height=\"104\"  style=\"display: inline-block;\" \/><\/a><\/div><\/li><li><a href=\"https:\/\/sistemas.lavras.mg.gov.br\/portalcidadao\/#df1b1a7c7b2a290bcb31e32771e610784662739a88807c0dacac58ede5f391a7530e299dc302d611ee73cb143fc22eaf93592e53e7b5bdb01b00a0b8d28dae460c141dd2ff83412e4dc1c31b16b25f33144a9e5620ea73b13f5bc1c59411d98439ad226e8af03840603796067d87afe130812cf3de24982d0e306f9e61e764e5\" aria-label=\"Banner_Sa\u00fade_PortallavrasTV\"><img src=\"https:\/\/lavras.tv\/site\/wp-content\/uploads\/2025\/03\/Banner_Saude_PortallavrasTV.png\" alt=\"\"  srcset=\"https:\/\/lavras.tv\/site\/wp-content\/uploads\/2025\/03\/Banner_Saude_PortallavrasTV.png 720w, https:\/\/lavras.tv\/site\/wp-content\/uploads\/2025\/03\/Banner_Saude_PortallavrasTV-470x68.png 470w, https:\/\/lavras.tv\/site\/wp-content\/uploads\/2025\/03\/Banner_Saude_PortallavrasTV-170x25.png 170w, https:\/\/lavras.tv\/site\/wp-content\/uploads\/2025\/03\/Banner_Saude_PortallavrasTV-200x29.png 200w\" sizes=\"(max-width: 720px) 100vw, 720px\" width=\"720\" height=\"104\"   \/><\/a><\/li><li><div id=\"lavra-2480143514\" style=\"width:720px;height:104px;background-color:#ddd;overflow:scroll;\">\n\t<strong>Sa\u00edda da depura\u00e7\u00e3o de an\u00fancios<\/strong>\n\t<br><br>\n\tO an\u00fancio n\u00e3o \u00e9 exibido na p\u00e1gina<br><br>post atual: Superliga B: Lavras V\u00f4lei joga em Bras\u00edlia neste fim de semana, ID: 19869<br><br><span style=\"color: red;\">O post atual n\u00e3o \u00e9 id\u00eantico ao post principal.<\/span><br><br>An\u00fancios: ROXO - TOPO INTERNA - ROTATIVO 2 (197)<br \/>Grupo de an\u00fancios: Princ_Meio01_720x104 (27)<br><br>Condi\u00e7\u00f5es de exibi\u00e7\u00e3o<div style=\"margin-bottom: 20px; white-space: pre-wrap; font-family: monospace; width: 100%; background: #ffe9e9;\"><strong>condi\u00e7\u00f5es gerais<\/strong><table border=\"1\"><thead><tr><th><\/th><th>An\u00fancios<\/th><th>wp_the_query<\/th><\/tr><\/thead><tr><td>is_main_query<\/td><td>1<\/td><td>1<\/td><\/tr><tr><td>is_rest_api<\/td><td>0<\/td><td>1<\/td><\/tr><tr><td>page<\/td><td>0<\/td><td>1<\/td><\/tr><tr><td>numpages<\/td><td>0<\/td><td>1<\/td><\/tr><tr><td>is_archive<\/td><td>1<\/td><td><\/td><\/tr><tr><td>is_search<\/td><td>1<\/td><td><\/td><\/tr><tr><td>is_home<\/td><td>1<\/td><td><\/td><\/tr><tr><td>is_404<\/td><td>1<\/td><td><\/td><\/tr><tr><td>is_attachment<\/td><td>1<\/td><td><\/td><\/tr><tr><td>is_singular<\/td><td>1<\/td><td><\/td><\/tr><tr><td>is_front_page<\/td><td>1<\/td><td><\/td><\/tr><tr><td>is_feed<\/td><td>1<\/td><td><\/td><\/tr><\/table><\/div><br><br><span style=\"color: red;\">Seu site usa HTTPS, mas o c\u00f3digo do an\u00fancio cont\u00e9m HTTP e pode n\u00e3o funcionar.<\/span>\t<br><br>\n\t<a style=\"color: green;\" href=\"https:\/\/wpadvancedads.com\/manual\/ad-debug-mode\/?utm_source=advanced-ads&utm_medium=link&utm_campaign=ad-debug-mode\" target=\"_blank\" rel=\"nofollow\">Encontre solu\u00e7\u00f5es no manual<\/a>\n<\/div>\n<\/li><\/ul><\/div><script>( window.advanced_ads_ready || jQuery( document ).ready ).call( null, function() {var $lavraslider1346951827 = jQuery( \".lavra-slider-1346951827\" );$lavraslider1346951827.on( \"unslider.ready\", function() { jQuery( \"div.custom-slider ul li\" ).css( \"display\", \"block\" ); });$lavraslider1346951827.unslider({ delay:4000, autoplay:true, nav:false, arrows:false, infinite:true });$lavraslider1346951827.on(\"mouseover\", function() {$lavraslider1346951827.unslider(\"stop\");}).on(\"mouseout\", function() {$lavraslider1346951827.unslider(\"start\");});});<\/script><\/div><p>Neste s\u00e1bado (23\/02) o Lavras V\u00f4lei entrar\u00e1 em quadra pela 5\u00aa Rodada da Superliga B 2019. Desta vez o advers\u00e1rio ser\u00e1 o UPIS Bras\u00edlia. A partida ser\u00e1 disputada na capital federal as 17 horas.<!--more--><\/p>\n<p>A equipe do Lavras V\u00f4lei embarca para Bras\u00edlia nesta sexta pela manh\u00e3. J\u00e1 na capital, far\u00e1 dois treinos para reconhecimento do gin\u00e1sio de jogo.<\/p>\n<p><img fetchpriority=\"high\" decoding=\"async\" class=\"alignnone size-full wp-image-19775 aligncenter\" src=\"http:\/\/lavras.tv\/site\/wp-content\/uploads\/2019\/02\/LavrasVolei-1.jpg\" alt=\"LavrasVolei\" width=\"1226\" height=\"717\" srcset=\"https:\/\/lavras.tv\/site\/wp-content\/uploads\/2019\/02\/LavrasVolei-1.jpg 1226w, https:\/\/lavras.tv\/site\/wp-content\/uploads\/2019\/02\/LavrasVolei-1-150x88.jpg 150w, https:\/\/lavras.tv\/site\/wp-content\/uploads\/2019\/02\/LavrasVolei-1-300x175.jpg 300w, https:\/\/lavras.tv\/site\/wp-content\/uploads\/2019\/02\/LavrasVolei-1-1024x599.jpg 1024w\" sizes=\"(max-width: 1226px) 100vw, 1226px\" \/><\/p>\n<p>A equipe do Lavras V\u00f4lei ocupa a 3\u00aa Coloca\u00e7\u00e3o da tabela de classifica\u00e7\u00e3o e busca melhorar ainda mais a coloca\u00e7\u00e3o para conseguir ainda mais vantagens nas pr\u00f3ximas fases da competi\u00e7\u00e3o.<\/p>\n<p>J\u00e1 a equipe do UPIS Bras\u00edlia, aparece na 6\u00aa Coloca\u00e7\u00e3o e tentar\u00e1 um bom resultado para se aproximar no grupo dos quatro primeiros colocados.<\/p>\n<p>Al\u00e9m desta partida, a 5\u00aa Rodada da Superliga B ter\u00e1 mais tr\u00eas confrontos no s\u00e1bado, confira:<\/p>\n<p>An\u00e1polis V\u00f4lei x APAN Blumenau<\/p>\n<p>JF V\u00f4lei x Botafogo RJ<\/p>\n<p>APAV V\u00f4lei x S\u00e3o Jos\u00e9 V\u00f4lei<\/p>\n<p>Importante ressaltar que a partida do Lavras V\u00f4lei neste s\u00e1bado ter\u00e1 transmiss\u00e3o pela Universit\u00e1ria FM (105.7) e no Facebook pelo Lavras.TV.<\/p>\n<p>Fonte: Lavras V\u00f4lei<\/p>\n","protected":false},"excerpt":{"rendered":"<p>Neste s\u00e1bado (23\/02) o Lavras V\u00f4lei entrar\u00e1 em quadra pela 5\u00aa Rodada da Superliga B 2019. Desta vez o advers\u00e1rio ser\u00e1 o UPIS Bras\u00edlia. A partida ser\u00e1 disputada na capital federal as 17 horas.<\/p>\n","protected":false},"author":2,"featured_media":19870,"comment_status":"closed","ping_status":"open","sticky":false,"template":"","format":"standard","meta":{"advgb_blocks_editor_width":"","advgb_blocks_columns_visual_guide":"","_exactmetrics_skip_tracking":false,"_exactmetrics_sitenote_active":false,"_exactmetrics_sitenote_note":"","_exactmetrics_sitenote_category":0,"footnotes":""},"categories":[7,3],"tags":[4439,4147,5582,690],"class_list":["post-19869","post","type-post","status-publish","format-standard","has-post-thumbnail","hentry","category-destaques","category-esportes","tag-lavras-volei","tag-superliga-b","tag-upis-brasilia","tag-volei"],"better_featured_image":{"id":19870,"alt_text":"","caption":"","description":"","media_type":"image","media_details":{"width":1226,"height":717,"file":"2019\/02\/LavrasVolei-1-1.jpg","sizes":{"thumbnail":{"file":"LavrasVolei-1-1-150x88.jpg","width":150,"height":88,"mime-type":"image\/jpeg","source_url":"https:\/\/lavras.tv\/site\/wp-content\/uploads\/2019\/02\/LavrasVolei-1-1-150x88.jpg"},"medium":{"file":"LavrasVolei-1-1-300x175.jpg","width":300,"height":175,"mime-type":"image\/jpeg","source_url":"https:\/\/lavras.tv\/site\/wp-content\/uploads\/2019\/02\/LavrasVolei-1-1-300x175.jpg"},"large":{"file":"LavrasVolei-1-1-1024x599.jpg","width":1024,"height":599,"mime-type":"image\/jpeg","source_url":"https:\/\/lavras.tv\/site\/wp-content\/uploads\/2019\/02\/LavrasVolei-1-1-1024x599.jpg"},"featured-slider-img":{"file":"LavrasVolei-1-1-640x480.jpg","width":640,"height":480,"mime-type":"image\/jpeg","source_url":"https:\/\/lavras.tv\/site\/wp-content\/uploads\/2019\/02\/LavrasVolei-1-1-640x480.jpg"},"featured-post-img":{"file":"LavrasVolei-1-1-480x320.jpg","width":480,"height":320,"mime-type":"image\/jpeg","source_url":"https:\/\/lavras.tv\/site\/wp-content\/uploads\/2019\/02\/LavrasVolei-1-1-480x320.jpg"},"sow-carousel-default":{"file":"LavrasVolei-1-1-272x182.jpg","width":272,"height":182,"mime-type":"image\/jpeg","source_url":"https:\/\/lavras.tv\/site\/wp-content\/uploads\/2019\/02\/LavrasVolei-1-1-272x182.jpg"}},"image_meta":{"aperture":"0","credit":"","camera":"","caption":"","created_timestamp":"0","copyright":"","focal_length":"0","iso":"0","shutter_speed":"0","title":"","orientation":"0","keywords":[]}},"post":19869,"source_url":"https:\/\/lavras.tv\/site\/wp-content\/uploads\/2019\/02\/LavrasVolei-1-1.jpg"},"author_meta":{"display_name":"Lavras TV","author_link":"https:\/\/lavras.tv\/site\/author\/lavrastv\/"},"featured_img":"https:\/\/lavras.tv\/site\/wp-content\/uploads\/2019\/02\/LavrasVolei-1-1-300x175.jpg","coauthors":[],"tax_additional":{"categories":{"linked":["<a href=\"https:\/\/lavras.tv\/site\/category\/destaques\/\" class=\"advgb-post-tax-term\">Destaques<\/a>","<a href=\"https:\/\/lavras.tv\/site\/category\/esportes\/\" class=\"advgb-post-tax-term\">Esportes<\/a>"],"unlinked":["<span class=\"advgb-post-tax-term\">Destaques<\/span>","<span class=\"advgb-post-tax-term\">Esportes<\/span>"]},"tags":{"linked":["<a href=\"https:\/\/lavras.tv\/site\/category\/esportes\/\" class=\"advgb-post-tax-term\">Lavras V\u00f4lei<\/a>","<a href=\"https:\/\/lavras.tv\/site\/category\/esportes\/\" class=\"advgb-post-tax-term\">Superliga B<\/a>","<a href=\"https:\/\/lavras.tv\/site\/category\/esportes\/\" class=\"advgb-post-tax-term\">UPIS Bras\u00edlia<\/a>","<a href=\"https:\/\/lavras.tv\/site\/category\/esportes\/\" class=\"advgb-post-tax-term\">volei<\/a>"],"unlinked":["<span class=\"advgb-post-tax-term\">Lavras V\u00f4lei<\/span>","<span class=\"advgb-post-tax-term\">Superliga B<\/span>","<span class=\"advgb-post-tax-term\">UPIS Bras\u00edlia<\/span>","<span class=\"advgb-post-tax-term\">volei<\/span>"]}},"comment_count":"0","relative_dates":{"created":"Publicado 7 anos atr\u00e1s","modified":"Atualizado 7 anos atr\u00e1s"},"absolute_dates":{"created":"Publicado em 21 de fevereiro de 2019","modified":"Atualizado em 21 de fevereiro de 2019"},"absolute_dates_time":{"created":"Publicado em 21 de fevereiro de 2019 09:20","modified":"Atualizado em 21 de fevereiro de 2019 09:20"},"featured_img_caption":"","series_order":"","_links":{"self":[{"href":"https:\/\/lavras.tv\/site\/wp-json\/wp\/v2\/posts\/19869","targetHints":{"allow":["GET"]}}],"collection":[{"href":"https:\/\/lavras.tv\/site\/wp-json\/wp\/v2\/posts"}],"about":[{"href":"https:\/\/lavras.tv\/site\/wp-json\/wp\/v2\/types\/post"}],"author":[{"embeddable":true,"href":"https:\/\/lavras.tv\/site\/wp-json\/wp\/v2\/users\/2"}],"replies":[{"embeddable":true,"href":"https:\/\/lavras.tv\/site\/wp-json\/wp\/v2\/comments?post=19869"}],"version-history":[{"count":1,"href":"https:\/\/lavras.tv\/site\/wp-json\/wp\/v2\/posts\/19869\/revisions"}],"predecessor-version":[{"id":19871,"href":"https:\/\/lavras.tv\/site\/wp-json\/wp\/v2\/posts\/19869\/revisions\/19871"}],"wp:featuredmedia":[{"embeddable":true,"href":"https:\/\/lavras.tv\/site\/wp-json\/wp\/v2\/media\/19870"}],"wp:attachment":[{"href":"https:\/\/lavras.tv\/site\/wp-json\/wp\/v2\/media?parent=19869"}],"wp:term":[{"taxonomy":"category","embeddable":true,"href":"https:\/\/lavras.tv\/site\/wp-json\/wp\/v2\/categories?post=19869"},{"taxonomy":"post_tag","embeddable":true,"href":"https:\/\/lavras.tv\/site\/wp-json\/wp\/v2\/tags?post=19869"}],"curies":[{"name":"wp","href":"https:\/\/api.w.org\/{rel}","templated":true}]}}