{"id":19912,"date":"2019-02-25T10:51:19","date_gmt":"2019-02-25T13:51:19","guid":{"rendered":"http:\/\/lavras.tv\/site\/?p=19912"},"modified":"2019-02-25T10:51:19","modified_gmt":"2019-02-25T13:51:19","slug":"lavras-volei-vence-o-upis-pela-superliga-b-em-brasilia","status":"publish","type":"post","link":"https:\/\/lavras.tv\/site\/2019\/02\/25\/lavras-volei-vence-o-upis-pela-superliga-b-em-brasilia\/","title":{"rendered":"Lavras V\u00f4lei vence o UPIS pela Superliga B, em Bras\u00edlia"},"content":{"rendered":"<div class=\"lavra-antes-do-conteudo_2\" id=\"lavra-2116327159\"><div id=\"lavra-slider-27\" class=\"custom-slider lavra-slider-2217580298 lavra-slider\"><ul><li><div style=\"margin-left: auto;margin-right: auto;text-align: center;\" id=\"lavra-809507808\"><a href=\"https:\/\/sistemas.lavras.mg.gov.br\/portalcidadao\/#df1b1a7c7b2a290bcb31e32771e610784662739a88807c0dacac58ede5f391a7530e299dc302d611ee73cb143fc22eaf93592e53e7b5bdb01b00a0b8d28dae460c141dd2ff83412e4dc1c31b16b25f33144a9e5620ea73b13f5bc1c59411d98439ad226e8af03840603796067d87afe130812cf3de24982d0e306f9e61e764e5\" aria-label=\"Lavras-TV&#8211;720x104px (1) (1)\"><img src=\"https:\/\/lavras.tv\/site\/wp-content\/uploads\/2025\/01\/Lavras-TV-720x104px-1-1.png\" alt=\"\"  srcset=\"https:\/\/lavras.tv\/site\/wp-content\/uploads\/2025\/01\/Lavras-TV-720x104px-1-1.png 720w, https:\/\/lavras.tv\/site\/wp-content\/uploads\/2025\/01\/Lavras-TV-720x104px-1-1-470x68.png 470w, https:\/\/lavras.tv\/site\/wp-content\/uploads\/2025\/01\/Lavras-TV-720x104px-1-1-170x25.png 170w, https:\/\/lavras.tv\/site\/wp-content\/uploads\/2025\/01\/Lavras-TV-720x104px-1-1-200x29.png 200w\" sizes=\"(max-width: 720px) 100vw, 720px\" width=\"720\" height=\"104\"  style=\"display: inline-block;\" \/><\/a><\/div><\/li><li><a href=\"https:\/\/sistemas.lavras.mg.gov.br\/portalcidadao\/#df1b1a7c7b2a290bcb31e32771e610784662739a88807c0dacac58ede5f391a7530e299dc302d611ee73cb143fc22eaf93592e53e7b5bdb01b00a0b8d28dae460c141dd2ff83412e4dc1c31b16b25f33144a9e5620ea73b13f5bc1c59411d98439ad226e8af03840603796067d87afe130812cf3de24982d0e306f9e61e764e5\" aria-label=\"Banner_Emprego_PortallavrasTV\"><img src=\"https:\/\/lavras.tv\/site\/wp-content\/uploads\/2025\/03\/Banner_Emprego_PortallavrasTV.png\" alt=\"\"  srcset=\"https:\/\/lavras.tv\/site\/wp-content\/uploads\/2025\/03\/Banner_Emprego_PortallavrasTV.png 720w, https:\/\/lavras.tv\/site\/wp-content\/uploads\/2025\/03\/Banner_Emprego_PortallavrasTV-470x68.png 470w, https:\/\/lavras.tv\/site\/wp-content\/uploads\/2025\/03\/Banner_Emprego_PortallavrasTV-170x25.png 170w, https:\/\/lavras.tv\/site\/wp-content\/uploads\/2025\/03\/Banner_Emprego_PortallavrasTV-200x29.png 200w\" sizes=\"(max-width: 720px) 100vw, 720px\" width=\"720\" height=\"104\"   \/><\/a><\/li><li><a href=\"https:\/\/sistemas.lavras.mg.gov.br\/portalcidadao\/#df1b1a7c7b2a290bcb31e32771e610784662739a88807c0dacac58ede5f391a7530e299dc302d611ee73cb143fc22eaf93592e53e7b5bdb01b00a0b8d28dae460c141dd2ff83412e4dc1c31b16b25f33144a9e5620ea73b13f5bc1c59411d98439ad226e8af03840603796067d87afe130812cf3de24982d0e306f9e61e764e5\" aria-label=\"Banner_Obras_PortallavrasTV\"><img src=\"https:\/\/lavras.tv\/site\/wp-content\/uploads\/2025\/03\/Banner_Obras_PortallavrasTV.png\" alt=\"\"  srcset=\"https:\/\/lavras.tv\/site\/wp-content\/uploads\/2025\/03\/Banner_Obras_PortallavrasTV.png 720w, https:\/\/lavras.tv\/site\/wp-content\/uploads\/2025\/03\/Banner_Obras_PortallavrasTV-470x68.png 470w, https:\/\/lavras.tv\/site\/wp-content\/uploads\/2025\/03\/Banner_Obras_PortallavrasTV-170x25.png 170w, https:\/\/lavras.tv\/site\/wp-content\/uploads\/2025\/03\/Banner_Obras_PortallavrasTV-200x29.png 200w\" sizes=\"(max-width: 720px) 100vw, 720px\" width=\"720\" height=\"104\"   \/><\/a><\/li><li><div style=\"margin-left: auto;margin-right: auto;text-align: center;\" id=\"lavra-2323744152\"><a href=\"https:\/\/sistemas.lavras.mg.gov.br\/portalcidadao\/#df1b1a7c7b2a290bcb31e32771e610784662739a88807c0dacac58ede5f391a7530e299dc302d611ee73cb143fc22eaf93592e53e7b5bdb01b00a0b8d28dae460c141dd2ff83412e4dc1c31b16b25f33144a9e5620ea73b13f5bc1c59411d98439ad226e8af03840603796067d87afe130812cf3de24982d0e306f9e61e764e5\" aria-label=\"Banner_Educa\u00e7\u00e3o_PortallavrasTV\"><img src=\"https:\/\/lavras.tv\/site\/wp-content\/uploads\/2025\/01\/Banner_Educacao_PortallavrasTV.png\" alt=\"\"  srcset=\"https:\/\/lavras.tv\/site\/wp-content\/uploads\/2025\/01\/Banner_Educacao_PortallavrasTV.png 720w, https:\/\/lavras.tv\/site\/wp-content\/uploads\/2025\/01\/Banner_Educacao_PortallavrasTV-470x68.png 470w, https:\/\/lavras.tv\/site\/wp-content\/uploads\/2025\/01\/Banner_Educacao_PortallavrasTV-170x25.png 170w, https:\/\/lavras.tv\/site\/wp-content\/uploads\/2025\/01\/Banner_Educacao_PortallavrasTV-200x29.png 200w\" sizes=\"(max-width: 720px) 100vw, 720px\" width=\"720\" height=\"104\"  style=\"display: inline-block;\" \/><\/a><\/div><\/li><li><a href=\"https:\/\/sistemas.lavras.mg.gov.br\/portalcidadao\/#df1b1a7c7b2a290bcb31e32771e610784662739a88807c0dacac58ede5f391a7530e299dc302d611ee73cb143fc22eaf93592e53e7b5bdb01b00a0b8d28dae460c141dd2ff83412e4dc1c31b16b25f33144a9e5620ea73b13f5bc1c59411d98439ad226e8af03840603796067d87afe130812cf3de24982d0e306f9e61e764e5\" aria-label=\"Banner_Sa\u00fade_PortallavrasTV\"><img src=\"https:\/\/lavras.tv\/site\/wp-content\/uploads\/2025\/03\/Banner_Saude_PortallavrasTV.png\" alt=\"\"  srcset=\"https:\/\/lavras.tv\/site\/wp-content\/uploads\/2025\/03\/Banner_Saude_PortallavrasTV.png 720w, https:\/\/lavras.tv\/site\/wp-content\/uploads\/2025\/03\/Banner_Saude_PortallavrasTV-470x68.png 470w, https:\/\/lavras.tv\/site\/wp-content\/uploads\/2025\/03\/Banner_Saude_PortallavrasTV-170x25.png 170w, https:\/\/lavras.tv\/site\/wp-content\/uploads\/2025\/03\/Banner_Saude_PortallavrasTV-200x29.png 200w\" sizes=\"(max-width: 720px) 100vw, 720px\" width=\"720\" height=\"104\"   \/><\/a><\/li><li><div id=\"lavra-1730115542\" style=\"width:720px;height:104px;background-color:#ddd;overflow:scroll;\">\n\t<strong>Sa\u00edda da depura\u00e7\u00e3o de an\u00fancios<\/strong>\n\t<br><br>\n\tO an\u00fancio n\u00e3o \u00e9 exibido na p\u00e1gina<br><br>post atual: Lavras V\u00f4lei vence o UPIS pela Superliga B, em Bras\u00edlia, ID: 19912<br><br><span style=\"color: red;\">O post atual n\u00e3o \u00e9 id\u00eantico ao post principal.<\/span><br><br>An\u00fancios: ROXO - TOPO INTERNA - ROTATIVO 2 (197)<br \/>Grupo de an\u00fancios: Princ_Meio01_720x104 (27)<br><br>Condi\u00e7\u00f5es de exibi\u00e7\u00e3o<div style=\"margin-bottom: 20px; white-space: pre-wrap; font-family: monospace; width: 100%; background: #ffe9e9;\"><strong>condi\u00e7\u00f5es gerais<\/strong><table border=\"1\"><thead><tr><th><\/th><th>An\u00fancios<\/th><th>wp_the_query<\/th><\/tr><\/thead><tr><td>is_main_query<\/td><td>1<\/td><td>1<\/td><\/tr><tr><td>is_rest_api<\/td><td>0<\/td><td>1<\/td><\/tr><tr><td>page<\/td><td>0<\/td><td>1<\/td><\/tr><tr><td>numpages<\/td><td>0<\/td><td>1<\/td><\/tr><tr><td>is_archive<\/td><td>1<\/td><td><\/td><\/tr><tr><td>is_search<\/td><td>1<\/td><td><\/td><\/tr><tr><td>is_home<\/td><td>1<\/td><td><\/td><\/tr><tr><td>is_404<\/td><td>1<\/td><td><\/td><\/tr><tr><td>is_attachment<\/td><td>1<\/td><td><\/td><\/tr><tr><td>is_singular<\/td><td>1<\/td><td><\/td><\/tr><tr><td>is_front_page<\/td><td>1<\/td><td><\/td><\/tr><tr><td>is_feed<\/td><td>1<\/td><td><\/td><\/tr><\/table><\/div><br><br><span style=\"color: red;\">Seu site usa HTTPS, mas o c\u00f3digo do an\u00fancio cont\u00e9m HTTP e pode n\u00e3o funcionar.<\/span>\t<br><br>\n\t<a style=\"color: green;\" href=\"https:\/\/wpadvancedads.com\/manual\/ad-debug-mode\/?utm_source=advanced-ads&utm_medium=link&utm_campaign=ad-debug-mode\" target=\"_blank\" rel=\"nofollow\">Encontre solu\u00e7\u00f5es no manual<\/a>\n<\/div>\n<\/li><\/ul><\/div><script>( window.advanced_ads_ready || jQuery( document ).ready ).call( null, function() {var $lavraslider2217580298 = jQuery( \".lavra-slider-2217580298\" );$lavraslider2217580298.on( \"unslider.ready\", function() { jQuery( \"div.custom-slider ul li\" ).css( \"display\", \"block\" ); });$lavraslider2217580298.unslider({ delay:4000, autoplay:true, nav:false, arrows:false, infinite:true });$lavraslider2217580298.on(\"mouseover\", function() {$lavraslider2217580298.unslider(\"stop\");}).on(\"mouseout\", function() {$lavraslider2217580298.unslider(\"start\");});});<\/script><\/div><p>No Gin\u00e1sio 01 da AABB-DF, o UPIS enfrentou na tarde deste s\u00e1bado (23), o Lavras V\u00f4lei (MG) pela 5\u00aa rodada da Superliga S\u00e9rie B. A equipe mineira mostrou sua superioridade e ganhou por 3 sets a 1, parciais de 21\u00d725, 23\u00d725, 25\u00d720 e 18\u00d725. Com o resultado o time de Bras\u00edlia segue na sexta coloca\u00e7\u00e3o com apenas um triunfo. O representante da cidade de Lavras est\u00e1 temporariamente na vice lideran\u00e7a 13 pontos, com 4 vit\u00f3rias na competi\u00e7\u00e3o.<!--more--><\/p>\n<p>O set come\u00e7ou equilibrado e ambos os usaram a for\u00e7a para furar o bloqueio advers\u00e1rio. O UPIS errou nos saques e o Lavras na falta de comunica\u00e7\u00e3o na defesa, resultando em um empate at\u00e9 o d\u00e9cimo terceiro ponto. Tanto a equipe brasiliense quanto a mineira exploraram os bloqueios, por\u00e9m, em dois erros de ataque e um emocionante rally, os visitantes conseguiram vantagem de tr\u00eas pontos (13\u00d716). O time mineiro ampliou o marcador com bloqueios e ataques pelo centro (16\u00d721). O t\u00e9cnico Fl\u00e1vio Thiessen, do UPIS, pediu parada t\u00e9cnica. O time retornou melhor e se aproximou do empate, mas o Lavras concluiu o primeiro set em 21\u00d725.<\/p>\n<figure id=\"attachment_19913\" aria-describedby=\"caption-attachment-19913\" style=\"width: 800px\" class=\"wp-caption aligncenter\"><img fetchpriority=\"high\" decoding=\"async\" class=\"size-full wp-image-19913\" src=\"http:\/\/lavras.tv\/site\/wp-content\/uploads\/2019\/02\/volei.jpeg\" alt=\"Foto: Jo\u00e3o Vilagran\" width=\"800\" height=\"445\" srcset=\"https:\/\/lavras.tv\/site\/wp-content\/uploads\/2019\/02\/volei.jpeg 800w, https:\/\/lavras.tv\/site\/wp-content\/uploads\/2019\/02\/volei-150x83.jpeg 150w, https:\/\/lavras.tv\/site\/wp-content\/uploads\/2019\/02\/volei-300x167.jpeg 300w\" sizes=\"(max-width: 800px) 100vw, 800px\" \/><figcaption id=\"caption-attachment-19913\" class=\"wp-caption-text\">Foto: Jo\u00e3o Vilagran<\/figcaption><\/figure>\n<p>Na etapa posterior, o time de Minas Gerais atacou pelas diagonais, tendo dois pontos \u00e0 frente (5\u00d77). O representante de Bras\u00edlia empatou em 10\u00d710 com pontos do meia Santiago e com saques de D\u00e1rio.\u00a0O Lavras V\u00f4lei novamente disparou no marcador, contudo, os mandantes se esfor\u00e7aram ficando dois pontos em desvantagem. O ponta Raphael marcou o set point e terminou em 23\u00d725.<\/p>\n<p>O terceiro per\u00edodo foi melhor para o UPIS. Outra vez com os saques de D\u00e1rio e com acertos no sistema defensivo, o time ficou 5 pontos na dianteira (10\u00d75). As entradas de On\u00e9rikis e Timb\u00f3 tamb\u00e9m influenciaram no placar. Al\u00e9m de diversificar seus ataques, Thiessen colocou Jerson Junior e Andr\u00e9 Luiz em quadra. A estrat\u00e9gia ajudou a manter a solidez e o ritmo do time, que ganhou seu primeiro set no jogo por 25\u00d720.<\/p>\n<p>A \u00faltima etapa da partida foi dominada pela equipe mineira. Logo no inicio ficou na frente por cinco pontos (5\u00d710). O time brasiliense com erros de saques e de ataques contribuiu para vantagem do advers\u00e1rio. J\u00e1 o Lavras, por sua vez, estava firme nos bloqueios e certeiro nas finaliza\u00e7\u00f5es, o que permitiu ampliar em mais dois pontos (7\u00d714). Os donos da casa desperdi\u00e7aram as chances de pontuar, enquanto os mineiros aproveitaram de seu desequil\u00edbrio. A equipe da regi\u00e3o sudeste do pa\u00eds encerrou o set por 18\u00d725.<\/p>\n<p>Fonte:\u00a0 DF Sports<\/p>\n","protected":false},"excerpt":{"rendered":"<p>No Gin\u00e1sio 01 da AABB-DF, o UPIS enfrentou na tarde deste s\u00e1bado (23), o Lavras V\u00f4lei (MG) pela 5\u00aa rodada da Superliga S\u00e9rie B. A equipe mineira mostrou sua superioridade e ganhou por 3 sets a 1, parciais de 21\u00d725, 23\u00d725, 25\u00d720 e 18\u00d725. Com o resultado o time de Bras\u00edlia segue na sexta coloca\u00e7\u00e3o [&hellip;]<\/p>\n","protected":false},"author":2,"featured_media":19913,"comment_status":"closed","ping_status":"open","sticky":false,"template":"","format":"standard","meta":{"advgb_blocks_editor_width":"","advgb_blocks_columns_visual_guide":"","_exactmetrics_skip_tracking":false,"_exactmetrics_sitenote_active":false,"_exactmetrics_sitenote_note":"","_exactmetrics_sitenote_category":0,"footnotes":""},"categories":[7,3],"tags":[4197,4439,4147,5379,5591,5582],"class_list":["post-19912","post","type-post","status-publish","format-standard","has-post-thumbnail","hentry","category-destaques","category-esportes","tag-4197","tag-lavras-volei","tag-superliga-b","tag-superliga-b-de-volei","tag-upis","tag-upis-brasilia"],"better_featured_image":{"id":19913,"alt_text":"","caption":"Foto: Jo\u00e3o Vilagran","description":"","media_type":"image","media_details":{"width":800,"height":445,"file":"2019\/02\/volei.jpeg","sizes":{"thumbnail":{"file":"volei-150x83.jpeg","width":150,"height":83,"mime-type":"image\/jpeg","source_url":"https:\/\/lavras.tv\/site\/wp-content\/uploads\/2019\/02\/volei-150x83.jpeg"},"medium":{"file":"volei-300x167.jpeg","width":300,"height":167,"mime-type":"image\/jpeg","source_url":"https:\/\/lavras.tv\/site\/wp-content\/uploads\/2019\/02\/volei-300x167.jpeg"},"featured-slider-img":{"file":"volei-640x445.jpeg","width":640,"height":445,"mime-type":"image\/jpeg","source_url":"https:\/\/lavras.tv\/site\/wp-content\/uploads\/2019\/02\/volei-640x445.jpeg"},"featured-post-img":{"file":"volei-480x320.jpeg","width":480,"height":320,"mime-type":"image\/jpeg","source_url":"https:\/\/lavras.tv\/site\/wp-content\/uploads\/2019\/02\/volei-480x320.jpeg"},"sow-carousel-default":{"file":"volei-272x182.jpeg","width":272,"height":182,"mime-type":"image\/jpeg","source_url":"https:\/\/lavras.tv\/site\/wp-content\/uploads\/2019\/02\/volei-272x182.jpeg"}},"image_meta":{"aperture":"0","credit":"","camera":"","caption":"","created_timestamp":"0","copyright":"","focal_length":"0","iso":"0","shutter_speed":"0","title":"","orientation":"0","keywords":[]}},"post":19912,"source_url":"https:\/\/lavras.tv\/site\/wp-content\/uploads\/2019\/02\/volei.jpeg"},"author_meta":{"display_name":"Lavras TV","author_link":"https:\/\/lavras.tv\/site\/author\/lavrastv\/"},"featured_img":"https:\/\/lavras.tv\/site\/wp-content\/uploads\/2019\/02\/volei-300x167.jpeg","coauthors":[],"tax_additional":{"categories":{"linked":["<a href=\"https:\/\/lavras.tv\/site\/category\/destaques\/\" class=\"advgb-post-tax-term\">Destaques<\/a>","<a href=\"https:\/\/lavras.tv\/site\/category\/esportes\/\" class=\"advgb-post-tax-term\">Esportes<\/a>"],"unlinked":["<span class=\"advgb-post-tax-term\">Destaques<\/span>","<span class=\"advgb-post-tax-term\">Esportes<\/span>"]},"tags":{"linked":["<a href=\"https:\/\/lavras.tv\/site\/category\/esportes\/\" class=\"advgb-post-tax-term\">2019<\/a>","<a href=\"https:\/\/lavras.tv\/site\/category\/esportes\/\" class=\"advgb-post-tax-term\">Lavras V\u00f4lei<\/a>","<a href=\"https:\/\/lavras.tv\/site\/category\/esportes\/\" class=\"advgb-post-tax-term\">Superliga B<\/a>","<a href=\"https:\/\/lavras.tv\/site\/category\/esportes\/\" class=\"advgb-post-tax-term\">Superliga B de V\u00f4lei<\/a>","<a href=\"https:\/\/lavras.tv\/site\/category\/esportes\/\" class=\"advgb-post-tax-term\">UPIS<\/a>","<a href=\"https:\/\/lavras.tv\/site\/category\/esportes\/\" class=\"advgb-post-tax-term\">UPIS Bras\u00edlia<\/a>"],"unlinked":["<span class=\"advgb-post-tax-term\">2019<\/span>","<span class=\"advgb-post-tax-term\">Lavras V\u00f4lei<\/span>","<span class=\"advgb-post-tax-term\">Superliga B<\/span>","<span class=\"advgb-post-tax-term\">Superliga B de V\u00f4lei<\/span>","<span class=\"advgb-post-tax-term\">UPIS<\/span>","<span class=\"advgb-post-tax-term\">UPIS Bras\u00edlia<\/span>"]}},"comment_count":"0","relative_dates":{"created":"Publicado 7 anos atr\u00e1s","modified":"Atualizado 7 anos atr\u00e1s"},"absolute_dates":{"created":"Publicado em 25 de fevereiro de 2019","modified":"Atualizado em 25 de fevereiro de 2019"},"absolute_dates_time":{"created":"Publicado em 25 de fevereiro de 2019 10:51","modified":"Atualizado em 25 de fevereiro de 2019 10:51"},"featured_img_caption":"Foto: Jo\u00e3o Vilagran","series_order":"","_links":{"self":[{"href":"https:\/\/lavras.tv\/site\/wp-json\/wp\/v2\/posts\/19912","targetHints":{"allow":["GET"]}}],"collection":[{"href":"https:\/\/lavras.tv\/site\/wp-json\/wp\/v2\/posts"}],"about":[{"href":"https:\/\/lavras.tv\/site\/wp-json\/wp\/v2\/types\/post"}],"author":[{"embeddable":true,"href":"https:\/\/lavras.tv\/site\/wp-json\/wp\/v2\/users\/2"}],"replies":[{"embeddable":true,"href":"https:\/\/lavras.tv\/site\/wp-json\/wp\/v2\/comments?post=19912"}],"version-history":[{"count":1,"href":"https:\/\/lavras.tv\/site\/wp-json\/wp\/v2\/posts\/19912\/revisions"}],"predecessor-version":[{"id":19914,"href":"https:\/\/lavras.tv\/site\/wp-json\/wp\/v2\/posts\/19912\/revisions\/19914"}],"wp:featuredmedia":[{"embeddable":true,"href":"https:\/\/lavras.tv\/site\/wp-json\/wp\/v2\/media\/19913"}],"wp:attachment":[{"href":"https:\/\/lavras.tv\/site\/wp-json\/wp\/v2\/media?parent=19912"}],"wp:term":[{"taxonomy":"category","embeddable":true,"href":"https:\/\/lavras.tv\/site\/wp-json\/wp\/v2\/categories?post=19912"},{"taxonomy":"post_tag","embeddable":true,"href":"https:\/\/lavras.tv\/site\/wp-json\/wp\/v2\/tags?post=19912"}],"curies":[{"name":"wp","href":"https:\/\/api.w.org\/{rel}","templated":true}]}}