{"id":20037,"date":"2019-03-04T09:38:17","date_gmt":"2019-03-04T12:38:17","guid":{"rendered":"http:\/\/lavras.tv\/site\/?p=20037"},"modified":"2019-03-04T09:38:17","modified_gmt":"2019-03-04T12:38:17","slug":"papa-francisco-diz-que-politicos-sem-sabedoria-podem-prejudicar-toda-a-sociedade","status":"publish","type":"post","link":"https:\/\/lavras.tv\/site\/2019\/03\/04\/papa-francisco-diz-que-politicos-sem-sabedoria-podem-prejudicar-toda-a-sociedade\/","title":{"rendered":"Papa Francisco diz que pol\u00edticos sem sabedoria podem prejudicar toda a sociedade"},"content":{"rendered":"<div class=\"lavra-antes-do-conteudo_2\" id=\"lavra-1532658591\"><div id=\"lavra-slider-27\" class=\"custom-slider lavra-slider-4261759183 lavra-slider\"><ul><li><div style=\"margin-left: auto;margin-right: auto;text-align: center;\" id=\"lavra-46936530\"><a href=\"https:\/\/sistemas.lavras.mg.gov.br\/portalcidadao\/#df1b1a7c7b2a290bcb31e32771e610784662739a88807c0dacac58ede5f391a7530e299dc302d611ee73cb143fc22eaf93592e53e7b5bdb01b00a0b8d28dae460c141dd2ff83412e4dc1c31b16b25f33144a9e5620ea73b13f5bc1c59411d98439ad226e8af03840603796067d87afe130812cf3de24982d0e306f9e61e764e5\" aria-label=\"Lavras-TV&#8211;720x104px (1) (1)\"><img src=\"https:\/\/lavras.tv\/site\/wp-content\/uploads\/2025\/01\/Lavras-TV-720x104px-1-1.png\" alt=\"\"  srcset=\"https:\/\/lavras.tv\/site\/wp-content\/uploads\/2025\/01\/Lavras-TV-720x104px-1-1.png 720w, https:\/\/lavras.tv\/site\/wp-content\/uploads\/2025\/01\/Lavras-TV-720x104px-1-1-470x68.png 470w, https:\/\/lavras.tv\/site\/wp-content\/uploads\/2025\/01\/Lavras-TV-720x104px-1-1-170x25.png 170w, https:\/\/lavras.tv\/site\/wp-content\/uploads\/2025\/01\/Lavras-TV-720x104px-1-1-200x29.png 200w\" sizes=\"(max-width: 720px) 100vw, 720px\" width=\"720\" height=\"104\"  style=\"display: inline-block;\" \/><\/a><\/div><\/li><li><a href=\"https:\/\/sistemas.lavras.mg.gov.br\/portalcidadao\/#df1b1a7c7b2a290bcb31e32771e610784662739a88807c0dacac58ede5f391a7530e299dc302d611ee73cb143fc22eaf93592e53e7b5bdb01b00a0b8d28dae460c141dd2ff83412e4dc1c31b16b25f33144a9e5620ea73b13f5bc1c59411d98439ad226e8af03840603796067d87afe130812cf3de24982d0e306f9e61e764e5\" aria-label=\"Banner_Emprego_PortallavrasTV\"><img src=\"https:\/\/lavras.tv\/site\/wp-content\/uploads\/2025\/03\/Banner_Emprego_PortallavrasTV.png\" alt=\"\"  srcset=\"https:\/\/lavras.tv\/site\/wp-content\/uploads\/2025\/03\/Banner_Emprego_PortallavrasTV.png 720w, https:\/\/lavras.tv\/site\/wp-content\/uploads\/2025\/03\/Banner_Emprego_PortallavrasTV-470x68.png 470w, https:\/\/lavras.tv\/site\/wp-content\/uploads\/2025\/03\/Banner_Emprego_PortallavrasTV-170x25.png 170w, https:\/\/lavras.tv\/site\/wp-content\/uploads\/2025\/03\/Banner_Emprego_PortallavrasTV-200x29.png 200w\" sizes=\"(max-width: 720px) 100vw, 720px\" width=\"720\" height=\"104\"   \/><\/a><\/li><li><a href=\"https:\/\/sistemas.lavras.mg.gov.br\/portalcidadao\/#df1b1a7c7b2a290bcb31e32771e610784662739a88807c0dacac58ede5f391a7530e299dc302d611ee73cb143fc22eaf93592e53e7b5bdb01b00a0b8d28dae460c141dd2ff83412e4dc1c31b16b25f33144a9e5620ea73b13f5bc1c59411d98439ad226e8af03840603796067d87afe130812cf3de24982d0e306f9e61e764e5\" aria-label=\"Banner_Obras_PortallavrasTV\"><img src=\"https:\/\/lavras.tv\/site\/wp-content\/uploads\/2025\/03\/Banner_Obras_PortallavrasTV.png\" alt=\"\"  srcset=\"https:\/\/lavras.tv\/site\/wp-content\/uploads\/2025\/03\/Banner_Obras_PortallavrasTV.png 720w, https:\/\/lavras.tv\/site\/wp-content\/uploads\/2025\/03\/Banner_Obras_PortallavrasTV-470x68.png 470w, https:\/\/lavras.tv\/site\/wp-content\/uploads\/2025\/03\/Banner_Obras_PortallavrasTV-170x25.png 170w, https:\/\/lavras.tv\/site\/wp-content\/uploads\/2025\/03\/Banner_Obras_PortallavrasTV-200x29.png 200w\" sizes=\"(max-width: 720px) 100vw, 720px\" width=\"720\" height=\"104\"   \/><\/a><\/li><li><div style=\"margin-left: auto;margin-right: auto;text-align: center;\" id=\"lavra-2974148627\"><a href=\"https:\/\/sistemas.lavras.mg.gov.br\/portalcidadao\/#df1b1a7c7b2a290bcb31e32771e610784662739a88807c0dacac58ede5f391a7530e299dc302d611ee73cb143fc22eaf93592e53e7b5bdb01b00a0b8d28dae460c141dd2ff83412e4dc1c31b16b25f33144a9e5620ea73b13f5bc1c59411d98439ad226e8af03840603796067d87afe130812cf3de24982d0e306f9e61e764e5\" aria-label=\"Banner_Educa\u00e7\u00e3o_PortallavrasTV\"><img src=\"https:\/\/lavras.tv\/site\/wp-content\/uploads\/2025\/01\/Banner_Educacao_PortallavrasTV.png\" alt=\"\"  srcset=\"https:\/\/lavras.tv\/site\/wp-content\/uploads\/2025\/01\/Banner_Educacao_PortallavrasTV.png 720w, https:\/\/lavras.tv\/site\/wp-content\/uploads\/2025\/01\/Banner_Educacao_PortallavrasTV-470x68.png 470w, https:\/\/lavras.tv\/site\/wp-content\/uploads\/2025\/01\/Banner_Educacao_PortallavrasTV-170x25.png 170w, https:\/\/lavras.tv\/site\/wp-content\/uploads\/2025\/01\/Banner_Educacao_PortallavrasTV-200x29.png 200w\" sizes=\"(max-width: 720px) 100vw, 720px\" width=\"720\" height=\"104\"  style=\"display: inline-block;\" \/><\/a><\/div><\/li><li><a href=\"https:\/\/sistemas.lavras.mg.gov.br\/portalcidadao\/#df1b1a7c7b2a290bcb31e32771e610784662739a88807c0dacac58ede5f391a7530e299dc302d611ee73cb143fc22eaf93592e53e7b5bdb01b00a0b8d28dae460c141dd2ff83412e4dc1c31b16b25f33144a9e5620ea73b13f5bc1c59411d98439ad226e8af03840603796067d87afe130812cf3de24982d0e306f9e61e764e5\" aria-label=\"Banner_Sa\u00fade_PortallavrasTV\"><img src=\"https:\/\/lavras.tv\/site\/wp-content\/uploads\/2025\/03\/Banner_Saude_PortallavrasTV.png\" alt=\"\"  srcset=\"https:\/\/lavras.tv\/site\/wp-content\/uploads\/2025\/03\/Banner_Saude_PortallavrasTV.png 720w, https:\/\/lavras.tv\/site\/wp-content\/uploads\/2025\/03\/Banner_Saude_PortallavrasTV-470x68.png 470w, https:\/\/lavras.tv\/site\/wp-content\/uploads\/2025\/03\/Banner_Saude_PortallavrasTV-170x25.png 170w, https:\/\/lavras.tv\/site\/wp-content\/uploads\/2025\/03\/Banner_Saude_PortallavrasTV-200x29.png 200w\" sizes=\"(max-width: 720px) 100vw, 720px\" width=\"720\" height=\"104\"   \/><\/a><\/li><li><div id=\"lavra-2301274413\" style=\"width:720px;height:104px;background-color:#ddd;overflow:scroll;\">\n\t<strong>Sa\u00edda da depura\u00e7\u00e3o de an\u00fancios<\/strong>\n\t<br><br>\n\tO an\u00fancio n\u00e3o \u00e9 exibido na p\u00e1gina<br><br>post atual: Papa Francisco diz que pol\u00edticos sem sabedoria podem prejudicar toda a sociedade, ID: 20037<br><br><span style=\"color: red;\">O post atual n\u00e3o \u00e9 id\u00eantico ao post principal.<\/span><br><br>An\u00fancios: ROXO - TOPO INTERNA - ROTATIVO 2 (197)<br \/>Grupo de an\u00fancios: Princ_Meio01_720x104 (27)<br><br>Condi\u00e7\u00f5es de exibi\u00e7\u00e3o<div style=\"margin-bottom: 20px; white-space: pre-wrap; font-family: monospace; width: 100%; background: #ffe9e9;\"><strong>condi\u00e7\u00f5es gerais<\/strong><table border=\"1\"><thead><tr><th><\/th><th>An\u00fancios<\/th><th>wp_the_query<\/th><\/tr><\/thead><tr><td>is_main_query<\/td><td>1<\/td><td>1<\/td><\/tr><tr><td>is_rest_api<\/td><td>0<\/td><td>1<\/td><\/tr><tr><td>page<\/td><td>0<\/td><td>1<\/td><\/tr><tr><td>numpages<\/td><td>0<\/td><td>1<\/td><\/tr><tr><td>is_archive<\/td><td>1<\/td><td><\/td><\/tr><tr><td>is_search<\/td><td>1<\/td><td><\/td><\/tr><tr><td>is_home<\/td><td>1<\/td><td><\/td><\/tr><tr><td>is_404<\/td><td>1<\/td><td><\/td><\/tr><tr><td>is_attachment<\/td><td>1<\/td><td><\/td><\/tr><tr><td>is_singular<\/td><td>1<\/td><td><\/td><\/tr><tr><td>is_front_page<\/td><td>1<\/td><td><\/td><\/tr><tr><td>is_feed<\/td><td>1<\/td><td><\/td><\/tr><\/table><\/div><br><br><span style=\"color: red;\">Seu site usa HTTPS, mas o c\u00f3digo do an\u00fancio cont\u00e9m HTTP e pode n\u00e3o funcionar.<\/span>\t<br><br>\n\t<a style=\"color: green;\" href=\"https:\/\/wpadvancedads.com\/manual\/ad-debug-mode\/?utm_source=advanced-ads&utm_medium=link&utm_campaign=ad-debug-mode\" target=\"_blank\" rel=\"nofollow\">Encontre solu\u00e7\u00f5es no manual<\/a>\n<\/div>\n<\/li><\/ul><\/div><script>( window.advanced_ads_ready || jQuery( document ).ready ).call( null, function() {var $lavraslider4261759183 = jQuery( \".lavra-slider-4261759183\" );$lavraslider4261759183.on( \"unslider.ready\", function() { jQuery( \"div.custom-slider ul li\" ).css( \"display\", \"block\" ); });$lavraslider4261759183.unslider({ delay:4000, autoplay:true, nav:false, arrows:false, infinite:true });$lavraslider4261759183.on(\"mouseover\", function() {$lavraslider4261759183.unslider(\"stop\");}).on(\"mouseout\", function() {$lavraslider4261759183.unslider(\"start\");});});<\/script><\/div><p>O papa Francisco fez um alerta neste domingo dizendo que l\u00edderes, como pol\u00edticos, pastores, autoridades p\u00fablicas, professores e at\u00e9 mesmo os pais, precisam &#8220;ter sabedoria para guiar algu\u00e9m porque, caso contr\u00e1rio, correm risco de causar danos \u00e0s pessoas que confiam neles&#8221;. &#8220;Pode um homem cego guiar outro cego?&#8221;, questionou o Pont\u00edfice durante o Angelus, na pra\u00e7a S\u00e3o Pedro. Em seguida, o l\u00edder argentino respondeu falando que &#8220;um guia n\u00e3o pode ser cego, mas deve ver bem, estar consciente de seu papel delicado e sempre discernir o caminho certo para liderar pessoas&#8221;.<!--more--><\/p>\n<p>Ele ainda insistiu para que os fi\u00e9is evitem fofocas que podem prejudicar os outros e n\u00e3o sejam presun\u00e7osos e hip\u00f3critas. &#8220;Quem \u00e9 mau traz o mau fazendo o exerc\u00edcio mais prejudicial: murmurando&#8221;. &#8220;Isso destr\u00f3i fam\u00edlias, destr\u00f3i escola, destr\u00f3i empregos, destr\u00f3i o bairro, gera guerras&#8221;, explicou.<\/p>\n<p><img fetchpriority=\"high\" decoding=\"async\" class=\"alignnone size-full wp-image-20038 aligncenter\" src=\"http:\/\/lavras.tv\/site\/wp-content\/uploads\/2019\/03\/papap-francisco.jpg\" alt=\"papap francisco\" width=\"680\" height=\"378\" srcset=\"https:\/\/lavras.tv\/site\/wp-content\/uploads\/2019\/03\/papap-francisco.jpg 680w, https:\/\/lavras.tv\/site\/wp-content\/uploads\/2019\/03\/papap-francisco-150x83.jpg 150w, https:\/\/lavras.tv\/site\/wp-content\/uploads\/2019\/03\/papap-francisco-300x167.jpg 300w\" sizes=\"(max-width: 680px) 100vw, 680px\" \/><\/p>\n<p>&#8220;Por que voc\u00ea olha para o cisco no olho de seu irm\u00e3o e n\u00e3o se lembra do que est\u00e1 no seu?&#8221;, questionou Francisco ressaltando que &#8220;\u00e9 mais f\u00e1cil e confort\u00e1vel condenar os defeitos dos outros, sem ser capaz de se ver com a mesma lucidez&#8221;.<\/p>\n<p>O l\u00edder da Igreja Cat\u00f3lica lembrou que enquanto tentamos observar e corrigir as falhas do pr\u00f3ximo devemos recordar que tamb\u00e9m temos falhas. &#8220;Se eu n\u00e3o penso que tenho, eu n\u00e3o posso condenar ou corrigir os outros. Todos n\u00f3s temos defeitos e devemos estar cientes de que antes de condenar o pr\u00f3ximo, precisamos olhar para dentro de n\u00f3s mesmos&#8221;.<\/p>\n<p>Segundo o Papa, &#8220;\u00e9 sempre \u00fatil ajudar os outros com conselhos s\u00e1bios&#8221;, mas \u00e9 preciso ter discernimento, porque s\u00f3 assim &#8220;seremos cr\u00edveis, agiremos com humildade, testemunhando a caridade&#8221;. &#8220;N\u00e3o h\u00e1 \u00e1rvore boa que produz frutos ruins, nem \u00e1rvore ruim que produz bons frutos. De fato, cada \u00e1rvore \u00e9 reconhecida por seus frutos&#8221;, finalizou.<\/p>\n<p>Fonte: Itatiaia<\/p>\n","protected":false},"excerpt":{"rendered":"<p>O papa Francisco fez um alerta neste domingo dizendo que l\u00edderes, como pol\u00edticos, pastores, autoridades p\u00fablicas, professores e at\u00e9 mesmo os pais, precisam &#8220;ter sabedoria para guiar algu\u00e9m porque, caso contr\u00e1rio, correm risco de causar danos \u00e0s pessoas que confiam neles&#8221;. &#8220;Pode um homem cego guiar outro cego?&#8221;, questionou o Pont\u00edfice durante o Angelus, na [&hellip;]<\/p>\n","protected":false},"author":2,"featured_media":20038,"comment_status":"closed","ping_status":"open","sticky":false,"template":"","format":"standard","meta":{"advgb_blocks_editor_width":"","advgb_blocks_columns_visual_guide":"","_exactmetrics_skip_tracking":false,"_exactmetrics_sitenote_active":false,"_exactmetrics_sitenote_note":"","_exactmetrics_sitenote_category":0,"footnotes":""},"categories":[7,12],"tags":[4686,396],"class_list":["post-20037","post","type-post","status-publish","format-standard","has-post-thumbnail","hentry","category-destaques","category-politica","tag-papa-francisco","tag-politica"],"better_featured_image":{"id":20038,"alt_text":"","caption":"","description":"","media_type":"image","media_details":{"width":680,"height":378,"file":"2019\/03\/papap-francisco.jpg","sizes":{"thumbnail":{"file":"papap-francisco-150x83.jpg","width":150,"height":83,"mime-type":"image\/jpeg","source_url":"https:\/\/lavras.tv\/site\/wp-content\/uploads\/2019\/03\/papap-francisco-150x83.jpg"},"medium":{"file":"papap-francisco-300x167.jpg","width":300,"height":167,"mime-type":"image\/jpeg","source_url":"https:\/\/lavras.tv\/site\/wp-content\/uploads\/2019\/03\/papap-francisco-300x167.jpg"},"featured-slider-img":{"file":"papap-francisco-640x378.jpg","width":640,"height":378,"mime-type":"image\/jpeg","source_url":"https:\/\/lavras.tv\/site\/wp-content\/uploads\/2019\/03\/papap-francisco-640x378.jpg"},"featured-post-img":{"file":"papap-francisco-480x320.jpg","width":480,"height":320,"mime-type":"image\/jpeg","source_url":"https:\/\/lavras.tv\/site\/wp-content\/uploads\/2019\/03\/papap-francisco-480x320.jpg"},"sow-carousel-default":{"file":"papap-francisco-272x182.jpg","width":272,"height":182,"mime-type":"image\/jpeg","source_url":"https:\/\/lavras.tv\/site\/wp-content\/uploads\/2019\/03\/papap-francisco-272x182.jpg"}},"image_meta":{"aperture":"0","credit":"","camera":"","caption":"","created_timestamp":"0","copyright":"","focal_length":"0","iso":"0","shutter_speed":"0","title":"","orientation":"0","keywords":[]}},"post":20037,"source_url":"https:\/\/lavras.tv\/site\/wp-content\/uploads\/2019\/03\/papap-francisco.jpg"},"author_meta":{"display_name":"Lavras TV","author_link":"https:\/\/lavras.tv\/site\/author\/lavrastv\/"},"featured_img":"https:\/\/lavras.tv\/site\/wp-content\/uploads\/2019\/03\/papap-francisco-300x167.jpg","coauthors":[],"tax_additional":{"categories":{"linked":["<a href=\"https:\/\/lavras.tv\/site\/category\/destaques\/\" class=\"advgb-post-tax-term\">Destaques<\/a>","<a href=\"https:\/\/lavras.tv\/site\/category\/politica\/\" class=\"advgb-post-tax-term\">Pol\u00edtica<\/a>"],"unlinked":["<span class=\"advgb-post-tax-term\">Destaques<\/span>","<span class=\"advgb-post-tax-term\">Pol\u00edtica<\/span>"]},"tags":{"linked":["<a href=\"https:\/\/lavras.tv\/site\/category\/politica\/\" class=\"advgb-post-tax-term\">Papa Francisco<\/a>","<a href=\"https:\/\/lavras.tv\/site\/category\/politica\/\" class=\"advgb-post-tax-term\">pol\u00edtica<\/a>"],"unlinked":["<span class=\"advgb-post-tax-term\">Papa Francisco<\/span>","<span class=\"advgb-post-tax-term\">pol\u00edtica<\/span>"]}},"comment_count":"0","relative_dates":{"created":"Publicado 7 anos atr\u00e1s","modified":"Atualizado 7 anos atr\u00e1s"},"absolute_dates":{"created":"Publicado em 4 de mar\u00e7o de 2019","modified":"Atualizado em 4 de mar\u00e7o de 2019"},"absolute_dates_time":{"created":"Publicado em 4 de mar\u00e7o de 2019 09:38","modified":"Atualizado em 4 de mar\u00e7o de 2019 09:38"},"featured_img_caption":"","series_order":"","_links":{"self":[{"href":"https:\/\/lavras.tv\/site\/wp-json\/wp\/v2\/posts\/20037","targetHints":{"allow":["GET"]}}],"collection":[{"href":"https:\/\/lavras.tv\/site\/wp-json\/wp\/v2\/posts"}],"about":[{"href":"https:\/\/lavras.tv\/site\/wp-json\/wp\/v2\/types\/post"}],"author":[{"embeddable":true,"href":"https:\/\/lavras.tv\/site\/wp-json\/wp\/v2\/users\/2"}],"replies":[{"embeddable":true,"href":"https:\/\/lavras.tv\/site\/wp-json\/wp\/v2\/comments?post=20037"}],"version-history":[{"count":1,"href":"https:\/\/lavras.tv\/site\/wp-json\/wp\/v2\/posts\/20037\/revisions"}],"predecessor-version":[{"id":20039,"href":"https:\/\/lavras.tv\/site\/wp-json\/wp\/v2\/posts\/20037\/revisions\/20039"}],"wp:featuredmedia":[{"embeddable":true,"href":"https:\/\/lavras.tv\/site\/wp-json\/wp\/v2\/media\/20038"}],"wp:attachment":[{"href":"https:\/\/lavras.tv\/site\/wp-json\/wp\/v2\/media?parent=20037"}],"wp:term":[{"taxonomy":"category","embeddable":true,"href":"https:\/\/lavras.tv\/site\/wp-json\/wp\/v2\/categories?post=20037"},{"taxonomy":"post_tag","embeddable":true,"href":"https:\/\/lavras.tv\/site\/wp-json\/wp\/v2\/tags?post=20037"}],"curies":[{"name":"wp","href":"https:\/\/api.w.org\/{rel}","templated":true}]}}