{"id":20047,"date":"2019-03-05T10:50:51","date_gmt":"2019-03-05T13:50:51","guid":{"rendered":"http:\/\/lavras.tv\/site\/?p=20047"},"modified":"2019-03-05T10:50:51","modified_gmt":"2019-03-05T13:50:51","slug":"boneco-gigante-de-jair-bolsonaro-desfila-em-olinda-sob-vaias-e-chuva-de-latas","status":"publish","type":"post","link":"https:\/\/lavras.tv\/site\/2019\/03\/05\/boneco-gigante-de-jair-bolsonaro-desfila-em-olinda-sob-vaias-e-chuva-de-latas\/","title":{"rendered":"Boneco gigante de Jair Bolsonaro desfila em Olinda sob vaias e &#8216;chuva&#8217; de latas"},"content":{"rendered":"<div class=\"lavra-antes-do-conteudo_2\" id=\"lavra-3712804260\"><div id=\"lavra-slider-27\" class=\"custom-slider lavra-slider-3430236741 lavra-slider\"><ul><li><div style=\"margin-left: auto;margin-right: auto;text-align: center;\" id=\"lavra-2062757115\"><a href=\"https:\/\/sistemas.lavras.mg.gov.br\/portalcidadao\/#df1b1a7c7b2a290bcb31e32771e610784662739a88807c0dacac58ede5f391a7530e299dc302d611ee73cb143fc22eaf93592e53e7b5bdb01b00a0b8d28dae460c141dd2ff83412e4dc1c31b16b25f33144a9e5620ea73b13f5bc1c59411d98439ad226e8af03840603796067d87afe130812cf3de24982d0e306f9e61e764e5\" aria-label=\"Lavras-TV&#8211;720x104px (1) (1)\"><img src=\"https:\/\/lavras.tv\/site\/wp-content\/uploads\/2025\/01\/Lavras-TV-720x104px-1-1.png\" alt=\"\"  srcset=\"https:\/\/lavras.tv\/site\/wp-content\/uploads\/2025\/01\/Lavras-TV-720x104px-1-1.png 720w, https:\/\/lavras.tv\/site\/wp-content\/uploads\/2025\/01\/Lavras-TV-720x104px-1-1-470x68.png 470w, https:\/\/lavras.tv\/site\/wp-content\/uploads\/2025\/01\/Lavras-TV-720x104px-1-1-170x25.png 170w, https:\/\/lavras.tv\/site\/wp-content\/uploads\/2025\/01\/Lavras-TV-720x104px-1-1-200x29.png 200w\" sizes=\"(max-width: 720px) 100vw, 720px\" width=\"720\" height=\"104\"  style=\"display: inline-block;\" \/><\/a><\/div><\/li><li><a href=\"https:\/\/sistemas.lavras.mg.gov.br\/portalcidadao\/#df1b1a7c7b2a290bcb31e32771e610784662739a88807c0dacac58ede5f391a7530e299dc302d611ee73cb143fc22eaf93592e53e7b5bdb01b00a0b8d28dae460c141dd2ff83412e4dc1c31b16b25f33144a9e5620ea73b13f5bc1c59411d98439ad226e8af03840603796067d87afe130812cf3de24982d0e306f9e61e764e5\" aria-label=\"Banner_Emprego_PortallavrasTV\"><img src=\"https:\/\/lavras.tv\/site\/wp-content\/uploads\/2025\/03\/Banner_Emprego_PortallavrasTV.png\" alt=\"\"  srcset=\"https:\/\/lavras.tv\/site\/wp-content\/uploads\/2025\/03\/Banner_Emprego_PortallavrasTV.png 720w, https:\/\/lavras.tv\/site\/wp-content\/uploads\/2025\/03\/Banner_Emprego_PortallavrasTV-470x68.png 470w, https:\/\/lavras.tv\/site\/wp-content\/uploads\/2025\/03\/Banner_Emprego_PortallavrasTV-170x25.png 170w, https:\/\/lavras.tv\/site\/wp-content\/uploads\/2025\/03\/Banner_Emprego_PortallavrasTV-200x29.png 200w\" sizes=\"(max-width: 720px) 100vw, 720px\" width=\"720\" height=\"104\"   \/><\/a><\/li><li><a href=\"https:\/\/sistemas.lavras.mg.gov.br\/portalcidadao\/#df1b1a7c7b2a290bcb31e32771e610784662739a88807c0dacac58ede5f391a7530e299dc302d611ee73cb143fc22eaf93592e53e7b5bdb01b00a0b8d28dae460c141dd2ff83412e4dc1c31b16b25f33144a9e5620ea73b13f5bc1c59411d98439ad226e8af03840603796067d87afe130812cf3de24982d0e306f9e61e764e5\" aria-label=\"Banner_Obras_PortallavrasTV\"><img src=\"https:\/\/lavras.tv\/site\/wp-content\/uploads\/2025\/03\/Banner_Obras_PortallavrasTV.png\" alt=\"\"  srcset=\"https:\/\/lavras.tv\/site\/wp-content\/uploads\/2025\/03\/Banner_Obras_PortallavrasTV.png 720w, https:\/\/lavras.tv\/site\/wp-content\/uploads\/2025\/03\/Banner_Obras_PortallavrasTV-470x68.png 470w, https:\/\/lavras.tv\/site\/wp-content\/uploads\/2025\/03\/Banner_Obras_PortallavrasTV-170x25.png 170w, https:\/\/lavras.tv\/site\/wp-content\/uploads\/2025\/03\/Banner_Obras_PortallavrasTV-200x29.png 200w\" sizes=\"(max-width: 720px) 100vw, 720px\" width=\"720\" height=\"104\"   \/><\/a><\/li><li><div style=\"margin-left: auto;margin-right: auto;text-align: center;\" id=\"lavra-2307801490\"><a href=\"https:\/\/sistemas.lavras.mg.gov.br\/portalcidadao\/#df1b1a7c7b2a290bcb31e32771e610784662739a88807c0dacac58ede5f391a7530e299dc302d611ee73cb143fc22eaf93592e53e7b5bdb01b00a0b8d28dae460c141dd2ff83412e4dc1c31b16b25f33144a9e5620ea73b13f5bc1c59411d98439ad226e8af03840603796067d87afe130812cf3de24982d0e306f9e61e764e5\" aria-label=\"Banner_Educa\u00e7\u00e3o_PortallavrasTV\"><img src=\"https:\/\/lavras.tv\/site\/wp-content\/uploads\/2025\/01\/Banner_Educacao_PortallavrasTV.png\" alt=\"\"  srcset=\"https:\/\/lavras.tv\/site\/wp-content\/uploads\/2025\/01\/Banner_Educacao_PortallavrasTV.png 720w, https:\/\/lavras.tv\/site\/wp-content\/uploads\/2025\/01\/Banner_Educacao_PortallavrasTV-470x68.png 470w, https:\/\/lavras.tv\/site\/wp-content\/uploads\/2025\/01\/Banner_Educacao_PortallavrasTV-170x25.png 170w, https:\/\/lavras.tv\/site\/wp-content\/uploads\/2025\/01\/Banner_Educacao_PortallavrasTV-200x29.png 200w\" sizes=\"(max-width: 720px) 100vw, 720px\" width=\"720\" height=\"104\"  style=\"display: inline-block;\" \/><\/a><\/div><\/li><li><a href=\"https:\/\/sistemas.lavras.mg.gov.br\/portalcidadao\/#df1b1a7c7b2a290bcb31e32771e610784662739a88807c0dacac58ede5f391a7530e299dc302d611ee73cb143fc22eaf93592e53e7b5bdb01b00a0b8d28dae460c141dd2ff83412e4dc1c31b16b25f33144a9e5620ea73b13f5bc1c59411d98439ad226e8af03840603796067d87afe130812cf3de24982d0e306f9e61e764e5\" aria-label=\"Banner_Sa\u00fade_PortallavrasTV\"><img src=\"https:\/\/lavras.tv\/site\/wp-content\/uploads\/2025\/03\/Banner_Saude_PortallavrasTV.png\" alt=\"\"  srcset=\"https:\/\/lavras.tv\/site\/wp-content\/uploads\/2025\/03\/Banner_Saude_PortallavrasTV.png 720w, https:\/\/lavras.tv\/site\/wp-content\/uploads\/2025\/03\/Banner_Saude_PortallavrasTV-470x68.png 470w, https:\/\/lavras.tv\/site\/wp-content\/uploads\/2025\/03\/Banner_Saude_PortallavrasTV-170x25.png 170w, https:\/\/lavras.tv\/site\/wp-content\/uploads\/2025\/03\/Banner_Saude_PortallavrasTV-200x29.png 200w\" sizes=\"(max-width: 720px) 100vw, 720px\" width=\"720\" height=\"104\"   \/><\/a><\/li><li><div id=\"lavra-1101578354\" style=\"width:720px;height:104px;background-color:#ddd;overflow:scroll;\">\n\t<strong>Sa\u00edda da depura\u00e7\u00e3o de an\u00fancios<\/strong>\n\t<br><br>\n\tO an\u00fancio n\u00e3o \u00e9 exibido na p\u00e1gina<br><br>post atual: Boneco gigante de Jair Bolsonaro desfila em Olinda sob vaias e 'chuva' de latas, ID: 20047<br><br><span style=\"color: red;\">O post atual n\u00e3o \u00e9 id\u00eantico ao post principal.<\/span><br><br>An\u00fancios: ROXO - TOPO INTERNA - ROTATIVO 2 (197)<br \/>Grupo de an\u00fancios: Princ_Meio01_720x104 (27)<br><br>Condi\u00e7\u00f5es de exibi\u00e7\u00e3o<div style=\"margin-bottom: 20px; white-space: pre-wrap; font-family: monospace; width: 100%; background: #ffe9e9;\"><strong>condi\u00e7\u00f5es gerais<\/strong><table border=\"1\"><thead><tr><th><\/th><th>An\u00fancios<\/th><th>wp_the_query<\/th><\/tr><\/thead><tr><td>is_main_query<\/td><td>1<\/td><td>1<\/td><\/tr><tr><td>is_rest_api<\/td><td>0<\/td><td>1<\/td><\/tr><tr><td>page<\/td><td>0<\/td><td>1<\/td><\/tr><tr><td>numpages<\/td><td>0<\/td><td>1<\/td><\/tr><tr><td>is_archive<\/td><td>1<\/td><td><\/td><\/tr><tr><td>is_search<\/td><td>1<\/td><td><\/td><\/tr><tr><td>is_home<\/td><td>1<\/td><td><\/td><\/tr><tr><td>is_404<\/td><td>1<\/td><td><\/td><\/tr><tr><td>is_attachment<\/td><td>1<\/td><td><\/td><\/tr><tr><td>is_singular<\/td><td>1<\/td><td><\/td><\/tr><tr><td>is_front_page<\/td><td>1<\/td><td><\/td><\/tr><tr><td>is_feed<\/td><td>1<\/td><td><\/td><\/tr><\/table><\/div><br><br><span style=\"color: red;\">Seu site usa HTTPS, mas o c\u00f3digo do an\u00fancio cont\u00e9m HTTP e pode n\u00e3o funcionar.<\/span>\t<br><br>\n\t<a style=\"color: green;\" href=\"https:\/\/wpadvancedads.com\/manual\/ad-debug-mode\/?utm_source=advanced-ads&utm_medium=link&utm_campaign=ad-debug-mode\" target=\"_blank\" rel=\"nofollow\">Encontre solu\u00e7\u00f5es no manual<\/a>\n<\/div>\n<\/li><\/ul><\/div><script>( window.advanced_ads_ready || jQuery( document ).ready ).call( null, function() {var $lavraslider3430236741 = jQuery( \".lavra-slider-3430236741\" );$lavraslider3430236741.on( \"unslider.ready\", function() { jQuery( \"div.custom-slider ul li\" ).css( \"display\", \"block\" ); });$lavraslider3430236741.unslider({ delay:4000, autoplay:true, nav:false, arrows:false, infinite:true });$lavraslider3430236741.on(\"mouseover\", function() {$lavraslider3430236741.unslider(\"stop\");}).on(\"mouseout\", function() {$lavraslider3430236741.unslider(\"start\");});});<\/script><\/div><p>Nem mesmo o esquema refor\u00e7ado de seguran\u00e7a evitou que os bonecos gigantes representando o presidente Jair Bolsonaro e a primeira-dama Michelle fossem alvo de vaias e uma &#8220;chuva&#8221; de latas de cerveja, refrigerante e at\u00e9 pedras de gelo, na manh\u00e3 desta segunda-feira durante o tradicional desfile pelas ladeiras de Olinda.\u00a0<!--more--><\/p>\n<p>At\u00e9 poucos minutos antes da festa, que anualmente arrasta milhares de foli\u00f5es, representantes da Embaixada dos Bonecos Gigantes, respons\u00e1vel pela organiza\u00e7\u00e3o do evento, n\u00e3o tinham confirmado a participa\u00e7\u00e3o do &#8220;casal Bolsonaro&#8221;. Durante toda a concentra\u00e7\u00e3o, os bonecos ficaram cobertos com panos pretos.\u00a0 Durante o trajeto, os foli\u00f5es vaiavam e atiravam latas e gelo no boneco de Bolsonaro. &#8220;Ai, ai, ai\u2026 Bolsonaro \u00e9 o c&#8230;&#8221;, cantava o p\u00fablico. Em alguns dos momentos de maior exalta\u00e7\u00e3o, na tentativa de conter a rea\u00e7\u00e3o popular, a PM interveio para dar apoio aos seguran\u00e7as particulares contratados pelos organizadores.<\/p>\n<figure id=\"attachment_20048\" aria-describedby=\"caption-attachment-20048\" style=\"width: 840px\" class=\"wp-caption aligncenter\"><img fetchpriority=\"high\" decoding=\"async\" class=\"size-full wp-image-20048\" src=\"http:\/\/lavras.tv\/site\/wp-content\/uploads\/2019\/03\/boneco-bolsonaro.jpg\" alt=\" Foto: ADEMAR FILHO\/FUTURA PRESS\" width=\"840\" height=\"531\" srcset=\"https:\/\/lavras.tv\/site\/wp-content\/uploads\/2019\/03\/boneco-bolsonaro.jpg 840w, https:\/\/lavras.tv\/site\/wp-content\/uploads\/2019\/03\/boneco-bolsonaro-150x95.jpg 150w, https:\/\/lavras.tv\/site\/wp-content\/uploads\/2019\/03\/boneco-bolsonaro-300x190.jpg 300w\" sizes=\"(max-width: 840px) 100vw, 840px\" \/><figcaption id=\"caption-attachment-20048\" class=\"wp-caption-text\">Foto: ADEMAR FILHO\/FUTURA PRESS<\/figcaption><\/figure>\n<p>De acordo com foli\u00f5es que acompanhavam o bloco, em pelo menos duas ocasi\u00f5es, a PM lan\u00e7ou spray de pimenta no p\u00fablico.\u00a0O arquiteto Jo\u00e3o Freitas, 50, reprovou a presen\u00e7a dos calungas da fam\u00edlia Bolsonaro no desfile. &#8220;Achei uma bobagem a organiza\u00e7\u00e3o insistir em colocar os bonecos do presidente e da primeira-dama para desfilar. Todo mundo que conhece o carnaval de Olinda sabe que ele n\u00e3o \u00e9 bem-vindo na festa, que sempre teve um car\u00e1ter de cr\u00edtica pol\u00edtica muito forte. Acabou criando uma tens\u00e3o desnecess\u00e1ria&#8221;, afirmou.<\/p>\n<p>J\u00e1 a pedagoga L\u00eddia Soares, 41, aprovou os novatos. &#8220;O carnaval das ladeiras de Olinda \u00e9 democr\u00e1tico. N\u00e3o tem porqu\u00ea proibir nada. A rea\u00e7\u00e3o do p\u00fablico deixou claro que aqui n\u00e3o tem espa\u00e7o para Bolsonaro, mas o boneco s\u00f3 fez animar ainda mais a festa&#8221;, contou.<\/p>\n<p>Fone: Itatiaia<\/p>\n","protected":false},"excerpt":{"rendered":"<p>Nem mesmo o esquema refor\u00e7ado de seguran\u00e7a evitou que os bonecos gigantes representando o presidente Jair Bolsonaro e a primeira-dama Michelle fossem alvo de vaias e uma &#8220;chuva&#8221; de latas de cerveja, refrigerante e at\u00e9 pedras de gelo, na manh\u00e3 desta segunda-feira durante o tradicional desfile pelas ladeiras de Olinda.\u00a0<\/p>\n","protected":false},"author":2,"featured_media":20048,"comment_status":"closed","ping_status":"open","sticky":false,"template":"","format":"standard","meta":{"advgb_blocks_editor_width":"","advgb_blocks_columns_visual_guide":"","_exactmetrics_skip_tracking":false,"_exactmetrics_sitenote_active":false,"_exactmetrics_sitenote_note":"","_exactmetrics_sitenote_category":0,"footnotes":""},"categories":[7,12],"tags":[5619,2441,5246,5620,5618],"class_list":["post-20047","post","type-post","status-publish","format-standard","has-post-thumbnail","hentry","category-destaques","category-politica","tag-bonecao-de-olinda","tag-carnaval","tag-jair-bolsonaro","tag-michele-bolsonaro","tag-olinda"],"better_featured_image":{"id":20048,"alt_text":"","caption":" Foto: ADEMAR FILHO\/FUTURA PRESS","description":"","media_type":"image","media_details":{"width":840,"height":531,"file":"2019\/03\/boneco-bolsonaro.jpg","sizes":{"thumbnail":{"file":"boneco-bolsonaro-150x95.jpg","width":150,"height":95,"mime-type":"image\/jpeg","source_url":"https:\/\/lavras.tv\/site\/wp-content\/uploads\/2019\/03\/boneco-bolsonaro-150x95.jpg"},"medium":{"file":"boneco-bolsonaro-300x190.jpg","width":300,"height":190,"mime-type":"image\/jpeg","source_url":"https:\/\/lavras.tv\/site\/wp-content\/uploads\/2019\/03\/boneco-bolsonaro-300x190.jpg"},"featured-slider-img":{"file":"boneco-bolsonaro-640x480.jpg","width":640,"height":480,"mime-type":"image\/jpeg","source_url":"https:\/\/lavras.tv\/site\/wp-content\/uploads\/2019\/03\/boneco-bolsonaro-640x480.jpg"},"featured-post-img":{"file":"boneco-bolsonaro-480x320.jpg","width":480,"height":320,"mime-type":"image\/jpeg","source_url":"https:\/\/lavras.tv\/site\/wp-content\/uploads\/2019\/03\/boneco-bolsonaro-480x320.jpg"},"sow-carousel-default":{"file":"boneco-bolsonaro-272x182.jpg","width":272,"height":182,"mime-type":"image\/jpeg","source_url":"https:\/\/lavras.tv\/site\/wp-content\/uploads\/2019\/03\/boneco-bolsonaro-272x182.jpg"}},"image_meta":{"aperture":"5.6","credit":"ESTAD\u00c3O CONTE\u00daDO","camera":"NIKON D7200","caption":"PE - CARNAVAL-BONECOS-GIGANTES - GERAL - Desfile de Bonecos Gigantes no S\u00edtio Hist\u00f3rico de Olinda (PE), nesta segunda-feira (4). A concentra\u00e7\u00e3o acontece no Alto da S\u00e9, seguido de desfile pelas ladeiras de toda cidade alta. 04\/03\/2019 - Foto: ADEMAR FILHO\/FUTURA PRESS\/FUTURA PRESS\/ESTAD\u00c3O CONTE\u00daDO","created_timestamp":"1551695220","copyright":"Copyright \u00a9 Ag\u00eancia Estado. Todos os direitos reservados","focal_length":"35","iso":"100","shutter_speed":"0.004","title":"DESFILE DE BONECOS GIGANTES NO S\u00cdTIO HIST\u00d3RICO DE OLINDA.","orientation":"0","keywords":[]}},"post":20047,"source_url":"https:\/\/lavras.tv\/site\/wp-content\/uploads\/2019\/03\/boneco-bolsonaro.jpg"},"author_meta":{"display_name":"Lavras TV","author_link":"https:\/\/lavras.tv\/site\/author\/lavrastv\/"},"featured_img":"https:\/\/lavras.tv\/site\/wp-content\/uploads\/2019\/03\/boneco-bolsonaro-300x190.jpg","coauthors":[],"tax_additional":{"categories":{"linked":["<a href=\"https:\/\/lavras.tv\/site\/category\/destaques\/\" class=\"advgb-post-tax-term\">Destaques<\/a>","<a href=\"https:\/\/lavras.tv\/site\/category\/politica\/\" class=\"advgb-post-tax-term\">Pol\u00edtica<\/a>"],"unlinked":["<span class=\"advgb-post-tax-term\">Destaques<\/span>","<span class=\"advgb-post-tax-term\">Pol\u00edtica<\/span>"]},"tags":{"linked":["<a href=\"https:\/\/lavras.tv\/site\/category\/politica\/\" class=\"advgb-post-tax-term\">bonec\u00e3o de Olinda<\/a>","<a href=\"https:\/\/lavras.tv\/site\/category\/politica\/\" class=\"advgb-post-tax-term\">carnaval<\/a>","<a href=\"https:\/\/lavras.tv\/site\/category\/politica\/\" class=\"advgb-post-tax-term\">jair bolsonaro<\/a>","<a href=\"https:\/\/lavras.tv\/site\/category\/politica\/\" class=\"advgb-post-tax-term\">Michele Bolsonaro<\/a>","<a href=\"https:\/\/lavras.tv\/site\/category\/politica\/\" class=\"advgb-post-tax-term\">Olinda<\/a>"],"unlinked":["<span class=\"advgb-post-tax-term\">bonec\u00e3o de Olinda<\/span>","<span class=\"advgb-post-tax-term\">carnaval<\/span>","<span class=\"advgb-post-tax-term\">jair bolsonaro<\/span>","<span class=\"advgb-post-tax-term\">Michele Bolsonaro<\/span>","<span class=\"advgb-post-tax-term\">Olinda<\/span>"]}},"comment_count":"0","relative_dates":{"created":"Publicado 7 anos atr\u00e1s","modified":"Atualizado 7 anos atr\u00e1s"},"absolute_dates":{"created":"Publicado em 5 de mar\u00e7o de 2019","modified":"Atualizado em 5 de mar\u00e7o de 2019"},"absolute_dates_time":{"created":"Publicado em 5 de mar\u00e7o de 2019 10:50","modified":"Atualizado em 5 de mar\u00e7o de 2019 10:50"},"featured_img_caption":" Foto: ADEMAR FILHO\/FUTURA PRESS","series_order":"","_links":{"self":[{"href":"https:\/\/lavras.tv\/site\/wp-json\/wp\/v2\/posts\/20047","targetHints":{"allow":["GET"]}}],"collection":[{"href":"https:\/\/lavras.tv\/site\/wp-json\/wp\/v2\/posts"}],"about":[{"href":"https:\/\/lavras.tv\/site\/wp-json\/wp\/v2\/types\/post"}],"author":[{"embeddable":true,"href":"https:\/\/lavras.tv\/site\/wp-json\/wp\/v2\/users\/2"}],"replies":[{"embeddable":true,"href":"https:\/\/lavras.tv\/site\/wp-json\/wp\/v2\/comments?post=20047"}],"version-history":[{"count":1,"href":"https:\/\/lavras.tv\/site\/wp-json\/wp\/v2\/posts\/20047\/revisions"}],"predecessor-version":[{"id":20049,"href":"https:\/\/lavras.tv\/site\/wp-json\/wp\/v2\/posts\/20047\/revisions\/20049"}],"wp:featuredmedia":[{"embeddable":true,"href":"https:\/\/lavras.tv\/site\/wp-json\/wp\/v2\/media\/20048"}],"wp:attachment":[{"href":"https:\/\/lavras.tv\/site\/wp-json\/wp\/v2\/media?parent=20047"}],"wp:term":[{"taxonomy":"category","embeddable":true,"href":"https:\/\/lavras.tv\/site\/wp-json\/wp\/v2\/categories?post=20047"},{"taxonomy":"post_tag","embeddable":true,"href":"https:\/\/lavras.tv\/site\/wp-json\/wp\/v2\/tags?post=20047"}],"curies":[{"name":"wp","href":"https:\/\/api.w.org\/{rel}","templated":true}]}}