{"id":20126,"date":"2019-03-12T08:16:35","date_gmt":"2019-03-12T11:16:35","guid":{"rendered":"http:\/\/lavras.tv\/site\/?p=20126"},"modified":"2019-03-12T08:16:35","modified_gmt":"2019-03-12T11:16:35","slug":"projeto-que-reduz-o-numero-de-vereadores-em-lavras-e-reprovado-na-camara-veja-os-votos","status":"publish","type":"post","link":"https:\/\/lavras.tv\/site\/2019\/03\/12\/projeto-que-reduz-o-numero-de-vereadores-em-lavras-e-reprovado-na-camara-veja-os-votos\/","title":{"rendered":"Projeto que reduz o n\u00famero de vereadores em Lavras \u00e9 reprovado na C\u00e2mara &#8211; veja os votos"},"content":{"rendered":"<div class=\"lavra-antes-do-conteudo_2\" id=\"lavra-1847489828\"><div id=\"lavra-slider-27\" class=\"custom-slider lavra-slider-4051260490 lavra-slider\"><ul><li><div style=\"margin-left: auto;margin-right: auto;text-align: center;\" id=\"lavra-322289145\"><a href=\"https:\/\/sistemas.lavras.mg.gov.br\/portalcidadao\/#df1b1a7c7b2a290bcb31e32771e610784662739a88807c0dacac58ede5f391a7530e299dc302d611ee73cb143fc22eaf93592e53e7b5bdb01b00a0b8d28dae460c141dd2ff83412e4dc1c31b16b25f33144a9e5620ea73b13f5bc1c59411d98439ad226e8af03840603796067d87afe130812cf3de24982d0e306f9e61e764e5\" aria-label=\"Lavras-TV&#8211;720x104px (1) (1)\"><img src=\"https:\/\/lavras.tv\/site\/wp-content\/uploads\/2025\/01\/Lavras-TV-720x104px-1-1.png\" alt=\"\"  srcset=\"https:\/\/lavras.tv\/site\/wp-content\/uploads\/2025\/01\/Lavras-TV-720x104px-1-1.png 720w, https:\/\/lavras.tv\/site\/wp-content\/uploads\/2025\/01\/Lavras-TV-720x104px-1-1-470x68.png 470w, https:\/\/lavras.tv\/site\/wp-content\/uploads\/2025\/01\/Lavras-TV-720x104px-1-1-170x25.png 170w, https:\/\/lavras.tv\/site\/wp-content\/uploads\/2025\/01\/Lavras-TV-720x104px-1-1-200x29.png 200w\" sizes=\"(max-width: 720px) 100vw, 720px\" width=\"720\" height=\"104\"  style=\"display: inline-block;\" \/><\/a><\/div><\/li><li><a href=\"https:\/\/sistemas.lavras.mg.gov.br\/portalcidadao\/#df1b1a7c7b2a290bcb31e32771e610784662739a88807c0dacac58ede5f391a7530e299dc302d611ee73cb143fc22eaf93592e53e7b5bdb01b00a0b8d28dae460c141dd2ff83412e4dc1c31b16b25f33144a9e5620ea73b13f5bc1c59411d98439ad226e8af03840603796067d87afe130812cf3de24982d0e306f9e61e764e5\" aria-label=\"Banner_Emprego_PortallavrasTV\"><img src=\"https:\/\/lavras.tv\/site\/wp-content\/uploads\/2025\/03\/Banner_Emprego_PortallavrasTV.png\" alt=\"\"  srcset=\"https:\/\/lavras.tv\/site\/wp-content\/uploads\/2025\/03\/Banner_Emprego_PortallavrasTV.png 720w, https:\/\/lavras.tv\/site\/wp-content\/uploads\/2025\/03\/Banner_Emprego_PortallavrasTV-470x68.png 470w, https:\/\/lavras.tv\/site\/wp-content\/uploads\/2025\/03\/Banner_Emprego_PortallavrasTV-170x25.png 170w, https:\/\/lavras.tv\/site\/wp-content\/uploads\/2025\/03\/Banner_Emprego_PortallavrasTV-200x29.png 200w\" sizes=\"(max-width: 720px) 100vw, 720px\" width=\"720\" height=\"104\"   \/><\/a><\/li><li><a href=\"https:\/\/sistemas.lavras.mg.gov.br\/portalcidadao\/#df1b1a7c7b2a290bcb31e32771e610784662739a88807c0dacac58ede5f391a7530e299dc302d611ee73cb143fc22eaf93592e53e7b5bdb01b00a0b8d28dae460c141dd2ff83412e4dc1c31b16b25f33144a9e5620ea73b13f5bc1c59411d98439ad226e8af03840603796067d87afe130812cf3de24982d0e306f9e61e764e5\" aria-label=\"Banner_Obras_PortallavrasTV\"><img src=\"https:\/\/lavras.tv\/site\/wp-content\/uploads\/2025\/03\/Banner_Obras_PortallavrasTV.png\" alt=\"\"  srcset=\"https:\/\/lavras.tv\/site\/wp-content\/uploads\/2025\/03\/Banner_Obras_PortallavrasTV.png 720w, https:\/\/lavras.tv\/site\/wp-content\/uploads\/2025\/03\/Banner_Obras_PortallavrasTV-470x68.png 470w, https:\/\/lavras.tv\/site\/wp-content\/uploads\/2025\/03\/Banner_Obras_PortallavrasTV-170x25.png 170w, https:\/\/lavras.tv\/site\/wp-content\/uploads\/2025\/03\/Banner_Obras_PortallavrasTV-200x29.png 200w\" sizes=\"(max-width: 720px) 100vw, 720px\" width=\"720\" height=\"104\"   \/><\/a><\/li><li><div style=\"margin-left: auto;margin-right: auto;text-align: center;\" id=\"lavra-2484218317\"><a href=\"https:\/\/sistemas.lavras.mg.gov.br\/portalcidadao\/#df1b1a7c7b2a290bcb31e32771e610784662739a88807c0dacac58ede5f391a7530e299dc302d611ee73cb143fc22eaf93592e53e7b5bdb01b00a0b8d28dae460c141dd2ff83412e4dc1c31b16b25f33144a9e5620ea73b13f5bc1c59411d98439ad226e8af03840603796067d87afe130812cf3de24982d0e306f9e61e764e5\" aria-label=\"Banner_Educa\u00e7\u00e3o_PortallavrasTV\"><img src=\"https:\/\/lavras.tv\/site\/wp-content\/uploads\/2025\/01\/Banner_Educacao_PortallavrasTV.png\" alt=\"\"  srcset=\"https:\/\/lavras.tv\/site\/wp-content\/uploads\/2025\/01\/Banner_Educacao_PortallavrasTV.png 720w, https:\/\/lavras.tv\/site\/wp-content\/uploads\/2025\/01\/Banner_Educacao_PortallavrasTV-470x68.png 470w, https:\/\/lavras.tv\/site\/wp-content\/uploads\/2025\/01\/Banner_Educacao_PortallavrasTV-170x25.png 170w, https:\/\/lavras.tv\/site\/wp-content\/uploads\/2025\/01\/Banner_Educacao_PortallavrasTV-200x29.png 200w\" sizes=\"(max-width: 720px) 100vw, 720px\" width=\"720\" height=\"104\"  style=\"display: inline-block;\" \/><\/a><\/div><\/li><li><a href=\"https:\/\/sistemas.lavras.mg.gov.br\/portalcidadao\/#df1b1a7c7b2a290bcb31e32771e610784662739a88807c0dacac58ede5f391a7530e299dc302d611ee73cb143fc22eaf93592e53e7b5bdb01b00a0b8d28dae460c141dd2ff83412e4dc1c31b16b25f33144a9e5620ea73b13f5bc1c59411d98439ad226e8af03840603796067d87afe130812cf3de24982d0e306f9e61e764e5\" aria-label=\"Banner_Sa\u00fade_PortallavrasTV\"><img src=\"https:\/\/lavras.tv\/site\/wp-content\/uploads\/2025\/03\/Banner_Saude_PortallavrasTV.png\" alt=\"\"  srcset=\"https:\/\/lavras.tv\/site\/wp-content\/uploads\/2025\/03\/Banner_Saude_PortallavrasTV.png 720w, https:\/\/lavras.tv\/site\/wp-content\/uploads\/2025\/03\/Banner_Saude_PortallavrasTV-470x68.png 470w, https:\/\/lavras.tv\/site\/wp-content\/uploads\/2025\/03\/Banner_Saude_PortallavrasTV-170x25.png 170w, https:\/\/lavras.tv\/site\/wp-content\/uploads\/2025\/03\/Banner_Saude_PortallavrasTV-200x29.png 200w\" sizes=\"(max-width: 720px) 100vw, 720px\" width=\"720\" height=\"104\"   \/><\/a><\/li><li><div id=\"lavra-1643984208\" style=\"width:720px;height:104px;background-color:#ddd;overflow:scroll;\">\n\t<strong>Sa\u00edda da depura\u00e7\u00e3o de an\u00fancios<\/strong>\n\t<br><br>\n\tO an\u00fancio n\u00e3o \u00e9 exibido na p\u00e1gina<br><br>post atual: Projeto que reduz o n\u00famero de vereadores em Lavras \u00e9 reprovado na C\u00e2mara - veja os votos, ID: 20126<br><br><span style=\"color: red;\">O post atual n\u00e3o \u00e9 id\u00eantico ao post principal.<\/span><br><br>An\u00fancios: ROXO - TOPO INTERNA - ROTATIVO 2 (197)<br \/>Grupo de an\u00fancios: Princ_Meio01_720x104 (27)<br><br>Condi\u00e7\u00f5es de exibi\u00e7\u00e3o<div style=\"margin-bottom: 20px; white-space: pre-wrap; font-family: monospace; width: 100%; background: #ffe9e9;\"><strong>condi\u00e7\u00f5es gerais<\/strong><table border=\"1\"><thead><tr><th><\/th><th>An\u00fancios<\/th><th>wp_the_query<\/th><\/tr><\/thead><tr><td>is_main_query<\/td><td>1<\/td><td>1<\/td><\/tr><tr><td>is_rest_api<\/td><td>0<\/td><td>1<\/td><\/tr><tr><td>page<\/td><td>0<\/td><td>1<\/td><\/tr><tr><td>numpages<\/td><td>0<\/td><td>1<\/td><\/tr><tr><td>is_archive<\/td><td>1<\/td><td><\/td><\/tr><tr><td>is_search<\/td><td>1<\/td><td><\/td><\/tr><tr><td>is_home<\/td><td>1<\/td><td><\/td><\/tr><tr><td>is_404<\/td><td>1<\/td><td><\/td><\/tr><tr><td>is_attachment<\/td><td>1<\/td><td><\/td><\/tr><tr><td>is_singular<\/td><td>1<\/td><td><\/td><\/tr><tr><td>is_front_page<\/td><td>1<\/td><td><\/td><\/tr><tr><td>is_feed<\/td><td>1<\/td><td><\/td><\/tr><\/table><\/div><br><br><span style=\"color: red;\">Seu site usa HTTPS, mas o c\u00f3digo do an\u00fancio cont\u00e9m HTTP e pode n\u00e3o funcionar.<\/span>\t<br><br>\n\t<a style=\"color: green;\" href=\"https:\/\/wpadvancedads.com\/manual\/ad-debug-mode\/?utm_source=advanced-ads&utm_medium=link&utm_campaign=ad-debug-mode\" target=\"_blank\" rel=\"nofollow\">Encontre solu\u00e7\u00f5es no manual<\/a>\n<\/div>\n<\/li><\/ul><\/div><script>( window.advanced_ads_ready || jQuery( document ).ready ).call( null, function() {var $lavraslider4051260490 = jQuery( \".lavra-slider-4051260490\" );$lavraslider4051260490.on( \"unslider.ready\", function() { jQuery( \"div.custom-slider ul li\" ).css( \"display\", \"block\" ); });$lavraslider4051260490.unslider({ delay:4000, autoplay:true, nav:false, arrows:false, infinite:true });$lavraslider4051260490.on(\"mouseover\", function() {$lavraslider4051260490.unslider(\"stop\");}).on(\"mouseout\", function() {$lavraslider4051260490.unslider(\"start\");});});<\/script><\/div><p>Na reuni\u00e3o desta segunda-feira, dia 11, os vereadores de Lavras reprovaram um projeto de Lei que pede a redu\u00e7\u00e3o do n\u00famero de vereadores\u00a0na cidade, dos atuais 17 para 13, a partir de 2021.\u00a0<!--more-->O texto, de autoria da vereadora Cristiane Costa e assinado por outros parlamentares, j\u00e1 vem sendo discutido desde o ano passado e retornou \u00e0 pauta de 2019. A reuni\u00e3o foi marcada por muitos discursos e pol\u00eamicas. A vereadora Nanah Ferreira, que tamb\u00e9m anunciou apoio ao projeto em 2018, apresentou uma emenda, mudando a redu\u00e7\u00e3o para 15 vereadores. O texto apresentado por ela tamb\u00e9m n\u00e3o foi aprovado.<\/p>\n<p><img fetchpriority=\"high\" decoding=\"async\" class=\"alignnone size-full wp-image-20127 aligncenter\" src=\"http:\/\/lavras.tv\/site\/wp-content\/uploads\/2019\/03\/redu\u00e7\u00e3o.jpg\" alt=\"redu\u00e7\u00e3o\" width=\"960\" height=\"452\" srcset=\"https:\/\/lavras.tv\/site\/wp-content\/uploads\/2019\/03\/redu\u00e7\u00e3o.jpg 960w, https:\/\/lavras.tv\/site\/wp-content\/uploads\/2019\/03\/redu\u00e7\u00e3o-150x71.jpg 150w, https:\/\/lavras.tv\/site\/wp-content\/uploads\/2019\/03\/redu\u00e7\u00e3o-300x141.jpg 300w\" sizes=\"(max-width: 960px) 100vw, 960px\" \/><\/p>\n<p>Durante a vota\u00e7\u00e3o, os vereadores se justificaram e um grupo, que j\u00e1 tinha se comprometido com a aprova\u00e7\u00e3o, mudou o voto. A autora do projeto chegou a apresentar um v\u00eddeo com imagens de sess\u00f5es anteriores da C\u00e2mara, onde cada parlamentar se comprometia a apoiar a iniciativa, que tamb\u00e9m teve grande repercuss\u00e3o nas ruas de Lavras.<\/p>\n<p>Agora, outro projeto como este, de redu\u00e7\u00e3o no n\u00famero de cadeiras da C\u00e2mara de Lavras, s\u00f3 pode ser apresentado em 2020. Um outro projeto, da vereadora Nanah, ainda est\u00e1 tramitando na casa e pede a redu\u00e7\u00e3o dos sal\u00e1rios dos vereadores, mas segue sem previs\u00e3o de entrar na pauta de vota\u00e7\u00e3o, pois est\u00e1 sendo analisado pelas comiss\u00f5es.<\/p>\n<p>Votaram a favor da redu\u00e7\u00e3o do numero de vereadores: Cristiane Costa, Nanah Ferreira, Cel. Claret, Dr. Sebasti\u00e3o, Carlos Lindomar, Dr. Alessandro, Marcos Possato e \u00canio Mendes.<\/p>\n<p>Votaram contra a redu\u00e7\u00e3o: Daia Protetora, Lila, Toninho do Raio X e Bira.<\/p>\n<p>Votaram pela absten\u00e7\u00e3o: Jo\u00e3o Paulo Felizardo, Ti Ailton, Dr, Matusal\u00e9m, Peterson e Mestre Grilo.<\/p>\n<p>&nbsp;<\/p>\n","protected":false},"excerpt":{"rendered":"<p>Na reuni\u00e3o desta segunda-feira, dia 11, os vereadores de Lavras reprovaram um projeto de Lei que pede a redu\u00e7\u00e3o do n\u00famero de vereadores\u00a0na cidade, dos atuais 17 para 13, a partir de 2021.\u00a0<\/p>\n","protected":false},"author":2,"featured_media":20127,"comment_status":"closed","ping_status":"open","sticky":false,"template":"","format":"standard","meta":{"advgb_blocks_editor_width":"","advgb_blocks_columns_visual_guide":"","_exactmetrics_skip_tracking":false,"_exactmetrics_sitenote_active":false,"_exactmetrics_sitenote_note":"","_exactmetrics_sitenote_category":0,"footnotes":""},"categories":[7,12],"tags":[1398,34,5383],"class_list":["post-20126","post","type-post","status-publish","format-standard","has-post-thumbnail","hentry","category-destaques","category-politica","tag-camara-municipal","tag-lavras","tag-reducao-de-vereadores"],"better_featured_image":{"id":20127,"alt_text":"","caption":"","description":"","media_type":"image","media_details":{"width":960,"height":452,"file":"2019\/03\/redu\u00e7\u00e3o.jpg","sizes":{"thumbnail":{"file":"redu\u00e7\u00e3o-150x71.jpg","width":150,"height":71,"mime-type":"image\/jpeg","source_url":"https:\/\/lavras.tv\/site\/wp-content\/uploads\/2019\/03\/redu\u00e7\u00e3o-150x71.jpg"},"medium":{"file":"redu\u00e7\u00e3o-300x141.jpg","width":300,"height":141,"mime-type":"image\/jpeg","source_url":"https:\/\/lavras.tv\/site\/wp-content\/uploads\/2019\/03\/redu\u00e7\u00e3o-300x141.jpg"},"featured-slider-img":{"file":"redu\u00e7\u00e3o-640x452.jpg","width":640,"height":452,"mime-type":"image\/jpeg","source_url":"https:\/\/lavras.tv\/site\/wp-content\/uploads\/2019\/03\/redu\u00e7\u00e3o-640x452.jpg"},"featured-post-img":{"file":"redu\u00e7\u00e3o-480x320.jpg","width":480,"height":320,"mime-type":"image\/jpeg","source_url":"https:\/\/lavras.tv\/site\/wp-content\/uploads\/2019\/03\/redu\u00e7\u00e3o-480x320.jpg"},"sow-carousel-default":{"file":"redu\u00e7\u00e3o-272x182.jpg","width":272,"height":182,"mime-type":"image\/jpeg","source_url":"https:\/\/lavras.tv\/site\/wp-content\/uploads\/2019\/03\/redu\u00e7\u00e3o-272x182.jpg"}},"image_meta":{"aperture":"0","credit":"","camera":"","caption":"","created_timestamp":"0","copyright":"","focal_length":"0","iso":"0","shutter_speed":"0","title":"","orientation":"0","keywords":[]}},"post":20126,"source_url":"https:\/\/lavras.tv\/site\/wp-content\/uploads\/2019\/03\/redu\u00e7\u00e3o.jpg"},"author_meta":{"display_name":"Lavras TV","author_link":"https:\/\/lavras.tv\/site\/author\/lavrastv\/"},"featured_img":"https:\/\/lavras.tv\/site\/wp-content\/uploads\/2019\/03\/redu\u00e7\u00e3o-300x141.jpg","coauthors":[],"tax_additional":{"categories":{"linked":["<a href=\"https:\/\/lavras.tv\/site\/category\/destaques\/\" class=\"advgb-post-tax-term\">Destaques<\/a>","<a href=\"https:\/\/lavras.tv\/site\/category\/politica\/\" class=\"advgb-post-tax-term\">Pol\u00edtica<\/a>"],"unlinked":["<span class=\"advgb-post-tax-term\">Destaques<\/span>","<span class=\"advgb-post-tax-term\">Pol\u00edtica<\/span>"]},"tags":{"linked":["<a href=\"https:\/\/lavras.tv\/site\/category\/politica\/\" class=\"advgb-post-tax-term\">C\u00e2mara municipal<\/a>","<a href=\"https:\/\/lavras.tv\/site\/category\/politica\/\" class=\"advgb-post-tax-term\">lavras<\/a>","<a href=\"https:\/\/lavras.tv\/site\/category\/politica\/\" class=\"advgb-post-tax-term\">redu\u00e7\u00e3o de vereadores<\/a>"],"unlinked":["<span class=\"advgb-post-tax-term\">C\u00e2mara municipal<\/span>","<span class=\"advgb-post-tax-term\">lavras<\/span>","<span class=\"advgb-post-tax-term\">redu\u00e7\u00e3o de vereadores<\/span>"]}},"comment_count":"0","relative_dates":{"created":"Publicado 7 anos atr\u00e1s","modified":"Atualizado 7 anos atr\u00e1s"},"absolute_dates":{"created":"Publicado em 12 de mar\u00e7o de 2019","modified":"Atualizado em 12 de mar\u00e7o de 2019"},"absolute_dates_time":{"created":"Publicado em 12 de mar\u00e7o de 2019 08:16","modified":"Atualizado em 12 de mar\u00e7o de 2019 08:16"},"featured_img_caption":"","series_order":"","_links":{"self":[{"href":"https:\/\/lavras.tv\/site\/wp-json\/wp\/v2\/posts\/20126","targetHints":{"allow":["GET"]}}],"collection":[{"href":"https:\/\/lavras.tv\/site\/wp-json\/wp\/v2\/posts"}],"about":[{"href":"https:\/\/lavras.tv\/site\/wp-json\/wp\/v2\/types\/post"}],"author":[{"embeddable":true,"href":"https:\/\/lavras.tv\/site\/wp-json\/wp\/v2\/users\/2"}],"replies":[{"embeddable":true,"href":"https:\/\/lavras.tv\/site\/wp-json\/wp\/v2\/comments?post=20126"}],"version-history":[{"count":1,"href":"https:\/\/lavras.tv\/site\/wp-json\/wp\/v2\/posts\/20126\/revisions"}],"predecessor-version":[{"id":20128,"href":"https:\/\/lavras.tv\/site\/wp-json\/wp\/v2\/posts\/20126\/revisions\/20128"}],"wp:featuredmedia":[{"embeddable":true,"href":"https:\/\/lavras.tv\/site\/wp-json\/wp\/v2\/media\/20127"}],"wp:attachment":[{"href":"https:\/\/lavras.tv\/site\/wp-json\/wp\/v2\/media?parent=20126"}],"wp:term":[{"taxonomy":"category","embeddable":true,"href":"https:\/\/lavras.tv\/site\/wp-json\/wp\/v2\/categories?post=20126"},{"taxonomy":"post_tag","embeddable":true,"href":"https:\/\/lavras.tv\/site\/wp-json\/wp\/v2\/tags?post=20126"}],"curies":[{"name":"wp","href":"https:\/\/api.w.org\/{rel}","templated":true}]}}