{"id":20133,"date":"2019-03-12T08:50:29","date_gmt":"2019-03-12T11:50:29","guid":{"rendered":"http:\/\/lavras.tv\/site\/?p=20133"},"modified":"2019-03-12T08:50:29","modified_gmt":"2019-03-12T11:50:29","slug":"governo-de-minas-abre-primeiras-inscricoes-para-preencher-vagas-de-chefia-salario-chega-a-r-19-mil","status":"publish","type":"post","link":"https:\/\/lavras.tv\/site\/2019\/03\/12\/governo-de-minas-abre-primeiras-inscricoes-para-preencher-vagas-de-chefia-salario-chega-a-r-19-mil\/","title":{"rendered":"Governo de Minas abre primeiras inscri\u00e7\u00f5es para preencher vagas de chefia; sal\u00e1rio chega a R$ 19 mil"},"content":{"rendered":"<div class=\"lavra-antes-do-conteudo_2\" id=\"lavra-1160538709\"><div id=\"lavra-slider-27\" class=\"custom-slider lavra-slider-3115758387 lavra-slider\"><ul><li><div style=\"margin-left: auto;margin-right: auto;text-align: center;\" id=\"lavra-1530133463\"><a href=\"https:\/\/sistemas.lavras.mg.gov.br\/portalcidadao\/#df1b1a7c7b2a290bcb31e32771e610784662739a88807c0dacac58ede5f391a7530e299dc302d611ee73cb143fc22eaf93592e53e7b5bdb01b00a0b8d28dae460c141dd2ff83412e4dc1c31b16b25f33144a9e5620ea73b13f5bc1c59411d98439ad226e8af03840603796067d87afe130812cf3de24982d0e306f9e61e764e5\" aria-label=\"Lavras-TV&#8211;720x104px (1) (1)\"><img src=\"https:\/\/lavras.tv\/site\/wp-content\/uploads\/2025\/01\/Lavras-TV-720x104px-1-1.png\" alt=\"\"  srcset=\"https:\/\/lavras.tv\/site\/wp-content\/uploads\/2025\/01\/Lavras-TV-720x104px-1-1.png 720w, https:\/\/lavras.tv\/site\/wp-content\/uploads\/2025\/01\/Lavras-TV-720x104px-1-1-470x68.png 470w, https:\/\/lavras.tv\/site\/wp-content\/uploads\/2025\/01\/Lavras-TV-720x104px-1-1-170x25.png 170w, https:\/\/lavras.tv\/site\/wp-content\/uploads\/2025\/01\/Lavras-TV-720x104px-1-1-200x29.png 200w\" sizes=\"(max-width: 720px) 100vw, 720px\" width=\"720\" height=\"104\"  style=\"display: inline-block;\" \/><\/a><\/div><\/li><li><a href=\"https:\/\/sistemas.lavras.mg.gov.br\/portalcidadao\/#df1b1a7c7b2a290bcb31e32771e610784662739a88807c0dacac58ede5f391a7530e299dc302d611ee73cb143fc22eaf93592e53e7b5bdb01b00a0b8d28dae460c141dd2ff83412e4dc1c31b16b25f33144a9e5620ea73b13f5bc1c59411d98439ad226e8af03840603796067d87afe130812cf3de24982d0e306f9e61e764e5\" aria-label=\"Banner_Emprego_PortallavrasTV\"><img src=\"https:\/\/lavras.tv\/site\/wp-content\/uploads\/2025\/03\/Banner_Emprego_PortallavrasTV.png\" alt=\"\"  srcset=\"https:\/\/lavras.tv\/site\/wp-content\/uploads\/2025\/03\/Banner_Emprego_PortallavrasTV.png 720w, https:\/\/lavras.tv\/site\/wp-content\/uploads\/2025\/03\/Banner_Emprego_PortallavrasTV-470x68.png 470w, https:\/\/lavras.tv\/site\/wp-content\/uploads\/2025\/03\/Banner_Emprego_PortallavrasTV-170x25.png 170w, https:\/\/lavras.tv\/site\/wp-content\/uploads\/2025\/03\/Banner_Emprego_PortallavrasTV-200x29.png 200w\" sizes=\"(max-width: 720px) 100vw, 720px\" width=\"720\" height=\"104\"   \/><\/a><\/li><li><a href=\"https:\/\/sistemas.lavras.mg.gov.br\/portalcidadao\/#df1b1a7c7b2a290bcb31e32771e610784662739a88807c0dacac58ede5f391a7530e299dc302d611ee73cb143fc22eaf93592e53e7b5bdb01b00a0b8d28dae460c141dd2ff83412e4dc1c31b16b25f33144a9e5620ea73b13f5bc1c59411d98439ad226e8af03840603796067d87afe130812cf3de24982d0e306f9e61e764e5\" aria-label=\"Banner_Obras_PortallavrasTV\"><img src=\"https:\/\/lavras.tv\/site\/wp-content\/uploads\/2025\/03\/Banner_Obras_PortallavrasTV.png\" alt=\"\"  srcset=\"https:\/\/lavras.tv\/site\/wp-content\/uploads\/2025\/03\/Banner_Obras_PortallavrasTV.png 720w, https:\/\/lavras.tv\/site\/wp-content\/uploads\/2025\/03\/Banner_Obras_PortallavrasTV-470x68.png 470w, https:\/\/lavras.tv\/site\/wp-content\/uploads\/2025\/03\/Banner_Obras_PortallavrasTV-170x25.png 170w, https:\/\/lavras.tv\/site\/wp-content\/uploads\/2025\/03\/Banner_Obras_PortallavrasTV-200x29.png 200w\" sizes=\"(max-width: 720px) 100vw, 720px\" width=\"720\" height=\"104\"   \/><\/a><\/li><li><div style=\"margin-left: auto;margin-right: auto;text-align: center;\" id=\"lavra-376354184\"><a href=\"https:\/\/sistemas.lavras.mg.gov.br\/portalcidadao\/#df1b1a7c7b2a290bcb31e32771e610784662739a88807c0dacac58ede5f391a7530e299dc302d611ee73cb143fc22eaf93592e53e7b5bdb01b00a0b8d28dae460c141dd2ff83412e4dc1c31b16b25f33144a9e5620ea73b13f5bc1c59411d98439ad226e8af03840603796067d87afe130812cf3de24982d0e306f9e61e764e5\" aria-label=\"Banner_Educa\u00e7\u00e3o_PortallavrasTV\"><img src=\"https:\/\/lavras.tv\/site\/wp-content\/uploads\/2025\/01\/Banner_Educacao_PortallavrasTV.png\" alt=\"\"  srcset=\"https:\/\/lavras.tv\/site\/wp-content\/uploads\/2025\/01\/Banner_Educacao_PortallavrasTV.png 720w, https:\/\/lavras.tv\/site\/wp-content\/uploads\/2025\/01\/Banner_Educacao_PortallavrasTV-470x68.png 470w, https:\/\/lavras.tv\/site\/wp-content\/uploads\/2025\/01\/Banner_Educacao_PortallavrasTV-170x25.png 170w, https:\/\/lavras.tv\/site\/wp-content\/uploads\/2025\/01\/Banner_Educacao_PortallavrasTV-200x29.png 200w\" sizes=\"(max-width: 720px) 100vw, 720px\" width=\"720\" height=\"104\"  style=\"display: inline-block;\" \/><\/a><\/div><\/li><li><a href=\"https:\/\/sistemas.lavras.mg.gov.br\/portalcidadao\/#df1b1a7c7b2a290bcb31e32771e610784662739a88807c0dacac58ede5f391a7530e299dc302d611ee73cb143fc22eaf93592e53e7b5bdb01b00a0b8d28dae460c141dd2ff83412e4dc1c31b16b25f33144a9e5620ea73b13f5bc1c59411d98439ad226e8af03840603796067d87afe130812cf3de24982d0e306f9e61e764e5\" aria-label=\"Banner_Sa\u00fade_PortallavrasTV\"><img src=\"https:\/\/lavras.tv\/site\/wp-content\/uploads\/2025\/03\/Banner_Saude_PortallavrasTV.png\" alt=\"\"  srcset=\"https:\/\/lavras.tv\/site\/wp-content\/uploads\/2025\/03\/Banner_Saude_PortallavrasTV.png 720w, https:\/\/lavras.tv\/site\/wp-content\/uploads\/2025\/03\/Banner_Saude_PortallavrasTV-470x68.png 470w, https:\/\/lavras.tv\/site\/wp-content\/uploads\/2025\/03\/Banner_Saude_PortallavrasTV-170x25.png 170w, https:\/\/lavras.tv\/site\/wp-content\/uploads\/2025\/03\/Banner_Saude_PortallavrasTV-200x29.png 200w\" sizes=\"(max-width: 720px) 100vw, 720px\" width=\"720\" height=\"104\"   \/><\/a><\/li><li><div id=\"lavra-1280385042\" style=\"width:720px;height:104px;background-color:#ddd;overflow:scroll;\">\n\t<strong>Sa\u00edda da depura\u00e7\u00e3o de an\u00fancios<\/strong>\n\t<br><br>\n\tO an\u00fancio n\u00e3o \u00e9 exibido na p\u00e1gina<br><br>post atual: Governo de Minas abre primeiras inscri\u00e7\u00f5es para preencher vagas de chefia; sal\u00e1rio chega a R$ 19 mil, ID: 20133<br><br><span style=\"color: red;\">O post atual n\u00e3o \u00e9 id\u00eantico ao post principal.<\/span><br><br>An\u00fancios: ROXO - TOPO INTERNA - ROTATIVO 2 (197)<br \/>Grupo de an\u00fancios: Princ_Meio01_720x104 (27)<br><br>Condi\u00e7\u00f5es de exibi\u00e7\u00e3o<div style=\"margin-bottom: 20px; white-space: pre-wrap; font-family: monospace; width: 100%; background: #ffe9e9;\"><strong>condi\u00e7\u00f5es gerais<\/strong><table border=\"1\"><thead><tr><th><\/th><th>An\u00fancios<\/th><th>wp_the_query<\/th><\/tr><\/thead><tr><td>is_main_query<\/td><td>1<\/td><td>1<\/td><\/tr><tr><td>is_rest_api<\/td><td>0<\/td><td>1<\/td><\/tr><tr><td>page<\/td><td>0<\/td><td>1<\/td><\/tr><tr><td>numpages<\/td><td>0<\/td><td>1<\/td><\/tr><tr><td>is_archive<\/td><td>1<\/td><td><\/td><\/tr><tr><td>is_search<\/td><td>1<\/td><td><\/td><\/tr><tr><td>is_home<\/td><td>1<\/td><td><\/td><\/tr><tr><td>is_404<\/td><td>1<\/td><td><\/td><\/tr><tr><td>is_attachment<\/td><td>1<\/td><td><\/td><\/tr><tr><td>is_singular<\/td><td>1<\/td><td><\/td><\/tr><tr><td>is_front_page<\/td><td>1<\/td><td><\/td><\/tr><tr><td>is_feed<\/td><td>1<\/td><td><\/td><\/tr><\/table><\/div><br><br><span style=\"color: red;\">Seu site usa HTTPS, mas o c\u00f3digo do an\u00fancio cont\u00e9m HTTP e pode n\u00e3o funcionar.<\/span>\t<br><br>\n\t<a style=\"color: green;\" href=\"https:\/\/wpadvancedads.com\/manual\/ad-debug-mode\/?utm_source=advanced-ads&utm_medium=link&utm_campaign=ad-debug-mode\" target=\"_blank\" rel=\"nofollow\">Encontre solu\u00e7\u00f5es no manual<\/a>\n<\/div>\n<\/li><\/ul><\/div><script>( window.advanced_ads_ready || jQuery( document ).ready ).call( null, function() {var $lavraslider3115758387 = jQuery( \".lavra-slider-3115758387\" );$lavraslider3115758387.on( \"unslider.ready\", function() { jQuery( \"div.custom-slider ul li\" ).css( \"display\", \"block\" ); });$lavraslider3115758387.unslider({ delay:4000, autoplay:true, nav:false, arrows:false, infinite:true });$lavraslider3115758387.on(\"mouseover\", function() {$lavraslider3115758387.unslider(\"stop\");}).on(\"mouseout\", function() {$lavraslider3115758387.unslider(\"start\");});});<\/script><\/div><p>O Governo de Minas come\u00e7ou, nesta segunda-feira (11), o processo de sele\u00e7\u00e3o para recrutar 500 profissionais que v\u00e3o trabalhar em cargos de chefia, dire\u00e7\u00e3o e superintend\u00eancia. Neste primeiro dia do programa Transforma Minas, criado para fazer o recrutamento, foram divulgados quatro cargos.<\/p>\n<p>S\u00e3o eles: Subcontrolador de Governo Aberto, Corregedor-Geral, Subsecret\u00e1rio da Receita Estadual e Superintendente de Prote\u00e7\u00e3o Social B\u00e1sica. A remunera\u00e7\u00e3o varia de R$ 6.600 a R$ 19 mil. As inscri\u00e7\u00f5es podem ser feitas no site\u00a0<a href=\"http:\/\/www.transformaminas.mg.gov.br\/\" target=\"_blank\">www.transformaminas.mg.gov.br<\/a>\u00a0e os prazos variam conforme o cargo.<\/p>\n<p>No total, ser\u00e3o abertas cerca de 300 vagas na administra\u00e7\u00e3o direta e outras 200 na administra\u00e7\u00e3o indireta. De acordo com a Secretaria de Planejamento e Gest\u00e3o (Seplag), novas vagas ser\u00e3o lan\u00e7adas nos pr\u00f3ximos dias. Por isso, os interessados devem acessar diariamente o site do programa e acompanhar as vagas.<\/p>\n<p>Qualquer pessoa que preencha os pr\u00e9-requisitos e as compet\u00eancias exigidas em cada fun\u00e7\u00e3o pode participar do processo de sele\u00e7\u00e3o. As exce\u00e7\u00f5es ficam por conta de algumas posi\u00e7\u00f5es, como as Superintend\u00eancias Regionais de Ensino, que devem ser preenchidas necessariamente por servidores p\u00fablicos efetivos &#8211; ativos ou inativos das carreiras p\u00fablicas da Educa\u00e7\u00e3o.<\/p>\n<figure id=\"attachment_13423\" aria-describedby=\"caption-attachment-13423\" style=\"width: 556px\" class=\"wp-caption aligncenter\"><img fetchpriority=\"high\" decoding=\"async\" class=\"size-full wp-image-13423\" src=\"http:\/\/lavras.tv\/site\/wp-content\/uploads\/2017\/11\/tiradentes-minas-gerais-governo.jpg\" alt=\"Todos os cargos s\u00e3o para trabalhar na Cidade Administrativa, em BH\" width=\"556\" height=\"370\" srcset=\"https:\/\/lavras.tv\/site\/wp-content\/uploads\/2017\/11\/tiradentes-minas-gerais-governo.jpg 556w, https:\/\/lavras.tv\/site\/wp-content\/uploads\/2017\/11\/tiradentes-minas-gerais-governo-150x100.jpg 150w, https:\/\/lavras.tv\/site\/wp-content\/uploads\/2017\/11\/tiradentes-minas-gerais-governo-300x200.jpg 300w, https:\/\/lavras.tv\/site\/wp-content\/uploads\/2017\/11\/tiradentes-minas-gerais-governo-480x320.jpg 480w, https:\/\/lavras.tv\/site\/wp-content\/uploads\/2017\/11\/tiradentes-minas-gerais-governo-272x182.jpg 272w\" sizes=\"(max-width: 556px) 100vw, 556px\" \/><figcaption id=\"caption-attachment-13423\" class=\"wp-caption-text\">Todos os cargos s\u00e3o para trabalhar na Cidade Administrativa, em BH<\/figcaption><\/figure>\n<p>Veja a descri\u00e7\u00e3o dos cargos dispon\u00edveis nesta segunda-feira:<\/p>\n<ul>\n<li><strong>Controladoria Geral do Estado (CGE)<\/strong><\/li>\n<\/ul>\n<p><strong>Subcontrolador de Governo Aberto<\/strong><br \/>\nInscri\u00e7\u00f5es at\u00e9: 12 de abril<br \/>\nRemunera\u00e7\u00e3o: R$ 9 mil<br \/>\nCarga hor\u00e1ria: 40 horas semanais, preferencialmente entre 7h e 19h<br \/>\n<a href=\"https:\/\/www.mg.gov.br\/sites\/default\/files\/transformaminas\/2019\/0978uipo12\/Descri%C3%A7%C3%A3o%20-%20Subcontrolador%20de%20Governo%20Aberto.pdf\" target=\"_blank\">Clique aqui<\/a>\u00a0para ter mais detalhes da vaga e fazer inscri\u00e7\u00e3o<\/p>\n<p><strong>Corregedor-Geral<\/strong><br \/>\nInscri\u00e7\u00f5es at\u00e9: 12 de abril<br \/>\nRemunera\u00e7\u00e3o: R$ 9 mil<br \/>\nCarga hor\u00e1ria: 40 horas semanais, preferencialmente entre 7h e 19h<br \/>\n<a href=\"https:\/\/www.mg.gov.br\/sites\/default\/files\/transformaminas\/2019\/0978uipo12\/Descri%C3%A7%C3%A3o%20-%20Corregedor-Geral.pdf\" target=\"_blank\">Clique aqui<\/a>\u00a0para ter mais detalhes da vaga e fazer inscri\u00e7\u00e3o<\/p>\n<ul>\n<li><strong>Secretaria de Estado de Fazenda &#8211; SEF<\/strong><\/li>\n<\/ul>\n<p><strong>Subsecret\u00e1rio da Receita Estadual<\/strong><br \/>\nInscri\u00e7\u00f5es at\u00e9: 19 de abril<br \/>\nRemunera\u00e7\u00e3o: R$ 19 mil<br \/>\nCarga hor\u00e1ria: 40 horas semanais, preferencialmente entre 8h e 18h30<br \/>\n<a href=\"https:\/\/www.mg.gov.br\/sites\/default\/files\/transformaminas\/2019\/0978uipo12\/Descri%C3%A7%C3%A3o%20-%20Subsecret%C3%A1rio%20da%20Receita%20Estadual.pdf\" target=\"_blank\">Clique aqui<\/a>\u00a0para ter mais detalhes da vaga e fazer inscri\u00e7\u00e3o<\/p>\n<ul>\n<li><strong>Secretaria de Estado de Trabalho e Desenvolvimento Social &#8211; SEDESE<\/strong><\/li>\n<\/ul>\n<p><strong>Superintendente de Prote\u00e7\u00e3o Social B\u00e1sica<\/strong><br \/>\nInscri\u00e7\u00f5es at\u00e9: 19 de abril<br \/>\nRemunera\u00e7\u00e3o: R$ 6.600 + R$ 1 mil de gratifica\u00e7\u00e3o<br \/>\nBenef\u00edcio: vale-refei\u00e7\u00e3o de R$ 47 por dia \u00fatil<br \/>\nCarga hor\u00e1ria: 40 horas semanais, preferencialmente entre 7h e 19h<br \/>\n<a href=\"https:\/\/www.mg.gov.br\/sites\/default\/files\/transformaminas\/2019\/0978uipo12\/Descri%C3%A7%C3%A3o%20-%20Superintendente%20de%20Prote%C3%A7%C3%A3o%20Social%20B%C3%A1sica.pdf\" target=\"_blank\">Clique aqui<\/a>\u00a0para ter mais detalhes da vaga e fazer inscri\u00e7\u00e3o<\/p>\n<p>O processo seletivo foi anunciado na sexta-feira (8), quando o Estado informou que as vagas t\u00eam remunera\u00e7\u00e3o que variam de R$ 7 mil a R$ 20 mil. Al\u00e9m dos 500 cargos\u00a0e ap\u00f3s a aprova\u00e7\u00e3o da reforma administrativa, a quantidade de vagas pode aumentar e ultrapassar os 700.<\/p>\n<p>As etapas de sele\u00e7\u00e3o v\u00e3o variar de acordo com cada vaga, podendo envolver, al\u00e9m da an\u00e1lise curricular, entrevista por compet\u00eancias, entrevista com especialistas, teste de perfil, dentre outras.<\/p>\n<p><strong>Cargo por m\u00e9rito<\/strong><\/p>\n<p>O secret\u00e1rio de Estado de Planejamento e Gest\u00e3o, Otto Levy, declarou\u00a0que o Transforma Minas dar\u00e1 continuidade ao processo que se iniciou com a sele\u00e7\u00e3o dos secret\u00e1rios. &#8220;A gente pretende selecionar lideran\u00e7as em grande escala para o governo. N\u00e3o estamos falando de uma ou duas posi\u00e7\u00f5es, mas de um n\u00famero significativo de posi\u00e7\u00f5es que consiga\u00a0fazer a diferen\u00e7a na administra\u00e7\u00e3o do Estado. Nosso objeto \u00e9 escolher as melhores pessoas para aprimorar a gest\u00e3o do Estado e, cada vez mais, profissionaliz\u00e1-la, criando crit\u00e9rios objetivos de meritocracia&#8221;, afirmou Levy.<\/p>\n<p>Em nota, o governador Romeu Zema (Novo) refor\u00e7ou que pretende escolher os melhores profissionais para os postos de lideran\u00e7a e ger\u00eancia no governo. &#8220;Vamos dar mais transpar\u00eancia \u00e0s decis\u00f5es e desenvolver um modelo diferente de gest\u00e3o p\u00fablica, baseado nos resultados e na cont\u00ednua presta\u00e7\u00e3o de contas \u00e0 sociedade&#8221;, afirma.<\/p>\n<p>Fonte: Hoje em Dia<\/p>\n","protected":false},"excerpt":{"rendered":"<p>O Governo de Minas come\u00e7ou, nesta segunda-feira (11), o processo de sele\u00e7\u00e3o para recrutar 500 profissionais que v\u00e3o trabalhar em cargos de chefia, dire\u00e7\u00e3o e superintend\u00eancia. Neste primeiro dia do programa Transforma Minas, criado para fazer o recrutamento, foram divulgados quatro cargos. S\u00e3o eles: Subcontrolador de Governo Aberto, Corregedor-Geral, Subsecret\u00e1rio da Receita Estadual e Superintendente [&hellip;]<\/p>\n","protected":false},"author":2,"featured_media":13423,"comment_status":"closed","ping_status":"open","sticky":false,"template":"","format":"standard","meta":{"advgb_blocks_editor_width":"","advgb_blocks_columns_visual_guide":"","_exactmetrics_skip_tracking":false,"_exactmetrics_sitenote_active":false,"_exactmetrics_sitenote_note":"","_exactmetrics_sitenote_category":0,"footnotes":""},"categories":[7,12],"tags":[964,5632,1361],"class_list":["post-20133","post","type-post","status-publish","format-standard","has-post-thumbnail","hentry","category-destaques","category-politica","tag-governo-de-minas-gerais","tag-transforma-minas","tag-vagas"],"better_featured_image":{"id":13423,"alt_text":"","caption":"Todos os cargos s\u00e3o para trabalhar na Cidade Administrativa, em BH","description":"","media_type":"image","media_details":{"width":556,"height":370,"file":"2017\/11\/tiradentes-minas-gerais-governo.jpg","sizes":{"thumbnail":{"file":"tiradentes-minas-gerais-governo-150x100.jpg","width":150,"height":100,"mime-type":"image\/jpeg","source_url":"https:\/\/lavras.tv\/site\/wp-content\/uploads\/2017\/11\/tiradentes-minas-gerais-governo-150x100.jpg"},"medium":{"file":"tiradentes-minas-gerais-governo-300x200.jpg","width":300,"height":200,"mime-type":"image\/jpeg","source_url":"https:\/\/lavras.tv\/site\/wp-content\/uploads\/2017\/11\/tiradentes-minas-gerais-governo-300x200.jpg"},"featured-post-img":{"file":"tiradentes-minas-gerais-governo-480x320.jpg","width":480,"height":320,"mime-type":"image\/jpeg","source_url":"https:\/\/lavras.tv\/site\/wp-content\/uploads\/2017\/11\/tiradentes-minas-gerais-governo-480x320.jpg"},"sow-carousel-default":{"file":"tiradentes-minas-gerais-governo-272x182.jpg","width":272,"height":182,"mime-type":"image\/jpeg","source_url":"https:\/\/lavras.tv\/site\/wp-content\/uploads\/2017\/11\/tiradentes-minas-gerais-governo-272x182.jpg"}},"image_meta":{"aperture":"0","credit":"","camera":"","caption":"","created_timestamp":"0","copyright":"","focal_length":"0","iso":"0","shutter_speed":"0","title":"","orientation":"0","keywords":[]}},"post":13422,"source_url":"https:\/\/lavras.tv\/site\/wp-content\/uploads\/2017\/11\/tiradentes-minas-gerais-governo.jpg"},"author_meta":{"display_name":"Lavras TV","author_link":"https:\/\/lavras.tv\/site\/author\/lavrastv\/"},"featured_img":"https:\/\/lavras.tv\/site\/wp-content\/uploads\/2017\/11\/tiradentes-minas-gerais-governo-300x200.jpg","coauthors":[],"tax_additional":{"categories":{"linked":["<a href=\"https:\/\/lavras.tv\/site\/category\/destaques\/\" class=\"advgb-post-tax-term\">Destaques<\/a>","<a href=\"https:\/\/lavras.tv\/site\/category\/politica\/\" class=\"advgb-post-tax-term\">Pol\u00edtica<\/a>"],"unlinked":["<span class=\"advgb-post-tax-term\">Destaques<\/span>","<span class=\"advgb-post-tax-term\">Pol\u00edtica<\/span>"]},"tags":{"linked":["<a href=\"https:\/\/lavras.tv\/site\/category\/politica\/\" class=\"advgb-post-tax-term\">Governo de Minas gerais<\/a>","<a href=\"https:\/\/lavras.tv\/site\/category\/politica\/\" class=\"advgb-post-tax-term\">transforma Minas<\/a>","<a href=\"https:\/\/lavras.tv\/site\/category\/politica\/\" class=\"advgb-post-tax-term\">vagas<\/a>"],"unlinked":["<span class=\"advgb-post-tax-term\">Governo de Minas gerais<\/span>","<span class=\"advgb-post-tax-term\">transforma Minas<\/span>","<span class=\"advgb-post-tax-term\">vagas<\/span>"]}},"comment_count":"0","relative_dates":{"created":"Publicado 7 anos atr\u00e1s","modified":"Atualizado 7 anos atr\u00e1s"},"absolute_dates":{"created":"Publicado em 12 de mar\u00e7o de 2019","modified":"Atualizado em 12 de mar\u00e7o de 2019"},"absolute_dates_time":{"created":"Publicado em 12 de mar\u00e7o de 2019 08:50","modified":"Atualizado em 12 de mar\u00e7o de 2019 08:50"},"featured_img_caption":"Todos os cargos s\u00e3o para trabalhar na Cidade Administrativa, em BH","series_order":"","_links":{"self":[{"href":"https:\/\/lavras.tv\/site\/wp-json\/wp\/v2\/posts\/20133","targetHints":{"allow":["GET"]}}],"collection":[{"href":"https:\/\/lavras.tv\/site\/wp-json\/wp\/v2\/posts"}],"about":[{"href":"https:\/\/lavras.tv\/site\/wp-json\/wp\/v2\/types\/post"}],"author":[{"embeddable":true,"href":"https:\/\/lavras.tv\/site\/wp-json\/wp\/v2\/users\/2"}],"replies":[{"embeddable":true,"href":"https:\/\/lavras.tv\/site\/wp-json\/wp\/v2\/comments?post=20133"}],"version-history":[{"count":1,"href":"https:\/\/lavras.tv\/site\/wp-json\/wp\/v2\/posts\/20133\/revisions"}],"predecessor-version":[{"id":20134,"href":"https:\/\/lavras.tv\/site\/wp-json\/wp\/v2\/posts\/20133\/revisions\/20134"}],"wp:featuredmedia":[{"embeddable":true,"href":"https:\/\/lavras.tv\/site\/wp-json\/wp\/v2\/media\/13423"}],"wp:attachment":[{"href":"https:\/\/lavras.tv\/site\/wp-json\/wp\/v2\/media?parent=20133"}],"wp:term":[{"taxonomy":"category","embeddable":true,"href":"https:\/\/lavras.tv\/site\/wp-json\/wp\/v2\/categories?post=20133"},{"taxonomy":"post_tag","embeddable":true,"href":"https:\/\/lavras.tv\/site\/wp-json\/wp\/v2\/tags?post=20133"}],"curies":[{"name":"wp","href":"https:\/\/api.w.org\/{rel}","templated":true}]}}