{"id":2015,"date":"2016-09-01T17:35:04","date_gmt":"2016-09-01T17:35:04","guid":{"rendered":"http:\/\/lavras.tv\/site\/?p=2015"},"modified":"2016-09-01T17:35:04","modified_gmt":"2016-09-01T17:35:04","slug":"if-sul-de-minas-abre-concurso-na-regiao","status":"publish","type":"post","link":"https:\/\/lavras.tv\/site\/2016\/09\/01\/if-sul-de-minas-abre-concurso-na-regiao\/","title":{"rendered":"IF Sul de Minas abre concurso na regi\u00e3o"},"content":{"rendered":"<div class=\"lavra-antes-do-conteudo_2\" id=\"lavra-3743522489\"><div id=\"lavra-slider-27\" class=\"custom-slider lavra-slider-3148528649 lavra-slider\"><ul><li><div style=\"margin-left: auto;margin-right: auto;text-align: center;\" id=\"lavra-77949234\"><a href=\"https:\/\/sistemas.lavras.mg.gov.br\/portalcidadao\/#df1b1a7c7b2a290bcb31e32771e610784662739a88807c0dacac58ede5f391a7530e299dc302d611ee73cb143fc22eaf93592e53e7b5bdb01b00a0b8d28dae460c141dd2ff83412e4dc1c31b16b25f33144a9e5620ea73b13f5bc1c59411d98439ad226e8af03840603796067d87afe130812cf3de24982d0e306f9e61e764e5\" aria-label=\"Lavras-TV&#8211;720x104px (1) (1)\"><img src=\"https:\/\/lavras.tv\/site\/wp-content\/uploads\/2025\/01\/Lavras-TV-720x104px-1-1.png\" alt=\"\"  srcset=\"https:\/\/lavras.tv\/site\/wp-content\/uploads\/2025\/01\/Lavras-TV-720x104px-1-1.png 720w, https:\/\/lavras.tv\/site\/wp-content\/uploads\/2025\/01\/Lavras-TV-720x104px-1-1-470x68.png 470w, https:\/\/lavras.tv\/site\/wp-content\/uploads\/2025\/01\/Lavras-TV-720x104px-1-1-170x25.png 170w, https:\/\/lavras.tv\/site\/wp-content\/uploads\/2025\/01\/Lavras-TV-720x104px-1-1-200x29.png 200w\" sizes=\"(max-width: 720px) 100vw, 720px\" width=\"720\" height=\"104\"  style=\"display: inline-block;\" \/><\/a><\/div><\/li><li><a href=\"https:\/\/sistemas.lavras.mg.gov.br\/portalcidadao\/#df1b1a7c7b2a290bcb31e32771e610784662739a88807c0dacac58ede5f391a7530e299dc302d611ee73cb143fc22eaf93592e53e7b5bdb01b00a0b8d28dae460c141dd2ff83412e4dc1c31b16b25f33144a9e5620ea73b13f5bc1c59411d98439ad226e8af03840603796067d87afe130812cf3de24982d0e306f9e61e764e5\" aria-label=\"Banner_Emprego_PortallavrasTV\"><img src=\"https:\/\/lavras.tv\/site\/wp-content\/uploads\/2025\/03\/Banner_Emprego_PortallavrasTV.png\" alt=\"\"  srcset=\"https:\/\/lavras.tv\/site\/wp-content\/uploads\/2025\/03\/Banner_Emprego_PortallavrasTV.png 720w, https:\/\/lavras.tv\/site\/wp-content\/uploads\/2025\/03\/Banner_Emprego_PortallavrasTV-470x68.png 470w, https:\/\/lavras.tv\/site\/wp-content\/uploads\/2025\/03\/Banner_Emprego_PortallavrasTV-170x25.png 170w, https:\/\/lavras.tv\/site\/wp-content\/uploads\/2025\/03\/Banner_Emprego_PortallavrasTV-200x29.png 200w\" sizes=\"(max-width: 720px) 100vw, 720px\" width=\"720\" height=\"104\"   \/><\/a><\/li><li><a href=\"https:\/\/sistemas.lavras.mg.gov.br\/portalcidadao\/#df1b1a7c7b2a290bcb31e32771e610784662739a88807c0dacac58ede5f391a7530e299dc302d611ee73cb143fc22eaf93592e53e7b5bdb01b00a0b8d28dae460c141dd2ff83412e4dc1c31b16b25f33144a9e5620ea73b13f5bc1c59411d98439ad226e8af03840603796067d87afe130812cf3de24982d0e306f9e61e764e5\" aria-label=\"Banner_Obras_PortallavrasTV\"><img src=\"https:\/\/lavras.tv\/site\/wp-content\/uploads\/2025\/03\/Banner_Obras_PortallavrasTV.png\" alt=\"\"  srcset=\"https:\/\/lavras.tv\/site\/wp-content\/uploads\/2025\/03\/Banner_Obras_PortallavrasTV.png 720w, https:\/\/lavras.tv\/site\/wp-content\/uploads\/2025\/03\/Banner_Obras_PortallavrasTV-470x68.png 470w, https:\/\/lavras.tv\/site\/wp-content\/uploads\/2025\/03\/Banner_Obras_PortallavrasTV-170x25.png 170w, https:\/\/lavras.tv\/site\/wp-content\/uploads\/2025\/03\/Banner_Obras_PortallavrasTV-200x29.png 200w\" sizes=\"(max-width: 720px) 100vw, 720px\" width=\"720\" height=\"104\"   \/><\/a><\/li><li><div style=\"margin-left: auto;margin-right: auto;text-align: center;\" id=\"lavra-3782374252\"><a href=\"https:\/\/sistemas.lavras.mg.gov.br\/portalcidadao\/#df1b1a7c7b2a290bcb31e32771e610784662739a88807c0dacac58ede5f391a7530e299dc302d611ee73cb143fc22eaf93592e53e7b5bdb01b00a0b8d28dae460c141dd2ff83412e4dc1c31b16b25f33144a9e5620ea73b13f5bc1c59411d98439ad226e8af03840603796067d87afe130812cf3de24982d0e306f9e61e764e5\" aria-label=\"Banner_Educa\u00e7\u00e3o_PortallavrasTV\"><img src=\"https:\/\/lavras.tv\/site\/wp-content\/uploads\/2025\/01\/Banner_Educacao_PortallavrasTV.png\" alt=\"\"  srcset=\"https:\/\/lavras.tv\/site\/wp-content\/uploads\/2025\/01\/Banner_Educacao_PortallavrasTV.png 720w, https:\/\/lavras.tv\/site\/wp-content\/uploads\/2025\/01\/Banner_Educacao_PortallavrasTV-470x68.png 470w, https:\/\/lavras.tv\/site\/wp-content\/uploads\/2025\/01\/Banner_Educacao_PortallavrasTV-170x25.png 170w, https:\/\/lavras.tv\/site\/wp-content\/uploads\/2025\/01\/Banner_Educacao_PortallavrasTV-200x29.png 200w\" sizes=\"(max-width: 720px) 100vw, 720px\" width=\"720\" height=\"104\"  style=\"display: inline-block;\" \/><\/a><\/div><\/li><li><a href=\"https:\/\/sistemas.lavras.mg.gov.br\/portalcidadao\/#df1b1a7c7b2a290bcb31e32771e610784662739a88807c0dacac58ede5f391a7530e299dc302d611ee73cb143fc22eaf93592e53e7b5bdb01b00a0b8d28dae460c141dd2ff83412e4dc1c31b16b25f33144a9e5620ea73b13f5bc1c59411d98439ad226e8af03840603796067d87afe130812cf3de24982d0e306f9e61e764e5\" aria-label=\"Banner_Sa\u00fade_PortallavrasTV\"><img src=\"https:\/\/lavras.tv\/site\/wp-content\/uploads\/2025\/03\/Banner_Saude_PortallavrasTV.png\" alt=\"\"  srcset=\"https:\/\/lavras.tv\/site\/wp-content\/uploads\/2025\/03\/Banner_Saude_PortallavrasTV.png 720w, https:\/\/lavras.tv\/site\/wp-content\/uploads\/2025\/03\/Banner_Saude_PortallavrasTV-470x68.png 470w, https:\/\/lavras.tv\/site\/wp-content\/uploads\/2025\/03\/Banner_Saude_PortallavrasTV-170x25.png 170w, https:\/\/lavras.tv\/site\/wp-content\/uploads\/2025\/03\/Banner_Saude_PortallavrasTV-200x29.png 200w\" sizes=\"(max-width: 720px) 100vw, 720px\" width=\"720\" height=\"104\"   \/><\/a><\/li><li><div id=\"lavra-358624376\" style=\"width:720px;height:104px;background-color:#ddd;overflow:scroll;\">\n\t<strong>Sa\u00edda da depura\u00e7\u00e3o de an\u00fancios<\/strong>\n\t<br><br>\n\tO an\u00fancio n\u00e3o \u00e9 exibido na p\u00e1gina<br><br>post atual: IF Sul de Minas abre concurso na regi\u00e3o, ID: 2015<br><br><span style=\"color: red;\">O post atual n\u00e3o \u00e9 id\u00eantico ao post principal.<\/span><br><br>An\u00fancios: ROXO - TOPO INTERNA - ROTATIVO 2 (197)<br \/>Grupo de an\u00fancios: Princ_Meio01_720x104 (27)<br><br>Condi\u00e7\u00f5es de exibi\u00e7\u00e3o<div style=\"margin-bottom: 20px; white-space: pre-wrap; font-family: monospace; width: 100%; background: #ffe9e9;\"><strong>condi\u00e7\u00f5es gerais<\/strong><table border=\"1\"><thead><tr><th><\/th><th>An\u00fancios<\/th><th>wp_the_query<\/th><\/tr><\/thead><tr><td>is_main_query<\/td><td>1<\/td><td>1<\/td><\/tr><tr><td>is_rest_api<\/td><td>0<\/td><td>1<\/td><\/tr><tr><td>page<\/td><td>0<\/td><td>1<\/td><\/tr><tr><td>numpages<\/td><td>0<\/td><td>1<\/td><\/tr><tr><td>is_archive<\/td><td>1<\/td><td><\/td><\/tr><tr><td>is_search<\/td><td>1<\/td><td><\/td><\/tr><tr><td>is_home<\/td><td>1<\/td><td><\/td><\/tr><tr><td>is_404<\/td><td>1<\/td><td><\/td><\/tr><tr><td>is_attachment<\/td><td>1<\/td><td><\/td><\/tr><tr><td>is_singular<\/td><td>1<\/td><td><\/td><\/tr><tr><td>is_front_page<\/td><td>1<\/td><td><\/td><\/tr><tr><td>is_feed<\/td><td>1<\/td><td><\/td><\/tr><\/table><\/div><br><br><span style=\"color: red;\">Seu site usa HTTPS, mas o c\u00f3digo do an\u00fancio cont\u00e9m HTTP e pode n\u00e3o funcionar.<\/span>\t<br><br>\n\t<a style=\"color: green;\" href=\"https:\/\/wpadvancedads.com\/manual\/ad-debug-mode\/?utm_source=advanced-ads&utm_medium=link&utm_campaign=ad-debug-mode\" target=\"_blank\" rel=\"nofollow\">Encontre solu\u00e7\u00f5es no manual<\/a>\n<\/div>\n<\/li><\/ul><\/div><script>( window.advanced_ads_ready || jQuery( document ).ready ).call( null, function() {var $lavraslider3148528649 = jQuery( \".lavra-slider-3148528649\" );$lavraslider3148528649.on( \"unslider.ready\", function() { jQuery( \"div.custom-slider ul li\" ).css( \"display\", \"block\" ); });$lavraslider3148528649.unslider({ delay:4000, autoplay:true, nav:false, arrows:false, infinite:true });$lavraslider3148528649.on(\"mouseover\", function() {$lavraslider3148528649.unslider(\"stop\");}).on(\"mouseout\", function() {$lavraslider3148528649.unslider(\"start\");});});<\/script><\/div><p>O Instituto Federal de Educa\u00e7\u00e3o, Ci\u00eancia e Tecnologia do Sul de Minas Gerais (IF Sul de Minas) acaba de publicar edital para concurso p\u00fablico de docentes do Ensino B\u00e1sico, T\u00e9cnico e Tecnol\u00f3gico (EBTT) e servidores t\u00e9cnico-administrativos em educa\u00e7\u00e3o.<!--more--> No total, 19 vagas est\u00e3o abertas. As inscri\u00e7\u00f5es do edital n\u00ba 68\/2016, destinado \u00e0 contrata\u00e7\u00e3o de docentes efetivos, come\u00e7am nesta quinta-feira, 1\u00ba de setembro, e seguem at\u00e9 o pr\u00f3ximo dia 22. J\u00e1 os interessados nas vagas de t\u00e9cnico administrativo podem se inscrever a partir de 3 de outubro at\u00e9 3 de novembro.<\/p>\n<p>O regime de trabalho dos t\u00e9cnicos administrativos ser\u00e1 de 40 horas semanais e conforme as necessidades do IFSULDEMINAS. A jornada de trabalho poder\u00e1 ocorrer nos turnos matutino, vespertino e\/ou noturno, inclusive aos s\u00e1bados, com exce\u00e7\u00e3o do cargo de Jornalista, cujo regime \u00e9 25 horas semanais.<\/p>\n<p>Para o cargo de docente, o regime de trabalho ser\u00e1 de dedica\u00e7\u00e3o exclusiva, com obriga\u00e7\u00e3o de prestar 40 horas semanais de trabalho em dois turnos di\u00e1rios completos (que poder\u00e3o ocorrer em turnos diurnos e\/ou noturnos de acordo com os cursos ministrados e as necessidades da Institui\u00e7\u00e3o) e impedimento do exerc\u00edcio de outra atividade remunerada, p\u00fablica ou privada de acordo com o artigo 20 da Lei n\u00ba. 12.772\/2012.<\/p>\n<p>As inscri\u00e7\u00f5es dever\u00e3o ser efetuadas, exclusivamente, via Internet, no endere\u00e7o eletr\u00f4nico\u00a0<a href=\"https:\/\/concurso.ifsuldeminas.edu.br\/\">https:\/\/concurso.ifsuldeminas.edu.br\/<\/a>.\u00a0O valor da taxa para os cargos t\u00e9cnico-administrativos \u00e9 de R$ 50 (n\u00edvel C), R$ 70 (n\u00edvel D) e R$ 90 (n\u00edvel E). Para o cargo de docente, a inscri\u00e7\u00e3o \u00e9 R$ 100. As taxas dever\u00e3o ser pagas por meio de Guia de Recolhimento da Uni\u00e3o (GRU), em qualquer ag\u00eancia banc\u00e1ria ou casa lot\u00e9rica. A inscri\u00e7\u00e3o do candidato somente ser\u00e1 confirmada ap\u00f3s a comprova\u00e7\u00e3o do pagamento. A homologa\u00e7\u00e3o das inscri\u00e7\u00f5es ser\u00e1 publicada a partir do dia 30 de Setembro (docentes) e dia 17 de novembro (t\u00e9cnicos administrativos).<\/p>\n<p>A remunera\u00e7\u00e3o inicial para os servidores t\u00e9cnico-administrativos varia conforme o cargo e a capacita\u00e7\u00e3o, sendo o valor m\u00ednimo R$ 1.834,69, podendo chegar a R$ 3.868,21, sem contar os benef\u00edcios, como aux\u00edlio alimenta\u00e7\u00e3o e incentivo \u00e0 qualifica\u00e7\u00e3o.\u00a0O regime de contrata\u00e7\u00e3o \u00e9 de dedica\u00e7\u00e3o exclusiva\u00a0para professores\u00a0e a remunera\u00e7\u00e3o varia de R$ 4.234,77 (para os que possuem apenas gradua\u00e7\u00e3o) a R$ 9.114,67 (para os que possuem o t\u00edtulo de doutor). \u00a0Al\u00e9m do vencimento b\u00e1sico, o servidor poder\u00e1 ter os seguintes benef\u00edcios: Aux\u00edlio Alimenta\u00e7\u00e3o, Aux\u00edlio Transporte, Aux\u00edlio Pr\u00e9-Escolar, Sa\u00fade Suplementar, Incentivo \u00e0 Qualifica\u00e7\u00e3o.<\/p>\n<p>Para os cargos de Arquivista, Engenheiro\/\u00e1rea civil e el\u00e9trica, contador, auxiliar em assuntos educacionais, assistente de laborat\u00f3rio e auxiliar de administra\u00e7\u00e3o, o concurso ser\u00e1 regido de uma \u00fanica fase: prova objetiva classificat\u00f3ria e eliminat\u00f3ria. J\u00e1 para os cargos de Jornalista, Programador visual, tradutor e int\u00e9rprete de linguagem de sinais e assistente de laborat\u00f3rio (mec\u00e2nica), o concurso constar\u00e1 de duas fases: prova objetiva (classificat\u00f3ria e eliminat\u00f3ria) e prova pr\u00e1tica. A data da prova objetiva ser\u00e1 definida e publicada no site at\u00e9 o t\u00e9rmino das inscri\u00e7\u00f5es.<\/p>\n<p>A prova pr\u00e1tica consistir\u00e1 de avalia\u00e7\u00e3o com rela\u00e7\u00e3o \u00e0 \u00e1rea dos cargos. Ser\u00e1 realizada somente pelos 10 candidatos mais bem classificados na prova objetiva, respeitando-se o empate de pontos na \u00faltima posi\u00e7\u00e3o, sendo a pontua\u00e7\u00e3o m\u00ednima para aprova\u00e7\u00e3o 60 pontos. Ser\u00e1 divulgada, no site www.ifsuldeminas.edu.br\/concurso, a rela\u00e7\u00e3o dos candidatos aprovados que realizar\u00e3o a prova pr\u00e1tica a partir do dia em que for divulgado o resultado final da prova objetiva. Nesse mesmo dia, ser\u00e3o divulgados as datas, os hor\u00e1rios e os crit\u00e9rios que reger\u00e3o a prova pr\u00e1tica.<\/p>\n<p>J\u00e1 as provas para os cargos de docente contar\u00e3o com tr\u00eas fases. Na primeira fase, haver\u00e1 teste escrito, que ser\u00e1 aplicado no dia 9 de outubro, na cidade de Pouso Alegre e ter\u00e1 dura\u00e7\u00e3o de quatro horas. Somente ser\u00e3o classificados para a prova de desempenho did\u00e1tico-pedag\u00f3gico os candidatos que obtiverem a m\u00e9dia igual ou maior de 60 pontos na prova escrita, dentro do limite de 8 candidatos para cada cargo, respeitando-se o empate de pontos na \u00faltima posi\u00e7\u00e3o. A prova de desempenho did\u00e1tico-pedag\u00f3gico ter\u00e1 o valor de 100 pontos, com peso tr\u00eas.<\/p>\n<p>A data desta prova ser\u00e1 disponibilizada no site do concurso, a partir de 4 de novembro. A terceira fase consiste em prova de t\u00edtulos, de car\u00e1ter classificat\u00f3rio. Valer\u00e1 100 pontos e ter\u00e1 peso um.<\/p>\n","protected":false},"excerpt":{"rendered":"<p>O Instituto Federal de Educa\u00e7\u00e3o, Ci\u00eancia e Tecnologia do Sul de Minas Gerais (IF Sul de Minas) acaba de publicar edital para concurso p\u00fablico de docentes do Ensino B\u00e1sico, T\u00e9cnico e Tecnol\u00f3gico (EBTT) e servidores t\u00e9cnico-administrativos em educa\u00e7\u00e3o.<\/p>\n","protected":false},"author":2,"featured_media":2016,"comment_status":"closed","ping_status":"open","sticky":false,"template":"","format":"standard","meta":{"advgb_blocks_editor_width":"","advgb_blocks_columns_visual_guide":"","_exactmetrics_skip_tracking":false,"_exactmetrics_sitenote_active":false,"_exactmetrics_sitenote_note":"","_exactmetrics_sitenote_category":0,"footnotes":""},"categories":[7,2],"tags":[99,686],"class_list":["post-2015","post","type-post","status-publish","format-standard","has-post-thumbnail","hentry","category-destaques","category-noticias","tag-concurso-publico","tag-if-sul-de-minas"],"better_featured_image":{"id":2016,"alt_text":"","caption":"","description":"","media_type":"image","media_details":{"width":1164,"height":740,"file":"2016\/09\/concurso-publico-e1568033182782.jpg","sizes":{"thumbnail":{"file":"concurso-publico-e1568033182782-150x95.jpg","width":150,"height":95,"mime-type":"image\/jpeg","source_url":"https:\/\/lavras.tv\/site\/wp-content\/uploads\/2016\/09\/concurso-publico-e1568033182782-150x95.jpg"},"medium":{"file":"concurso-publico-e1568033182782-300x191.jpg","width":300,"height":191,"mime-type":"image\/jpeg","source_url":"https:\/\/lavras.tv\/site\/wp-content\/uploads\/2016\/09\/concurso-publico-e1568033182782-300x191.jpg"},"large":{"file":"concurso-publico-e1568033182782-1024x651.jpg","width":1024,"height":651,"mime-type":"image\/jpeg","source_url":"https:\/\/lavras.tv\/site\/wp-content\/uploads\/2016\/09\/concurso-publico-e1568033182782-1024x651.jpg"},"featured-slider-img":{"file":"concurso-publico-e1568033182782-640x480.jpg","width":640,"height":480,"mime-type":"image\/jpeg","source_url":"https:\/\/lavras.tv\/site\/wp-content\/uploads\/2016\/09\/concurso-publico-e1568033182782-640x480.jpg"},"featured-post-img":{"file":"concurso-publico-e1568033182782-480x320.jpg","width":480,"height":320,"mime-type":"image\/jpeg","source_url":"https:\/\/lavras.tv\/site\/wp-content\/uploads\/2016\/09\/concurso-publico-e1568033182782-480x320.jpg"},"sow-carousel-default":{"file":"concurso-publico-e1568033182782-272x182.jpg","width":272,"height":182,"mime-type":"image\/jpeg","source_url":"https:\/\/lavras.tv\/site\/wp-content\/uploads\/2016\/09\/concurso-publico-e1568033182782-272x182.jpg"}},"image_meta":{"aperture":"0","credit":"","camera":"","caption":"","created_timestamp":"0","copyright":"","focal_length":"0","iso":"0","shutter_speed":"0","title":"","orientation":"0","keywords":[]}},"post":2015,"source_url":"https:\/\/lavras.tv\/site\/wp-content\/uploads\/2016\/09\/concurso-publico-e1568033182782.jpg"},"author_meta":{"display_name":"Lavras TV","author_link":"https:\/\/lavras.tv\/site\/author\/lavrastv\/"},"featured_img":"https:\/\/lavras.tv\/site\/wp-content\/uploads\/2016\/09\/concurso-publico-e1568033182782-300x191.jpg","coauthors":[],"tax_additional":{"categories":{"linked":["<a href=\"https:\/\/lavras.tv\/site\/category\/destaques\/\" class=\"advgb-post-tax-term\">Destaques<\/a>","<a href=\"https:\/\/lavras.tv\/site\/category\/noticias\/\" class=\"advgb-post-tax-term\">Not\u00edcias<\/a>"],"unlinked":["<span class=\"advgb-post-tax-term\">Destaques<\/span>","<span class=\"advgb-post-tax-term\">Not\u00edcias<\/span>"]},"tags":{"linked":["<a href=\"https:\/\/lavras.tv\/site\/category\/noticias\/\" class=\"advgb-post-tax-term\">concurso publico<\/a>","<a href=\"https:\/\/lavras.tv\/site\/category\/noticias\/\" class=\"advgb-post-tax-term\">IF Sul de Minas<\/a>"],"unlinked":["<span class=\"advgb-post-tax-term\">concurso publico<\/span>","<span class=\"advgb-post-tax-term\">IF Sul de Minas<\/span>"]}},"comment_count":"0","relative_dates":{"created":"Publicado 10 anos atr\u00e1s","modified":"Atualizado 10 anos atr\u00e1s"},"absolute_dates":{"created":"Publicado em 1 de setembro de 2016","modified":"Atualizado em 1 de setembro de 2016"},"absolute_dates_time":{"created":"Publicado em 1 de setembro de 2016 17:35","modified":"Atualizado em 1 de setembro de 2016 17:35"},"featured_img_caption":"","series_order":"","_links":{"self":[{"href":"https:\/\/lavras.tv\/site\/wp-json\/wp\/v2\/posts\/2015","targetHints":{"allow":["GET"]}}],"collection":[{"href":"https:\/\/lavras.tv\/site\/wp-json\/wp\/v2\/posts"}],"about":[{"href":"https:\/\/lavras.tv\/site\/wp-json\/wp\/v2\/types\/post"}],"author":[{"embeddable":true,"href":"https:\/\/lavras.tv\/site\/wp-json\/wp\/v2\/users\/2"}],"replies":[{"embeddable":true,"href":"https:\/\/lavras.tv\/site\/wp-json\/wp\/v2\/comments?post=2015"}],"version-history":[{"count":1,"href":"https:\/\/lavras.tv\/site\/wp-json\/wp\/v2\/posts\/2015\/revisions"}],"predecessor-version":[{"id":2017,"href":"https:\/\/lavras.tv\/site\/wp-json\/wp\/v2\/posts\/2015\/revisions\/2017"}],"wp:featuredmedia":[{"embeddable":true,"href":"https:\/\/lavras.tv\/site\/wp-json\/wp\/v2\/media\/2016"}],"wp:attachment":[{"href":"https:\/\/lavras.tv\/site\/wp-json\/wp\/v2\/media?parent=2015"}],"wp:term":[{"taxonomy":"category","embeddable":true,"href":"https:\/\/lavras.tv\/site\/wp-json\/wp\/v2\/categories?post=2015"},{"taxonomy":"post_tag","embeddable":true,"href":"https:\/\/lavras.tv\/site\/wp-json\/wp\/v2\/tags?post=2015"}],"curies":[{"name":"wp","href":"https:\/\/api.w.org\/{rel}","templated":true}]}}