{"id":20447,"date":"2019-04-02T08:24:37","date_gmt":"2019-04-02T11:24:37","guid":{"rendered":"http:\/\/lavras.tv\/site\/?p=20447"},"modified":"2019-04-02T08:24:37","modified_gmt":"2019-04-02T11:24:37","slug":"camara-de-lavras-define-comissao-que-vai-apurar-denuncia-de-supostos-abusos-no-uso-de-diarias","status":"publish","type":"post","link":"https:\/\/lavras.tv\/site\/2019\/04\/02\/camara-de-lavras-define-comissao-que-vai-apurar-denuncia-de-supostos-abusos-no-uso-de-diarias\/","title":{"rendered":"C\u00e2mara de Lavras define comiss\u00e3o que vai apurar den\u00fancia de supostos abusos no uso de di\u00e1rias"},"content":{"rendered":"<div class=\"lavra-antes-do-conteudo_2\" id=\"lavra-3567900264\"><div id=\"lavra-slider-27\" class=\"custom-slider lavra-slider-2778519188 lavra-slider\"><ul><li><div style=\"margin-left: auto;margin-right: auto;text-align: center;\" id=\"lavra-101796468\"><a href=\"https:\/\/sistemas.lavras.mg.gov.br\/portalcidadao\/#df1b1a7c7b2a290bcb31e32771e610784662739a88807c0dacac58ede5f391a7530e299dc302d611ee73cb143fc22eaf93592e53e7b5bdb01b00a0b8d28dae460c141dd2ff83412e4dc1c31b16b25f33144a9e5620ea73b13f5bc1c59411d98439ad226e8af03840603796067d87afe130812cf3de24982d0e306f9e61e764e5\" aria-label=\"Lavras-TV&#8211;720x104px (1) (1)\"><img src=\"https:\/\/lavras.tv\/site\/wp-content\/uploads\/2025\/01\/Lavras-TV-720x104px-1-1.png\" alt=\"\"  srcset=\"https:\/\/lavras.tv\/site\/wp-content\/uploads\/2025\/01\/Lavras-TV-720x104px-1-1.png 720w, https:\/\/lavras.tv\/site\/wp-content\/uploads\/2025\/01\/Lavras-TV-720x104px-1-1-470x68.png 470w, https:\/\/lavras.tv\/site\/wp-content\/uploads\/2025\/01\/Lavras-TV-720x104px-1-1-170x25.png 170w, https:\/\/lavras.tv\/site\/wp-content\/uploads\/2025\/01\/Lavras-TV-720x104px-1-1-200x29.png 200w\" sizes=\"(max-width: 720px) 100vw, 720px\" width=\"720\" height=\"104\"  style=\"display: inline-block;\" \/><\/a><\/div><\/li><li><a href=\"https:\/\/sistemas.lavras.mg.gov.br\/portalcidadao\/#df1b1a7c7b2a290bcb31e32771e610784662739a88807c0dacac58ede5f391a7530e299dc302d611ee73cb143fc22eaf93592e53e7b5bdb01b00a0b8d28dae460c141dd2ff83412e4dc1c31b16b25f33144a9e5620ea73b13f5bc1c59411d98439ad226e8af03840603796067d87afe130812cf3de24982d0e306f9e61e764e5\" aria-label=\"Banner_Emprego_PortallavrasTV\"><img src=\"https:\/\/lavras.tv\/site\/wp-content\/uploads\/2025\/03\/Banner_Emprego_PortallavrasTV.png\" alt=\"\"  srcset=\"https:\/\/lavras.tv\/site\/wp-content\/uploads\/2025\/03\/Banner_Emprego_PortallavrasTV.png 720w, https:\/\/lavras.tv\/site\/wp-content\/uploads\/2025\/03\/Banner_Emprego_PortallavrasTV-470x68.png 470w, https:\/\/lavras.tv\/site\/wp-content\/uploads\/2025\/03\/Banner_Emprego_PortallavrasTV-170x25.png 170w, https:\/\/lavras.tv\/site\/wp-content\/uploads\/2025\/03\/Banner_Emprego_PortallavrasTV-200x29.png 200w\" sizes=\"(max-width: 720px) 100vw, 720px\" width=\"720\" height=\"104\"   \/><\/a><\/li><li><a href=\"https:\/\/sistemas.lavras.mg.gov.br\/portalcidadao\/#df1b1a7c7b2a290bcb31e32771e610784662739a88807c0dacac58ede5f391a7530e299dc302d611ee73cb143fc22eaf93592e53e7b5bdb01b00a0b8d28dae460c141dd2ff83412e4dc1c31b16b25f33144a9e5620ea73b13f5bc1c59411d98439ad226e8af03840603796067d87afe130812cf3de24982d0e306f9e61e764e5\" aria-label=\"Banner_Obras_PortallavrasTV\"><img src=\"https:\/\/lavras.tv\/site\/wp-content\/uploads\/2025\/03\/Banner_Obras_PortallavrasTV.png\" alt=\"\"  srcset=\"https:\/\/lavras.tv\/site\/wp-content\/uploads\/2025\/03\/Banner_Obras_PortallavrasTV.png 720w, https:\/\/lavras.tv\/site\/wp-content\/uploads\/2025\/03\/Banner_Obras_PortallavrasTV-470x68.png 470w, https:\/\/lavras.tv\/site\/wp-content\/uploads\/2025\/03\/Banner_Obras_PortallavrasTV-170x25.png 170w, https:\/\/lavras.tv\/site\/wp-content\/uploads\/2025\/03\/Banner_Obras_PortallavrasTV-200x29.png 200w\" sizes=\"(max-width: 720px) 100vw, 720px\" width=\"720\" height=\"104\"   \/><\/a><\/li><li><div style=\"margin-left: auto;margin-right: auto;text-align: center;\" id=\"lavra-3174315572\"><a href=\"https:\/\/sistemas.lavras.mg.gov.br\/portalcidadao\/#df1b1a7c7b2a290bcb31e32771e610784662739a88807c0dacac58ede5f391a7530e299dc302d611ee73cb143fc22eaf93592e53e7b5bdb01b00a0b8d28dae460c141dd2ff83412e4dc1c31b16b25f33144a9e5620ea73b13f5bc1c59411d98439ad226e8af03840603796067d87afe130812cf3de24982d0e306f9e61e764e5\" aria-label=\"Banner_Educa\u00e7\u00e3o_PortallavrasTV\"><img src=\"https:\/\/lavras.tv\/site\/wp-content\/uploads\/2025\/01\/Banner_Educacao_PortallavrasTV.png\" alt=\"\"  srcset=\"https:\/\/lavras.tv\/site\/wp-content\/uploads\/2025\/01\/Banner_Educacao_PortallavrasTV.png 720w, https:\/\/lavras.tv\/site\/wp-content\/uploads\/2025\/01\/Banner_Educacao_PortallavrasTV-470x68.png 470w, https:\/\/lavras.tv\/site\/wp-content\/uploads\/2025\/01\/Banner_Educacao_PortallavrasTV-170x25.png 170w, https:\/\/lavras.tv\/site\/wp-content\/uploads\/2025\/01\/Banner_Educacao_PortallavrasTV-200x29.png 200w\" sizes=\"(max-width: 720px) 100vw, 720px\" width=\"720\" height=\"104\"  style=\"display: inline-block;\" \/><\/a><\/div><\/li><li><a href=\"https:\/\/sistemas.lavras.mg.gov.br\/portalcidadao\/#df1b1a7c7b2a290bcb31e32771e610784662739a88807c0dacac58ede5f391a7530e299dc302d611ee73cb143fc22eaf93592e53e7b5bdb01b00a0b8d28dae460c141dd2ff83412e4dc1c31b16b25f33144a9e5620ea73b13f5bc1c59411d98439ad226e8af03840603796067d87afe130812cf3de24982d0e306f9e61e764e5\" aria-label=\"Banner_Sa\u00fade_PortallavrasTV\"><img src=\"https:\/\/lavras.tv\/site\/wp-content\/uploads\/2025\/03\/Banner_Saude_PortallavrasTV.png\" alt=\"\"  srcset=\"https:\/\/lavras.tv\/site\/wp-content\/uploads\/2025\/03\/Banner_Saude_PortallavrasTV.png 720w, https:\/\/lavras.tv\/site\/wp-content\/uploads\/2025\/03\/Banner_Saude_PortallavrasTV-470x68.png 470w, https:\/\/lavras.tv\/site\/wp-content\/uploads\/2025\/03\/Banner_Saude_PortallavrasTV-170x25.png 170w, https:\/\/lavras.tv\/site\/wp-content\/uploads\/2025\/03\/Banner_Saude_PortallavrasTV-200x29.png 200w\" sizes=\"(max-width: 720px) 100vw, 720px\" width=\"720\" height=\"104\"   \/><\/a><\/li><li><div id=\"lavra-4122763248\" style=\"width:720px;height:104px;background-color:#ddd;overflow:scroll;\">\n\t<strong>Sa\u00edda da depura\u00e7\u00e3o de an\u00fancios<\/strong>\n\t<br><br>\n\tO an\u00fancio n\u00e3o \u00e9 exibido na p\u00e1gina<br><br>post atual: C\u00e2mara de Lavras define comiss\u00e3o que vai apurar den\u00fancia de supostos abusos no uso de di\u00e1rias, ID: 20447<br><br><span style=\"color: red;\">O post atual n\u00e3o \u00e9 id\u00eantico ao post principal.<\/span><br><br>An\u00fancios: ROXO - TOPO INTERNA - ROTATIVO 2 (197)<br \/>Grupo de an\u00fancios: Princ_Meio01_720x104 (27)<br><br>Condi\u00e7\u00f5es de exibi\u00e7\u00e3o<div style=\"margin-bottom: 20px; white-space: pre-wrap; font-family: monospace; width: 100%; background: #ffe9e9;\"><strong>condi\u00e7\u00f5es gerais<\/strong><table border=\"1\"><thead><tr><th><\/th><th>An\u00fancios<\/th><th>wp_the_query<\/th><\/tr><\/thead><tr><td>is_main_query<\/td><td>1<\/td><td>1<\/td><\/tr><tr><td>is_rest_api<\/td><td>0<\/td><td>1<\/td><\/tr><tr><td>page<\/td><td>0<\/td><td>1<\/td><\/tr><tr><td>numpages<\/td><td>0<\/td><td>1<\/td><\/tr><tr><td>is_archive<\/td><td>1<\/td><td><\/td><\/tr><tr><td>is_search<\/td><td>1<\/td><td><\/td><\/tr><tr><td>is_home<\/td><td>1<\/td><td><\/td><\/tr><tr><td>is_404<\/td><td>1<\/td><td><\/td><\/tr><tr><td>is_attachment<\/td><td>1<\/td><td><\/td><\/tr><tr><td>is_singular<\/td><td>1<\/td><td><\/td><\/tr><tr><td>is_front_page<\/td><td>1<\/td><td><\/td><\/tr><tr><td>is_feed<\/td><td>1<\/td><td><\/td><\/tr><\/table><\/div><br><br><span style=\"color: red;\">Seu site usa HTTPS, mas o c\u00f3digo do an\u00fancio cont\u00e9m HTTP e pode n\u00e3o funcionar.<\/span>\t<br><br>\n\t<a style=\"color: green;\" href=\"https:\/\/wpadvancedads.com\/manual\/ad-debug-mode\/?utm_source=advanced-ads&utm_medium=link&utm_campaign=ad-debug-mode\" target=\"_blank\" rel=\"nofollow\">Encontre solu\u00e7\u00f5es no manual<\/a>\n<\/div>\n<\/li><\/ul><\/div><script>( window.advanced_ads_ready || jQuery( document ).ready ).call( null, function() {var $lavraslider2778519188 = jQuery( \".lavra-slider-2778519188\" );$lavraslider2778519188.on( \"unslider.ready\", function() { jQuery( \"div.custom-slider ul li\" ).css( \"display\", \"block\" ); });$lavraslider2778519188.unslider({ delay:4000, autoplay:true, nav:false, arrows:false, infinite:true });$lavraslider2778519188.on(\"mouseover\", function() {$lavraslider2778519188.unslider(\"stop\");}).on(\"mouseout\", function() {$lavraslider2778519188.unslider(\"start\");});});<\/script><\/div><p>A C\u00e2mara Municipal de Lavras definiu na reuni\u00e3o ordin\u00e1ria desta segunda-feira, dia 1\u00ba, quem s\u00e3o os vereadores que far\u00e3o parte da Comiss\u00e3o de \u00c9tica que vai investigar uma den\u00fancia de supostos abusos na concess\u00e3o, uso e pagamento de di\u00e1rias para vereadores e servidores do Legislativo.<!--more-->\u00a0A den\u00fancia foi apresentada na semana passada pelo vereador Coronel Claret. O documento cita v\u00e1rias situa\u00e7\u00f5es onde as normas da C\u00e2mara n\u00e3o teriam sido respeitadas. O vereador ainda aponta supostos casos de mau uso do dinheiro p\u00fablico, al\u00e9m de notas frias para o ressarcimento das di\u00e1rias.<\/p>\n<p>A Comiss\u00e3o de \u00c9tica que vai trabalhar internamente na quest\u00e3o ter\u00e1 como presidente o vereador Carlos Lindomar.\u00a0 Tamb\u00e9m fazem parte os vereadores \u00canio Mendes, Sebasti\u00e3o dos Santos e Dr. Alessandro. Lindomar disse que todos os citados na den\u00fancia ser\u00e3o ouvidos e ter\u00e3o a oportunidade de se defender, apresentando a documenta\u00e7\u00e3o que comprove o uso correto da verba. O autor da den\u00fancia, Coronel Claret, tamb\u00e9m colocou \u00e0 disposi\u00e7\u00e3o da Comiss\u00e3o o relat\u00f3rio e os documentos que foram reunidos por ele.<\/p>\n<p><img fetchpriority=\"high\" decoding=\"async\" class=\"alignnone size-full wp-image-20448\" src=\"http:\/\/lavras.tv\/site\/wp-content\/uploads\/2019\/04\/55875271_2805904129635097_7985029422346403840_n-e1554204116802.jpg\" alt=\"55875271_2805904129635097_7985029422346403840_n\" width=\"1300\" height=\"876\" srcset=\"https:\/\/lavras.tv\/site\/wp-content\/uploads\/2019\/04\/55875271_2805904129635097_7985029422346403840_n-e1554204116802.jpg 1300w, https:\/\/lavras.tv\/site\/wp-content\/uploads\/2019\/04\/55875271_2805904129635097_7985029422346403840_n-e1554204116802-150x101.jpg 150w, https:\/\/lavras.tv\/site\/wp-content\/uploads\/2019\/04\/55875271_2805904129635097_7985029422346403840_n-e1554204116802-300x202.jpg 300w, https:\/\/lavras.tv\/site\/wp-content\/uploads\/2019\/04\/55875271_2805904129635097_7985029422346403840_n-e1554204116802-1024x690.jpg 1024w, https:\/\/lavras.tv\/site\/wp-content\/uploads\/2019\/04\/55875271_2805904129635097_7985029422346403840_n-e1554204116802-272x182.jpg 272w\" sizes=\"(max-width: 1300px) 100vw, 1300px\" \/><\/p>\n<p><strong>Minist\u00e9rio P\u00fablico<\/strong><\/p>\n<p>O Minist\u00e9rio P\u00fablico tamb\u00e9m foi acionado e vai fazer uma investiga\u00e7\u00e3o paralela das den\u00fancias apresentadas pelo vereador Claret. Segundo o promotor Eduardo de Paula Machado, coordenador regional do Patrim\u00f4nio P\u00fablico, o MP j\u00e1 estava acompanhando a quest\u00e3o das di\u00e1rias em Lavras antes mesmo da apresenta\u00e7\u00e3o da den\u00fancia. &#8220;Esta a\u00e7\u00e3o de rotina j\u00e1 estava prevista no nosso cronograma de trabalho&#8221;, explicou \u00e0 equipe do Lavras.TV.<\/p>\n<p>A C\u00e2mara entregou um c\u00f3pia do relat\u00f3rio do vereador Claret ao promotor na semana passada. O MP deve analisar o caso e s\u00f3 depois ir\u00e1 se pronunciar. O vereador autor das den\u00fancias n\u00e3o quis dar entrevista sobre o caso.<\/p>\n","protected":false},"excerpt":{"rendered":"<p>A C\u00e2mara Municipal de Lavras definiu na reuni\u00e3o ordin\u00e1ria desta segunda-feira, dia 1\u00ba, quem s\u00e3o os vereadores que far\u00e3o parte da Comiss\u00e3o de \u00c9tica que vai investigar uma den\u00fancia de supostos abusos na concess\u00e3o, uso e pagamento de di\u00e1rias para vereadores e servidores do Legislativo.<\/p>\n","protected":false},"author":2,"featured_media":20448,"comment_status":"closed","ping_status":"open","sticky":false,"template":"","format":"standard","meta":{"advgb_blocks_editor_width":"","advgb_blocks_columns_visual_guide":"","_exactmetrics_skip_tracking":false,"_exactmetrics_sitenote_active":false,"_exactmetrics_sitenote_note":"","_exactmetrics_sitenote_category":0,"footnotes":""},"categories":[7,12],"tags":[1457,5666,954],"class_list":["post-20447","post","type-post","status-publish","format-standard","has-post-thumbnail","hentry","category-destaques","category-politica","tag-camara-de-lavras","tag-diarias","tag-vereadores"],"better_featured_image":{"id":20448,"alt_text":"","caption":"","description":"","media_type":"image","media_details":{"width":1300,"height":876,"file":"2019\/04\/55875271_2805904129635097_7985029422346403840_n-e1554204116802.jpg","sizes":{"thumbnail":{"file":"55875271_2805904129635097_7985029422346403840_n-e1554204116802-150x101.jpg","width":150,"height":101,"mime-type":"image\/jpeg","source_url":"https:\/\/lavras.tv\/site\/wp-content\/uploads\/2019\/04\/55875271_2805904129635097_7985029422346403840_n-e1554204116802-150x101.jpg"},"medium":{"file":"55875271_2805904129635097_7985029422346403840_n-e1554204116802-300x202.jpg","width":300,"height":202,"mime-type":"image\/jpeg","source_url":"https:\/\/lavras.tv\/site\/wp-content\/uploads\/2019\/04\/55875271_2805904129635097_7985029422346403840_n-e1554204116802-300x202.jpg"},"large":{"file":"55875271_2805904129635097_7985029422346403840_n-e1554204116802-1024x690.jpg","width":1024,"height":690,"mime-type":"image\/jpeg","source_url":"https:\/\/lavras.tv\/site\/wp-content\/uploads\/2019\/04\/55875271_2805904129635097_7985029422346403840_n-e1554204116802-1024x690.jpg"},"featured-slider-img":{"file":"55875271_2805904129635097_7985029422346403840_n-e1554204116802-640x480.jpg","width":640,"height":480,"mime-type":"image\/jpeg","source_url":"https:\/\/lavras.tv\/site\/wp-content\/uploads\/2019\/04\/55875271_2805904129635097_7985029422346403840_n-e1554204116802-640x480.jpg"},"featured-post-img":{"file":"55875271_2805904129635097_7985029422346403840_n-e1554204116802-480x320.jpg","width":480,"height":320,"mime-type":"image\/jpeg","source_url":"https:\/\/lavras.tv\/site\/wp-content\/uploads\/2019\/04\/55875271_2805904129635097_7985029422346403840_n-e1554204116802-480x320.jpg"},"sow-carousel-default":{"file":"55875271_2805904129635097_7985029422346403840_n-e1554204116802-272x182.jpg","width":272,"height":182,"mime-type":"image\/jpeg","source_url":"https:\/\/lavras.tv\/site\/wp-content\/uploads\/2019\/04\/55875271_2805904129635097_7985029422346403840_n-e1554204116802-272x182.jpg"}},"image_meta":{"aperture":"0","credit":"","camera":"","caption":"","created_timestamp":"0","copyright":"","focal_length":"0","iso":"0","shutter_speed":"0","title":"","orientation":"0","keywords":[]}},"post":20447,"source_url":"https:\/\/lavras.tv\/site\/wp-content\/uploads\/2019\/04\/55875271_2805904129635097_7985029422346403840_n-e1554204116802.jpg"},"author_meta":{"display_name":"Lavras TV","author_link":"https:\/\/lavras.tv\/site\/author\/lavrastv\/"},"featured_img":"https:\/\/lavras.tv\/site\/wp-content\/uploads\/2019\/04\/55875271_2805904129635097_7985029422346403840_n-e1554204116802-300x202.jpg","coauthors":[],"tax_additional":{"categories":{"linked":["<a href=\"https:\/\/lavras.tv\/site\/category\/destaques\/\" class=\"advgb-post-tax-term\">Destaques<\/a>","<a href=\"https:\/\/lavras.tv\/site\/category\/politica\/\" class=\"advgb-post-tax-term\">Pol\u00edtica<\/a>"],"unlinked":["<span class=\"advgb-post-tax-term\">Destaques<\/span>","<span class=\"advgb-post-tax-term\">Pol\u00edtica<\/span>"]},"tags":{"linked":["<a href=\"https:\/\/lavras.tv\/site\/category\/politica\/\" class=\"advgb-post-tax-term\">C\u00e2mara de Lavras<\/a>","<a href=\"https:\/\/lavras.tv\/site\/category\/politica\/\" class=\"advgb-post-tax-term\">di\u00e1rias<\/a>","<a href=\"https:\/\/lavras.tv\/site\/category\/politica\/\" class=\"advgb-post-tax-term\">vereadores<\/a>"],"unlinked":["<span class=\"advgb-post-tax-term\">C\u00e2mara de Lavras<\/span>","<span class=\"advgb-post-tax-term\">di\u00e1rias<\/span>","<span class=\"advgb-post-tax-term\">vereadores<\/span>"]}},"comment_count":"0","relative_dates":{"created":"Publicado 7 anos atr\u00e1s","modified":"Atualizado 7 anos atr\u00e1s"},"absolute_dates":{"created":"Publicado em 2 de abril de 2019","modified":"Atualizado em 2 de abril de 2019"},"absolute_dates_time":{"created":"Publicado em 2 de abril de 2019 08:24","modified":"Atualizado em 2 de abril de 2019 08:24"},"featured_img_caption":"","series_order":"","_links":{"self":[{"href":"https:\/\/lavras.tv\/site\/wp-json\/wp\/v2\/posts\/20447","targetHints":{"allow":["GET"]}}],"collection":[{"href":"https:\/\/lavras.tv\/site\/wp-json\/wp\/v2\/posts"}],"about":[{"href":"https:\/\/lavras.tv\/site\/wp-json\/wp\/v2\/types\/post"}],"author":[{"embeddable":true,"href":"https:\/\/lavras.tv\/site\/wp-json\/wp\/v2\/users\/2"}],"replies":[{"embeddable":true,"href":"https:\/\/lavras.tv\/site\/wp-json\/wp\/v2\/comments?post=20447"}],"version-history":[{"count":1,"href":"https:\/\/lavras.tv\/site\/wp-json\/wp\/v2\/posts\/20447\/revisions"}],"predecessor-version":[{"id":20449,"href":"https:\/\/lavras.tv\/site\/wp-json\/wp\/v2\/posts\/20447\/revisions\/20449"}],"wp:featuredmedia":[{"embeddable":true,"href":"https:\/\/lavras.tv\/site\/wp-json\/wp\/v2\/media\/20448"}],"wp:attachment":[{"href":"https:\/\/lavras.tv\/site\/wp-json\/wp\/v2\/media?parent=20447"}],"wp:term":[{"taxonomy":"category","embeddable":true,"href":"https:\/\/lavras.tv\/site\/wp-json\/wp\/v2\/categories?post=20447"},{"taxonomy":"post_tag","embeddable":true,"href":"https:\/\/lavras.tv\/site\/wp-json\/wp\/v2\/tags?post=20447"}],"curies":[{"name":"wp","href":"https:\/\/api.w.org\/{rel}","templated":true}]}}