{"id":20524,"date":"2019-04-05T09:41:52","date_gmt":"2019-04-05T12:41:52","guid":{"rendered":"http:\/\/lavras.tv\/site\/?p=20524"},"modified":"2019-04-05T09:41:52","modified_gmt":"2019-04-05T12:41:52","slug":"governo-de-mg-comeca-a-pagar-em-2020-parte-da-divida-com-municipios","status":"publish","type":"post","link":"https:\/\/lavras.tv\/site\/2019\/04\/05\/governo-de-mg-comeca-a-pagar-em-2020-parte-da-divida-com-municipios\/","title":{"rendered":"Governo de MG come\u00e7a a pagar em 2020 parte da d\u00edvida com munic\u00edpios"},"content":{"rendered":"<div class=\"lavra-antes-do-conteudo_2\" id=\"lavra-4184194747\"><div id=\"lavra-slider-27\" class=\"custom-slider lavra-slider-176342268 lavra-slider\"><ul><li><div style=\"margin-left: auto;margin-right: auto;text-align: center;\" id=\"lavra-1384512024\"><a href=\"https:\/\/sistemas.lavras.mg.gov.br\/portalcidadao\/#df1b1a7c7b2a290bcb31e32771e610784662739a88807c0dacac58ede5f391a7530e299dc302d611ee73cb143fc22eaf93592e53e7b5bdb01b00a0b8d28dae460c141dd2ff83412e4dc1c31b16b25f33144a9e5620ea73b13f5bc1c59411d98439ad226e8af03840603796067d87afe130812cf3de24982d0e306f9e61e764e5\" aria-label=\"Lavras-TV&#8211;720x104px (1) (1)\"><img src=\"https:\/\/lavras.tv\/site\/wp-content\/uploads\/2025\/01\/Lavras-TV-720x104px-1-1.png\" alt=\"\"  srcset=\"https:\/\/lavras.tv\/site\/wp-content\/uploads\/2025\/01\/Lavras-TV-720x104px-1-1.png 720w, https:\/\/lavras.tv\/site\/wp-content\/uploads\/2025\/01\/Lavras-TV-720x104px-1-1-470x68.png 470w, https:\/\/lavras.tv\/site\/wp-content\/uploads\/2025\/01\/Lavras-TV-720x104px-1-1-170x25.png 170w, https:\/\/lavras.tv\/site\/wp-content\/uploads\/2025\/01\/Lavras-TV-720x104px-1-1-200x29.png 200w\" sizes=\"(max-width: 720px) 100vw, 720px\" width=\"720\" height=\"104\"  style=\"display: inline-block;\" \/><\/a><\/div><\/li><li><a href=\"https:\/\/sistemas.lavras.mg.gov.br\/portalcidadao\/#df1b1a7c7b2a290bcb31e32771e610784662739a88807c0dacac58ede5f391a7530e299dc302d611ee73cb143fc22eaf93592e53e7b5bdb01b00a0b8d28dae460c141dd2ff83412e4dc1c31b16b25f33144a9e5620ea73b13f5bc1c59411d98439ad226e8af03840603796067d87afe130812cf3de24982d0e306f9e61e764e5\" aria-label=\"Banner_Emprego_PortallavrasTV\"><img src=\"https:\/\/lavras.tv\/site\/wp-content\/uploads\/2025\/03\/Banner_Emprego_PortallavrasTV.png\" alt=\"\"  srcset=\"https:\/\/lavras.tv\/site\/wp-content\/uploads\/2025\/03\/Banner_Emprego_PortallavrasTV.png 720w, https:\/\/lavras.tv\/site\/wp-content\/uploads\/2025\/03\/Banner_Emprego_PortallavrasTV-470x68.png 470w, https:\/\/lavras.tv\/site\/wp-content\/uploads\/2025\/03\/Banner_Emprego_PortallavrasTV-170x25.png 170w, https:\/\/lavras.tv\/site\/wp-content\/uploads\/2025\/03\/Banner_Emprego_PortallavrasTV-200x29.png 200w\" sizes=\"(max-width: 720px) 100vw, 720px\" width=\"720\" height=\"104\"   \/><\/a><\/li><li><a href=\"https:\/\/sistemas.lavras.mg.gov.br\/portalcidadao\/#df1b1a7c7b2a290bcb31e32771e610784662739a88807c0dacac58ede5f391a7530e299dc302d611ee73cb143fc22eaf93592e53e7b5bdb01b00a0b8d28dae460c141dd2ff83412e4dc1c31b16b25f33144a9e5620ea73b13f5bc1c59411d98439ad226e8af03840603796067d87afe130812cf3de24982d0e306f9e61e764e5\" aria-label=\"Banner_Obras_PortallavrasTV\"><img src=\"https:\/\/lavras.tv\/site\/wp-content\/uploads\/2025\/03\/Banner_Obras_PortallavrasTV.png\" alt=\"\"  srcset=\"https:\/\/lavras.tv\/site\/wp-content\/uploads\/2025\/03\/Banner_Obras_PortallavrasTV.png 720w, https:\/\/lavras.tv\/site\/wp-content\/uploads\/2025\/03\/Banner_Obras_PortallavrasTV-470x68.png 470w, https:\/\/lavras.tv\/site\/wp-content\/uploads\/2025\/03\/Banner_Obras_PortallavrasTV-170x25.png 170w, https:\/\/lavras.tv\/site\/wp-content\/uploads\/2025\/03\/Banner_Obras_PortallavrasTV-200x29.png 200w\" sizes=\"(max-width: 720px) 100vw, 720px\" width=\"720\" height=\"104\"   \/><\/a><\/li><li><div style=\"margin-left: auto;margin-right: auto;text-align: center;\" id=\"lavra-137783620\"><a href=\"https:\/\/sistemas.lavras.mg.gov.br\/portalcidadao\/#df1b1a7c7b2a290bcb31e32771e610784662739a88807c0dacac58ede5f391a7530e299dc302d611ee73cb143fc22eaf93592e53e7b5bdb01b00a0b8d28dae460c141dd2ff83412e4dc1c31b16b25f33144a9e5620ea73b13f5bc1c59411d98439ad226e8af03840603796067d87afe130812cf3de24982d0e306f9e61e764e5\" aria-label=\"Banner_Educa\u00e7\u00e3o_PortallavrasTV\"><img src=\"https:\/\/lavras.tv\/site\/wp-content\/uploads\/2025\/01\/Banner_Educacao_PortallavrasTV.png\" alt=\"\"  srcset=\"https:\/\/lavras.tv\/site\/wp-content\/uploads\/2025\/01\/Banner_Educacao_PortallavrasTV.png 720w, https:\/\/lavras.tv\/site\/wp-content\/uploads\/2025\/01\/Banner_Educacao_PortallavrasTV-470x68.png 470w, https:\/\/lavras.tv\/site\/wp-content\/uploads\/2025\/01\/Banner_Educacao_PortallavrasTV-170x25.png 170w, https:\/\/lavras.tv\/site\/wp-content\/uploads\/2025\/01\/Banner_Educacao_PortallavrasTV-200x29.png 200w\" sizes=\"(max-width: 720px) 100vw, 720px\" width=\"720\" height=\"104\"  style=\"display: inline-block;\" \/><\/a><\/div><\/li><li><a href=\"https:\/\/sistemas.lavras.mg.gov.br\/portalcidadao\/#df1b1a7c7b2a290bcb31e32771e610784662739a88807c0dacac58ede5f391a7530e299dc302d611ee73cb143fc22eaf93592e53e7b5bdb01b00a0b8d28dae460c141dd2ff83412e4dc1c31b16b25f33144a9e5620ea73b13f5bc1c59411d98439ad226e8af03840603796067d87afe130812cf3de24982d0e306f9e61e764e5\" aria-label=\"Banner_Sa\u00fade_PortallavrasTV\"><img src=\"https:\/\/lavras.tv\/site\/wp-content\/uploads\/2025\/03\/Banner_Saude_PortallavrasTV.png\" alt=\"\"  srcset=\"https:\/\/lavras.tv\/site\/wp-content\/uploads\/2025\/03\/Banner_Saude_PortallavrasTV.png 720w, https:\/\/lavras.tv\/site\/wp-content\/uploads\/2025\/03\/Banner_Saude_PortallavrasTV-470x68.png 470w, https:\/\/lavras.tv\/site\/wp-content\/uploads\/2025\/03\/Banner_Saude_PortallavrasTV-170x25.png 170w, https:\/\/lavras.tv\/site\/wp-content\/uploads\/2025\/03\/Banner_Saude_PortallavrasTV-200x29.png 200w\" sizes=\"(max-width: 720px) 100vw, 720px\" width=\"720\" height=\"104\"   \/><\/a><\/li><li><div id=\"lavra-2686484788\" style=\"width:720px;height:104px;background-color:#ddd;overflow:scroll;\">\n\t<strong>Sa\u00edda da depura\u00e7\u00e3o de an\u00fancios<\/strong>\n\t<br><br>\n\tO an\u00fancio n\u00e3o \u00e9 exibido na p\u00e1gina<br><br>post atual: Governo de MG come\u00e7a a pagar em 2020 parte da d\u00edvida com munic\u00edpios, ID: 20524<br><br><span style=\"color: red;\">O post atual n\u00e3o \u00e9 id\u00eantico ao post principal.<\/span><br><br>An\u00fancios: ROXO - TOPO INTERNA - ROTATIVO 2 (197)<br \/>Grupo de an\u00fancios: Princ_Meio01_720x104 (27)<br><br>Condi\u00e7\u00f5es de exibi\u00e7\u00e3o<div style=\"margin-bottom: 20px; white-space: pre-wrap; font-family: monospace; width: 100%; background: #ffe9e9;\"><strong>condi\u00e7\u00f5es gerais<\/strong><table border=\"1\"><thead><tr><th><\/th><th>An\u00fancios<\/th><th>wp_the_query<\/th><\/tr><\/thead><tr><td>is_main_query<\/td><td>1<\/td><td>1<\/td><\/tr><tr><td>is_rest_api<\/td><td>0<\/td><td>1<\/td><\/tr><tr><td>page<\/td><td>0<\/td><td>1<\/td><\/tr><tr><td>numpages<\/td><td>0<\/td><td>1<\/td><\/tr><tr><td>is_archive<\/td><td>1<\/td><td><\/td><\/tr><tr><td>is_search<\/td><td>1<\/td><td><\/td><\/tr><tr><td>is_home<\/td><td>1<\/td><td><\/td><\/tr><tr><td>is_404<\/td><td>1<\/td><td><\/td><\/tr><tr><td>is_attachment<\/td><td>1<\/td><td><\/td><\/tr><tr><td>is_singular<\/td><td>1<\/td><td><\/td><\/tr><tr><td>is_front_page<\/td><td>1<\/td><td><\/td><\/tr><tr><td>is_feed<\/td><td>1<\/td><td><\/td><\/tr><\/table><\/div><br><br><span style=\"color: red;\">Seu site usa HTTPS, mas o c\u00f3digo do an\u00fancio cont\u00e9m HTTP e pode n\u00e3o funcionar.<\/span>\t<br><br>\n\t<a style=\"color: green;\" href=\"https:\/\/wpadvancedads.com\/manual\/ad-debug-mode\/?utm_source=advanced-ads&utm_medium=link&utm_campaign=ad-debug-mode\" target=\"_blank\" rel=\"nofollow\">Encontre solu\u00e7\u00f5es no manual<\/a>\n<\/div>\n<\/li><\/ul><\/div><script>( window.advanced_ads_ready || jQuery( document ).ready ).call( null, function() {var $lavraslider176342268 = jQuery( \".lavra-slider-176342268\" );$lavraslider176342268.on( \"unslider.ready\", function() { jQuery( \"div.custom-slider ul li\" ).css( \"display\", \"block\" ); });$lavraslider176342268.unslider({ delay:4000, autoplay:true, nav:false, arrows:false, infinite:true });$lavraslider176342268.on(\"mouseover\", function() {$lavraslider176342268.unslider(\"stop\");}).on(\"mouseout\", function() {$lavraslider176342268.unslider(\"start\");});});<\/script><\/div><p>Ap\u00f3s tr\u00eas meses de negocia\u00e7\u00e3o, o governador Romeu Zema (Novo) deu solu\u00e7\u00e3o parcial \u00e0 d\u00edvida do Estado com as prefeituras, ao fechar um acordo para pagar R$ 7 bilh\u00f5es dos R$ 13,3 bilh\u00f5es devidos aos munic\u00edpios, referentes a repasses retidos de ICMS, IPVA e Fundeb. Assinado ontem com a Associa\u00e7\u00e3o Mineira de Munic\u00edpios (AMM), com media\u00e7\u00e3o do Tribunal de Justi\u00e7a de Minas Gerais (TJMG), o pacto ser\u00e1 cumprido at\u00e9 2022. Os pagamentos come\u00e7am a ser feitos em 2020, o que gerou cr\u00edticas de alguns prefeitos.<\/p>\n<p>Pelo acordo, o governo de Minas ir\u00e1 quitar R$ 1,046 bilh\u00e3o devidos na gest\u00e3o de Zema, referentes aos repasses constitucionais n\u00e3o realizados pelo Executivo em janeiro deste ano. A d\u00edvida ser\u00e1 paga em tr\u00eas parcelas mensais de R$ 339 milh\u00f5es de janeiro a mar\u00e7o do ano que vem. Em seguida, o governo come\u00e7a a pagar, em abril de 2020, R$ 6 bilh\u00f5es dos R$ 12,3 bilh\u00f5es confiscados em impostos ainda na gest\u00e3o do ex-governador Fernando Pimentel (PT). Os valores ser\u00e3o depositados em 30 parcelas de cerca de R$ 200 milh\u00f5es.<\/p>\n<p><img fetchpriority=\"high\" decoding=\"async\" class=\"alignnone size-full wp-image-20525 aligncenter\" src=\"http:\/\/lavras.tv\/site\/wp-content\/uploads\/2019\/04\/zema.jpg\" alt=\"zema\" width=\"300\" height=\"168\" srcset=\"https:\/\/lavras.tv\/site\/wp-content\/uploads\/2019\/04\/zema.jpg 300w, https:\/\/lavras.tv\/site\/wp-content\/uploads\/2019\/04\/zema-150x84.jpg 150w\" sizes=\"(max-width: 300px) 100vw, 300px\" \/><\/p>\n<p>O documento tamb\u00e9m estabelece que o governo quite, j\u00e1 a partir deste m\u00eas, os R$ 120 milh\u00f5es referentes a verbas atrasadas do transporte escolar \u2014 os valores ser\u00e3o pagos em dez vezes, at\u00e9 outubro.<\/p>\n<p>\u201cO compromisso do governo d\u00e1 uma perspectiva de organiza\u00e7\u00e3o. Os outros R$ 6 bilh\u00f5es, que \u00e9 verba para o Farm\u00e1cia B\u00e1sica, merenda escolar, obras, vamos deixar para negociar a partir do ano que vem, porque n\u00e3o s\u00e3o repasses constitucionais. Est\u00e1 longe do ideal, mas \u00e9 um primeiro passo\u201d, disse o presidente da AMM, Julvan Lacerda.<\/p>\n<p>Caso o Estado descumpra as datas de pagamento, atrasando os repasses por mais de 30 dias, o TJMG poder\u00e1 bloquear os valores, obrigando o Executivo a repass\u00e1-los imediatamente aos munic\u00edpios.<\/p>\n<p>Outra exig\u00eancia prevista no pacto \u00e9 que as prefeituras tenham acesso, em at\u00e9 90 dias, ao Sistema Integrado de Administra\u00e7\u00e3o Financeira (Siaf). Na impossibilidade de conferir o sistema, o Estado dever\u00e1 fornecer extratos de pagamento do ICMS e do IPVA \u00e0 AMM.<\/p>\n<p>Nessa quinta (4), Zema ressaltou que n\u00e3o pretende descumprir o acordo. \u201cPodem ter absoluta certeza de que vamos cumprir esses repasses. Minha equipe tem sofrido porque as contas do Estado s\u00e3o terr\u00edveis, mas n\u00e3o ser\u00e3o os prefeitos que pagar\u00e3o essa conta\u201d, disse.<\/p>\n<p>Apesar da sinaliza\u00e7\u00e3o de al\u00edvio no caixa das prefeituras, gestores municipais n\u00e3o foram un\u00e2nimes em festejar todos os itens do acordo.<\/p>\n<p>O prefeito de Ipatinga, Nardyello Rocha (MDB), que espera receber R$ 7 milh\u00f5es em repasses atrasados, reclamou da demora para os pagamentos come\u00e7arem a ser feitos. \u201c\u00c9 um passo importante. Mas dever\u00edamos come\u00e7ar a receber no pr\u00f3ximo m\u00eas, n\u00e3o s\u00f3 no ano que vem. Ainda assim, \u00e9 um avan\u00e7o\u201d.<\/p>\n<p>\u201cEsse acordo \u00e9 melhor que nada, pois agora temos a certeza de que os repasses ser\u00e3o pagos. Estamos esperan\u00e7osos de que o governador ir\u00e1 cumprir o combinado\u201d, diz o prefeito de Catuti, no Norte de Minas, Jos\u00e9 Barboza (Zinga), do PSD.<\/p>\n<p>Para o chefe do Executivo de S\u00e3o Jos\u00e9 do Goiabal, Beto Guimar\u00e3es (PSB), apesar da demora, o acordo vai permitir \u00e0s prefeituras a come\u00e7arem a se equilibrar. \u201cClaro que gostar\u00edamos de receber o quanto antes. Mas, pelo menos, ser\u00e3o s\u00f3 tr\u00eas parcelas. Tenho R$ 2 milh\u00f5es para receber e, a partir do ano que vem, vamos conseguir organizar melhor a prefeitura\u201d, avalia D\u00e9cio.<\/p>\n<p><strong>Primeiro passo para Zema melhorar rela\u00e7\u00e3o com Assembleia<\/strong><\/p>\n<p>O acordo fechado para pagar os munic\u00edpios mineiros acalma os \u00e2nimos de parte dos prefeitos e das bases dos deputados estaduais. Mas, mesmo com esse primeiro passo, o governador Romeu Zema (Novo) ainda ter\u00e1 trabalho para consolidar o apoio na Assembleia Legislativa. Nos bastidores da Casa, parlamentares ainda cobram um relacionamento mais estreito do governador com o Legislativo.<\/p>\n<p>O presidente da Assembleia, deputado Agostinho Patrus (PV), que cobrou di\u00e1logo mais intenso de Zema com os parlamentares nas \u00faltimas semanas, comemorou o acordo entre o governo e a Associa\u00e7\u00e3o Mineira dos Munic\u00edpios (AMM) e, durante a celebra\u00e7\u00e3o do termo, ontem, disse que foi \u201caplaudir\u201d a atitude do governo.<\/p>\n<p>\u201c\u00c9 dessa forma que os mineiros se entendem, discutindo problemas, colocando os interesses da popula\u00e7\u00e3o acima de todos os outros. O acordo cria aos prefeitos regularidade de pagamento e possibilita que eles possam se planejar para os pr\u00f3ximos meses\u201d, disse Agostinho.<\/p>\n<p>Por outro lado, parlamentares reclamam da falta de flexibilidade do governo para tratar da recupera\u00e7\u00e3o fiscal de Minas. Dentre os projetos mais importantes a serem analisados pela Assembleia, a reforma administrativa ser\u00e1 a prova de fogo de Zema. Para o deputado Sargento Rodrigues (PDT), os parlamentares aguardam que o governo ceda em rela\u00e7\u00e3o ao projeto \u2014 o que ainda n\u00e3o foi sinalizado pelo Executivo.<\/p>\n<p>A proposta prev\u00ea economia de R$ 1 bilh\u00e3o em quatro anos, mas traz pontos pol\u00eamicos, como unifica\u00e7\u00e3o de secretarias e a extin\u00e7\u00e3o da Escola de Sa\u00fade.<\/p>\n<p>\u201cO governador vai ter que ceder, a come\u00e7ar pela reforma administrativa. Ele n\u00e3o pode achar que um projeto ser\u00e1 aprovado como foi enviado. Entre os deputados, \u00e9 quase un\u00e2nime que todos v\u00e3o votar pela continuidade da Escola de Sa\u00fade. O projeto vai precisar de mudan\u00e7as, e \u00e9 assim que o governo mostra que quer dialogar\u201d, avalia o deputado do PDT.<\/p>\n<p>O deputado Cristiano Silveira (PT) tamb\u00e9m cobrou uma postura mais pr\u00f3xima do Executivo com o Legislativo. \u201c\u00c9 preciso di\u00e1logo para construir rela\u00e7\u00f5es. Vemos pouco o secret\u00e1rio de governo, Cust\u00f3dio Mattos. \u00c9 preciso estreitar esse la\u00e7o. N\u00e3o adianta o governo vir \u00e0 Assembleia prestar contas a cada quatro meses, se n\u00e3o dialoga. As conversas ainda s\u00e3o dif\u00edceis\u201d.<\/p>\n<p><strong>Kalil ressalta di\u00e1logo e cobra investimentos do Estado na sa\u00fade<\/strong><\/p>\n<p>Presente na celebra\u00e7\u00e3o do acordo entre o Estado e a Associa\u00e7\u00e3o Mineira dos Munic\u00edpios (AMM), ontem, o prefeito de Belo Horizonte, Alexandre Kalil (PHS), aproveitou para cobrar do governador Romeu Zema (Novo) agilidade em rela\u00e7\u00e3o aos investimentos na sa\u00fade da capital mineira.<\/p>\n<p>Para o prefeito, o al\u00edvio financeiro dos munic\u00edpios foi um passo importante, mas ele lembrou que muitas pessoas do interior ainda dependem dos servi\u00e7os de sa\u00fade da capital. Por isso, Kalil chamou aten\u00e7\u00e3o para a necessidade de recursos para o Hospital Metropolitano Doutor C\u00e9lio de Castro, o Hospital do Barreiro.<\/p>\n<p>Segundo o prefeito, 60% das 14 mil consultas e 7.000 cirurgias realizadas no hospital s\u00e3o de pessoas vindas do interior, que precisam de transporte para chegar \u00e0 capital. \u201cIndependentemente do acordo, \u00e9 importante que o governo de Minas mantenha o di\u00e1logo com os munic\u00edpios. A sa\u00fade \u00e9 vida. \u00c9 a caneta que pode matar. Pe\u00e7o, governador, que o assunto sa\u00fade seja o pr\u00f3ximo assunto priorit\u00e1rio\u201d, disse o prefeito da capital.<\/p>\n<p>Zema, por\u00e9m, evitou outros temas e n\u00e3o respondeu \u00e0 demanda feita por Kalil. Procurada, a assessoria de imprensa do governador tamb\u00e9m n\u00e3o se manifestou sobre a cobran\u00e7a do prefeito.<\/p>\n<p>Inaugurado em dezembro de 2015, na gest\u00e3o de Fernando Pimentel (PT), o Hospital do Barreiro recebeu investimento de R$ 285 milh\u00f5es para estrutura\u00e7\u00e3o e compra de equipamentos. Os valores foram divididos entre prefeitura, governo de Minas e Minist\u00e9rio da Sa\u00fade. Para manuten\u00e7\u00e3o da unidade hospitalar, os recursos mensais s\u00e3o divididos em 50% para o Minist\u00e9rio da Sa\u00fade, 25% para Estado e 25% de responsabilidade do munic\u00edpio.<\/p>\n<p>Por m\u00eas, o hospital tem capacidade para duas mil interna\u00e7\u00f5es, 3.400 consultas e 20 mil exames de m\u00e9dia e alta complexidade, como colonoscopia, endoscopia e bi\u00f3psia guiada por imagem. Na \u00faltima ter\u00e7a-feira, a prefeitura anunciou o funcionamento de 100% dos 460 leitos do hospital.<\/p>\n<p>Fonte: Hoje em Dia<\/p>\n","protected":false},"excerpt":{"rendered":"<p>Ap\u00f3s tr\u00eas meses de negocia\u00e7\u00e3o, o governador Romeu Zema (Novo) deu solu\u00e7\u00e3o parcial \u00e0 d\u00edvida do Estado com as prefeituras, ao fechar um acordo para pagar R$ 7 bilh\u00f5es dos R$ 13,3 bilh\u00f5es devidos aos munic\u00edpios, referentes a repasses retidos de ICMS, IPVA e Fundeb. Assinado ontem com a Associa\u00e7\u00e3o Mineira de Munic\u00edpios (AMM), com [&hellip;]<\/p>\n","protected":false},"author":2,"featured_media":20525,"comment_status":"closed","ping_status":"open","sticky":false,"template":"","format":"standard","meta":{"advgb_blocks_editor_width":"","advgb_blocks_columns_visual_guide":"","_exactmetrics_skip_tracking":false,"_exactmetrics_sitenote_active":false,"_exactmetrics_sitenote_note":"","_exactmetrics_sitenote_category":0,"footnotes":""},"categories":[7,12],"tags":[],"class_list":["post-20524","post","type-post","status-publish","format-standard","has-post-thumbnail","hentry","category-destaques","category-politica"],"better_featured_image":{"id":20525,"alt_text":"","caption":"","description":"","media_type":"image","media_details":{"width":300,"height":168,"file":"2019\/04\/zema.jpg","sizes":{"thumbnail":{"file":"zema-150x84.jpg","width":150,"height":84,"mime-type":"image\/jpeg","source_url":"https:\/\/lavras.tv\/site\/wp-content\/uploads\/2019\/04\/zema-150x84.jpg"},"medium":{"file":"zema-300x168.jpg","width":300,"height":168,"mime-type":"image\/jpeg","source_url":"https:\/\/lavras.tv\/site\/wp-content\/uploads\/2019\/04\/zema-300x168.jpg"},"sow-carousel-default":{"file":"zema-272x168.jpg","width":272,"height":168,"mime-type":"image\/jpeg","source_url":"https:\/\/lavras.tv\/site\/wp-content\/uploads\/2019\/04\/zema-272x168.jpg"}},"image_meta":{"aperture":"0","credit":"","camera":"","caption":"","created_timestamp":"0","copyright":"","focal_length":"0","iso":"0","shutter_speed":"0","title":"","orientation":"0","keywords":[]}},"post":20524,"source_url":"https:\/\/lavras.tv\/site\/wp-content\/uploads\/2019\/04\/zema.jpg"},"author_meta":{"display_name":"Lavras TV","author_link":"https:\/\/lavras.tv\/site\/author\/lavrastv\/"},"featured_img":"https:\/\/lavras.tv\/site\/wp-content\/uploads\/2019\/04\/zema-300x168.jpg","coauthors":[],"tax_additional":{"categories":{"linked":["<a href=\"https:\/\/lavras.tv\/site\/category\/destaques\/\" class=\"advgb-post-tax-term\">Destaques<\/a>","<a href=\"https:\/\/lavras.tv\/site\/category\/politica\/\" class=\"advgb-post-tax-term\">Pol\u00edtica<\/a>"],"unlinked":["<span class=\"advgb-post-tax-term\">Destaques<\/span>","<span class=\"advgb-post-tax-term\">Pol\u00edtica<\/span>"]}},"comment_count":"0","relative_dates":{"created":"Publicado 7 anos atr\u00e1s","modified":"Atualizado 7 anos atr\u00e1s"},"absolute_dates":{"created":"Publicado em 5 de abril de 2019","modified":"Atualizado em 5 de abril de 2019"},"absolute_dates_time":{"created":"Publicado em 5 de abril de 2019 09:41","modified":"Atualizado em 5 de abril de 2019 09:41"},"featured_img_caption":"","series_order":"","_links":{"self":[{"href":"https:\/\/lavras.tv\/site\/wp-json\/wp\/v2\/posts\/20524","targetHints":{"allow":["GET"]}}],"collection":[{"href":"https:\/\/lavras.tv\/site\/wp-json\/wp\/v2\/posts"}],"about":[{"href":"https:\/\/lavras.tv\/site\/wp-json\/wp\/v2\/types\/post"}],"author":[{"embeddable":true,"href":"https:\/\/lavras.tv\/site\/wp-json\/wp\/v2\/users\/2"}],"replies":[{"embeddable":true,"href":"https:\/\/lavras.tv\/site\/wp-json\/wp\/v2\/comments?post=20524"}],"version-history":[{"count":1,"href":"https:\/\/lavras.tv\/site\/wp-json\/wp\/v2\/posts\/20524\/revisions"}],"predecessor-version":[{"id":20526,"href":"https:\/\/lavras.tv\/site\/wp-json\/wp\/v2\/posts\/20524\/revisions\/20526"}],"wp:featuredmedia":[{"embeddable":true,"href":"https:\/\/lavras.tv\/site\/wp-json\/wp\/v2\/media\/20525"}],"wp:attachment":[{"href":"https:\/\/lavras.tv\/site\/wp-json\/wp\/v2\/media?parent=20524"}],"wp:term":[{"taxonomy":"category","embeddable":true,"href":"https:\/\/lavras.tv\/site\/wp-json\/wp\/v2\/categories?post=20524"},{"taxonomy":"post_tag","embeddable":true,"href":"https:\/\/lavras.tv\/site\/wp-json\/wp\/v2\/tags?post=20524"}],"curies":[{"name":"wp","href":"https:\/\/api.w.org\/{rel}","templated":true}]}}