{"id":20604,"date":"2019-04-10T10:06:37","date_gmt":"2019-04-10T13:06:37","guid":{"rendered":"http:\/\/lavras.tv\/site\/?p=20604"},"modified":"2019-04-10T10:06:37","modified_gmt":"2019-04-10T13:06:37","slug":"romeu-zema-faz-balanco-de-100-dias-no-governo-de-minas-gerais","status":"publish","type":"post","link":"https:\/\/lavras.tv\/site\/2019\/04\/10\/romeu-zema-faz-balanco-de-100-dias-no-governo-de-minas-gerais\/","title":{"rendered":"Romeu Zema faz balan\u00e7o de 100 dias no Governo de Minas Gerais"},"content":{"rendered":"<div class=\"lavra-antes-do-conteudo_2\" id=\"lavra-2465113541\"><div id=\"lavra-slider-27\" class=\"custom-slider lavra-slider-2997567299 lavra-slider\"><ul><li><div style=\"margin-left: auto;margin-right: auto;text-align: center;\" id=\"lavra-3247075532\"><a href=\"https:\/\/sistemas.lavras.mg.gov.br\/portalcidadao\/#df1b1a7c7b2a290bcb31e32771e610784662739a88807c0dacac58ede5f391a7530e299dc302d611ee73cb143fc22eaf93592e53e7b5bdb01b00a0b8d28dae460c141dd2ff83412e4dc1c31b16b25f33144a9e5620ea73b13f5bc1c59411d98439ad226e8af03840603796067d87afe130812cf3de24982d0e306f9e61e764e5\" aria-label=\"Lavras-TV&#8211;720x104px (1) (1)\"><img src=\"https:\/\/lavras.tv\/site\/wp-content\/uploads\/2025\/01\/Lavras-TV-720x104px-1-1.png\" alt=\"\"  srcset=\"https:\/\/lavras.tv\/site\/wp-content\/uploads\/2025\/01\/Lavras-TV-720x104px-1-1.png 720w, https:\/\/lavras.tv\/site\/wp-content\/uploads\/2025\/01\/Lavras-TV-720x104px-1-1-470x68.png 470w, https:\/\/lavras.tv\/site\/wp-content\/uploads\/2025\/01\/Lavras-TV-720x104px-1-1-170x25.png 170w, https:\/\/lavras.tv\/site\/wp-content\/uploads\/2025\/01\/Lavras-TV-720x104px-1-1-200x29.png 200w\" sizes=\"(max-width: 720px) 100vw, 720px\" width=\"720\" height=\"104\"  style=\"display: inline-block;\" \/><\/a><\/div><\/li><li><a href=\"https:\/\/sistemas.lavras.mg.gov.br\/portalcidadao\/#df1b1a7c7b2a290bcb31e32771e610784662739a88807c0dacac58ede5f391a7530e299dc302d611ee73cb143fc22eaf93592e53e7b5bdb01b00a0b8d28dae460c141dd2ff83412e4dc1c31b16b25f33144a9e5620ea73b13f5bc1c59411d98439ad226e8af03840603796067d87afe130812cf3de24982d0e306f9e61e764e5\" aria-label=\"Banner_Emprego_PortallavrasTV\"><img src=\"https:\/\/lavras.tv\/site\/wp-content\/uploads\/2025\/03\/Banner_Emprego_PortallavrasTV.png\" alt=\"\"  srcset=\"https:\/\/lavras.tv\/site\/wp-content\/uploads\/2025\/03\/Banner_Emprego_PortallavrasTV.png 720w, https:\/\/lavras.tv\/site\/wp-content\/uploads\/2025\/03\/Banner_Emprego_PortallavrasTV-470x68.png 470w, https:\/\/lavras.tv\/site\/wp-content\/uploads\/2025\/03\/Banner_Emprego_PortallavrasTV-170x25.png 170w, https:\/\/lavras.tv\/site\/wp-content\/uploads\/2025\/03\/Banner_Emprego_PortallavrasTV-200x29.png 200w\" sizes=\"(max-width: 720px) 100vw, 720px\" width=\"720\" height=\"104\"   \/><\/a><\/li><li><a href=\"https:\/\/sistemas.lavras.mg.gov.br\/portalcidadao\/#df1b1a7c7b2a290bcb31e32771e610784662739a88807c0dacac58ede5f391a7530e299dc302d611ee73cb143fc22eaf93592e53e7b5bdb01b00a0b8d28dae460c141dd2ff83412e4dc1c31b16b25f33144a9e5620ea73b13f5bc1c59411d98439ad226e8af03840603796067d87afe130812cf3de24982d0e306f9e61e764e5\" aria-label=\"Banner_Obras_PortallavrasTV\"><img src=\"https:\/\/lavras.tv\/site\/wp-content\/uploads\/2025\/03\/Banner_Obras_PortallavrasTV.png\" alt=\"\"  srcset=\"https:\/\/lavras.tv\/site\/wp-content\/uploads\/2025\/03\/Banner_Obras_PortallavrasTV.png 720w, https:\/\/lavras.tv\/site\/wp-content\/uploads\/2025\/03\/Banner_Obras_PortallavrasTV-470x68.png 470w, https:\/\/lavras.tv\/site\/wp-content\/uploads\/2025\/03\/Banner_Obras_PortallavrasTV-170x25.png 170w, https:\/\/lavras.tv\/site\/wp-content\/uploads\/2025\/03\/Banner_Obras_PortallavrasTV-200x29.png 200w\" sizes=\"(max-width: 720px) 100vw, 720px\" width=\"720\" height=\"104\"   \/><\/a><\/li><li><div style=\"margin-left: auto;margin-right: auto;text-align: center;\" id=\"lavra-1208024987\"><a href=\"https:\/\/sistemas.lavras.mg.gov.br\/portalcidadao\/#df1b1a7c7b2a290bcb31e32771e610784662739a88807c0dacac58ede5f391a7530e299dc302d611ee73cb143fc22eaf93592e53e7b5bdb01b00a0b8d28dae460c141dd2ff83412e4dc1c31b16b25f33144a9e5620ea73b13f5bc1c59411d98439ad226e8af03840603796067d87afe130812cf3de24982d0e306f9e61e764e5\" aria-label=\"Banner_Educa\u00e7\u00e3o_PortallavrasTV\"><img src=\"https:\/\/lavras.tv\/site\/wp-content\/uploads\/2025\/01\/Banner_Educacao_PortallavrasTV.png\" alt=\"\"  srcset=\"https:\/\/lavras.tv\/site\/wp-content\/uploads\/2025\/01\/Banner_Educacao_PortallavrasTV.png 720w, https:\/\/lavras.tv\/site\/wp-content\/uploads\/2025\/01\/Banner_Educacao_PortallavrasTV-470x68.png 470w, https:\/\/lavras.tv\/site\/wp-content\/uploads\/2025\/01\/Banner_Educacao_PortallavrasTV-170x25.png 170w, https:\/\/lavras.tv\/site\/wp-content\/uploads\/2025\/01\/Banner_Educacao_PortallavrasTV-200x29.png 200w\" sizes=\"(max-width: 720px) 100vw, 720px\" width=\"720\" height=\"104\"  style=\"display: inline-block;\" \/><\/a><\/div><\/li><li><a href=\"https:\/\/sistemas.lavras.mg.gov.br\/portalcidadao\/#df1b1a7c7b2a290bcb31e32771e610784662739a88807c0dacac58ede5f391a7530e299dc302d611ee73cb143fc22eaf93592e53e7b5bdb01b00a0b8d28dae460c141dd2ff83412e4dc1c31b16b25f33144a9e5620ea73b13f5bc1c59411d98439ad226e8af03840603796067d87afe130812cf3de24982d0e306f9e61e764e5\" aria-label=\"Banner_Sa\u00fade_PortallavrasTV\"><img src=\"https:\/\/lavras.tv\/site\/wp-content\/uploads\/2025\/03\/Banner_Saude_PortallavrasTV.png\" alt=\"\"  srcset=\"https:\/\/lavras.tv\/site\/wp-content\/uploads\/2025\/03\/Banner_Saude_PortallavrasTV.png 720w, https:\/\/lavras.tv\/site\/wp-content\/uploads\/2025\/03\/Banner_Saude_PortallavrasTV-470x68.png 470w, https:\/\/lavras.tv\/site\/wp-content\/uploads\/2025\/03\/Banner_Saude_PortallavrasTV-170x25.png 170w, https:\/\/lavras.tv\/site\/wp-content\/uploads\/2025\/03\/Banner_Saude_PortallavrasTV-200x29.png 200w\" sizes=\"(max-width: 720px) 100vw, 720px\" width=\"720\" height=\"104\"   \/><\/a><\/li><li><div id=\"lavra-1129887521\" style=\"width:720px;height:104px;background-color:#ddd;overflow:scroll;\">\n\t<strong>Sa\u00edda da depura\u00e7\u00e3o de an\u00fancios<\/strong>\n\t<br><br>\n\tO an\u00fancio n\u00e3o \u00e9 exibido na p\u00e1gina<br><br>post atual: Romeu Zema faz balan\u00e7o de 100 dias no Governo de Minas Gerais, ID: 20604<br><br><span style=\"color: red;\">O post atual n\u00e3o \u00e9 id\u00eantico ao post principal.<\/span><br><br>An\u00fancios: ROXO - TOPO INTERNA - ROTATIVO 2 (197)<br \/>Grupo de an\u00fancios: Princ_Meio01_720x104 (27)<br><br>Condi\u00e7\u00f5es de exibi\u00e7\u00e3o<div style=\"margin-bottom: 20px; white-space: pre-wrap; font-family: monospace; width: 100%; background: #ffe9e9;\"><strong>condi\u00e7\u00f5es gerais<\/strong><table border=\"1\"><thead><tr><th><\/th><th>An\u00fancios<\/th><th>wp_the_query<\/th><\/tr><\/thead><tr><td>is_main_query<\/td><td>1<\/td><td>1<\/td><\/tr><tr><td>is_rest_api<\/td><td>0<\/td><td>1<\/td><\/tr><tr><td>page<\/td><td>0<\/td><td>1<\/td><\/tr><tr><td>numpages<\/td><td>0<\/td><td>1<\/td><\/tr><tr><td>is_archive<\/td><td>1<\/td><td><\/td><\/tr><tr><td>is_search<\/td><td>1<\/td><td><\/td><\/tr><tr><td>is_home<\/td><td>1<\/td><td><\/td><\/tr><tr><td>is_404<\/td><td>1<\/td><td><\/td><\/tr><tr><td>is_attachment<\/td><td>1<\/td><td><\/td><\/tr><tr><td>is_singular<\/td><td>1<\/td><td><\/td><\/tr><tr><td>is_front_page<\/td><td>1<\/td><td><\/td><\/tr><tr><td>is_feed<\/td><td>1<\/td><td><\/td><\/tr><\/table><\/div><br><br><span style=\"color: red;\">Seu site usa HTTPS, mas o c\u00f3digo do an\u00fancio cont\u00e9m HTTP e pode n\u00e3o funcionar.<\/span>\t<br><br>\n\t<a style=\"color: green;\" href=\"https:\/\/wpadvancedads.com\/manual\/ad-debug-mode\/?utm_source=advanced-ads&utm_medium=link&utm_campaign=ad-debug-mode\" target=\"_blank\" rel=\"nofollow\">Encontre solu\u00e7\u00f5es no manual<\/a>\n<\/div>\n<\/li><\/ul><\/div><script>( window.advanced_ads_ready || jQuery( document ).ready ).call( null, function() {var $lavraslider2997567299 = jQuery( \".lavra-slider-2997567299\" );$lavraslider2997567299.on( \"unslider.ready\", function() { jQuery( \"div.custom-slider ul li\" ).css( \"display\", \"block\" ); });$lavraslider2997567299.unslider({ delay:4000, autoplay:true, nav:false, arrows:false, infinite:true });$lavraslider2997567299.on(\"mouseover\", function() {$lavraslider2997567299.unslider(\"stop\");}).on(\"mouseout\", function() {$lavraslider2997567299.unslider(\"start\");});});<\/script><\/div><p>Olhar para frente e resgatar o orgulho de ser mineiro. <!--more-->Essa \u00e9 a nossa miss\u00e3o. Estamos tomando medidas e trabalhado sem medir esfor\u00e7os para, passo a passo, tirar Minas do vermelho. Foram 100 dias que se passaram e muito j\u00e1 foi feito com a vis\u00e3o e os objetivos para o futuro. Mesmo diante de um cen\u00e1rio negativo e de uma crise financeira sem precedentes, o Governo de Minas resolveu fazer o que tem que ser feito para sairmos do atoleiro. Enfrentar a crise com muito trabalho e atua\u00e7\u00e3o em diversas frentes initerruptamente, com bom senso, austeridade e foco no que mais importa, que s\u00e3o os mineiros.<\/p>\n<p>Com menos de um m\u00eas de governo, tivemos que agir r\u00e1pido para enfrentar a maior trag\u00e9dia em n\u00famero de v\u00edtimas no nosso Estado, com o rompimento da barragem da Vale em Brumadinho. Como pronta reposta, temos realizado a maior opera\u00e7\u00e3o de busca e salvamento j\u00e1 realizada no Brasil, cobrado as responsabilidades sobre o desastre, amparado as fam\u00edlias das v\u00edtimas e buscado solu\u00e7\u00f5es para aprimorar a sustentabilidade da atividade econ\u00f4mica que temos at\u00e9 no nome do nosso Estado: Minas Gerais.<\/p>\n<p>Para tantas frentes de trabalho, criamos um governo multitarefa com uma equipe de secretariado altamente competente e selecionada com as melhores pr\u00e1ticas de recursos humanos e que vamos estender para os demais escal\u00f5es com o programa \u201cTransforma Minas\u201d. In\u00e9dito na administra\u00e7\u00e3o p\u00fablica brasileira, esse \u00e9 o nosso projeto de sele\u00e7\u00e3o de talentos, valorizando carreiras e capacidades t\u00e9cnicas.<\/p>\n<p>Estamos economizando para sanar d\u00edvidas bilion\u00e1rias. A diferen\u00e7a negativa entre receitas e despesas prevista no or\u00e7amento deste ano \u00e9 de R$ 11,4 bilh\u00f5es. Al\u00e9m de um rombo de cerca de R$ 35 bilh\u00f5es em d\u00edvidas. Entre elas, a contra\u00edda com as prefeituras, com a reten\u00e7\u00e3o de repasses, que acabamos de renegociar antes de completarmos 100 dias. Foi aprovado o plano, mediado pelo Tribunal de Justi\u00e7a de Minas Gerais, para fazer esses pagamentos aos munic\u00edpios. Tamb\u00e9m revogamos o decreto editado pelo governo anterior que criava a possibilidade de que os recursos dos munic\u00edpios fossem retidos.<\/p>\n<p>J\u00e1 criamos tamb\u00e9m uma nova cultura de aplica\u00e7\u00e3o eficiente dos recursos para evitar desperd\u00edcios. A Reforma Administrativa vai reduzir em 47% a m\u00e1quina p\u00fablica estadual. Vamos simplificar a vida de quem quer empreender em Minas Gerais. Em todas as \u00e1reas em que somos vocacionados, como o agroneg\u00f3cio, que corresponde a mais de um ter\u00e7o do Produto Interno Bruto (PIB) mineiro e que precisa de seguran\u00e7a no campo para continuar alavancando a nossa economia.<\/p>\n<p><img fetchpriority=\"high\" decoding=\"async\" class=\"alignnone size-full wp-image-19488 aligncenter\" src=\"http:\/\/lavras.tv\/site\/wp-content\/uploads\/2019\/01\/zema-2.jpg\" alt=\"zema 2\" width=\"653\" height=\"436\" srcset=\"https:\/\/lavras.tv\/site\/wp-content\/uploads\/2019\/01\/zema-2.jpg 653w, https:\/\/lavras.tv\/site\/wp-content\/uploads\/2019\/01\/zema-2-150x100.jpg 150w, https:\/\/lavras.tv\/site\/wp-content\/uploads\/2019\/01\/zema-2-300x200.jpg 300w, https:\/\/lavras.tv\/site\/wp-content\/uploads\/2019\/01\/zema-2-480x320.jpg 480w, https:\/\/lavras.tv\/site\/wp-content\/uploads\/2019\/01\/zema-2-272x182.jpg 272w\" sizes=\"(max-width: 653px) 100vw, 653px\" \/><br \/>\nPara isso temos feito melhorias tamb\u00e9m nos nossos processos de gest\u00e3o, como a revis\u00e3o de contratos, redu\u00e7\u00e3o de despesas, extin\u00e7\u00e3o de regalias, al\u00e9m de leiloar ve\u00edculos n\u00e3o utilizados e vender aeronaves. S\u00e3o diversas a\u00e7\u00f5es que economizam milh\u00f5es e que se somadas v\u00e3o nos ajudar a sanar as d\u00edvidas bilion\u00e1rias que temos que acertar daqui em diante.<\/p>\n<p>Al\u00e9m destas medidas de austeridade, \u00e9 primordial finalizarmos a ades\u00e3o ao programa de recupera\u00e7\u00e3o fiscal do Tesouro Nacional para ganharmos f\u00f4lego e podermos retomar os pagamentos dentro da normalidade que o nosso funcionalismo merece.<\/p>\n<p>Tamb\u00e9m criamos pela primeira vez encontros regulares entre governadores. Aqui, em Belo Horizonte, recebemos os chefes de estados e anunciamos a cria\u00e7\u00e3o do Cons\u00f3rcio de Integra\u00e7\u00e3o Sul e Sudeste (Cosud), destinado a discutir pautas conjuntas entre os estados com o maior Produto Interno Bruto (PIB) do Brasil, como o apoio \u00e0 reforma previdenci\u00e1ria e um novo formato do pacto federativo, com a redistribui\u00e7\u00e3o de contribui\u00e7\u00f5es \u2013 ainda exclusivas da Uni\u00e3o \u2013 para estados e munic\u00edpios, al\u00e9m de um cons\u00f3rcio interestadual para otimizar compras.<\/p>\n<p>Na infraestrutura, demos in\u00edcio \u00e0s obras de reforma da pista do aeroporto regional do Vale do A\u00e7o, em Ipatinga. Em um governo com a\u00e7\u00f5es transversais, a Sa\u00fade e a pasta de infraestrutura trabalham em conjunto para retomar as obras dos hospitais regionais paralisadas e a busca de parcerias na iniciativa privada para equipar e colocar em funcionamento essas unidades em car\u00e1ter de urg\u00eancia.<\/p>\n<p>Na Educa\u00e7\u00e3o, vamos ter pela primeira vez os dirigentes das regionais selecionados entre os servidores efetivos por meio de processo seletivo com crivo exclusivamente t\u00e9cnico. A seguran\u00e7a p\u00fablica teve redu\u00e7\u00e3o nos \u00edndices de criminalidade violenta neste primeiro trimestre na compara\u00e7\u00e3o com o mesmo per\u00edodo do ano passado e fizemos a expans\u00e3o da tornozeleira eletr\u00f4nica para o interior do Estado. Tamb\u00e9m aprimoramos conhecimentos cient\u00edficos da Pol\u00edcia Civil e a Pol\u00edcia Militar, e o Corpo de Bombeiros est\u00e3o sendo beneficiados com a amplia\u00e7\u00e3o da frota de viaturas e aquisi\u00e7\u00f5es de equipamentos e treinamentos com as a\u00e7\u00f5es de ressarcimentos pr\u00e9vios que temos tomado perante a empresa respons\u00e1vel pela trag\u00e9dia de Brumadinho.<\/p>\n<p>A \u00e1rea social, que trabalha intensamente no amparo \u00e0s fam\u00edlias das v\u00edtimas do desastre em Brumadinho, recebeu repasses que estavam com 26 parcelas atrasadas. Al\u00e9m de ser uma pasta fundamental do comit\u00ea pr\u00f3-Brumadinho, com a vis\u00e3o de retomada da economia da regi\u00e3o. Para isso, nessa concep\u00e7\u00e3o de jun\u00e7\u00e3o da Cultura com o Turismo, vamos criar uma linha de trem de ferro da esta\u00e7\u00e3o central de BH para a cidade que sedia um dos marcos culturais mineiros, que \u00e9 o Inhotim.<\/p>\n<p>O desenvolvimento econ\u00f4mico retomou a prospec\u00e7\u00e3o de parcerias para inova\u00e7\u00e3o e a consolida\u00e7\u00e3o mineira de celeiro de startups. J\u00e1 anunciamos alguns bilh\u00f5es de novos investimentos privados no Estado e tivemos o melhor fevereiro desde 2011 na gera\u00e7\u00e3o de empregos em Minas. No meio ambiente, sancionamos imediatamente o projeto de lei vindo da Assembleia Legislativa e que torna mais rigorosa a lei para atividade da minera\u00e7\u00e3o.<\/p>\n<p>Outra inova\u00e7\u00e3o \u00e9 o \u201cGiro pelo Estado\u201d, feito regularmente para conhecer a realidade, conversar com as pessoas e buscar solu\u00e7\u00f5es com o olhar voltado para o interesse p\u00fablico e dentro da realidade e diversidade do nosso Estado.<\/p>\n<p>Com muito di\u00e1logo com prefeitos e prefeitas, al\u00e9m de vereadores (as), com as bancadas de deputados (as) estaduais e federais e senadores, com o Governo Federal, outros Estados, Poder Judici\u00e1rio, Minist\u00e9rio P\u00fablico, Defensoria P\u00fablica, entidades de classe e segmentos e a sociedade em geral, vamos avan\u00e7ar ainda mais para termos um Governo diferente e um Estado eficiente.<\/p>\n<p>*Romeu Zema &#8211; Administrador de empresas pela FGV\/SP, governador de Minas Gerais<\/p>\n<p>&nbsp;<\/p>\n","protected":false},"excerpt":{"rendered":"<p>Olhar para frente e resgatar o orgulho de ser mineiro.<\/p>\n","protected":false},"author":2,"featured_media":19488,"comment_status":"closed","ping_status":"open","sticky":false,"template":"","format":"standard","meta":{"advgb_blocks_editor_width":"","advgb_blocks_columns_visual_guide":"","_exactmetrics_skip_tracking":false,"_exactmetrics_sitenote_active":false,"_exactmetrics_sitenote_note":"","_exactmetrics_sitenote_category":0,"footnotes":""},"categories":[7,12],"tags":[5683,530,5313],"class_list":["post-20604","post","type-post","status-publish","format-standard","has-post-thumbnail","hentry","category-destaques","category-politica","tag-100-dias","tag-minas-gerais","tag-zema"],"better_featured_image":{"id":19488,"alt_text":"","caption":"","description":"","media_type":"image","media_details":{"width":653,"height":436,"file":"2019\/01\/zema-2.jpg","sizes":{"thumbnail":{"file":"zema-2-150x100.jpg","width":150,"height":100,"mime-type":"image\/jpeg","source_url":"https:\/\/lavras.tv\/site\/wp-content\/uploads\/2019\/01\/zema-2-150x100.jpg"},"medium":{"file":"zema-2-300x200.jpg","width":300,"height":200,"mime-type":"image\/jpeg","source_url":"https:\/\/lavras.tv\/site\/wp-content\/uploads\/2019\/01\/zema-2-300x200.jpg"},"featured-slider-img":{"file":"zema-2-640x436.jpg","width":640,"height":436,"mime-type":"image\/jpeg","source_url":"https:\/\/lavras.tv\/site\/wp-content\/uploads\/2019\/01\/zema-2-640x436.jpg"},"featured-post-img":{"file":"zema-2-480x320.jpg","width":480,"height":320,"mime-type":"image\/jpeg","source_url":"https:\/\/lavras.tv\/site\/wp-content\/uploads\/2019\/01\/zema-2-480x320.jpg"},"sow-carousel-default":{"file":"zema-2-272x182.jpg","width":272,"height":182,"mime-type":"image\/jpeg","source_url":"https:\/\/lavras.tv\/site\/wp-content\/uploads\/2019\/01\/zema-2-272x182.jpg"}},"image_meta":{"aperture":"0","credit":"","camera":"","caption":"","created_timestamp":"0","copyright":"","focal_length":"0","iso":"0","shutter_speed":"0","title":"","orientation":"0","keywords":[]}},"post":19487,"source_url":"https:\/\/lavras.tv\/site\/wp-content\/uploads\/2019\/01\/zema-2.jpg"},"author_meta":{"display_name":"Lavras TV","author_link":"https:\/\/lavras.tv\/site\/author\/lavrastv\/"},"featured_img":"https:\/\/lavras.tv\/site\/wp-content\/uploads\/2019\/01\/zema-2-300x200.jpg","coauthors":[],"tax_additional":{"categories":{"linked":["<a href=\"https:\/\/lavras.tv\/site\/category\/destaques\/\" class=\"advgb-post-tax-term\">Destaques<\/a>","<a href=\"https:\/\/lavras.tv\/site\/category\/politica\/\" class=\"advgb-post-tax-term\">Pol\u00edtica<\/a>"],"unlinked":["<span class=\"advgb-post-tax-term\">Destaques<\/span>","<span class=\"advgb-post-tax-term\">Pol\u00edtica<\/span>"]},"tags":{"linked":["<a href=\"https:\/\/lavras.tv\/site\/category\/politica\/\" class=\"advgb-post-tax-term\">100 dias<\/a>","<a href=\"https:\/\/lavras.tv\/site\/category\/politica\/\" class=\"advgb-post-tax-term\">minas gerais<\/a>","<a href=\"https:\/\/lavras.tv\/site\/category\/politica\/\" class=\"advgb-post-tax-term\">zema<\/a>"],"unlinked":["<span class=\"advgb-post-tax-term\">100 dias<\/span>","<span class=\"advgb-post-tax-term\">minas gerais<\/span>","<span class=\"advgb-post-tax-term\">zema<\/span>"]}},"comment_count":"0","relative_dates":{"created":"Publicado 7 anos atr\u00e1s","modified":"Atualizado 7 anos atr\u00e1s"},"absolute_dates":{"created":"Publicado em 10 de abril de 2019","modified":"Atualizado em 10 de abril de 2019"},"absolute_dates_time":{"created":"Publicado em 10 de abril de 2019 10:06","modified":"Atualizado em 10 de abril de 2019 10:06"},"featured_img_caption":"","series_order":"","_links":{"self":[{"href":"https:\/\/lavras.tv\/site\/wp-json\/wp\/v2\/posts\/20604","targetHints":{"allow":["GET"]}}],"collection":[{"href":"https:\/\/lavras.tv\/site\/wp-json\/wp\/v2\/posts"}],"about":[{"href":"https:\/\/lavras.tv\/site\/wp-json\/wp\/v2\/types\/post"}],"author":[{"embeddable":true,"href":"https:\/\/lavras.tv\/site\/wp-json\/wp\/v2\/users\/2"}],"replies":[{"embeddable":true,"href":"https:\/\/lavras.tv\/site\/wp-json\/wp\/v2\/comments?post=20604"}],"version-history":[{"count":1,"href":"https:\/\/lavras.tv\/site\/wp-json\/wp\/v2\/posts\/20604\/revisions"}],"predecessor-version":[{"id":20605,"href":"https:\/\/lavras.tv\/site\/wp-json\/wp\/v2\/posts\/20604\/revisions\/20605"}],"wp:featuredmedia":[{"embeddable":true,"href":"https:\/\/lavras.tv\/site\/wp-json\/wp\/v2\/media\/19488"}],"wp:attachment":[{"href":"https:\/\/lavras.tv\/site\/wp-json\/wp\/v2\/media?parent=20604"}],"wp:term":[{"taxonomy":"category","embeddable":true,"href":"https:\/\/lavras.tv\/site\/wp-json\/wp\/v2\/categories?post=20604"},{"taxonomy":"post_tag","embeddable":true,"href":"https:\/\/lavras.tv\/site\/wp-json\/wp\/v2\/tags?post=20604"}],"curies":[{"name":"wp","href":"https:\/\/api.w.org\/{rel}","templated":true}]}}