{"id":20661,"date":"2019-04-16T08:30:34","date_gmt":"2019-04-16T11:30:34","guid":{"rendered":"http:\/\/lavras.tv\/site\/?p=20661"},"modified":"2019-04-16T08:30:34","modified_gmt":"2019-04-16T11:30:34","slug":"justica-extingue-acao-de-mais-de-r-11-milhoes-contra-aecio-neves-sobre-voos-em-avioes-publicos","status":"publish","type":"post","link":"https:\/\/lavras.tv\/site\/2019\/04\/16\/justica-extingue-acao-de-mais-de-r-11-milhoes-contra-aecio-neves-sobre-voos-em-avioes-publicos\/","title":{"rendered":"Justi\u00e7a extingue a\u00e7\u00e3o de mais de R$ 11 milh\u00f5es contra A\u00e9cio Neves, sobre voos em avi\u00f5es p\u00fablicos"},"content":{"rendered":"<div class=\"lavra-antes-do-conteudo_2\" id=\"lavra-1825361417\"><div id=\"lavra-slider-27\" class=\"custom-slider lavra-slider-3279518429 lavra-slider\"><ul><li><div style=\"margin-left: auto;margin-right: auto;text-align: center;\" id=\"lavra-3937489446\"><a href=\"https:\/\/sistemas.lavras.mg.gov.br\/portalcidadao\/#df1b1a7c7b2a290bcb31e32771e610784662739a88807c0dacac58ede5f391a7530e299dc302d611ee73cb143fc22eaf93592e53e7b5bdb01b00a0b8d28dae460c141dd2ff83412e4dc1c31b16b25f33144a9e5620ea73b13f5bc1c59411d98439ad226e8af03840603796067d87afe130812cf3de24982d0e306f9e61e764e5\" aria-label=\"Lavras-TV&#8211;720x104px (1) (1)\"><img src=\"https:\/\/lavras.tv\/site\/wp-content\/uploads\/2025\/01\/Lavras-TV-720x104px-1-1.png\" alt=\"\"  srcset=\"https:\/\/lavras.tv\/site\/wp-content\/uploads\/2025\/01\/Lavras-TV-720x104px-1-1.png 720w, https:\/\/lavras.tv\/site\/wp-content\/uploads\/2025\/01\/Lavras-TV-720x104px-1-1-470x68.png 470w, https:\/\/lavras.tv\/site\/wp-content\/uploads\/2025\/01\/Lavras-TV-720x104px-1-1-170x25.png 170w, https:\/\/lavras.tv\/site\/wp-content\/uploads\/2025\/01\/Lavras-TV-720x104px-1-1-200x29.png 200w\" sizes=\"(max-width: 720px) 100vw, 720px\" width=\"720\" height=\"104\"  style=\"display: inline-block;\" \/><\/a><\/div><\/li><li><a href=\"https:\/\/sistemas.lavras.mg.gov.br\/portalcidadao\/#df1b1a7c7b2a290bcb31e32771e610784662739a88807c0dacac58ede5f391a7530e299dc302d611ee73cb143fc22eaf93592e53e7b5bdb01b00a0b8d28dae460c141dd2ff83412e4dc1c31b16b25f33144a9e5620ea73b13f5bc1c59411d98439ad226e8af03840603796067d87afe130812cf3de24982d0e306f9e61e764e5\" aria-label=\"Banner_Emprego_PortallavrasTV\"><img src=\"https:\/\/lavras.tv\/site\/wp-content\/uploads\/2025\/03\/Banner_Emprego_PortallavrasTV.png\" alt=\"\"  srcset=\"https:\/\/lavras.tv\/site\/wp-content\/uploads\/2025\/03\/Banner_Emprego_PortallavrasTV.png 720w, https:\/\/lavras.tv\/site\/wp-content\/uploads\/2025\/03\/Banner_Emprego_PortallavrasTV-470x68.png 470w, https:\/\/lavras.tv\/site\/wp-content\/uploads\/2025\/03\/Banner_Emprego_PortallavrasTV-170x25.png 170w, https:\/\/lavras.tv\/site\/wp-content\/uploads\/2025\/03\/Banner_Emprego_PortallavrasTV-200x29.png 200w\" sizes=\"(max-width: 720px) 100vw, 720px\" width=\"720\" height=\"104\"   \/><\/a><\/li><li><a href=\"https:\/\/sistemas.lavras.mg.gov.br\/portalcidadao\/#df1b1a7c7b2a290bcb31e32771e610784662739a88807c0dacac58ede5f391a7530e299dc302d611ee73cb143fc22eaf93592e53e7b5bdb01b00a0b8d28dae460c141dd2ff83412e4dc1c31b16b25f33144a9e5620ea73b13f5bc1c59411d98439ad226e8af03840603796067d87afe130812cf3de24982d0e306f9e61e764e5\" aria-label=\"Banner_Obras_PortallavrasTV\"><img src=\"https:\/\/lavras.tv\/site\/wp-content\/uploads\/2025\/03\/Banner_Obras_PortallavrasTV.png\" alt=\"\"  srcset=\"https:\/\/lavras.tv\/site\/wp-content\/uploads\/2025\/03\/Banner_Obras_PortallavrasTV.png 720w, https:\/\/lavras.tv\/site\/wp-content\/uploads\/2025\/03\/Banner_Obras_PortallavrasTV-470x68.png 470w, https:\/\/lavras.tv\/site\/wp-content\/uploads\/2025\/03\/Banner_Obras_PortallavrasTV-170x25.png 170w, https:\/\/lavras.tv\/site\/wp-content\/uploads\/2025\/03\/Banner_Obras_PortallavrasTV-200x29.png 200w\" sizes=\"(max-width: 720px) 100vw, 720px\" width=\"720\" height=\"104\"   \/><\/a><\/li><li><div style=\"margin-left: auto;margin-right: auto;text-align: center;\" id=\"lavra-1226418412\"><a href=\"https:\/\/sistemas.lavras.mg.gov.br\/portalcidadao\/#df1b1a7c7b2a290bcb31e32771e610784662739a88807c0dacac58ede5f391a7530e299dc302d611ee73cb143fc22eaf93592e53e7b5bdb01b00a0b8d28dae460c141dd2ff83412e4dc1c31b16b25f33144a9e5620ea73b13f5bc1c59411d98439ad226e8af03840603796067d87afe130812cf3de24982d0e306f9e61e764e5\" aria-label=\"Banner_Educa\u00e7\u00e3o_PortallavrasTV\"><img src=\"https:\/\/lavras.tv\/site\/wp-content\/uploads\/2025\/01\/Banner_Educacao_PortallavrasTV.png\" alt=\"\"  srcset=\"https:\/\/lavras.tv\/site\/wp-content\/uploads\/2025\/01\/Banner_Educacao_PortallavrasTV.png 720w, https:\/\/lavras.tv\/site\/wp-content\/uploads\/2025\/01\/Banner_Educacao_PortallavrasTV-470x68.png 470w, https:\/\/lavras.tv\/site\/wp-content\/uploads\/2025\/01\/Banner_Educacao_PortallavrasTV-170x25.png 170w, https:\/\/lavras.tv\/site\/wp-content\/uploads\/2025\/01\/Banner_Educacao_PortallavrasTV-200x29.png 200w\" sizes=\"(max-width: 720px) 100vw, 720px\" width=\"720\" height=\"104\"  style=\"display: inline-block;\" \/><\/a><\/div><\/li><li><a href=\"https:\/\/sistemas.lavras.mg.gov.br\/portalcidadao\/#df1b1a7c7b2a290bcb31e32771e610784662739a88807c0dacac58ede5f391a7530e299dc302d611ee73cb143fc22eaf93592e53e7b5bdb01b00a0b8d28dae460c141dd2ff83412e4dc1c31b16b25f33144a9e5620ea73b13f5bc1c59411d98439ad226e8af03840603796067d87afe130812cf3de24982d0e306f9e61e764e5\" aria-label=\"Banner_Sa\u00fade_PortallavrasTV\"><img src=\"https:\/\/lavras.tv\/site\/wp-content\/uploads\/2025\/03\/Banner_Saude_PortallavrasTV.png\" alt=\"\"  srcset=\"https:\/\/lavras.tv\/site\/wp-content\/uploads\/2025\/03\/Banner_Saude_PortallavrasTV.png 720w, https:\/\/lavras.tv\/site\/wp-content\/uploads\/2025\/03\/Banner_Saude_PortallavrasTV-470x68.png 470w, https:\/\/lavras.tv\/site\/wp-content\/uploads\/2025\/03\/Banner_Saude_PortallavrasTV-170x25.png 170w, https:\/\/lavras.tv\/site\/wp-content\/uploads\/2025\/03\/Banner_Saude_PortallavrasTV-200x29.png 200w\" sizes=\"(max-width: 720px) 100vw, 720px\" width=\"720\" height=\"104\"   \/><\/a><\/li><li><div id=\"lavra-2940722295\" style=\"width:720px;height:104px;background-color:#ddd;overflow:scroll;\">\n\t<strong>Sa\u00edda da depura\u00e7\u00e3o de an\u00fancios<\/strong>\n\t<br><br>\n\tO an\u00fancio n\u00e3o \u00e9 exibido na p\u00e1gina<br><br>post atual: Justi\u00e7a extingue a\u00e7\u00e3o de mais de R$ 11 milh\u00f5es contra A\u00e9cio Neves, sobre voos em avi\u00f5es p\u00fablicos, ID: 20661<br><br><span style=\"color: red;\">O post atual n\u00e3o \u00e9 id\u00eantico ao post principal.<\/span><br><br>An\u00fancios: ROXO - TOPO INTERNA - ROTATIVO 2 (197)<br \/>Grupo de an\u00fancios: Princ_Meio01_720x104 (27)<br><br>Condi\u00e7\u00f5es de exibi\u00e7\u00e3o<div style=\"margin-bottom: 20px; white-space: pre-wrap; font-family: monospace; width: 100%; background: #ffe9e9;\"><strong>condi\u00e7\u00f5es gerais<\/strong><table border=\"1\"><thead><tr><th><\/th><th>An\u00fancios<\/th><th>wp_the_query<\/th><\/tr><\/thead><tr><td>is_main_query<\/td><td>1<\/td><td>1<\/td><\/tr><tr><td>is_rest_api<\/td><td>0<\/td><td>1<\/td><\/tr><tr><td>page<\/td><td>0<\/td><td>1<\/td><\/tr><tr><td>numpages<\/td><td>0<\/td><td>1<\/td><\/tr><tr><td>is_archive<\/td><td>1<\/td><td><\/td><\/tr><tr><td>is_search<\/td><td>1<\/td><td><\/td><\/tr><tr><td>is_home<\/td><td>1<\/td><td><\/td><\/tr><tr><td>is_404<\/td><td>1<\/td><td><\/td><\/tr><tr><td>is_attachment<\/td><td>1<\/td><td><\/td><\/tr><tr><td>is_singular<\/td><td>1<\/td><td><\/td><\/tr><tr><td>is_front_page<\/td><td>1<\/td><td><\/td><\/tr><tr><td>is_feed<\/td><td>1<\/td><td><\/td><\/tr><\/table><\/div><br><br><span style=\"color: red;\">Seu site usa HTTPS, mas o c\u00f3digo do an\u00fancio cont\u00e9m HTTP e pode n\u00e3o funcionar.<\/span>\t<br><br>\n\t<a style=\"color: green;\" href=\"https:\/\/wpadvancedads.com\/manual\/ad-debug-mode\/?utm_source=advanced-ads&utm_medium=link&utm_campaign=ad-debug-mode\" target=\"_blank\" rel=\"nofollow\">Encontre solu\u00e7\u00f5es no manual<\/a>\n<\/div>\n<\/li><\/ul><\/div><script>( window.advanced_ads_ready || jQuery( document ).ready ).call( null, function() {var $lavraslider3279518429 = jQuery( \".lavra-slider-3279518429\" );$lavraslider3279518429.on( \"unslider.ready\", function() { jQuery( \"div.custom-slider ul li\" ).css( \"display\", \"block\" ); });$lavraslider3279518429.unslider({ delay:4000, autoplay:true, nav:false, arrows:false, infinite:true });$lavraslider3279518429.on(\"mouseover\", function() {$lavraslider3279518429.unslider(\"stop\");}).on(\"mouseout\", function() {$lavraslider3279518429.unslider(\"start\");});});<\/script><\/div><p>A Justi\u00e7a julgou prescrita e extinguiu a\u00e7\u00e3o movida pelo Minist\u00e9rio P\u00fablico de Minas Gerais contra o ex-governador e hoje deputado federal A\u00e9cio Neves (PSDB), por uso irregular de aeronaves p\u00fablicas durante o per\u00edodo em que foi chefe do Poder Executivo do Estado. A a\u00e7\u00e3o pedia ressarcimento de R$ 11,5 milh\u00f5es aos cofres p\u00fablicos, valor que chegou a ser bloqueado do tucano.<!--more--><\/p>\n<p>Conforme a pe\u00e7a, foram realizados 1.337 voos. A\u00e9cio Neves governou Minas entre 2003 e 2010, quando deixou o cargo para se candidatar ao Senado. Os deslocamentos foram para cidades como o Rio de Janeiro, onde o ex-governador mant\u00e9m apartamento, e Claudio, cidade do Centro-Oeste de Minas onde a fam\u00edlia do tucano tem fazenda. Segundo o MP foram 138 voos para o Rio e 116 para Claudio. &#8220;Grande parte desses deslocamentos a\u00e9reos foram realizados para transporte de passageiros n\u00e3o identificados no momento dos voos&#8221;, dizia a den\u00fancia da promotoria.<\/p>\n<p><img fetchpriority=\"high\" decoding=\"async\" class=\"alignnone size-full wp-image-6984 aligncenter\" src=\"http:\/\/lavras.tv\/site\/wp-content\/uploads\/2017\/03\/aecio.jpg\" alt=\"aecio\" width=\"615\" height=\"470\" srcset=\"https:\/\/lavras.tv\/site\/wp-content\/uploads\/2017\/03\/aecio.jpg 615w, https:\/\/lavras.tv\/site\/wp-content\/uploads\/2017\/03\/aecio-150x115.jpg 150w, https:\/\/lavras.tv\/site\/wp-content\/uploads\/2017\/03\/aecio-300x229.jpg 300w\" sizes=\"(max-width: 615px) 100vw, 615px\" \/><\/p>\n<p>A senten\u00e7a, com data do \u00faltimo dia 10, diz que &#8220;considerando que o fato narrado na inicial ocorreu no per\u00edodo entre 2003 e 2010, e que a presente a\u00e7\u00e3o foi ajuizada 12\/11\/2018, transcorreu per\u00edodo de 5 anos, restando patente a ocorr\u00eancia da prescri\u00e7\u00e3o quinquenal&#8221;. A argumenta\u00e7\u00e3o sobre a perda de prazo foi apresentada pela defesa do tucano. A decis\u00e3o \u00e9 da 5\u00aa Vara de Fazenda P\u00fablica e Autarquias de Belo Horizonte, a mesma que havia determinado o bloqueio de R$ 11,5 milh\u00f5es do deputado.<\/p>\n<p>A decis\u00e3o, do juiz Rog\u00e9rio Santos de Ara\u00fajo Abreu diz que &#8220;de fato, este magistrado recebeu a inicial diante dos ind\u00edcios de atividade improba cometido pelo requerido, deixando no vazio a manifesta\u00e7\u00e3o acerca das preliminares e mesmo prejudicial de m\u00e9rito arguidas&#8221;.<\/p>\n<p>O Minist\u00e9rio P\u00fablico n\u00e3o respondeu se pretende recorrer da decis\u00e3o nem explicou os motivos que levaram a promotoria a apresentar a a\u00e7\u00e3o somente em 2018. Em resposta \u00e0 reportagem, a assessoria do MP afirmou apenas n\u00e3o ter sido &#8220;intimado da decis\u00e3o&#8221;.<\/p>\n<p>Nota enviada pela assessoria de comunica\u00e7\u00e3o do parlamentar afirma que &#8220;todos os voos realizados durante o governo A\u00e9cio Neves ocorreram dentro das normas legais do Estado&#8221;.<\/p>\n<p>Fonte: Itatiaia<\/p>\n","protected":false},"excerpt":{"rendered":"<p>A Justi\u00e7a julgou prescrita e extinguiu a\u00e7\u00e3o movida pelo Minist\u00e9rio P\u00fablico de Minas Gerais contra o ex-governador e hoje deputado federal A\u00e9cio Neves (PSDB), por uso irregular de aeronaves p\u00fablicas durante o per\u00edodo em que foi chefe do Poder Executivo do Estado. A a\u00e7\u00e3o pedia ressarcimento de R$ 11,5 milh\u00f5es aos cofres p\u00fablicos, valor que [&hellip;]<\/p>\n","protected":false},"author":2,"featured_media":6984,"comment_status":"closed","ping_status":"open","sticky":false,"template":"","format":"standard","meta":{"advgb_blocks_editor_width":"","advgb_blocks_columns_visual_guide":"","_exactmetrics_skip_tracking":false,"_exactmetrics_sitenote_active":false,"_exactmetrics_sitenote_note":"","_exactmetrics_sitenote_category":0,"footnotes":""},"categories":[7,12],"tags":[2023],"class_list":["post-20661","post","type-post","status-publish","format-standard","has-post-thumbnail","hentry","category-destaques","category-politica","tag-aecio-neves"],"better_featured_image":{"id":6984,"alt_text":"","caption":"","description":"","media_type":"image","media_details":{"width":615,"height":470,"file":"2017\/03\/aecio.jpg","sizes":{"thumbnail":{"file":"aecio-150x115.jpg","width":150,"height":115,"mime-type":"image\/jpeg","source_url":"https:\/\/lavras.tv\/site\/wp-content\/uploads\/2017\/03\/aecio-150x115.jpg"},"medium":{"file":"aecio-300x229.jpg","width":300,"height":229,"mime-type":"image\/jpeg","source_url":"https:\/\/lavras.tv\/site\/wp-content\/uploads\/2017\/03\/aecio-300x229.jpg"},"featured-post-img":{"file":"aecio-480x320.jpg","width":480,"height":320,"mime-type":"image\/jpeg","source_url":"https:\/\/lavras.tv\/site\/wp-content\/uploads\/2017\/03\/aecio-480x320.jpg"},"sow-carousel-default":{"file":"aecio-272x182.jpg","width":272,"height":182,"mime-type":"image\/jpeg","source_url":"https:\/\/lavras.tv\/site\/wp-content\/uploads\/2017\/03\/aecio-272x182.jpg"}},"image_meta":{"aperture":"0","credit":"","camera":"","caption":"","created_timestamp":"0","copyright":"","focal_length":"0","iso":"0","shutter_speed":"0","title":"","orientation":"0","keywords":[]}},"post":6983,"source_url":"https:\/\/lavras.tv\/site\/wp-content\/uploads\/2017\/03\/aecio.jpg"},"author_meta":{"display_name":"Lavras TV","author_link":"https:\/\/lavras.tv\/site\/author\/lavrastv\/"},"featured_img":"https:\/\/lavras.tv\/site\/wp-content\/uploads\/2017\/03\/aecio-300x229.jpg","coauthors":[],"tax_additional":{"categories":{"linked":["<a href=\"https:\/\/lavras.tv\/site\/category\/destaques\/\" class=\"advgb-post-tax-term\">Destaques<\/a>","<a href=\"https:\/\/lavras.tv\/site\/category\/politica\/\" class=\"advgb-post-tax-term\">Pol\u00edtica<\/a>"],"unlinked":["<span class=\"advgb-post-tax-term\">Destaques<\/span>","<span class=\"advgb-post-tax-term\">Pol\u00edtica<\/span>"]},"tags":{"linked":["<a href=\"https:\/\/lavras.tv\/site\/category\/politica\/\" class=\"advgb-post-tax-term\">a\u00e9cio neves<\/a>"],"unlinked":["<span class=\"advgb-post-tax-term\">a\u00e9cio neves<\/span>"]}},"comment_count":"0","relative_dates":{"created":"Publicado 7 anos atr\u00e1s","modified":"Atualizado 7 anos atr\u00e1s"},"absolute_dates":{"created":"Publicado em 16 de abril de 2019","modified":"Atualizado em 16 de abril de 2019"},"absolute_dates_time":{"created":"Publicado em 16 de abril de 2019 08:30","modified":"Atualizado em 16 de abril de 2019 08:30"},"featured_img_caption":"","series_order":"","_links":{"self":[{"href":"https:\/\/lavras.tv\/site\/wp-json\/wp\/v2\/posts\/20661","targetHints":{"allow":["GET"]}}],"collection":[{"href":"https:\/\/lavras.tv\/site\/wp-json\/wp\/v2\/posts"}],"about":[{"href":"https:\/\/lavras.tv\/site\/wp-json\/wp\/v2\/types\/post"}],"author":[{"embeddable":true,"href":"https:\/\/lavras.tv\/site\/wp-json\/wp\/v2\/users\/2"}],"replies":[{"embeddable":true,"href":"https:\/\/lavras.tv\/site\/wp-json\/wp\/v2\/comments?post=20661"}],"version-history":[{"count":1,"href":"https:\/\/lavras.tv\/site\/wp-json\/wp\/v2\/posts\/20661\/revisions"}],"predecessor-version":[{"id":20662,"href":"https:\/\/lavras.tv\/site\/wp-json\/wp\/v2\/posts\/20661\/revisions\/20662"}],"wp:featuredmedia":[{"embeddable":true,"href":"https:\/\/lavras.tv\/site\/wp-json\/wp\/v2\/media\/6984"}],"wp:attachment":[{"href":"https:\/\/lavras.tv\/site\/wp-json\/wp\/v2\/media?parent=20661"}],"wp:term":[{"taxonomy":"category","embeddable":true,"href":"https:\/\/lavras.tv\/site\/wp-json\/wp\/v2\/categories?post=20661"},{"taxonomy":"post_tag","embeddable":true,"href":"https:\/\/lavras.tv\/site\/wp-json\/wp\/v2\/tags?post=20661"}],"curies":[{"name":"wp","href":"https:\/\/api.w.org\/{rel}","templated":true}]}}