{"id":2075,"date":"2016-09-05T09:44:54","date_gmt":"2016-09-05T12:44:54","guid":{"rendered":"http:\/\/lavras.tv\/site\/?p=2075"},"modified":"2016-09-05T09:44:54","modified_gmt":"2016-09-05T12:44:54","slug":"confira-a-programacao-do-7-de-setembro","status":"publish","type":"post","link":"https:\/\/lavras.tv\/site\/2016\/09\/05\/confira-a-programacao-do-7-de-setembro\/","title":{"rendered":"Confira a programa\u00e7\u00e3o do 7 de setembro"},"content":{"rendered":"<div class=\"lavra-antes-do-conteudo_2\" id=\"lavra-1383512239\"><div id=\"lavra-slider-27\" class=\"custom-slider lavra-slider-2270053615 lavra-slider\"><ul><li><div style=\"margin-left: auto;margin-right: auto;text-align: center;\" id=\"lavra-56327240\"><a href=\"https:\/\/sistemas.lavras.mg.gov.br\/portalcidadao\/#df1b1a7c7b2a290bcb31e32771e610784662739a88807c0dacac58ede5f391a7530e299dc302d611ee73cb143fc22eaf93592e53e7b5bdb01b00a0b8d28dae460c141dd2ff83412e4dc1c31b16b25f33144a9e5620ea73b13f5bc1c59411d98439ad226e8af03840603796067d87afe130812cf3de24982d0e306f9e61e764e5\" aria-label=\"Lavras-TV&#8211;720x104px (1) (1)\"><img src=\"https:\/\/lavras.tv\/site\/wp-content\/uploads\/2025\/01\/Lavras-TV-720x104px-1-1.png\" alt=\"\"  srcset=\"https:\/\/lavras.tv\/site\/wp-content\/uploads\/2025\/01\/Lavras-TV-720x104px-1-1.png 720w, https:\/\/lavras.tv\/site\/wp-content\/uploads\/2025\/01\/Lavras-TV-720x104px-1-1-470x68.png 470w, https:\/\/lavras.tv\/site\/wp-content\/uploads\/2025\/01\/Lavras-TV-720x104px-1-1-170x25.png 170w, https:\/\/lavras.tv\/site\/wp-content\/uploads\/2025\/01\/Lavras-TV-720x104px-1-1-200x29.png 200w\" sizes=\"(max-width: 720px) 100vw, 720px\" width=\"720\" height=\"104\"  style=\"display: inline-block;\" \/><\/a><\/div><\/li><li><a href=\"https:\/\/sistemas.lavras.mg.gov.br\/portalcidadao\/#df1b1a7c7b2a290bcb31e32771e610784662739a88807c0dacac58ede5f391a7530e299dc302d611ee73cb143fc22eaf93592e53e7b5bdb01b00a0b8d28dae460c141dd2ff83412e4dc1c31b16b25f33144a9e5620ea73b13f5bc1c59411d98439ad226e8af03840603796067d87afe130812cf3de24982d0e306f9e61e764e5\" aria-label=\"Banner_Emprego_PortallavrasTV\"><img src=\"https:\/\/lavras.tv\/site\/wp-content\/uploads\/2025\/03\/Banner_Emprego_PortallavrasTV.png\" alt=\"\"  srcset=\"https:\/\/lavras.tv\/site\/wp-content\/uploads\/2025\/03\/Banner_Emprego_PortallavrasTV.png 720w, https:\/\/lavras.tv\/site\/wp-content\/uploads\/2025\/03\/Banner_Emprego_PortallavrasTV-470x68.png 470w, https:\/\/lavras.tv\/site\/wp-content\/uploads\/2025\/03\/Banner_Emprego_PortallavrasTV-170x25.png 170w, https:\/\/lavras.tv\/site\/wp-content\/uploads\/2025\/03\/Banner_Emprego_PortallavrasTV-200x29.png 200w\" sizes=\"(max-width: 720px) 100vw, 720px\" width=\"720\" height=\"104\"   \/><\/a><\/li><li><a href=\"https:\/\/sistemas.lavras.mg.gov.br\/portalcidadao\/#df1b1a7c7b2a290bcb31e32771e610784662739a88807c0dacac58ede5f391a7530e299dc302d611ee73cb143fc22eaf93592e53e7b5bdb01b00a0b8d28dae460c141dd2ff83412e4dc1c31b16b25f33144a9e5620ea73b13f5bc1c59411d98439ad226e8af03840603796067d87afe130812cf3de24982d0e306f9e61e764e5\" aria-label=\"Banner_Obras_PortallavrasTV\"><img src=\"https:\/\/lavras.tv\/site\/wp-content\/uploads\/2025\/03\/Banner_Obras_PortallavrasTV.png\" alt=\"\"  srcset=\"https:\/\/lavras.tv\/site\/wp-content\/uploads\/2025\/03\/Banner_Obras_PortallavrasTV.png 720w, https:\/\/lavras.tv\/site\/wp-content\/uploads\/2025\/03\/Banner_Obras_PortallavrasTV-470x68.png 470w, https:\/\/lavras.tv\/site\/wp-content\/uploads\/2025\/03\/Banner_Obras_PortallavrasTV-170x25.png 170w, https:\/\/lavras.tv\/site\/wp-content\/uploads\/2025\/03\/Banner_Obras_PortallavrasTV-200x29.png 200w\" sizes=\"(max-width: 720px) 100vw, 720px\" width=\"720\" height=\"104\"   \/><\/a><\/li><li><div style=\"margin-left: auto;margin-right: auto;text-align: center;\" id=\"lavra-1177190078\"><a href=\"https:\/\/sistemas.lavras.mg.gov.br\/portalcidadao\/#df1b1a7c7b2a290bcb31e32771e610784662739a88807c0dacac58ede5f391a7530e299dc302d611ee73cb143fc22eaf93592e53e7b5bdb01b00a0b8d28dae460c141dd2ff83412e4dc1c31b16b25f33144a9e5620ea73b13f5bc1c59411d98439ad226e8af03840603796067d87afe130812cf3de24982d0e306f9e61e764e5\" aria-label=\"Banner_Educa\u00e7\u00e3o_PortallavrasTV\"><img src=\"https:\/\/lavras.tv\/site\/wp-content\/uploads\/2025\/01\/Banner_Educacao_PortallavrasTV.png\" alt=\"\"  srcset=\"https:\/\/lavras.tv\/site\/wp-content\/uploads\/2025\/01\/Banner_Educacao_PortallavrasTV.png 720w, https:\/\/lavras.tv\/site\/wp-content\/uploads\/2025\/01\/Banner_Educacao_PortallavrasTV-470x68.png 470w, https:\/\/lavras.tv\/site\/wp-content\/uploads\/2025\/01\/Banner_Educacao_PortallavrasTV-170x25.png 170w, https:\/\/lavras.tv\/site\/wp-content\/uploads\/2025\/01\/Banner_Educacao_PortallavrasTV-200x29.png 200w\" sizes=\"(max-width: 720px) 100vw, 720px\" width=\"720\" height=\"104\"  style=\"display: inline-block;\" \/><\/a><\/div><\/li><li><a href=\"https:\/\/sistemas.lavras.mg.gov.br\/portalcidadao\/#df1b1a7c7b2a290bcb31e32771e610784662739a88807c0dacac58ede5f391a7530e299dc302d611ee73cb143fc22eaf93592e53e7b5bdb01b00a0b8d28dae460c141dd2ff83412e4dc1c31b16b25f33144a9e5620ea73b13f5bc1c59411d98439ad226e8af03840603796067d87afe130812cf3de24982d0e306f9e61e764e5\" aria-label=\"Banner_Sa\u00fade_PortallavrasTV\"><img src=\"https:\/\/lavras.tv\/site\/wp-content\/uploads\/2025\/03\/Banner_Saude_PortallavrasTV.png\" alt=\"\"  srcset=\"https:\/\/lavras.tv\/site\/wp-content\/uploads\/2025\/03\/Banner_Saude_PortallavrasTV.png 720w, https:\/\/lavras.tv\/site\/wp-content\/uploads\/2025\/03\/Banner_Saude_PortallavrasTV-470x68.png 470w, https:\/\/lavras.tv\/site\/wp-content\/uploads\/2025\/03\/Banner_Saude_PortallavrasTV-170x25.png 170w, https:\/\/lavras.tv\/site\/wp-content\/uploads\/2025\/03\/Banner_Saude_PortallavrasTV-200x29.png 200w\" sizes=\"(max-width: 720px) 100vw, 720px\" width=\"720\" height=\"104\"   \/><\/a><\/li><li><div id=\"lavra-3850893658\" style=\"width:720px;height:104px;background-color:#ddd;overflow:scroll;\">\n\t<strong>Sa\u00edda da depura\u00e7\u00e3o de an\u00fancios<\/strong>\n\t<br><br>\n\tO an\u00fancio n\u00e3o \u00e9 exibido na p\u00e1gina<br><br>post atual: Confira a programa\u00e7\u00e3o do 7 de setembro, ID: 2075<br><br><span style=\"color: red;\">O post atual n\u00e3o \u00e9 id\u00eantico ao post principal.<\/span><br><br>An\u00fancios: ROXO - TOPO INTERNA - ROTATIVO 2 (197)<br \/>Grupo de an\u00fancios: Princ_Meio01_720x104 (27)<br><br>Condi\u00e7\u00f5es de exibi\u00e7\u00e3o<div style=\"margin-bottom: 20px; white-space: pre-wrap; font-family: monospace; width: 100%; background: #ffe9e9;\"><strong>condi\u00e7\u00f5es gerais<\/strong><table border=\"1\"><thead><tr><th><\/th><th>An\u00fancios<\/th><th>wp_the_query<\/th><\/tr><\/thead><tr><td>is_main_query<\/td><td>1<\/td><td>1<\/td><\/tr><tr><td>is_rest_api<\/td><td>0<\/td><td>1<\/td><\/tr><tr><td>page<\/td><td>0<\/td><td>1<\/td><\/tr><tr><td>numpages<\/td><td>0<\/td><td>1<\/td><\/tr><tr><td>is_archive<\/td><td>1<\/td><td><\/td><\/tr><tr><td>is_search<\/td><td>1<\/td><td><\/td><\/tr><tr><td>is_home<\/td><td>1<\/td><td><\/td><\/tr><tr><td>is_404<\/td><td>1<\/td><td><\/td><\/tr><tr><td>is_attachment<\/td><td>1<\/td><td><\/td><\/tr><tr><td>is_singular<\/td><td>1<\/td><td><\/td><\/tr><tr><td>is_front_page<\/td><td>1<\/td><td><\/td><\/tr><tr><td>is_feed<\/td><td>1<\/td><td><\/td><\/tr><\/table><\/div><br><br><span style=\"color: red;\">Seu site usa HTTPS, mas o c\u00f3digo do an\u00fancio cont\u00e9m HTTP e pode n\u00e3o funcionar.<\/span>\t<br><br>\n\t<a style=\"color: green;\" href=\"https:\/\/wpadvancedads.com\/manual\/ad-debug-mode\/?utm_source=advanced-ads&utm_medium=link&utm_campaign=ad-debug-mode\" target=\"_blank\" rel=\"nofollow\">Encontre solu\u00e7\u00f5es no manual<\/a>\n<\/div>\n<\/li><\/ul><\/div><script>( window.advanced_ads_ready || jQuery( document ).ready ).call( null, function() {var $lavraslider2270053615 = jQuery( \".lavra-slider-2270053615\" );$lavraslider2270053615.on( \"unslider.ready\", function() { jQuery( \"div.custom-slider ul li\" ).css( \"display\", \"block\" ); });$lavraslider2270053615.unslider({ delay:4000, autoplay:true, nav:false, arrows:false, infinite:true });$lavraslider2270053615.on(\"mouseover\", function() {$lavraslider2270053615.unslider(\"stop\");}).on(\"mouseout\", function() {$lavraslider2270053615.unslider(\"start\");});});<\/script><\/div><p>A Prefeitura de Lavras, por meio da Secretaria de Cultura, divulgou a programa\u00e7\u00e3o do desfile de comemora\u00e7\u00e3o ao Dia da Independ\u00eancia, 7 de setembro.<\/p>\n<p>As entidades e programas sociais abrem os desfiles da sociedade civil. Logo em seguida as escolas municipais, estaduais e particulares. Para encerrar o desfile, o Clube de carros antigos de Lavras e o grupo Lavras Off Road desfilam, fechando assim, a manh\u00e3 de comemora\u00e7\u00f5es.<\/p>\n<p>&nbsp;<\/p>\n<p><strong>Confira a programa\u00e7\u00e3o completa do desfile:<\/strong><\/p>\n<p>08:00 H\u2013 Hasteamento das Bandeiras<\/p>\n<p>09:00 H<\/p>\n<ul>\n<li>FEB \u2013 For\u00e7a Expedicion\u00e1rio Brasileira (Carro do Tiro Guerra)<\/li>\n<li>Tiro de Guerra<\/li>\n<li>Banda de M\u00fasica da 6\u00aa Regi\u00e3o<\/li>\n<li>Comandante do Grupamento representativo de desfile<\/li>\n<li>Estado Maior Especial<\/li>\n<li>Guarda Bandeira<\/li>\n<li>Primeiro Pelot\u00e3o<\/li>\n<li>Segundo Pelot\u00e3o<\/li>\n<li>Terceiro Pelot\u00e3o<\/li>\n<li>Canil<\/li>\n<li>Pelot\u00e3o Mirim (Filhos de Militares)<\/li>\n<li>Fanfarra do Col\u00e9gio Tiradentes da Pol\u00edcia Militar<\/li>\n<li>Col\u00e9gio Tiradentes da Pol\u00edcia Militar<\/li>\n<li>Bike Patrulha<\/li>\n<li>Motociclistas do 8\u00ba Batalh\u00e3o e motociclista da 6\u00aa Cia Ind MAT<\/li>\n<li>Viaturas B\u00e1sicas, Viaturas Pesadas (Blazer, T\u00e1tico M\u00f3vel), Base Comunit\u00e1ria M\u00f3vel, Ducatos e Viaturas de Transporte de Tropa; Barcos e demais apetrechos com a caracteriza\u00e7\u00e3o do policiamento especializado de Meio Ambiente e Tr\u00e2nsito Rodovi\u00e1rio<\/li>\n<li>Grupamento de Cavalaria<\/li>\n<li>Viaturas da 30\u00aa Delegacia de Pol\u00edcia Civil<\/li>\n<li>Guarni\u00e7\u00e3o do Corpo de Bombeiros e Viaturas<\/li>\n<li>Agentes Penitenci\u00e1rios e Viaturas<\/li>\n<\/ul>\n<p>&nbsp;<\/p>\n<p>09:30 H \u2013 PROJETOS SOCIAIS<\/p>\n<ul>\n<li>Grupo Conquista<\/li>\n<li>Grupo Alegria de Viver<\/li>\n<li>CEACAD<\/li>\n<li>AABB<\/li>\n<li>Desbravadores<\/li>\n<li>Acau\u00e3<\/li>\n<li>Clube Aventureiros<\/li>\n<\/ul>\n<p>10:00 &#8211; SECRETARIA MUNICIPAL DE EDUCA\u00c7\u00c3O<\/p>\n<p>* TEATRO &#8211; TERRA DE ORIGEM: A HIST\u00d3RIA DOS CAMPOS DE SANT\u2019ANNA DAS LAVRAS DO FUNIL (Baseado na obra \u201cTerra de Origem\u201d de Alexina Alves Rodrigues)<\/p>\n<ol>\n<li>Comiss\u00e3o de Frente \u2013 Voz da Terra &#8211; (Secretaria de Educa\u00e7\u00e3o, Diretoras das Escolas Urbanas e rurais e Coordenadoras dos Cmei\u2019s)<\/li>\n<li>Carro Abre-alas (EM Dra. D\u00e2mina)<\/li>\n<li>Banda Euterpe Oper\u00e1ria \u2013 O Som da Terra<\/li>\n<li>A Terra Mulher &#8211; Escola Municipal Umbelina de Avelar.<\/li>\n<li>Carro: Corte Portuguesa e as cria\u00e7\u00e3o da capitania de Minas (E M Dra. D\u00e2mina)<\/li>\n<li>Bandeirantes e \u00cdndios &#8211; Escola Municipal Padre Dehon.<\/li>\n<li>O Garimpo &#8211; Escola Municipal Jos\u00e9 Serafim.<\/li>\n<li>Os Primeiros Povoados &#8211; Escola Municipal \u00c1lvaro Botelho<\/li>\n<li>A Heran\u00e7a Negra &#8211; Escola Municipal Jos\u00e9 Luiz de Mesquita.<\/li>\n<li>A Marca da F\u00e9 &#8211; Escola Municipal Guilherme Henrique.<\/li>\n<\/ol>\n<p>11.. Os Imigrantes &#8211; Escola CAIC.<\/p>\n<ol start=\"12\">\n<li>Os Tipos Populares &#8211; Escola Municipal Paulo Menicucci.<\/li>\n<li>Os Filhos Ilustres &#8211; Escola Municipal Francisco Sales.<\/li>\n<li>A Atenas Mineira: Arte, Cultura e Educa\u00e7\u00e3o &#8211; Escola M Sebasti\u00e3o Botrel.<\/li>\n<li>Lavras no s\u00e9culo XXI (E. M. Paulo Louren\u00e7o Menicucci e E M Oscar Botelho.<\/li>\n<\/ol>\n<p>&nbsp;<\/p>\n<p>10:30 H<\/p>\n<p>ESCOLAS ESTADUAIS E PARTICULARES:<\/p>\n<ol>\n<li>CNEC &#8211; Col\u00e9gio Cinecista Juventino Dias<\/li>\n<li>Centro Educacional Caminho Perfeito<\/li>\n<li>Escola Estadual Cristiano de Souza<\/li>\n<li>Escola Estadual Tiradentes<\/li>\n<li>Escola Estadual Dora Matarazzo<\/li>\n<li>Escola Estadual Firmino Costa<\/li>\n<li>Escola Estadual Cinira de Carvalho<\/li>\n<\/ol>\n<p>&nbsp;<\/p>\n<p>11:10 H<\/p>\n<ul>\n<li>Clube dos Carros Antigos<\/li>\n<li>Lavras Off- Road<\/li>\n<\/ul>\n<p>&nbsp;<\/p>\n<p>&nbsp;<\/p>\n<p>Fonte: ASCOM &#8211; Prefeitura de Lavras<\/p>\n","protected":false},"excerpt":{"rendered":"<p>A Prefeitura de Lavras, por meio da Secretaria de Cultura, divulgou a programa\u00e7\u00e3o do desfile de comemora\u00e7\u00e3o ao Dia da Independ\u00eancia, 7 de setembro. As entidades e programas sociais abrem os desfiles da sociedade civil. Logo em seguida as escolas municipais, estaduais e particulares. Para encerrar o desfile, o Clube de carros antigos de Lavras [&hellip;]<\/p>\n","protected":false},"author":2,"featured_media":2076,"comment_status":"closed","ping_status":"open","sticky":false,"template":"","format":"standard","meta":{"advgb_blocks_editor_width":"","advgb_blocks_columns_visual_guide":"","_exactmetrics_skip_tracking":false,"_exactmetrics_sitenote_active":false,"_exactmetrics_sitenote_note":"","_exactmetrics_sitenote_category":0,"footnotes":""},"categories":[7,2,21],"tags":[709,710,44],"class_list":["post-2075","post","type-post","status-publish","format-standard","has-post-thumbnail","hentry","category-destaques","category-noticias","category-vem-ai","tag-7-de-setembro-programacao","tag-desfile-7-setembro","tag-lavras-mg"],"better_featured_image":{"id":2076,"alt_text":"","caption":"","description":"","media_type":"image","media_details":{"width":1156,"height":768,"file":"2016\/09\/desfile-07-de-setembro.jpg","sizes":{"thumbnail":{"file":"desfile-07-de-setembro-150x100.jpg","width":150,"height":100,"mime-type":"image\/jpeg","source_url":"https:\/\/lavras.tv\/site\/wp-content\/uploads\/2016\/09\/desfile-07-de-setembro-150x100.jpg"},"medium":{"file":"desfile-07-de-setembro-300x199.jpg","width":300,"height":199,"mime-type":"image\/jpeg","source_url":"https:\/\/lavras.tv\/site\/wp-content\/uploads\/2016\/09\/desfile-07-de-setembro-300x199.jpg"},"large":{"file":"desfile-07-de-setembro-1024x680.jpg","width":1024,"height":680,"mime-type":"image\/jpeg","source_url":"https:\/\/lavras.tv\/site\/wp-content\/uploads\/2016\/09\/desfile-07-de-setembro-1024x680.jpg"},"featured-slider-img":{"file":"desfile-07-de-setembro-640x480.jpg","width":640,"height":480,"mime-type":"image\/jpeg","source_url":"https:\/\/lavras.tv\/site\/wp-content\/uploads\/2016\/09\/desfile-07-de-setembro-640x480.jpg"},"featured-post-img":{"file":"desfile-07-de-setembro-480x320.jpg","width":480,"height":320,"mime-type":"image\/jpeg","source_url":"https:\/\/lavras.tv\/site\/wp-content\/uploads\/2016\/09\/desfile-07-de-setembro-480x320.jpg"},"sow-carousel-default":{"file":"desfile-07-de-setembro-272x182.jpg","width":272,"height":182,"mime-type":"image\/jpeg","source_url":"https:\/\/lavras.tv\/site\/wp-content\/uploads\/2016\/09\/desfile-07-de-setembro-272x182.jpg"}},"image_meta":{"aperture":"9","credit":"","camera":"NIKON D300","caption":"","created_timestamp":"1347009615","copyright":"","focal_length":"200","iso":"800","shutter_speed":"0.003125","title":"","orientation":"1","keywords":[]}},"post":2075,"source_url":"https:\/\/lavras.tv\/site\/wp-content\/uploads\/2016\/09\/desfile-07-de-setembro.jpg"},"author_meta":{"display_name":"Lavras TV","author_link":"https:\/\/lavras.tv\/site\/author\/lavrastv\/"},"featured_img":"https:\/\/lavras.tv\/site\/wp-content\/uploads\/2016\/09\/desfile-07-de-setembro-300x199.jpg","coauthors":[],"tax_additional":{"categories":{"linked":["<a href=\"https:\/\/lavras.tv\/site\/category\/destaques\/\" class=\"advgb-post-tax-term\">Destaques<\/a>","<a href=\"https:\/\/lavras.tv\/site\/category\/noticias\/\" class=\"advgb-post-tax-term\">Not\u00edcias<\/a>","<a href=\"https:\/\/lavras.tv\/site\/category\/vem-ai\/\" class=\"advgb-post-tax-term\">Vem a\u00ed<\/a>"],"unlinked":["<span class=\"advgb-post-tax-term\">Destaques<\/span>","<span class=\"advgb-post-tax-term\">Not\u00edcias<\/span>","<span class=\"advgb-post-tax-term\">Vem a\u00ed<\/span>"]},"tags":{"linked":["<a href=\"https:\/\/lavras.tv\/site\/category\/vem-ai\/\" class=\"advgb-post-tax-term\">7 de setembro programa\u00e7\u00e3o<\/a>","<a href=\"https:\/\/lavras.tv\/site\/category\/vem-ai\/\" class=\"advgb-post-tax-term\">desfile 7 setembro<\/a>","<a href=\"https:\/\/lavras.tv\/site\/category\/vem-ai\/\" class=\"advgb-post-tax-term\">lavras mg<\/a>"],"unlinked":["<span class=\"advgb-post-tax-term\">7 de setembro programa\u00e7\u00e3o<\/span>","<span class=\"advgb-post-tax-term\">desfile 7 setembro<\/span>","<span class=\"advgb-post-tax-term\">lavras mg<\/span>"]}},"comment_count":"0","relative_dates":{"created":"Publicado 10 anos atr\u00e1s","modified":"Atualizado 10 anos atr\u00e1s"},"absolute_dates":{"created":"Publicado em 5 de setembro de 2016","modified":"Atualizado em 5 de setembro de 2016"},"absolute_dates_time":{"created":"Publicado em 5 de setembro de 2016 09:44","modified":"Atualizado em 5 de setembro de 2016 09:44"},"featured_img_caption":"","series_order":"","_links":{"self":[{"href":"https:\/\/lavras.tv\/site\/wp-json\/wp\/v2\/posts\/2075","targetHints":{"allow":["GET"]}}],"collection":[{"href":"https:\/\/lavras.tv\/site\/wp-json\/wp\/v2\/posts"}],"about":[{"href":"https:\/\/lavras.tv\/site\/wp-json\/wp\/v2\/types\/post"}],"author":[{"embeddable":true,"href":"https:\/\/lavras.tv\/site\/wp-json\/wp\/v2\/users\/2"}],"replies":[{"embeddable":true,"href":"https:\/\/lavras.tv\/site\/wp-json\/wp\/v2\/comments?post=2075"}],"version-history":[{"count":1,"href":"https:\/\/lavras.tv\/site\/wp-json\/wp\/v2\/posts\/2075\/revisions"}],"predecessor-version":[{"id":2077,"href":"https:\/\/lavras.tv\/site\/wp-json\/wp\/v2\/posts\/2075\/revisions\/2077"}],"wp:featuredmedia":[{"embeddable":true,"href":"https:\/\/lavras.tv\/site\/wp-json\/wp\/v2\/media\/2076"}],"wp:attachment":[{"href":"https:\/\/lavras.tv\/site\/wp-json\/wp\/v2\/media?parent=2075"}],"wp:term":[{"taxonomy":"category","embeddable":true,"href":"https:\/\/lavras.tv\/site\/wp-json\/wp\/v2\/categories?post=2075"},{"taxonomy":"post_tag","embeddable":true,"href":"https:\/\/lavras.tv\/site\/wp-json\/wp\/v2\/tags?post=2075"}],"curies":[{"name":"wp","href":"https:\/\/api.w.org\/{rel}","templated":true}]}}