{"id":20803,"date":"2019-04-29T10:15:19","date_gmt":"2019-04-29T13:15:19","guid":{"rendered":"http:\/\/lavras.tv\/site\/?p=20803"},"modified":"2019-04-29T10:15:19","modified_gmt":"2019-04-29T13:15:19","slug":"carlos-lindomar-suspende-titulo-de-cidadao-honorario-de-ministro-suspeito-de-irregularidades","status":"publish","type":"post","link":"https:\/\/lavras.tv\/site\/2019\/04\/29\/carlos-lindomar-suspende-titulo-de-cidadao-honorario-de-ministro-suspeito-de-irregularidades\/","title":{"rendered":"Carlos Lindomar suspende t\u00edtulo de cidad\u00e3o honor\u00e1rio de ministro suspeito de irregularidades"},"content":{"rendered":"<div class=\"lavra-antes-do-conteudo_2\" id=\"lavra-1439502903\"><div id=\"lavra-slider-27\" class=\"custom-slider lavra-slider-2779854358 lavra-slider\"><ul><li><div style=\"margin-left: auto;margin-right: auto;text-align: center;\" id=\"lavra-607529251\"><a href=\"https:\/\/sistemas.lavras.mg.gov.br\/portalcidadao\/#df1b1a7c7b2a290bcb31e32771e610784662739a88807c0dacac58ede5f391a7530e299dc302d611ee73cb143fc22eaf93592e53e7b5bdb01b00a0b8d28dae460c141dd2ff83412e4dc1c31b16b25f33144a9e5620ea73b13f5bc1c59411d98439ad226e8af03840603796067d87afe130812cf3de24982d0e306f9e61e764e5\" aria-label=\"Lavras-TV&#8211;720x104px (1) (1)\"><img src=\"https:\/\/lavras.tv\/site\/wp-content\/uploads\/2025\/01\/Lavras-TV-720x104px-1-1.png\" alt=\"\"  srcset=\"https:\/\/lavras.tv\/site\/wp-content\/uploads\/2025\/01\/Lavras-TV-720x104px-1-1.png 720w, https:\/\/lavras.tv\/site\/wp-content\/uploads\/2025\/01\/Lavras-TV-720x104px-1-1-470x68.png 470w, https:\/\/lavras.tv\/site\/wp-content\/uploads\/2025\/01\/Lavras-TV-720x104px-1-1-170x25.png 170w, https:\/\/lavras.tv\/site\/wp-content\/uploads\/2025\/01\/Lavras-TV-720x104px-1-1-200x29.png 200w\" sizes=\"(max-width: 720px) 100vw, 720px\" width=\"720\" height=\"104\"  style=\"display: inline-block;\" \/><\/a><\/div><\/li><li><a href=\"https:\/\/sistemas.lavras.mg.gov.br\/portalcidadao\/#df1b1a7c7b2a290bcb31e32771e610784662739a88807c0dacac58ede5f391a7530e299dc302d611ee73cb143fc22eaf93592e53e7b5bdb01b00a0b8d28dae460c141dd2ff83412e4dc1c31b16b25f33144a9e5620ea73b13f5bc1c59411d98439ad226e8af03840603796067d87afe130812cf3de24982d0e306f9e61e764e5\" aria-label=\"Banner_Emprego_PortallavrasTV\"><img src=\"https:\/\/lavras.tv\/site\/wp-content\/uploads\/2025\/03\/Banner_Emprego_PortallavrasTV.png\" alt=\"\"  srcset=\"https:\/\/lavras.tv\/site\/wp-content\/uploads\/2025\/03\/Banner_Emprego_PortallavrasTV.png 720w, https:\/\/lavras.tv\/site\/wp-content\/uploads\/2025\/03\/Banner_Emprego_PortallavrasTV-470x68.png 470w, https:\/\/lavras.tv\/site\/wp-content\/uploads\/2025\/03\/Banner_Emprego_PortallavrasTV-170x25.png 170w, https:\/\/lavras.tv\/site\/wp-content\/uploads\/2025\/03\/Banner_Emprego_PortallavrasTV-200x29.png 200w\" sizes=\"(max-width: 720px) 100vw, 720px\" width=\"720\" height=\"104\"   \/><\/a><\/li><li><a href=\"https:\/\/sistemas.lavras.mg.gov.br\/portalcidadao\/#df1b1a7c7b2a290bcb31e32771e610784662739a88807c0dacac58ede5f391a7530e299dc302d611ee73cb143fc22eaf93592e53e7b5bdb01b00a0b8d28dae460c141dd2ff83412e4dc1c31b16b25f33144a9e5620ea73b13f5bc1c59411d98439ad226e8af03840603796067d87afe130812cf3de24982d0e306f9e61e764e5\" aria-label=\"Banner_Obras_PortallavrasTV\"><img src=\"https:\/\/lavras.tv\/site\/wp-content\/uploads\/2025\/03\/Banner_Obras_PortallavrasTV.png\" alt=\"\"  srcset=\"https:\/\/lavras.tv\/site\/wp-content\/uploads\/2025\/03\/Banner_Obras_PortallavrasTV.png 720w, https:\/\/lavras.tv\/site\/wp-content\/uploads\/2025\/03\/Banner_Obras_PortallavrasTV-470x68.png 470w, https:\/\/lavras.tv\/site\/wp-content\/uploads\/2025\/03\/Banner_Obras_PortallavrasTV-170x25.png 170w, https:\/\/lavras.tv\/site\/wp-content\/uploads\/2025\/03\/Banner_Obras_PortallavrasTV-200x29.png 200w\" sizes=\"(max-width: 720px) 100vw, 720px\" width=\"720\" height=\"104\"   \/><\/a><\/li><li><div style=\"margin-left: auto;margin-right: auto;text-align: center;\" id=\"lavra-1645965077\"><a href=\"https:\/\/sistemas.lavras.mg.gov.br\/portalcidadao\/#df1b1a7c7b2a290bcb31e32771e610784662739a88807c0dacac58ede5f391a7530e299dc302d611ee73cb143fc22eaf93592e53e7b5bdb01b00a0b8d28dae460c141dd2ff83412e4dc1c31b16b25f33144a9e5620ea73b13f5bc1c59411d98439ad226e8af03840603796067d87afe130812cf3de24982d0e306f9e61e764e5\" aria-label=\"Banner_Educa\u00e7\u00e3o_PortallavrasTV\"><img src=\"https:\/\/lavras.tv\/site\/wp-content\/uploads\/2025\/01\/Banner_Educacao_PortallavrasTV.png\" alt=\"\"  srcset=\"https:\/\/lavras.tv\/site\/wp-content\/uploads\/2025\/01\/Banner_Educacao_PortallavrasTV.png 720w, https:\/\/lavras.tv\/site\/wp-content\/uploads\/2025\/01\/Banner_Educacao_PortallavrasTV-470x68.png 470w, https:\/\/lavras.tv\/site\/wp-content\/uploads\/2025\/01\/Banner_Educacao_PortallavrasTV-170x25.png 170w, https:\/\/lavras.tv\/site\/wp-content\/uploads\/2025\/01\/Banner_Educacao_PortallavrasTV-200x29.png 200w\" sizes=\"(max-width: 720px) 100vw, 720px\" width=\"720\" height=\"104\"  style=\"display: inline-block;\" \/><\/a><\/div><\/li><li><a href=\"https:\/\/sistemas.lavras.mg.gov.br\/portalcidadao\/#df1b1a7c7b2a290bcb31e32771e610784662739a88807c0dacac58ede5f391a7530e299dc302d611ee73cb143fc22eaf93592e53e7b5bdb01b00a0b8d28dae460c141dd2ff83412e4dc1c31b16b25f33144a9e5620ea73b13f5bc1c59411d98439ad226e8af03840603796067d87afe130812cf3de24982d0e306f9e61e764e5\" aria-label=\"Banner_Sa\u00fade_PortallavrasTV\"><img src=\"https:\/\/lavras.tv\/site\/wp-content\/uploads\/2025\/03\/Banner_Saude_PortallavrasTV.png\" alt=\"\"  srcset=\"https:\/\/lavras.tv\/site\/wp-content\/uploads\/2025\/03\/Banner_Saude_PortallavrasTV.png 720w, https:\/\/lavras.tv\/site\/wp-content\/uploads\/2025\/03\/Banner_Saude_PortallavrasTV-470x68.png 470w, https:\/\/lavras.tv\/site\/wp-content\/uploads\/2025\/03\/Banner_Saude_PortallavrasTV-170x25.png 170w, https:\/\/lavras.tv\/site\/wp-content\/uploads\/2025\/03\/Banner_Saude_PortallavrasTV-200x29.png 200w\" sizes=\"(max-width: 720px) 100vw, 720px\" width=\"720\" height=\"104\"   \/><\/a><\/li><li><div id=\"lavra-1094180589\" style=\"width:720px;height:104px;background-color:#ddd;overflow:scroll;\">\n\t<strong>Sa\u00edda da depura\u00e7\u00e3o de an\u00fancios<\/strong>\n\t<br><br>\n\tO an\u00fancio n\u00e3o \u00e9 exibido na p\u00e1gina<br><br>post atual: Carlos Lindomar suspende t\u00edtulo de cidad\u00e3o honor\u00e1rio de ministro suspeito de irregularidades, ID: 20803<br><br><span style=\"color: red;\">O post atual n\u00e3o \u00e9 id\u00eantico ao post principal.<\/span><br><br>An\u00fancios: ROXO - TOPO INTERNA - ROTATIVO 2 (197)<br \/>Grupo de an\u00fancios: Princ_Meio01_720x104 (27)<br><br>Condi\u00e7\u00f5es de exibi\u00e7\u00e3o<div style=\"margin-bottom: 20px; white-space: pre-wrap; font-family: monospace; width: 100%; background: #ffe9e9;\"><strong>condi\u00e7\u00f5es gerais<\/strong><table border=\"1\"><thead><tr><th><\/th><th>An\u00fancios<\/th><th>wp_the_query<\/th><\/tr><\/thead><tr><td>is_main_query<\/td><td>1<\/td><td>1<\/td><\/tr><tr><td>is_rest_api<\/td><td>0<\/td><td>1<\/td><\/tr><tr><td>page<\/td><td>0<\/td><td>1<\/td><\/tr><tr><td>numpages<\/td><td>0<\/td><td>1<\/td><\/tr><tr><td>is_archive<\/td><td>1<\/td><td><\/td><\/tr><tr><td>is_search<\/td><td>1<\/td><td><\/td><\/tr><tr><td>is_home<\/td><td>1<\/td><td><\/td><\/tr><tr><td>is_404<\/td><td>1<\/td><td><\/td><\/tr><tr><td>is_attachment<\/td><td>1<\/td><td><\/td><\/tr><tr><td>is_singular<\/td><td>1<\/td><td><\/td><\/tr><tr><td>is_front_page<\/td><td>1<\/td><td><\/td><\/tr><tr><td>is_feed<\/td><td>1<\/td><td><\/td><\/tr><\/table><\/div><br><br><span style=\"color: red;\">Seu site usa HTTPS, mas o c\u00f3digo do an\u00fancio cont\u00e9m HTTP e pode n\u00e3o funcionar.<\/span>\t<br><br>\n\t<a style=\"color: green;\" href=\"https:\/\/wpadvancedads.com\/manual\/ad-debug-mode\/?utm_source=advanced-ads&utm_medium=link&utm_campaign=ad-debug-mode\" target=\"_blank\" rel=\"nofollow\">Encontre solu\u00e7\u00f5es no manual<\/a>\n<\/div>\n<\/li><\/ul><\/div><script>( window.advanced_ads_ready || jQuery( document ).ready ).call( null, function() {var $lavraslider2779854358 = jQuery( \".lavra-slider-2779854358\" );$lavraslider2779854358.on( \"unslider.ready\", function() { jQuery( \"div.custom-slider ul li\" ).css( \"display\", \"block\" ); });$lavraslider2779854358.unslider({ delay:4000, autoplay:true, nav:false, arrows:false, infinite:true });$lavraslider2779854358.on(\"mouseover\", function() {$lavraslider2779854358.unslider(\"stop\");}).on(\"mouseout\", function() {$lavraslider2779854358.unslider(\"start\");});});<\/script><\/div><p>O vereador de Lavras (MG), Carlos Lindomar (PSL), suspendeu o t\u00edtulo de cidad\u00e3o honor\u00e1rio da cidade, que seria dado ao atual ministro do Turismo, Marcelo \u00c1lvaro Ant\u00f4nio. O ministro \u00e9 suspeito de admitir candidatos laranjas para o PSL nas elei\u00e7\u00f5es do ano passado.<!--more--><\/p>\n<p>A cerim\u00f4nia de entrega do t\u00edtulo foi marcada para o dia 3 de dezembro, quatro dias depois do an\u00fancio da nomea\u00e7\u00e3o de Marcelo como ministro do Turismo.<\/p>\n<p>\u201cEu apresentei o projeto de resolu\u00e7\u00e3o, ele foi aprovado pela casa, no dia da entrega, que coincidiu com a comemora\u00e7\u00e3o de anivers\u00e1rio da c\u00e2mara, n\u00f3s fizemos um encontro regional do PSL em Lavras e o deputado estava para vir, assim como outros deputados\u201d, disse o vereador Carlos Lindomar.<\/p>\n<p><img fetchpriority=\"high\" decoding=\"async\" class=\"alignnone size-full wp-image-20804 aligncenter\" src=\"http:\/\/lavras.tv\/site\/wp-content\/uploads\/2019\/04\/lindomar.jpg\" alt=\"\" width=\"497\" height=\"311\" srcset=\"https:\/\/lavras.tv\/site\/wp-content\/uploads\/2019\/04\/lindomar.jpg 497w, https:\/\/lavras.tv\/site\/wp-content\/uploads\/2019\/04\/lindomar-150x94.jpg 150w, https:\/\/lavras.tv\/site\/wp-content\/uploads\/2019\/04\/lindomar-300x188.jpg 300w\" sizes=\"(max-width: 497px) 100vw, 497px\" \/><\/p>\n<p>Marcelo \u00c1lvaro Ant\u00f4nio n\u00e3o foi buscar o t\u00edtulo e a cerim\u00f4nia seria agendada para este ano. Mas, em fevereiro, o nome do ministro foi citado em um esquema de candidaturas laranjas do PSL.<\/p>\n<p>A comerciante Zuleide Oliveira, de Santa Rita de Caldas (MG) e candidata a deputada estadual pelo partido nas elei\u00e7\u00f5es de 2018, denunciou o caso. Segundo ela, se fosse candidata, ela receberia R$ 60 mil do Fundo Partid\u00e1rio, mas s\u00f3 ficaria com R$ 15 mil para a campanha. Nesta semana, em depoimento ao Minist\u00e9rio P\u00fablico Federal, ela confirmou a den\u00fancia.<\/p>\n<p>Depois dessas den\u00fancias e de receber cr\u00edticas em redes sociais, o vereador autor da homenagem resolveu suspender a entrega do t\u00edtulo ao ministro at\u00e9 que as investiga\u00e7\u00f5es sejam conclu\u00eddas. Ele disse que poder\u00e1 pedir a revoga\u00e7\u00e3o do t\u00edtulo.<\/p>\n<p>O vereador tamb\u00e9m foi candidato a deputado federal pelo PSL nas elei\u00e7\u00f5es de 2018 e se encontrou com o atual ministro em pelo menos duas ocasi\u00f5es no ano passado. Tudo foi registrado em redes sociais. Em v\u00eddeo, Marcelo \u00c1lvaro Ant\u00f4nio e Jair Bolsonaro chegaram a declarar apoio a pr\u00e9-candidatura de Carlos Lindomar.<\/p>\n<p>Carlos Lindomar afirma que pretendia estreitar as rela\u00e7\u00f5es com o ministro para atrair recursos \u00e0 cidade de Lavras.<\/p>\n<p>\u201cPelo menos da parte que eu participei como candidato a deputado federal, posso dizer que n\u00e3o houve nada nas atitudes de Marcelo \u00c1lvaro que possa macular a sua imagem como ent\u00e3o presidente estadual do PSL\u201d, disse o vereador.<\/p>\n<p>Em nota, o ministro da Cultura, Marcelo \u00c1lvaro Ant\u00f4nio, disse que reitera que n\u00e3o houve qualquer candidatura laranja no PSL de Minas Gerais e que o partido seguiu rigorosamente o que determina a lei. Disse ainda que j\u00e1 apresentou ao Minist\u00e9rio P\u00fablico provas que o inocentam das acusa\u00e7\u00f5es e aguarda da conclus\u00e3o das investiga\u00e7\u00f5es.<\/p>\n<p>&nbsp;<\/p>\n<p>Fonte: G1<\/p>\n","protected":false},"excerpt":{"rendered":"<p>O vereador de Lavras (MG), Carlos Lindomar (PSL), suspendeu o t\u00edtulo de cidad\u00e3o honor\u00e1rio da cidade, que seria dado ao atual ministro do Turismo, Marcelo \u00c1lvaro Ant\u00f4nio. O ministro \u00e9 suspeito de admitir candidatos laranjas para o PSL nas elei\u00e7\u00f5es do ano passado.<\/p>\n","protected":false},"author":2,"featured_media":20804,"comment_status":"closed","ping_status":"open","sticky":false,"template":"","format":"standard","meta":{"advgb_blocks_editor_width":"","advgb_blocks_columns_visual_guide":"","_exactmetrics_skip_tracking":false,"_exactmetrics_sitenote_active":false,"_exactmetrics_sitenote_note":"","_exactmetrics_sitenote_category":0,"footnotes":""},"categories":[7,12],"tags":[5561,5706],"class_list":["post-20803","post","type-post","status-publish","format-standard","has-post-thumbnail","hentry","category-destaques","category-politica","tag-carlos-lindomar","tag-marcelo-alvaro-antonio"],"better_featured_image":{"id":20804,"alt_text":"","caption":"","description":"","media_type":"image","media_details":{"width":497,"height":311,"file":"2019\/04\/lindomar.jpg","sizes":{"thumbnail":{"file":"lindomar-150x94.jpg","width":150,"height":94,"mime-type":"image\/jpeg","source_url":"https:\/\/lavras.tv\/site\/wp-content\/uploads\/2019\/04\/lindomar-150x94.jpg"},"medium":{"file":"lindomar-300x188.jpg","width":300,"height":188,"mime-type":"image\/jpeg","source_url":"https:\/\/lavras.tv\/site\/wp-content\/uploads\/2019\/04\/lindomar-300x188.jpg"},"featured-post-img":{"file":"lindomar-480x311.jpg","width":480,"height":311,"mime-type":"image\/jpeg","source_url":"https:\/\/lavras.tv\/site\/wp-content\/uploads\/2019\/04\/lindomar-480x311.jpg"},"sow-carousel-default":{"file":"lindomar-272x182.jpg","width":272,"height":182,"mime-type":"image\/jpeg","source_url":"https:\/\/lavras.tv\/site\/wp-content\/uploads\/2019\/04\/lindomar-272x182.jpg"}},"image_meta":{"aperture":"0","credit":"SW","camera":"","caption":"","created_timestamp":"1556532771","copyright":"","focal_length":"0","iso":"0","shutter_speed":"0","title":"","orientation":"0","keywords":[]}},"post":20803,"source_url":"https:\/\/lavras.tv\/site\/wp-content\/uploads\/2019\/04\/lindomar.jpg"},"author_meta":{"display_name":"Lavras TV","author_link":"https:\/\/lavras.tv\/site\/author\/lavrastv\/"},"featured_img":"https:\/\/lavras.tv\/site\/wp-content\/uploads\/2019\/04\/lindomar-300x188.jpg","coauthors":[],"tax_additional":{"categories":{"linked":["<a href=\"https:\/\/lavras.tv\/site\/category\/destaques\/\" class=\"advgb-post-tax-term\">Destaques<\/a>","<a href=\"https:\/\/lavras.tv\/site\/category\/politica\/\" class=\"advgb-post-tax-term\">Pol\u00edtica<\/a>"],"unlinked":["<span class=\"advgb-post-tax-term\">Destaques<\/span>","<span class=\"advgb-post-tax-term\">Pol\u00edtica<\/span>"]},"tags":{"linked":["<a href=\"https:\/\/lavras.tv\/site\/category\/politica\/\" class=\"advgb-post-tax-term\">Carlos Lindomar<\/a>","<a href=\"https:\/\/lavras.tv\/site\/category\/politica\/\" class=\"advgb-post-tax-term\">Marcelo \u00c1lvaro Ant\u00f4nio<\/a>"],"unlinked":["<span class=\"advgb-post-tax-term\">Carlos Lindomar<\/span>","<span class=\"advgb-post-tax-term\">Marcelo \u00c1lvaro Ant\u00f4nio<\/span>"]}},"comment_count":"0","relative_dates":{"created":"Publicado 7 anos atr\u00e1s","modified":"Atualizado 7 anos atr\u00e1s"},"absolute_dates":{"created":"Publicado em 29 de abril de 2019","modified":"Atualizado em 29 de abril de 2019"},"absolute_dates_time":{"created":"Publicado em 29 de abril de 2019 10:15","modified":"Atualizado em 29 de abril de 2019 10:15"},"featured_img_caption":"","series_order":"","_links":{"self":[{"href":"https:\/\/lavras.tv\/site\/wp-json\/wp\/v2\/posts\/20803","targetHints":{"allow":["GET"]}}],"collection":[{"href":"https:\/\/lavras.tv\/site\/wp-json\/wp\/v2\/posts"}],"about":[{"href":"https:\/\/lavras.tv\/site\/wp-json\/wp\/v2\/types\/post"}],"author":[{"embeddable":true,"href":"https:\/\/lavras.tv\/site\/wp-json\/wp\/v2\/users\/2"}],"replies":[{"embeddable":true,"href":"https:\/\/lavras.tv\/site\/wp-json\/wp\/v2\/comments?post=20803"}],"version-history":[{"count":1,"href":"https:\/\/lavras.tv\/site\/wp-json\/wp\/v2\/posts\/20803\/revisions"}],"predecessor-version":[{"id":20805,"href":"https:\/\/lavras.tv\/site\/wp-json\/wp\/v2\/posts\/20803\/revisions\/20805"}],"wp:featuredmedia":[{"embeddable":true,"href":"https:\/\/lavras.tv\/site\/wp-json\/wp\/v2\/media\/20804"}],"wp:attachment":[{"href":"https:\/\/lavras.tv\/site\/wp-json\/wp\/v2\/media?parent=20803"}],"wp:term":[{"taxonomy":"category","embeddable":true,"href":"https:\/\/lavras.tv\/site\/wp-json\/wp\/v2\/categories?post=20803"},{"taxonomy":"post_tag","embeddable":true,"href":"https:\/\/lavras.tv\/site\/wp-json\/wp\/v2\/tags?post=20803"}],"curies":[{"name":"wp","href":"https:\/\/api.w.org\/{rel}","templated":true}]}}