{"id":2093,"date":"2016-09-05T10:34:46","date_gmt":"2016-09-05T13:34:46","guid":{"rendered":"http:\/\/lavras.tv\/site\/?p=2093"},"modified":"2016-09-05T10:34:46","modified_gmt":"2016-09-05T13:34:46","slug":"energia-e-forca-do-coracao-vao-marcar-abertura-da-paralimpiada","status":"publish","type":"post","link":"https:\/\/lavras.tv\/site\/2016\/09\/05\/energia-e-forca-do-coracao-vao-marcar-abertura-da-paralimpiada\/","title":{"rendered":"Energia e for\u00e7a do cora\u00e7\u00e3o v\u00e3o marcar abertura da Paralimp\u00edada"},"content":{"rendered":"<div class=\"lavra-antes-do-conteudo_2\" id=\"lavra-1264788040\"><div id=\"lavra-slider-27\" class=\"custom-slider lavra-slider-736788181 lavra-slider\"><ul><li><div style=\"margin-left: auto;margin-right: auto;text-align: center;\" id=\"lavra-2899875761\"><a href=\"https:\/\/sistemas.lavras.mg.gov.br\/portalcidadao\/#df1b1a7c7b2a290bcb31e32771e610784662739a88807c0dacac58ede5f391a7530e299dc302d611ee73cb143fc22eaf93592e53e7b5bdb01b00a0b8d28dae460c141dd2ff83412e4dc1c31b16b25f33144a9e5620ea73b13f5bc1c59411d98439ad226e8af03840603796067d87afe130812cf3de24982d0e306f9e61e764e5\" aria-label=\"Lavras-TV&#8211;720x104px (1) (1)\"><img src=\"https:\/\/lavras.tv\/site\/wp-content\/uploads\/2025\/01\/Lavras-TV-720x104px-1-1.png\" alt=\"\"  srcset=\"https:\/\/lavras.tv\/site\/wp-content\/uploads\/2025\/01\/Lavras-TV-720x104px-1-1.png 720w, https:\/\/lavras.tv\/site\/wp-content\/uploads\/2025\/01\/Lavras-TV-720x104px-1-1-470x68.png 470w, https:\/\/lavras.tv\/site\/wp-content\/uploads\/2025\/01\/Lavras-TV-720x104px-1-1-170x25.png 170w, https:\/\/lavras.tv\/site\/wp-content\/uploads\/2025\/01\/Lavras-TV-720x104px-1-1-200x29.png 200w\" sizes=\"(max-width: 720px) 100vw, 720px\" width=\"720\" height=\"104\"  style=\"display: inline-block;\" \/><\/a><\/div><\/li><li><a href=\"https:\/\/sistemas.lavras.mg.gov.br\/portalcidadao\/#df1b1a7c7b2a290bcb31e32771e610784662739a88807c0dacac58ede5f391a7530e299dc302d611ee73cb143fc22eaf93592e53e7b5bdb01b00a0b8d28dae460c141dd2ff83412e4dc1c31b16b25f33144a9e5620ea73b13f5bc1c59411d98439ad226e8af03840603796067d87afe130812cf3de24982d0e306f9e61e764e5\" aria-label=\"Banner_Emprego_PortallavrasTV\"><img src=\"https:\/\/lavras.tv\/site\/wp-content\/uploads\/2025\/03\/Banner_Emprego_PortallavrasTV.png\" alt=\"\"  srcset=\"https:\/\/lavras.tv\/site\/wp-content\/uploads\/2025\/03\/Banner_Emprego_PortallavrasTV.png 720w, https:\/\/lavras.tv\/site\/wp-content\/uploads\/2025\/03\/Banner_Emprego_PortallavrasTV-470x68.png 470w, https:\/\/lavras.tv\/site\/wp-content\/uploads\/2025\/03\/Banner_Emprego_PortallavrasTV-170x25.png 170w, https:\/\/lavras.tv\/site\/wp-content\/uploads\/2025\/03\/Banner_Emprego_PortallavrasTV-200x29.png 200w\" sizes=\"(max-width: 720px) 100vw, 720px\" width=\"720\" height=\"104\"   \/><\/a><\/li><li><a href=\"https:\/\/sistemas.lavras.mg.gov.br\/portalcidadao\/#df1b1a7c7b2a290bcb31e32771e610784662739a88807c0dacac58ede5f391a7530e299dc302d611ee73cb143fc22eaf93592e53e7b5bdb01b00a0b8d28dae460c141dd2ff83412e4dc1c31b16b25f33144a9e5620ea73b13f5bc1c59411d98439ad226e8af03840603796067d87afe130812cf3de24982d0e306f9e61e764e5\" aria-label=\"Banner_Obras_PortallavrasTV\"><img src=\"https:\/\/lavras.tv\/site\/wp-content\/uploads\/2025\/03\/Banner_Obras_PortallavrasTV.png\" alt=\"\"  srcset=\"https:\/\/lavras.tv\/site\/wp-content\/uploads\/2025\/03\/Banner_Obras_PortallavrasTV.png 720w, https:\/\/lavras.tv\/site\/wp-content\/uploads\/2025\/03\/Banner_Obras_PortallavrasTV-470x68.png 470w, https:\/\/lavras.tv\/site\/wp-content\/uploads\/2025\/03\/Banner_Obras_PortallavrasTV-170x25.png 170w, https:\/\/lavras.tv\/site\/wp-content\/uploads\/2025\/03\/Banner_Obras_PortallavrasTV-200x29.png 200w\" sizes=\"(max-width: 720px) 100vw, 720px\" width=\"720\" height=\"104\"   \/><\/a><\/li><li><div style=\"margin-left: auto;margin-right: auto;text-align: center;\" id=\"lavra-4087545522\"><a href=\"https:\/\/sistemas.lavras.mg.gov.br\/portalcidadao\/#df1b1a7c7b2a290bcb31e32771e610784662739a88807c0dacac58ede5f391a7530e299dc302d611ee73cb143fc22eaf93592e53e7b5bdb01b00a0b8d28dae460c141dd2ff83412e4dc1c31b16b25f33144a9e5620ea73b13f5bc1c59411d98439ad226e8af03840603796067d87afe130812cf3de24982d0e306f9e61e764e5\" aria-label=\"Banner_Educa\u00e7\u00e3o_PortallavrasTV\"><img src=\"https:\/\/lavras.tv\/site\/wp-content\/uploads\/2025\/01\/Banner_Educacao_PortallavrasTV.png\" alt=\"\"  srcset=\"https:\/\/lavras.tv\/site\/wp-content\/uploads\/2025\/01\/Banner_Educacao_PortallavrasTV.png 720w, https:\/\/lavras.tv\/site\/wp-content\/uploads\/2025\/01\/Banner_Educacao_PortallavrasTV-470x68.png 470w, https:\/\/lavras.tv\/site\/wp-content\/uploads\/2025\/01\/Banner_Educacao_PortallavrasTV-170x25.png 170w, https:\/\/lavras.tv\/site\/wp-content\/uploads\/2025\/01\/Banner_Educacao_PortallavrasTV-200x29.png 200w\" sizes=\"(max-width: 720px) 100vw, 720px\" width=\"720\" height=\"104\"  style=\"display: inline-block;\" \/><\/a><\/div><\/li><li><a href=\"https:\/\/sistemas.lavras.mg.gov.br\/portalcidadao\/#df1b1a7c7b2a290bcb31e32771e610784662739a88807c0dacac58ede5f391a7530e299dc302d611ee73cb143fc22eaf93592e53e7b5bdb01b00a0b8d28dae460c141dd2ff83412e4dc1c31b16b25f33144a9e5620ea73b13f5bc1c59411d98439ad226e8af03840603796067d87afe130812cf3de24982d0e306f9e61e764e5\" aria-label=\"Banner_Sa\u00fade_PortallavrasTV\"><img src=\"https:\/\/lavras.tv\/site\/wp-content\/uploads\/2025\/03\/Banner_Saude_PortallavrasTV.png\" alt=\"\"  srcset=\"https:\/\/lavras.tv\/site\/wp-content\/uploads\/2025\/03\/Banner_Saude_PortallavrasTV.png 720w, https:\/\/lavras.tv\/site\/wp-content\/uploads\/2025\/03\/Banner_Saude_PortallavrasTV-470x68.png 470w, https:\/\/lavras.tv\/site\/wp-content\/uploads\/2025\/03\/Banner_Saude_PortallavrasTV-170x25.png 170w, https:\/\/lavras.tv\/site\/wp-content\/uploads\/2025\/03\/Banner_Saude_PortallavrasTV-200x29.png 200w\" sizes=\"(max-width: 720px) 100vw, 720px\" width=\"720\" height=\"104\"   \/><\/a><\/li><li><div id=\"lavra-1504732753\" style=\"width:720px;height:104px;background-color:#ddd;overflow:scroll;\">\n\t<strong>Sa\u00edda da depura\u00e7\u00e3o de an\u00fancios<\/strong>\n\t<br><br>\n\tO an\u00fancio n\u00e3o \u00e9 exibido na p\u00e1gina<br><br>post atual: Energia e for\u00e7a do cora\u00e7\u00e3o v\u00e3o marcar abertura da Paralimp\u00edada, ID: 2093<br><br><span style=\"color: red;\">O post atual n\u00e3o \u00e9 id\u00eantico ao post principal.<\/span><br><br>An\u00fancios: ROXO - TOPO INTERNA - ROTATIVO 2 (197)<br \/>Grupo de an\u00fancios: Princ_Meio01_720x104 (27)<br><br>Condi\u00e7\u00f5es de exibi\u00e7\u00e3o<div style=\"margin-bottom: 20px; white-space: pre-wrap; font-family: monospace; width: 100%; background: #ffe9e9;\"><strong>condi\u00e7\u00f5es gerais<\/strong><table border=\"1\"><thead><tr><th><\/th><th>An\u00fancios<\/th><th>wp_the_query<\/th><\/tr><\/thead><tr><td>is_main_query<\/td><td>1<\/td><td>1<\/td><\/tr><tr><td>is_rest_api<\/td><td>0<\/td><td>1<\/td><\/tr><tr><td>page<\/td><td>0<\/td><td>1<\/td><\/tr><tr><td>numpages<\/td><td>0<\/td><td>1<\/td><\/tr><tr><td>is_archive<\/td><td>1<\/td><td><\/td><\/tr><tr><td>is_search<\/td><td>1<\/td><td><\/td><\/tr><tr><td>is_home<\/td><td>1<\/td><td><\/td><\/tr><tr><td>is_404<\/td><td>1<\/td><td><\/td><\/tr><tr><td>is_attachment<\/td><td>1<\/td><td><\/td><\/tr><tr><td>is_singular<\/td><td>1<\/td><td><\/td><\/tr><tr><td>is_front_page<\/td><td>1<\/td><td><\/td><\/tr><tr><td>is_feed<\/td><td>1<\/td><td><\/td><\/tr><\/table><\/div><br><br><span style=\"color: red;\">Seu site usa HTTPS, mas o c\u00f3digo do an\u00fancio cont\u00e9m HTTP e pode n\u00e3o funcionar.<\/span>\t<br><br>\n\t<a style=\"color: green;\" href=\"https:\/\/wpadvancedads.com\/manual\/ad-debug-mode\/?utm_source=advanced-ads&utm_medium=link&utm_campaign=ad-debug-mode\" target=\"_blank\" rel=\"nofollow\">Encontre solu\u00e7\u00f5es no manual<\/a>\n<\/div>\n<\/li><\/ul><\/div><script>( window.advanced_ads_ready || jQuery( document ).ready ).call( null, function() {var $lavraslider736788181 = jQuery( \".lavra-slider-736788181\" );$lavraslider736788181.on( \"unslider.ready\", function() { jQuery( \"div.custom-slider ul li\" ).css( \"display\", \"block\" ); });$lavraslider736788181.unslider({ delay:4000, autoplay:true, nav:false, arrows:false, infinite:true });$lavraslider736788181.on(\"mouseover\", function() {$lavraslider736788181.unslider(\"stop\");}).on(\"mouseout\", function() {$lavraslider736788181.unslider(\"start\");});});<\/script><\/div><p>Quando os primeiros acordes come\u00e7arem a soar no Est\u00e1dio do Maracan\u00e3, \u00e0s 18h15 de quarta-feira (7), dando in\u00edcio \u00e0 cerim\u00f4nia de abertura da Paralimp\u00edada, ter\u00e1 in\u00edcio uma festa inesquec\u00edvel, com muita energia e a for\u00e7a do cora\u00e7\u00e3o.<!--more--> A defini\u00e7\u00e3o \u00e9 do produtor executivo do evento, Fl\u00e1vio Machado, respons\u00e1vel pela supervis\u00e3o de cada detalhe da abertura.<img fetchpriority=\"high\" decoding=\"async\" class=\" wp-image-2094 alignleft\" src=\"http:\/\/lavras.tv\/site\/wp-content\/uploads\/2016\/09\/paralimpiada.jpg\" alt=\"paralimpiada\" width=\"416\" height=\"282\" srcset=\"https:\/\/lavras.tv\/site\/wp-content\/uploads\/2016\/09\/paralimpiada.jpg 620w, https:\/\/lavras.tv\/site\/wp-content\/uploads\/2016\/09\/paralimpiada-150x102.jpg 150w, https:\/\/lavras.tv\/site\/wp-content\/uploads\/2016\/09\/paralimpiada-300x203.jpg 300w\" sizes=\"(max-width: 416px) 100vw, 416px\" \/><\/p>\n<p>\u201cO conceito \u00e9 &#8216;o cora\u00e7\u00e3o n\u00e3o conhece limites&#8217;. E todos n\u00f3s temos isso em comum, o cora\u00e7\u00e3o. A gente aprende com esses atletas paral\u00edmpicos e com todas pessoas com defici\u00eancia, que n\u00e3o se deixam abater e conquistam coisas maravilhosas. Isso \u00e9 muito inspirador. Eles s\u00f3 conseguem isso porque t\u00eam esse cora\u00e7\u00e3o dentro deles, que faz romper os limites. Queremos que as pessoas saiam daqui repensando a defici\u00eancia\u201d, disse Fl\u00e1vio, durante um intervalo dos ensaios, no fim da tarde de sexta-feira (2).<\/p>\n<p>Segundo ele, trabalhar com pessoas com defici\u00eancia \u00e9 completamente diferente. \u201cTem que ter um cuidado especial, mas a energia deles, com as limita\u00e7\u00f5es que t\u00eam, de se transportar aqui s\u00f3 para participar dos ensaios, j\u00e1 requer uma for\u00e7a al\u00e9m do normal. Isso faz com que a energia fique mais positiva ainda.\u201d<\/p>\n<p>Fl\u00e1vio disse que o desafio para que tudo d\u00ea certo \u00e9 grande. Ser\u00e3o tr\u00eas horas de dura\u00e7\u00e3o, com 2.000 volunt\u00e1rios e shows musicais. \u201cTudo \u00e9 uma responsabilidade muito grande. \u00c9 o maior espet\u00e1culo que j\u00e1 fiz na minha vida. O desafio \u00e9 manter tudo isso funcionando, \u00e9 uma m\u00e1quina gigantesca por tr\u00e1s para fazer tudo acontecer. \u00c9 uma complexidade enorme de manter tudo sincronizado, proje\u00e7\u00e3o, luz, trilha, fogos, coreografia\u201d, disse ele, que comandar\u00e1 tudo do alto das arquibancadas.<\/p>\n<p>Entre os artistas que estar\u00e3o fazendo parte do espet\u00e1culo, est\u00e1 a dupla de dan\u00e7arinos Renata Fonseca de Almeida e Oscar Benfica Martins. Ela tem apenas 20% da vis\u00e3o e ele ficou completamente cego aos 9 anos de idade. Mas, juntos, prometem encantar o p\u00fablico com seu desempenho no est\u00e1dio.<\/p>\n<p>\u201cFoi uma emo\u00e7\u00e3o a primeira vez que entrei no Maracan\u00e3. O cora\u00e7\u00e3o pula e as pernas tremem. A gente vai dan\u00e7ar juntos, em um segmento chamado Beyond vision [Al\u00e9m da vis\u00e3o]\u201d, contou Renata, que nasceu com retinose pigmentar e veio perdendo a vis\u00e3o do longo dos anos.<\/p>\n<p>\u201cA energia da imensid\u00e3o do Maracan\u00e3 me traz uma sensa\u00e7\u00e3o de liberdade, mas tamb\u00e9m de responsabilidade, para desenvolver bem o trabalho e representar a nossa classe. Estamos aqui representando os cegos do mundo inteiro\u201d, disse Oscar, que teve descolamento de retina na inf\u00e2ncia, mas guarda com carinho todas as imagens que conheceu do mundo, como pediu sua m\u00e3e, quando ele come\u00e7ou a perder a vis\u00e3o.<\/p>\n<p>Uma das estrelas do espet\u00e1culo deve ser o jovem Davi Teixeira, de 11 anos, conhecido como Davizinho, que recentemente foi vice-campe\u00e3o mundial de surf adaptado na Calif\u00f3rnia. \u201cEstou um pouco nervoso, mas bem preparado, eu acho. Estou muito ansioso para finalmente chegar o dia e fazer parte da abertura\u201d, disse ele, que nasceu com s\u00edndrome da banda amni\u00f3tica, o que levou a deformidades severas nas pernas e nos bra\u00e7os.<\/p>\n<p>Ao falar sobre o que faz para superar os desafios, Davizinho, que est\u00e1 no quinto ano, disse que cr\u00ea em Deus\u00a0 e citou tr\u00eas palavras que considera m\u00e1gicas: f\u00e9, determina\u00e7\u00e3o e for\u00e7a de vontade.<\/p>\n<p>&nbsp;<\/p>\n<p>Fonte: O Tempo<\/p>\n","protected":false},"excerpt":{"rendered":"<p>Quando os primeiros acordes come\u00e7arem a soar no Est\u00e1dio do Maracan\u00e3, \u00e0s 18h15 de quarta-feira (7), dando in\u00edcio \u00e0 cerim\u00f4nia de abertura da Paralimp\u00edada, ter\u00e1 in\u00edcio uma festa inesquec\u00edvel, com muita energia e a for\u00e7a do cora\u00e7\u00e3o.<\/p>\n","protected":false},"author":2,"featured_media":2094,"comment_status":"closed","ping_status":"open","sticky":false,"template":"","format":"standard","meta":{"advgb_blocks_editor_width":"","advgb_blocks_columns_visual_guide":"","_exactmetrics_skip_tracking":false,"_exactmetrics_sitenote_active":false,"_exactmetrics_sitenote_note":"","_exactmetrics_sitenote_category":0,"footnotes":""},"categories":[3],"tags":[721,641],"class_list":["post-2093","post","type-post","status-publish","format-standard","has-post-thumbnail","hentry","category-esportes","tag-cerimonia-de-abertura","tag-paralimpiadas-rio-2016"],"better_featured_image":{"id":2094,"alt_text":"","caption":"","description":"","media_type":"image","media_details":{"width":620,"height":420,"file":"2016\/09\/paralimpiada.jpg","sizes":{"thumbnail":{"file":"paralimpiada-150x102.jpg","width":150,"height":102,"mime-type":"image\/jpeg","source_url":"https:\/\/lavras.tv\/site\/wp-content\/uploads\/2016\/09\/paralimpiada-150x102.jpg"},"medium":{"file":"paralimpiada-300x203.jpg","width":300,"height":203,"mime-type":"image\/jpeg","source_url":"https:\/\/lavras.tv\/site\/wp-content\/uploads\/2016\/09\/paralimpiada-300x203.jpg"},"featured-post-img":{"file":"paralimpiada-480x320.jpg","width":480,"height":320,"mime-type":"image\/jpeg","source_url":"https:\/\/lavras.tv\/site\/wp-content\/uploads\/2016\/09\/paralimpiada-480x320.jpg"},"sow-carousel-default":{"file":"paralimpiada-272x182.jpg","width":272,"height":182,"mime-type":"image\/jpeg","source_url":"https:\/\/lavras.tv\/site\/wp-content\/uploads\/2016\/09\/paralimpiada-272x182.jpg"}},"image_meta":{"aperture":"0","credit":"","camera":"","caption":"","created_timestamp":"0","copyright":"","focal_length":"0","iso":"0","shutter_speed":"0","title":"","orientation":"0","keywords":[]}},"post":2093,"source_url":"https:\/\/lavras.tv\/site\/wp-content\/uploads\/2016\/09\/paralimpiada.jpg"},"author_meta":{"display_name":"Lavras TV","author_link":"https:\/\/lavras.tv\/site\/author\/lavrastv\/"},"featured_img":"https:\/\/lavras.tv\/site\/wp-content\/uploads\/2016\/09\/paralimpiada-300x203.jpg","coauthors":[],"tax_additional":{"categories":{"linked":["<a href=\"https:\/\/lavras.tv\/site\/category\/esportes\/\" class=\"advgb-post-tax-term\">Esportes<\/a>"],"unlinked":["<span class=\"advgb-post-tax-term\">Esportes<\/span>"]},"tags":{"linked":["<a href=\"https:\/\/lavras.tv\/site\/category\/esportes\/\" class=\"advgb-post-tax-term\">cerim\u00f4nia de abertura<\/a>","<a href=\"https:\/\/lavras.tv\/site\/category\/esportes\/\" class=\"advgb-post-tax-term\">paralimp\u00edadas rio 2016<\/a>"],"unlinked":["<span class=\"advgb-post-tax-term\">cerim\u00f4nia de abertura<\/span>","<span class=\"advgb-post-tax-term\">paralimp\u00edadas rio 2016<\/span>"]}},"comment_count":"0","relative_dates":{"created":"Publicado 10 anos atr\u00e1s","modified":"Atualizado 10 anos atr\u00e1s"},"absolute_dates":{"created":"Publicado em 5 de setembro de 2016","modified":"Atualizado em 5 de setembro de 2016"},"absolute_dates_time":{"created":"Publicado em 5 de setembro de 2016 10:34","modified":"Atualizado em 5 de setembro de 2016 10:34"},"featured_img_caption":"","series_order":"","_links":{"self":[{"href":"https:\/\/lavras.tv\/site\/wp-json\/wp\/v2\/posts\/2093","targetHints":{"allow":["GET"]}}],"collection":[{"href":"https:\/\/lavras.tv\/site\/wp-json\/wp\/v2\/posts"}],"about":[{"href":"https:\/\/lavras.tv\/site\/wp-json\/wp\/v2\/types\/post"}],"author":[{"embeddable":true,"href":"https:\/\/lavras.tv\/site\/wp-json\/wp\/v2\/users\/2"}],"replies":[{"embeddable":true,"href":"https:\/\/lavras.tv\/site\/wp-json\/wp\/v2\/comments?post=2093"}],"version-history":[{"count":1,"href":"https:\/\/lavras.tv\/site\/wp-json\/wp\/v2\/posts\/2093\/revisions"}],"predecessor-version":[{"id":2095,"href":"https:\/\/lavras.tv\/site\/wp-json\/wp\/v2\/posts\/2093\/revisions\/2095"}],"wp:featuredmedia":[{"embeddable":true,"href":"https:\/\/lavras.tv\/site\/wp-json\/wp\/v2\/media\/2094"}],"wp:attachment":[{"href":"https:\/\/lavras.tv\/site\/wp-json\/wp\/v2\/media?parent=2093"}],"wp:term":[{"taxonomy":"category","embeddable":true,"href":"https:\/\/lavras.tv\/site\/wp-json\/wp\/v2\/categories?post=2093"},{"taxonomy":"post_tag","embeddable":true,"href":"https:\/\/lavras.tv\/site\/wp-json\/wp\/v2\/tags?post=2093"}],"curies":[{"name":"wp","href":"https:\/\/api.w.org\/{rel}","templated":true}]}}