{"id":20937,"date":"2019-05-08T09:07:38","date_gmt":"2019-05-08T12:07:38","guid":{"rendered":"http:\/\/lavras.tv\/site\/?p=20937"},"modified":"2019-05-08T09:07:38","modified_gmt":"2019-05-08T12:07:38","slug":"decreto-de-bolsonaro-facilita-porte-de-arma-para-mais-categorias","status":"publish","type":"post","link":"https:\/\/lavras.tv\/site\/2019\/05\/08\/decreto-de-bolsonaro-facilita-porte-de-arma-para-mais-categorias\/","title":{"rendered":"Decreto de Bolsonaro facilita porte de arma para mais categorias"},"content":{"rendered":"<div class=\"lavra-antes-do-conteudo_2\" id=\"lavra-2125084989\"><div id=\"lavra-slider-27\" class=\"custom-slider lavra-slider-545361922 lavra-slider\"><ul><li><div style=\"margin-left: auto;margin-right: auto;text-align: center;\" id=\"lavra-1131236451\"><a href=\"https:\/\/sistemas.lavras.mg.gov.br\/portalcidadao\/#df1b1a7c7b2a290bcb31e32771e610784662739a88807c0dacac58ede5f391a7530e299dc302d611ee73cb143fc22eaf93592e53e7b5bdb01b00a0b8d28dae460c141dd2ff83412e4dc1c31b16b25f33144a9e5620ea73b13f5bc1c59411d98439ad226e8af03840603796067d87afe130812cf3de24982d0e306f9e61e764e5\" aria-label=\"Lavras-TV&#8211;720x104px (1) (1)\"><img src=\"https:\/\/lavras.tv\/site\/wp-content\/uploads\/2025\/01\/Lavras-TV-720x104px-1-1.png\" alt=\"\"  srcset=\"https:\/\/lavras.tv\/site\/wp-content\/uploads\/2025\/01\/Lavras-TV-720x104px-1-1.png 720w, https:\/\/lavras.tv\/site\/wp-content\/uploads\/2025\/01\/Lavras-TV-720x104px-1-1-470x68.png 470w, https:\/\/lavras.tv\/site\/wp-content\/uploads\/2025\/01\/Lavras-TV-720x104px-1-1-170x25.png 170w, https:\/\/lavras.tv\/site\/wp-content\/uploads\/2025\/01\/Lavras-TV-720x104px-1-1-200x29.png 200w\" sizes=\"(max-width: 720px) 100vw, 720px\" width=\"720\" height=\"104\"  style=\"display: inline-block;\" \/><\/a><\/div><\/li><li><a href=\"https:\/\/sistemas.lavras.mg.gov.br\/portalcidadao\/#df1b1a7c7b2a290bcb31e32771e610784662739a88807c0dacac58ede5f391a7530e299dc302d611ee73cb143fc22eaf93592e53e7b5bdb01b00a0b8d28dae460c141dd2ff83412e4dc1c31b16b25f33144a9e5620ea73b13f5bc1c59411d98439ad226e8af03840603796067d87afe130812cf3de24982d0e306f9e61e764e5\" aria-label=\"Banner_Emprego_PortallavrasTV\"><img src=\"https:\/\/lavras.tv\/site\/wp-content\/uploads\/2025\/03\/Banner_Emprego_PortallavrasTV.png\" alt=\"\"  srcset=\"https:\/\/lavras.tv\/site\/wp-content\/uploads\/2025\/03\/Banner_Emprego_PortallavrasTV.png 720w, https:\/\/lavras.tv\/site\/wp-content\/uploads\/2025\/03\/Banner_Emprego_PortallavrasTV-470x68.png 470w, https:\/\/lavras.tv\/site\/wp-content\/uploads\/2025\/03\/Banner_Emprego_PortallavrasTV-170x25.png 170w, https:\/\/lavras.tv\/site\/wp-content\/uploads\/2025\/03\/Banner_Emprego_PortallavrasTV-200x29.png 200w\" sizes=\"(max-width: 720px) 100vw, 720px\" width=\"720\" height=\"104\"   \/><\/a><\/li><li><a href=\"https:\/\/sistemas.lavras.mg.gov.br\/portalcidadao\/#df1b1a7c7b2a290bcb31e32771e610784662739a88807c0dacac58ede5f391a7530e299dc302d611ee73cb143fc22eaf93592e53e7b5bdb01b00a0b8d28dae460c141dd2ff83412e4dc1c31b16b25f33144a9e5620ea73b13f5bc1c59411d98439ad226e8af03840603796067d87afe130812cf3de24982d0e306f9e61e764e5\" aria-label=\"Banner_Obras_PortallavrasTV\"><img src=\"https:\/\/lavras.tv\/site\/wp-content\/uploads\/2025\/03\/Banner_Obras_PortallavrasTV.png\" alt=\"\"  srcset=\"https:\/\/lavras.tv\/site\/wp-content\/uploads\/2025\/03\/Banner_Obras_PortallavrasTV.png 720w, https:\/\/lavras.tv\/site\/wp-content\/uploads\/2025\/03\/Banner_Obras_PortallavrasTV-470x68.png 470w, https:\/\/lavras.tv\/site\/wp-content\/uploads\/2025\/03\/Banner_Obras_PortallavrasTV-170x25.png 170w, https:\/\/lavras.tv\/site\/wp-content\/uploads\/2025\/03\/Banner_Obras_PortallavrasTV-200x29.png 200w\" sizes=\"(max-width: 720px) 100vw, 720px\" width=\"720\" height=\"104\"   \/><\/a><\/li><li><div style=\"margin-left: auto;margin-right: auto;text-align: center;\" id=\"lavra-87401724\"><a href=\"https:\/\/sistemas.lavras.mg.gov.br\/portalcidadao\/#df1b1a7c7b2a290bcb31e32771e610784662739a88807c0dacac58ede5f391a7530e299dc302d611ee73cb143fc22eaf93592e53e7b5bdb01b00a0b8d28dae460c141dd2ff83412e4dc1c31b16b25f33144a9e5620ea73b13f5bc1c59411d98439ad226e8af03840603796067d87afe130812cf3de24982d0e306f9e61e764e5\" aria-label=\"Banner_Educa\u00e7\u00e3o_PortallavrasTV\"><img src=\"https:\/\/lavras.tv\/site\/wp-content\/uploads\/2025\/01\/Banner_Educacao_PortallavrasTV.png\" alt=\"\"  srcset=\"https:\/\/lavras.tv\/site\/wp-content\/uploads\/2025\/01\/Banner_Educacao_PortallavrasTV.png 720w, https:\/\/lavras.tv\/site\/wp-content\/uploads\/2025\/01\/Banner_Educacao_PortallavrasTV-470x68.png 470w, https:\/\/lavras.tv\/site\/wp-content\/uploads\/2025\/01\/Banner_Educacao_PortallavrasTV-170x25.png 170w, https:\/\/lavras.tv\/site\/wp-content\/uploads\/2025\/01\/Banner_Educacao_PortallavrasTV-200x29.png 200w\" sizes=\"(max-width: 720px) 100vw, 720px\" width=\"720\" height=\"104\"  style=\"display: inline-block;\" \/><\/a><\/div><\/li><li><a href=\"https:\/\/sistemas.lavras.mg.gov.br\/portalcidadao\/#df1b1a7c7b2a290bcb31e32771e610784662739a88807c0dacac58ede5f391a7530e299dc302d611ee73cb143fc22eaf93592e53e7b5bdb01b00a0b8d28dae460c141dd2ff83412e4dc1c31b16b25f33144a9e5620ea73b13f5bc1c59411d98439ad226e8af03840603796067d87afe130812cf3de24982d0e306f9e61e764e5\" aria-label=\"Banner_Sa\u00fade_PortallavrasTV\"><img src=\"https:\/\/lavras.tv\/site\/wp-content\/uploads\/2025\/03\/Banner_Saude_PortallavrasTV.png\" alt=\"\"  srcset=\"https:\/\/lavras.tv\/site\/wp-content\/uploads\/2025\/03\/Banner_Saude_PortallavrasTV.png 720w, https:\/\/lavras.tv\/site\/wp-content\/uploads\/2025\/03\/Banner_Saude_PortallavrasTV-470x68.png 470w, https:\/\/lavras.tv\/site\/wp-content\/uploads\/2025\/03\/Banner_Saude_PortallavrasTV-170x25.png 170w, https:\/\/lavras.tv\/site\/wp-content\/uploads\/2025\/03\/Banner_Saude_PortallavrasTV-200x29.png 200w\" sizes=\"(max-width: 720px) 100vw, 720px\" width=\"720\" height=\"104\"   \/><\/a><\/li><li><div id=\"lavra-28523321\" style=\"width:720px;height:104px;background-color:#ddd;overflow:scroll;\">\n\t<strong>Sa\u00edda da depura\u00e7\u00e3o de an\u00fancios<\/strong>\n\t<br><br>\n\tO an\u00fancio n\u00e3o \u00e9 exibido na p\u00e1gina<br><br>post atual: Decreto de Bolsonaro facilita porte de arma para mais categorias, ID: 20937<br><br><span style=\"color: red;\">O post atual n\u00e3o \u00e9 id\u00eantico ao post principal.<\/span><br><br>An\u00fancios: ROXO - TOPO INTERNA - ROTATIVO 2 (197)<br \/>Grupo de an\u00fancios: Princ_Meio01_720x104 (27)<br><br>Condi\u00e7\u00f5es de exibi\u00e7\u00e3o<div style=\"margin-bottom: 20px; white-space: pre-wrap; font-family: monospace; width: 100%; background: #ffe9e9;\"><strong>condi\u00e7\u00f5es gerais<\/strong><table border=\"1\"><thead><tr><th><\/th><th>An\u00fancios<\/th><th>wp_the_query<\/th><\/tr><\/thead><tr><td>is_main_query<\/td><td>1<\/td><td>1<\/td><\/tr><tr><td>is_rest_api<\/td><td>0<\/td><td>1<\/td><\/tr><tr><td>page<\/td><td>0<\/td><td>1<\/td><\/tr><tr><td>numpages<\/td><td>0<\/td><td>1<\/td><\/tr><tr><td>is_archive<\/td><td>1<\/td><td><\/td><\/tr><tr><td>is_search<\/td><td>1<\/td><td><\/td><\/tr><tr><td>is_home<\/td><td>1<\/td><td><\/td><\/tr><tr><td>is_404<\/td><td>1<\/td><td><\/td><\/tr><tr><td>is_attachment<\/td><td>1<\/td><td><\/td><\/tr><tr><td>is_singular<\/td><td>1<\/td><td><\/td><\/tr><tr><td>is_front_page<\/td><td>1<\/td><td><\/td><\/tr><tr><td>is_feed<\/td><td>1<\/td><td><\/td><\/tr><\/table><\/div><br><br><span style=\"color: red;\">Seu site usa HTTPS, mas o c\u00f3digo do an\u00fancio cont\u00e9m HTTP e pode n\u00e3o funcionar.<\/span>\t<br><br>\n\t<a style=\"color: green;\" href=\"https:\/\/wpadvancedads.com\/manual\/ad-debug-mode\/?utm_source=advanced-ads&utm_medium=link&utm_campaign=ad-debug-mode\" target=\"_blank\" rel=\"nofollow\">Encontre solu\u00e7\u00f5es no manual<\/a>\n<\/div>\n<\/li><\/ul><\/div><script>( window.advanced_ads_ready || jQuery( document ).ready ).call( null, function() {var $lavraslider545361922 = jQuery( \".lavra-slider-545361922\" );$lavraslider545361922.on( \"unslider.ready\", function() { jQuery( \"div.custom-slider ul li\" ).css( \"display\", \"block\" ); });$lavraslider545361922.unslider({ delay:4000, autoplay:true, nav:false, arrows:false, infinite:true });$lavraslider545361922.on(\"mouseover\", function() {$lavraslider545361922.unslider(\"stop\");}).on(\"mouseout\", function() {$lavraslider545361922.unslider(\"start\");});});<\/script><\/div><div class=\"mc-column content-text active-extra-styles active-capital-letter\" data-block-type=\"unstyled\" data-block-weight=\"35\" data-block-id=\"1\">\n<p class=\"content-text__container theme-color-primary-first-letter\" data-track-category=\"Link no Texto\" data-track-links=\"\">Um decreto do presidente\u00a0Jair Bolsonaro\u00a0publicado nesta quarta-feira (8) facilita o<strong>\u00a0porte de arma\u00a0<\/strong>para um conjunto de profiss\u00f5es, como advogados, caminhoneiros e pol\u00edticos eleitos \u2013 desde o presidente da Rep\u00fablica at\u00e9 os vereadores.<\/p>\n<\/div>\n<p><!--more--><\/p>\n<div class=\"wall protected-content\">\n<div class=\"mc-column content-text active-extra-styles\" data-block-type=\"raw\" data-block-weight=\"5\" data-block-id=\"2\">\n<ul class=\"content-unordered-list\">\n<li><a href=\"http:\/\/www.in.gov.br\/en\/web\/dou\/-\/decreto-n%C2%BA-9.785-de-7-de-maio-de-2019-87309239\" target=\"_blank\" rel=\"noopener noreferrer\">LEIA A \u00cdNTEGRA DO DECRETO<\/a><\/li>\n<\/ul>\n<\/div>\n<div class=\"mc-column content-text active-extra-styles \" data-block-type=\"unstyled\" data-block-weight=\"14\" data-block-id=\"3\">\n<p class=\"content-text__container \" data-track-category=\"Link no Texto\" data-track-links=\"\">O\u00a0<strong>direito ao porte\u00a0<\/strong>\u00e9 a autoriza\u00e7\u00e3o para transportar a arma fora de casa.<\/p>\n<\/div>\n<div class=\"mc-column content-text active-extra-styles \" data-block-type=\"unstyled\" data-block-weight=\"45\" data-block-id=\"4\">\n<p class=\"content-text__container \" data-track-category=\"Link no Texto\" data-track-links=\"\">O Estatuto do Desarmamento prev\u00ea que, para obt\u00ea-lo, \u00e9 preciso ter 25 anos, comprovar capacidade t\u00e9cnica e psicol\u00f3gica para o uso de arma de fogo, n\u00e3o ter antecedentes criminais nem estar respondendo a inqu\u00e9rito ou a processo criminal e ter resid\u00eancia certa e ocupa\u00e7\u00e3o l\u00edcita.<\/p>\n<\/div>\n<div class=\"mc-column content-text active-extra-styles \" data-block-type=\"unstyled\" data-block-weight=\"21\" data-block-id=\"5\">\n<p class=\"content-text__container \" data-track-category=\"Link no Texto\" data-track-links=\"\">Al\u00e9m disso, \u00e9 preciso comprovar &#8220;efetiva necessidade por exerc\u00edcio de atividade profissional de risco ou de amea\u00e7a \u00e0 sua integridade f\u00edsica&#8221;.<\/p>\n<\/div>\n<div class=\"mc-column content-text active-extra-styles \" data-block-type=\"unstyled\" data-block-weight=\"24\" data-block-id=\"6\">\n<p class=\"content-text__container \" data-track-category=\"Link no Texto\" data-track-links=\"\">O decreto de Bolsonaro altera esse \u00faltimo requisito, e afirma que a comprova\u00e7\u00e3o de efetiva necessidade ser\u00e1 entendida como cumprida para as seguintes pessoas:<\/p>\n<\/div>\n<div class=\"mc-column content-text active-extra-styles\" data-block-type=\"raw\" data-block-weight=\"168\" data-block-id=\"7\">\n<ul class=\"content-unordered-list\">\n<li>instrutor de tiro ou armeiro credenciado pela Pol\u00edcia Federal<\/li>\n<li>colecionador ou ca\u00e7ador com Certificado de Registro de Arma de Fogo expedido pelo Comando do Ex\u00e9rcito<\/li>\n<li>agente p\u00fablico &#8220;, inclusive inativo,&#8221; da \u00e1rea de seguran\u00e7a p\u00fablica, da Ag\u00eancia Brasileira de Intelig\u00eancia, da administra\u00e7\u00e3o penitenci\u00e1ria, do sistema socioeducativo, desde que lotado nas unidades de interna\u00e7\u00e3o, que exer\u00e7a atividade com poder de pol\u00edcia administrativa ou de correi\u00e7\u00e3o em car\u00e1ter permanente, ou que perten\u00e7a aos \u00f3rg\u00e3os policiais das assembleias legislativas dos Estados e da C\u00e2mara Legislativa do Distrito Federal;<\/li>\n<li>detentor de mandato eletivo nos Poderes Executivo e Legislativo da Uni\u00e3o, dos Estados, do Distrito Federal e dos Munic\u00edpios, quando no exerc\u00edcio do mandato;<\/li>\n<li>advogado<\/li>\n<li>oficial de justi\u00e7a<\/li>\n<li>dono de estabelecimento que comercialize armas de fogo ou de escolas de tiro ou dirigente de clubes de tiro<\/li>\n<li>residente em \u00e1rea rural<\/li>\n<li>profissional da imprensa que atue na cobertura policial<\/li>\n<li>conselheiro tutelar<\/li>\n<li>agente de tr\u00e2nsito<\/li>\n<li>motoristas de empresas e transportadores aut\u00f4nomos de cargas<\/li>\n<li>funcion\u00e1rios de empresas de seguran\u00e7a privada e de transporte de valores<\/li>\n<\/ul>\n<\/div>\n<div class=\"mc-column content-text active-extra-styles \" data-block-type=\"unstyled\" data-block-weight=\"42\" data-block-id=\"8\">\n<p class=\"content-text__container \" data-track-category=\"Link no Texto\" data-track-links=\"\">O decreto foi\u00a0assinado por Bolsonaro na ter\u00e7a-feira, em cerim\u00f4nia no Pal\u00e1cio do Planalto. Na ocasi\u00e3o, ele mencionou que o decreto facilitaria o porte de armas para ca\u00e7adores, colecionadores e atiradores \u2013 conhecidos como CACs \u2013 e n\u00e3o mencionou as demais categorias.<\/p>\n<\/div>\n<div class=\"content-ads content-ads--reveal\" data-block-type=\"ads\" data-block-id=\"9\">\n<div id=\"banner_materia2\" class=\"tag-manager-publicidade-container has-reveal has-ad-lazyload tag-manager-publicidade-banner_materia2 tag-manager-publicidade-container--carregado tag-manager-publicidade-container--visivel\" data-id=\"banner_materia2\" data-google-query-id=\"CO2f2f3xi-ICFZYZgQodfXcOzQ\" data-cid=\"138269434409\" data-lid=\"5052246646\">\n<div id=\"google_ads_iframe_\/95377733\/tvg_G1\/Politica_2__container__\">Al\u00e9m do porte, o texto altera as regras sobre importa\u00e7\u00e3o de armas e sobre o n\u00famero de cartuchos que podem ser adquiridos por ano.<\/div>\n<\/div>\n<div>\n<figure id=\"attachment_20938\" aria-describedby=\"caption-attachment-20938\" style=\"width: 910px\" class=\"wp-caption aligncenter\"><img fetchpriority=\"high\" decoding=\"async\" class=\"size-full wp-image-20938\" src=\"http:\/\/lavras.tv\/site\/wp-content\/uploads\/2019\/05\/armas-bolsonaro-e1557317166124.jpg\" alt=\"\" width=\"910\" height=\"665\" srcset=\"https:\/\/lavras.tv\/site\/wp-content\/uploads\/2019\/05\/armas-bolsonaro-e1557317166124.jpg 910w, https:\/\/lavras.tv\/site\/wp-content\/uploads\/2019\/05\/armas-bolsonaro-e1557317166124-150x110.jpg 150w, https:\/\/lavras.tv\/site\/wp-content\/uploads\/2019\/05\/armas-bolsonaro-e1557317166124-300x219.jpg 300w\" sizes=\"(max-width: 910px) 100vw, 910px\" \/><figcaption id=\"caption-attachment-20938\" class=\"wp-caption-text\">Foto: Marcos Corr\u00eaa -PR<\/figcaption><\/figure>\n<div class=\"mc-column content-text active-extra-styles\" data-block-type=\"raw\" data-block-weight=\"5\" data-block-id=\"12\">\n<div class=\"content-intertitle\">\n<h2>Posse foi facilitada em janeiro<\/h2>\n<\/div>\n<\/div>\n<div class=\"mc-column content-text active-extra-styles \" data-block-type=\"unstyled\" data-block-weight=\"20\" data-block-id=\"13\">\n<p class=\"content-text__container \" data-track-category=\"Link no Texto\" data-track-links=\"\">Em janeiro, o presidente j\u00e1 havia facilitado o\u00a0<strong>direito de posse<\/strong>, que \u00e9 a possibilidade de ter arma em casa.<\/p>\n<\/div>\n<div class=\"mc-column content-text active-extra-styles \" data-block-type=\"unstyled\" data-block-weight=\"69\" data-block-id=\"14\">\n<p class=\"content-text__container \" data-track-category=\"Link no Texto\" data-track-links=\"\">Na pr\u00e1tica,\u00a0ele tamb\u00e9m eliminou a necessidade de comprovar a efetiva necessidade, pois estabeleceu que esse requisito estaria cumprido por todos os moradores de \u00e1reas rurais e para os que morassem em \u00e1rea urbana de estados com \u00edndices anuais de mais de dez homic\u00eddios por cem mil habitantes, segundo dados de 2016 apresentados no Atlas da Viol\u00eancia 2018. Todos os estados e o Distrito Federal se encaixam nesse crit\u00e9rio.<\/p>\n<\/div>\n<div class=\"mc-column content-text active-extra-styles \" data-block-type=\"unstyled\" data-block-weight=\"51\" data-block-id=\"15\">\n<p class=\"content-text__container \" data-track-category=\"Link no Texto\" data-track-links=\"\">\u201cTodo e qualquer cidad\u00e3o e cidad\u00e3, em qualquer lugar do pa\u00eds, por conta desse dispositivo, tem o direito de ir at\u00e9 uma delegacia de Pol\u00edcia Federal, levar os seus documentos, pedir autoriza\u00e7\u00e3o, adquirir a arma e poder ter a respectiva posse\u201c, declarou, na ocasi\u00e3o, o ministro da Casa Civil, Onyx Lorenzoni.<\/p>\n<\/div>\n<div class=\"mc-column content-text active-extra-styles \" data-block-type=\"unstyled\" data-block-weight=\"35\" data-block-id=\"16\">\n<p class=\"content-text__container \" data-track-category=\"Link no Texto\" data-track-links=\"\">Durante os 28 anos em que foi deputado federal, Bolsonaro se declarou\u00a0a favor da facilita\u00e7\u00e3o do acesso do cidad\u00e3o a armas de fogo. Tamb\u00e9m se manifestava frequentemente de maneira contr\u00e1ria ao Estatuto do Desarmamento.<\/p>\n<p data-track-category=\"Link no Texto\" data-track-links=\"\">Fonte: G1<\/p>\n<\/div>\n<\/div>\n<\/div>\n<\/div>\n","protected":false},"excerpt":{"rendered":"<p>Um decreto do presidente\u00a0Jair Bolsonaro\u00a0publicado nesta quarta-feira (8) facilita o\u00a0porte de arma\u00a0para um conjunto de profiss\u00f5es, como advogados, caminhoneiros e pol\u00edticos eleitos \u2013 desde o presidente da Rep\u00fablica at\u00e9 os vereadores.<\/p>\n","protected":false},"author":2,"featured_media":20938,"comment_status":"closed","ping_status":"open","sticky":false,"template":"","format":"standard","meta":{"advgb_blocks_editor_width":"","advgb_blocks_columns_visual_guide":"","_exactmetrics_skip_tracking":false,"_exactmetrics_sitenote_active":false,"_exactmetrics_sitenote_note":"","_exactmetrics_sitenote_category":0,"footnotes":""},"categories":[7,12],"tags":[3282,3425,5513],"class_list":["post-20937","post","type-post","status-publish","format-standard","has-post-thumbnail","hentry","category-destaques","category-politica","tag-bolsonaro","tag-porte-de-arma","tag-posse-de-arma"],"better_featured_image":{"id":20938,"alt_text":"","caption":"Foto: Marcos Corr\u00eaa -PR","description":"","media_type":"image","media_details":{"width":910,"height":665,"file":"2019\/05\/armas-bolsonaro-e1557317166124.jpg","sizes":{"thumbnail":{"file":"armas-bolsonaro-e1557317166124-150x110.jpg","width":150,"height":110,"mime-type":"image\/jpeg","source_url":"https:\/\/lavras.tv\/site\/wp-content\/uploads\/2019\/05\/armas-bolsonaro-e1557317166124-150x110.jpg"},"medium":{"file":"armas-bolsonaro-e1557317166124-300x219.jpg","width":300,"height":219,"mime-type":"image\/jpeg","source_url":"https:\/\/lavras.tv\/site\/wp-content\/uploads\/2019\/05\/armas-bolsonaro-e1557317166124-300x219.jpg"},"featured-slider-img":{"file":"armas-bolsonaro-e1557317166124-640x480.jpg","width":640,"height":480,"mime-type":"image\/jpeg","source_url":"https:\/\/lavras.tv\/site\/wp-content\/uploads\/2019\/05\/armas-bolsonaro-e1557317166124-640x480.jpg"},"featured-post-img":{"file":"armas-bolsonaro-e1557317166124-480x320.jpg","width":480,"height":320,"mime-type":"image\/jpeg","source_url":"https:\/\/lavras.tv\/site\/wp-content\/uploads\/2019\/05\/armas-bolsonaro-e1557317166124-480x320.jpg"},"sow-carousel-default":{"file":"armas-bolsonaro-e1557317166124-272x182.jpg","width":272,"height":182,"mime-type":"image\/jpeg","source_url":"https:\/\/lavras.tv\/site\/wp-content\/uploads\/2019\/05\/armas-bolsonaro-e1557317166124-272x182.jpg"}},"image_meta":{"aperture":"0","credit":"","camera":"","caption":"","created_timestamp":"0","copyright":"","focal_length":"0","iso":"0","shutter_speed":"0","title":"","orientation":"0","keywords":[]}},"post":20937,"source_url":"https:\/\/lavras.tv\/site\/wp-content\/uploads\/2019\/05\/armas-bolsonaro-e1557317166124.jpg"},"author_meta":{"display_name":"Lavras TV","author_link":"https:\/\/lavras.tv\/site\/author\/lavrastv\/"},"featured_img":"https:\/\/lavras.tv\/site\/wp-content\/uploads\/2019\/05\/armas-bolsonaro-e1557317166124-300x219.jpg","coauthors":[],"tax_additional":{"categories":{"linked":["<a href=\"https:\/\/lavras.tv\/site\/category\/destaques\/\" class=\"advgb-post-tax-term\">Destaques<\/a>","<a href=\"https:\/\/lavras.tv\/site\/category\/politica\/\" class=\"advgb-post-tax-term\">Pol\u00edtica<\/a>"],"unlinked":["<span class=\"advgb-post-tax-term\">Destaques<\/span>","<span class=\"advgb-post-tax-term\">Pol\u00edtica<\/span>"]},"tags":{"linked":["<a href=\"https:\/\/lavras.tv\/site\/category\/politica\/\" class=\"advgb-post-tax-term\">Bolsonaro<\/a>","<a href=\"https:\/\/lavras.tv\/site\/category\/politica\/\" class=\"advgb-post-tax-term\">porte de arma<\/a>","<a href=\"https:\/\/lavras.tv\/site\/category\/politica\/\" class=\"advgb-post-tax-term\">posse de arma<\/a>"],"unlinked":["<span class=\"advgb-post-tax-term\">Bolsonaro<\/span>","<span class=\"advgb-post-tax-term\">porte de arma<\/span>","<span class=\"advgb-post-tax-term\">posse de arma<\/span>"]}},"comment_count":"0","relative_dates":{"created":"Publicado 7 anos atr\u00e1s","modified":"Atualizado 7 anos atr\u00e1s"},"absolute_dates":{"created":"Publicado em 8 de maio de 2019","modified":"Atualizado em 8 de maio de 2019"},"absolute_dates_time":{"created":"Publicado em 8 de maio de 2019 09:07","modified":"Atualizado em 8 de maio de 2019 09:07"},"featured_img_caption":"Foto: Marcos Corr\u00eaa -PR","series_order":"","_links":{"self":[{"href":"https:\/\/lavras.tv\/site\/wp-json\/wp\/v2\/posts\/20937","targetHints":{"allow":["GET"]}}],"collection":[{"href":"https:\/\/lavras.tv\/site\/wp-json\/wp\/v2\/posts"}],"about":[{"href":"https:\/\/lavras.tv\/site\/wp-json\/wp\/v2\/types\/post"}],"author":[{"embeddable":true,"href":"https:\/\/lavras.tv\/site\/wp-json\/wp\/v2\/users\/2"}],"replies":[{"embeddable":true,"href":"https:\/\/lavras.tv\/site\/wp-json\/wp\/v2\/comments?post=20937"}],"version-history":[{"count":1,"href":"https:\/\/lavras.tv\/site\/wp-json\/wp\/v2\/posts\/20937\/revisions"}],"predecessor-version":[{"id":20939,"href":"https:\/\/lavras.tv\/site\/wp-json\/wp\/v2\/posts\/20937\/revisions\/20939"}],"wp:featuredmedia":[{"embeddable":true,"href":"https:\/\/lavras.tv\/site\/wp-json\/wp\/v2\/media\/20938"}],"wp:attachment":[{"href":"https:\/\/lavras.tv\/site\/wp-json\/wp\/v2\/media?parent=20937"}],"wp:term":[{"taxonomy":"category","embeddable":true,"href":"https:\/\/lavras.tv\/site\/wp-json\/wp\/v2\/categories?post=20937"},{"taxonomy":"post_tag","embeddable":true,"href":"https:\/\/lavras.tv\/site\/wp-json\/wp\/v2\/tags?post=20937"}],"curies":[{"name":"wp","href":"https:\/\/api.w.org\/{rel}","templated":true}]}}