{"id":21009,"date":"2019-05-14T11:26:55","date_gmt":"2019-05-14T14:26:55","guid":{"rendered":"http:\/\/lavras.tv\/site\/?p=21009"},"modified":"2019-05-14T11:26:55","modified_gmt":"2019-05-14T14:26:55","slug":"camara-municipal-cria-cpi-para-apurar-denuncia-de-compra-de-votos-por-um-vereador-e-exclui-o-prefeito-da-investigacao","status":"publish","type":"post","link":"https:\/\/lavras.tv\/site\/2019\/05\/14\/camara-municipal-cria-cpi-para-apurar-denuncia-de-compra-de-votos-por-um-vereador-e-exclui-o-prefeito-da-investigacao\/","title":{"rendered":"C\u00e2mara Municipal cria CPI para apurar den\u00fancia de compra de votos por um vereador e exclui o prefeito da investiga\u00e7\u00e3o"},"content":{"rendered":"<div class=\"lavra-antes-do-conteudo_2\" id=\"lavra-291157732\"><div id=\"lavra-slider-27\" class=\"custom-slider lavra-slider-299483208 lavra-slider\"><ul><li><div style=\"margin-left: auto;margin-right: auto;text-align: center;\" id=\"lavra-3251588574\"><a href=\"https:\/\/sistemas.lavras.mg.gov.br\/portalcidadao\/#df1b1a7c7b2a290bcb31e32771e610784662739a88807c0dacac58ede5f391a7530e299dc302d611ee73cb143fc22eaf93592e53e7b5bdb01b00a0b8d28dae460c141dd2ff83412e4dc1c31b16b25f33144a9e5620ea73b13f5bc1c59411d98439ad226e8af03840603796067d87afe130812cf3de24982d0e306f9e61e764e5\" aria-label=\"Lavras-TV&#8211;720x104px (1) (1)\"><img src=\"https:\/\/lavras.tv\/site\/wp-content\/uploads\/2025\/01\/Lavras-TV-720x104px-1-1.png\" alt=\"\"  srcset=\"https:\/\/lavras.tv\/site\/wp-content\/uploads\/2025\/01\/Lavras-TV-720x104px-1-1.png 720w, https:\/\/lavras.tv\/site\/wp-content\/uploads\/2025\/01\/Lavras-TV-720x104px-1-1-470x68.png 470w, https:\/\/lavras.tv\/site\/wp-content\/uploads\/2025\/01\/Lavras-TV-720x104px-1-1-170x25.png 170w, https:\/\/lavras.tv\/site\/wp-content\/uploads\/2025\/01\/Lavras-TV-720x104px-1-1-200x29.png 200w\" sizes=\"(max-width: 720px) 100vw, 720px\" width=\"720\" height=\"104\"  style=\"display: inline-block;\" \/><\/a><\/div><\/li><li><a href=\"https:\/\/sistemas.lavras.mg.gov.br\/portalcidadao\/#df1b1a7c7b2a290bcb31e32771e610784662739a88807c0dacac58ede5f391a7530e299dc302d611ee73cb143fc22eaf93592e53e7b5bdb01b00a0b8d28dae460c141dd2ff83412e4dc1c31b16b25f33144a9e5620ea73b13f5bc1c59411d98439ad226e8af03840603796067d87afe130812cf3de24982d0e306f9e61e764e5\" aria-label=\"Banner_Emprego_PortallavrasTV\"><img src=\"https:\/\/lavras.tv\/site\/wp-content\/uploads\/2025\/03\/Banner_Emprego_PortallavrasTV.png\" alt=\"\"  srcset=\"https:\/\/lavras.tv\/site\/wp-content\/uploads\/2025\/03\/Banner_Emprego_PortallavrasTV.png 720w, https:\/\/lavras.tv\/site\/wp-content\/uploads\/2025\/03\/Banner_Emprego_PortallavrasTV-470x68.png 470w, https:\/\/lavras.tv\/site\/wp-content\/uploads\/2025\/03\/Banner_Emprego_PortallavrasTV-170x25.png 170w, https:\/\/lavras.tv\/site\/wp-content\/uploads\/2025\/03\/Banner_Emprego_PortallavrasTV-200x29.png 200w\" sizes=\"(max-width: 720px) 100vw, 720px\" width=\"720\" height=\"104\"   \/><\/a><\/li><li><a href=\"https:\/\/sistemas.lavras.mg.gov.br\/portalcidadao\/#df1b1a7c7b2a290bcb31e32771e610784662739a88807c0dacac58ede5f391a7530e299dc302d611ee73cb143fc22eaf93592e53e7b5bdb01b00a0b8d28dae460c141dd2ff83412e4dc1c31b16b25f33144a9e5620ea73b13f5bc1c59411d98439ad226e8af03840603796067d87afe130812cf3de24982d0e306f9e61e764e5\" aria-label=\"Banner_Obras_PortallavrasTV\"><img src=\"https:\/\/lavras.tv\/site\/wp-content\/uploads\/2025\/03\/Banner_Obras_PortallavrasTV.png\" alt=\"\"  srcset=\"https:\/\/lavras.tv\/site\/wp-content\/uploads\/2025\/03\/Banner_Obras_PortallavrasTV.png 720w, https:\/\/lavras.tv\/site\/wp-content\/uploads\/2025\/03\/Banner_Obras_PortallavrasTV-470x68.png 470w, https:\/\/lavras.tv\/site\/wp-content\/uploads\/2025\/03\/Banner_Obras_PortallavrasTV-170x25.png 170w, https:\/\/lavras.tv\/site\/wp-content\/uploads\/2025\/03\/Banner_Obras_PortallavrasTV-200x29.png 200w\" sizes=\"(max-width: 720px) 100vw, 720px\" width=\"720\" height=\"104\"   \/><\/a><\/li><li><div style=\"margin-left: auto;margin-right: auto;text-align: center;\" id=\"lavra-733289764\"><a href=\"https:\/\/sistemas.lavras.mg.gov.br\/portalcidadao\/#df1b1a7c7b2a290bcb31e32771e610784662739a88807c0dacac58ede5f391a7530e299dc302d611ee73cb143fc22eaf93592e53e7b5bdb01b00a0b8d28dae460c141dd2ff83412e4dc1c31b16b25f33144a9e5620ea73b13f5bc1c59411d98439ad226e8af03840603796067d87afe130812cf3de24982d0e306f9e61e764e5\" aria-label=\"Banner_Educa\u00e7\u00e3o_PortallavrasTV\"><img src=\"https:\/\/lavras.tv\/site\/wp-content\/uploads\/2025\/01\/Banner_Educacao_PortallavrasTV.png\" alt=\"\"  srcset=\"https:\/\/lavras.tv\/site\/wp-content\/uploads\/2025\/01\/Banner_Educacao_PortallavrasTV.png 720w, https:\/\/lavras.tv\/site\/wp-content\/uploads\/2025\/01\/Banner_Educacao_PortallavrasTV-470x68.png 470w, https:\/\/lavras.tv\/site\/wp-content\/uploads\/2025\/01\/Banner_Educacao_PortallavrasTV-170x25.png 170w, https:\/\/lavras.tv\/site\/wp-content\/uploads\/2025\/01\/Banner_Educacao_PortallavrasTV-200x29.png 200w\" sizes=\"(max-width: 720px) 100vw, 720px\" width=\"720\" height=\"104\"  style=\"display: inline-block;\" \/><\/a><\/div><\/li><li><a href=\"https:\/\/sistemas.lavras.mg.gov.br\/portalcidadao\/#df1b1a7c7b2a290bcb31e32771e610784662739a88807c0dacac58ede5f391a7530e299dc302d611ee73cb143fc22eaf93592e53e7b5bdb01b00a0b8d28dae460c141dd2ff83412e4dc1c31b16b25f33144a9e5620ea73b13f5bc1c59411d98439ad226e8af03840603796067d87afe130812cf3de24982d0e306f9e61e764e5\" aria-label=\"Banner_Sa\u00fade_PortallavrasTV\"><img src=\"https:\/\/lavras.tv\/site\/wp-content\/uploads\/2025\/03\/Banner_Saude_PortallavrasTV.png\" alt=\"\"  srcset=\"https:\/\/lavras.tv\/site\/wp-content\/uploads\/2025\/03\/Banner_Saude_PortallavrasTV.png 720w, https:\/\/lavras.tv\/site\/wp-content\/uploads\/2025\/03\/Banner_Saude_PortallavrasTV-470x68.png 470w, https:\/\/lavras.tv\/site\/wp-content\/uploads\/2025\/03\/Banner_Saude_PortallavrasTV-170x25.png 170w, https:\/\/lavras.tv\/site\/wp-content\/uploads\/2025\/03\/Banner_Saude_PortallavrasTV-200x29.png 200w\" sizes=\"(max-width: 720px) 100vw, 720px\" width=\"720\" height=\"104\"   \/><\/a><\/li><li><div id=\"lavra-3838460988\" style=\"width:720px;height:104px;background-color:#ddd;overflow:scroll;\">\n\t<strong>Sa\u00edda da depura\u00e7\u00e3o de an\u00fancios<\/strong>\n\t<br><br>\n\tO an\u00fancio n\u00e3o \u00e9 exibido na p\u00e1gina<br><br>post atual: C\u00e2mara Municipal cria CPI para apurar den\u00fancia de compra de votos por um vereador e exclui o prefeito da investiga\u00e7\u00e3o, ID: 21009<br><br><span style=\"color: red;\">O post atual n\u00e3o \u00e9 id\u00eantico ao post principal.<\/span><br><br>An\u00fancios: ROXO - TOPO INTERNA - ROTATIVO 2 (197)<br \/>Grupo de an\u00fancios: Princ_Meio01_720x104 (27)<br><br>Condi\u00e7\u00f5es de exibi\u00e7\u00e3o<div style=\"margin-bottom: 20px; white-space: pre-wrap; font-family: monospace; width: 100%; background: #ffe9e9;\"><strong>condi\u00e7\u00f5es gerais<\/strong><table border=\"1\"><thead><tr><th><\/th><th>An\u00fancios<\/th><th>wp_the_query<\/th><\/tr><\/thead><tr><td>is_main_query<\/td><td>1<\/td><td>1<\/td><\/tr><tr><td>is_rest_api<\/td><td>0<\/td><td>1<\/td><\/tr><tr><td>page<\/td><td>0<\/td><td>1<\/td><\/tr><tr><td>numpages<\/td><td>0<\/td><td>1<\/td><\/tr><tr><td>is_archive<\/td><td>1<\/td><td><\/td><\/tr><tr><td>is_search<\/td><td>1<\/td><td><\/td><\/tr><tr><td>is_home<\/td><td>1<\/td><td><\/td><\/tr><tr><td>is_404<\/td><td>1<\/td><td><\/td><\/tr><tr><td>is_attachment<\/td><td>1<\/td><td><\/td><\/tr><tr><td>is_singular<\/td><td>1<\/td><td><\/td><\/tr><tr><td>is_front_page<\/td><td>1<\/td><td><\/td><\/tr><tr><td>is_feed<\/td><td>1<\/td><td><\/td><\/tr><\/table><\/div><br><br><span style=\"color: red;\">Seu site usa HTTPS, mas o c\u00f3digo do an\u00fancio cont\u00e9m HTTP e pode n\u00e3o funcionar.<\/span>\t<br><br>\n\t<a style=\"color: green;\" href=\"https:\/\/wpadvancedads.com\/manual\/ad-debug-mode\/?utm_source=advanced-ads&utm_medium=link&utm_campaign=ad-debug-mode\" target=\"_blank\" rel=\"nofollow\">Encontre solu\u00e7\u00f5es no manual<\/a>\n<\/div>\n<\/li><\/ul><\/div><script>( window.advanced_ads_ready || jQuery( document ).ready ).call( null, function() {var $lavraslider299483208 = jQuery( \".lavra-slider-299483208\" );$lavraslider299483208.on( \"unslider.ready\", function() { jQuery( \"div.custom-slider ul li\" ).css( \"display\", \"block\" ); });$lavraslider299483208.unslider({ delay:4000, autoplay:true, nav:false, arrows:false, infinite:true });$lavraslider299483208.on(\"mouseover\", function() {$lavraslider299483208.unslider(\"stop\");}).on(\"mouseout\", function() {$lavraslider299483208.unslider(\"start\");});});<\/script><\/div><p>A C\u00e2mara Municipal de Lavras aprovou nesta segunda-feira, dia 13, uma Comiss\u00e3o Parlamentar de Inqu\u00e9rito (CPI) para investigar a den\u00fancia de uma suposta compra de voto envolvendo o vereador Ailton Magalh\u00e3es Filho.<\/p>\n<p>A comiss\u00e3o ser\u00e1 formada pelos vereadores Bira, Cel. Claret, Toninho do Raio X, Daia Protetora e Peterson. A atual CPI exclui da investiga\u00e7\u00e3o o prefeito Jos\u00e9 Cherem, como havia sido proposto por outra abertura de CPI para apurar o mesmo caso, mas que n\u00e3o foi aprovada na semana passada por falta de um voto. O texto era assinado pelos vereadores Carlos Lindomar, Ennio, Nan\u00e1h, Lila e Dr. Matusal\u00e9m.<\/p>\n<p><img fetchpriority=\"high\" decoding=\"async\" class=\"alignnone size-full wp-image-6616 aligncenter\" src=\"http:\/\/lavras.tv\/site\/wp-content\/uploads\/2017\/02\/camara-e1487328528682.jpg\" alt=\"\" width=\"365\" height=\"276\" srcset=\"https:\/\/lavras.tv\/site\/wp-content\/uploads\/2017\/02\/camara-e1487328528682.jpg 365w, https:\/\/lavras.tv\/site\/wp-content\/uploads\/2017\/02\/camara-e1487328528682-150x113.jpg 150w, https:\/\/lavras.tv\/site\/wp-content\/uploads\/2017\/02\/camara-e1487328528682-300x227.jpg 300w\" sizes=\"(max-width: 365px) 100vw, 365px\" \/><\/p>\n<p>A den\u00fancia da suposta compra de voto foi feita pelas redes sociais por Darci Tavares. Ele compartilhou uma publica\u00e7\u00e3o com uma c\u00f3pia de um documento assinado pelo vereador.No termo de compromisso, feito em agosto de 2016, pouco antes das elei\u00e7\u00f5es, Ailton se compromete a contratar Eliane Cristina Fran\u00e7a Britto Zemp, esposa de Darci, para um cargo comissionado. Em troca, o casal teria prometido votar no candidato.<\/p>\n<p>Em v\u00eddeo divulgado nas redes sociais essa semana, o vereador Ailton Magalh\u00e3es Filho nega o fato. Em nota, a Prefeitura de Lavras afirmou apenas que n\u00e3o teve acesso a nenhum documento sobre a den\u00fancia e disse que, por ser uma investiga\u00e7\u00e3o interna da C\u00e2mara, n\u00e3o vai se manifestar.<\/p>\n<p>Fonte: Lavras 24 Horas<\/p>\n","protected":false},"excerpt":{"rendered":"<p>A C\u00e2mara Municipal de Lavras aprovou nesta segunda-feira, dia 13, uma Comiss\u00e3o Parlamentar de Inqu\u00e9rito (CPI) para investigar a den\u00fancia de uma suposta compra de voto envolvendo o vereador Ailton Magalh\u00e3es Filho. A comiss\u00e3o ser\u00e1 formada pelos vereadores Bira, Cel. Claret, Toninho do Raio X, Daia Protetora e Peterson. A atual CPI exclui da investiga\u00e7\u00e3o [&hellip;]<\/p>\n","protected":false},"author":2,"featured_media":6616,"comment_status":"closed","ping_status":"open","sticky":false,"template":"","format":"standard","meta":{"advgb_blocks_editor_width":"","advgb_blocks_columns_visual_guide":"","_exactmetrics_skip_tracking":false,"_exactmetrics_sitenote_active":false,"_exactmetrics_sitenote_note":"","_exactmetrics_sitenote_category":0,"footnotes":""},"categories":[7,12],"tags":[],"class_list":["post-21009","post","type-post","status-publish","format-standard","has-post-thumbnail","hentry","category-destaques","category-politica"],"better_featured_image":{"id":6616,"alt_text":"","caption":"","description":"","media_type":"image","media_details":{"width":365,"height":276,"file":"2017\/02\/camara-e1487328528682.jpg","sizes":{"thumbnail":{"file":"camara-e1487328528682-150x113.jpg","width":150,"height":113,"mime-type":"image\/jpeg","source_url":"https:\/\/lavras.tv\/site\/wp-content\/uploads\/2017\/02\/camara-e1487328528682-150x113.jpg"},"medium":{"file":"camara-e1487328528682-300x227.jpg","width":300,"height":227,"mime-type":"image\/jpeg","source_url":"https:\/\/lavras.tv\/site\/wp-content\/uploads\/2017\/02\/camara-e1487328528682-300x227.jpg"},"featured-post-img":{"file":"camara-480x276.jpg","width":480,"height":276,"mime-type":"image\/jpeg","source_url":"https:\/\/lavras.tv\/site\/wp-content\/uploads\/2017\/02\/camara-480x276.jpg"},"sow-carousel-default":{"file":"camara-e1487328528682-272x182.jpg","width":272,"height":182,"mime-type":"image\/jpeg","source_url":"https:\/\/lavras.tv\/site\/wp-content\/uploads\/2017\/02\/camara-e1487328528682-272x182.jpg"}},"image_meta":{"aperture":"0","credit":"","camera":"","caption":"","created_timestamp":"0","copyright":"","focal_length":"0","iso":"0","shutter_speed":"0","title":"","orientation":"0","keywords":[]}},"post":6615,"source_url":"https:\/\/lavras.tv\/site\/wp-content\/uploads\/2017\/02\/camara-e1487328528682.jpg"},"author_meta":{"display_name":"Lavras TV","author_link":"https:\/\/lavras.tv\/site\/author\/lavrastv\/"},"featured_img":"https:\/\/lavras.tv\/site\/wp-content\/uploads\/2017\/02\/camara-e1487328528682-300x227.jpg","coauthors":[],"tax_additional":{"categories":{"linked":["<a href=\"https:\/\/lavras.tv\/site\/category\/destaques\/\" class=\"advgb-post-tax-term\">Destaques<\/a>","<a href=\"https:\/\/lavras.tv\/site\/category\/politica\/\" class=\"advgb-post-tax-term\">Pol\u00edtica<\/a>"],"unlinked":["<span class=\"advgb-post-tax-term\">Destaques<\/span>","<span class=\"advgb-post-tax-term\">Pol\u00edtica<\/span>"]}},"comment_count":"0","relative_dates":{"created":"Publicado 7 anos atr\u00e1s","modified":"Atualizado 7 anos atr\u00e1s"},"absolute_dates":{"created":"Publicado em 14 de maio de 2019","modified":"Atualizado em 14 de maio de 2019"},"absolute_dates_time":{"created":"Publicado em 14 de maio de 2019 11:26","modified":"Atualizado em 14 de maio de 2019 11:26"},"featured_img_caption":"","series_order":"","_links":{"self":[{"href":"https:\/\/lavras.tv\/site\/wp-json\/wp\/v2\/posts\/21009","targetHints":{"allow":["GET"]}}],"collection":[{"href":"https:\/\/lavras.tv\/site\/wp-json\/wp\/v2\/posts"}],"about":[{"href":"https:\/\/lavras.tv\/site\/wp-json\/wp\/v2\/types\/post"}],"author":[{"embeddable":true,"href":"https:\/\/lavras.tv\/site\/wp-json\/wp\/v2\/users\/2"}],"replies":[{"embeddable":true,"href":"https:\/\/lavras.tv\/site\/wp-json\/wp\/v2\/comments?post=21009"}],"version-history":[{"count":1,"href":"https:\/\/lavras.tv\/site\/wp-json\/wp\/v2\/posts\/21009\/revisions"}],"predecessor-version":[{"id":21010,"href":"https:\/\/lavras.tv\/site\/wp-json\/wp\/v2\/posts\/21009\/revisions\/21010"}],"wp:featuredmedia":[{"embeddable":true,"href":"https:\/\/lavras.tv\/site\/wp-json\/wp\/v2\/media\/6616"}],"wp:attachment":[{"href":"https:\/\/lavras.tv\/site\/wp-json\/wp\/v2\/media?parent=21009"}],"wp:term":[{"taxonomy":"category","embeddable":true,"href":"https:\/\/lavras.tv\/site\/wp-json\/wp\/v2\/categories?post=21009"},{"taxonomy":"post_tag","embeddable":true,"href":"https:\/\/lavras.tv\/site\/wp-json\/wp\/v2\/tags?post=21009"}],"curies":[{"name":"wp","href":"https:\/\/api.w.org\/{rel}","templated":true}]}}