{"id":21043,"date":"2019-05-16T10:16:23","date_gmt":"2019-05-16T13:16:23","guid":{"rendered":"http:\/\/lavras.tv\/site\/?p=21043"},"modified":"2019-05-16T10:16:23","modified_gmt":"2019-05-16T13:16:23","slug":"prefeitas-lancam-movimento-para-aumentar-participacao-feminina-na-politica","status":"publish","type":"post","link":"https:\/\/lavras.tv\/site\/2019\/05\/16\/prefeitas-lancam-movimento-para-aumentar-participacao-feminina-na-politica\/","title":{"rendered":"Prefeitas lan\u00e7am movimento para aumentar participa\u00e7\u00e3o feminina na pol\u00edtica"},"content":{"rendered":"<div class=\"lavra-antes-do-conteudo_2\" id=\"lavra-2360259439\"><div id=\"lavra-slider-27\" class=\"custom-slider lavra-slider-419327754 lavra-slider\"><ul><li><div style=\"margin-left: auto;margin-right: auto;text-align: center;\" id=\"lavra-1696601877\"><a href=\"https:\/\/sistemas.lavras.mg.gov.br\/portalcidadao\/#df1b1a7c7b2a290bcb31e32771e610784662739a88807c0dacac58ede5f391a7530e299dc302d611ee73cb143fc22eaf93592e53e7b5bdb01b00a0b8d28dae460c141dd2ff83412e4dc1c31b16b25f33144a9e5620ea73b13f5bc1c59411d98439ad226e8af03840603796067d87afe130812cf3de24982d0e306f9e61e764e5\" aria-label=\"Lavras-TV&#8211;720x104px (1) (1)\"><img src=\"https:\/\/lavras.tv\/site\/wp-content\/uploads\/2025\/01\/Lavras-TV-720x104px-1-1.png\" alt=\"\"  srcset=\"https:\/\/lavras.tv\/site\/wp-content\/uploads\/2025\/01\/Lavras-TV-720x104px-1-1.png 720w, https:\/\/lavras.tv\/site\/wp-content\/uploads\/2025\/01\/Lavras-TV-720x104px-1-1-470x68.png 470w, https:\/\/lavras.tv\/site\/wp-content\/uploads\/2025\/01\/Lavras-TV-720x104px-1-1-170x25.png 170w, https:\/\/lavras.tv\/site\/wp-content\/uploads\/2025\/01\/Lavras-TV-720x104px-1-1-200x29.png 200w\" sizes=\"(max-width: 720px) 100vw, 720px\" width=\"720\" height=\"104\"  style=\"display: inline-block;\" \/><\/a><\/div><\/li><li><a href=\"https:\/\/sistemas.lavras.mg.gov.br\/portalcidadao\/#df1b1a7c7b2a290bcb31e32771e610784662739a88807c0dacac58ede5f391a7530e299dc302d611ee73cb143fc22eaf93592e53e7b5bdb01b00a0b8d28dae460c141dd2ff83412e4dc1c31b16b25f33144a9e5620ea73b13f5bc1c59411d98439ad226e8af03840603796067d87afe130812cf3de24982d0e306f9e61e764e5\" aria-label=\"Banner_Emprego_PortallavrasTV\"><img src=\"https:\/\/lavras.tv\/site\/wp-content\/uploads\/2025\/03\/Banner_Emprego_PortallavrasTV.png\" alt=\"\"  srcset=\"https:\/\/lavras.tv\/site\/wp-content\/uploads\/2025\/03\/Banner_Emprego_PortallavrasTV.png 720w, https:\/\/lavras.tv\/site\/wp-content\/uploads\/2025\/03\/Banner_Emprego_PortallavrasTV-470x68.png 470w, https:\/\/lavras.tv\/site\/wp-content\/uploads\/2025\/03\/Banner_Emprego_PortallavrasTV-170x25.png 170w, https:\/\/lavras.tv\/site\/wp-content\/uploads\/2025\/03\/Banner_Emprego_PortallavrasTV-200x29.png 200w\" sizes=\"(max-width: 720px) 100vw, 720px\" width=\"720\" height=\"104\"   \/><\/a><\/li><li><a href=\"https:\/\/sistemas.lavras.mg.gov.br\/portalcidadao\/#df1b1a7c7b2a290bcb31e32771e610784662739a88807c0dacac58ede5f391a7530e299dc302d611ee73cb143fc22eaf93592e53e7b5bdb01b00a0b8d28dae460c141dd2ff83412e4dc1c31b16b25f33144a9e5620ea73b13f5bc1c59411d98439ad226e8af03840603796067d87afe130812cf3de24982d0e306f9e61e764e5\" aria-label=\"Banner_Obras_PortallavrasTV\"><img src=\"https:\/\/lavras.tv\/site\/wp-content\/uploads\/2025\/03\/Banner_Obras_PortallavrasTV.png\" alt=\"\"  srcset=\"https:\/\/lavras.tv\/site\/wp-content\/uploads\/2025\/03\/Banner_Obras_PortallavrasTV.png 720w, https:\/\/lavras.tv\/site\/wp-content\/uploads\/2025\/03\/Banner_Obras_PortallavrasTV-470x68.png 470w, https:\/\/lavras.tv\/site\/wp-content\/uploads\/2025\/03\/Banner_Obras_PortallavrasTV-170x25.png 170w, https:\/\/lavras.tv\/site\/wp-content\/uploads\/2025\/03\/Banner_Obras_PortallavrasTV-200x29.png 200w\" sizes=\"(max-width: 720px) 100vw, 720px\" width=\"720\" height=\"104\"   \/><\/a><\/li><li><div style=\"margin-left: auto;margin-right: auto;text-align: center;\" id=\"lavra-4004852485\"><a href=\"https:\/\/sistemas.lavras.mg.gov.br\/portalcidadao\/#df1b1a7c7b2a290bcb31e32771e610784662739a88807c0dacac58ede5f391a7530e299dc302d611ee73cb143fc22eaf93592e53e7b5bdb01b00a0b8d28dae460c141dd2ff83412e4dc1c31b16b25f33144a9e5620ea73b13f5bc1c59411d98439ad226e8af03840603796067d87afe130812cf3de24982d0e306f9e61e764e5\" aria-label=\"Banner_Educa\u00e7\u00e3o_PortallavrasTV\"><img src=\"https:\/\/lavras.tv\/site\/wp-content\/uploads\/2025\/01\/Banner_Educacao_PortallavrasTV.png\" alt=\"\"  srcset=\"https:\/\/lavras.tv\/site\/wp-content\/uploads\/2025\/01\/Banner_Educacao_PortallavrasTV.png 720w, https:\/\/lavras.tv\/site\/wp-content\/uploads\/2025\/01\/Banner_Educacao_PortallavrasTV-470x68.png 470w, https:\/\/lavras.tv\/site\/wp-content\/uploads\/2025\/01\/Banner_Educacao_PortallavrasTV-170x25.png 170w, https:\/\/lavras.tv\/site\/wp-content\/uploads\/2025\/01\/Banner_Educacao_PortallavrasTV-200x29.png 200w\" sizes=\"(max-width: 720px) 100vw, 720px\" width=\"720\" height=\"104\"  style=\"display: inline-block;\" \/><\/a><\/div><\/li><li><a href=\"https:\/\/sistemas.lavras.mg.gov.br\/portalcidadao\/#df1b1a7c7b2a290bcb31e32771e610784662739a88807c0dacac58ede5f391a7530e299dc302d611ee73cb143fc22eaf93592e53e7b5bdb01b00a0b8d28dae460c141dd2ff83412e4dc1c31b16b25f33144a9e5620ea73b13f5bc1c59411d98439ad226e8af03840603796067d87afe130812cf3de24982d0e306f9e61e764e5\" aria-label=\"Banner_Sa\u00fade_PortallavrasTV\"><img src=\"https:\/\/lavras.tv\/site\/wp-content\/uploads\/2025\/03\/Banner_Saude_PortallavrasTV.png\" alt=\"\"  srcset=\"https:\/\/lavras.tv\/site\/wp-content\/uploads\/2025\/03\/Banner_Saude_PortallavrasTV.png 720w, https:\/\/lavras.tv\/site\/wp-content\/uploads\/2025\/03\/Banner_Saude_PortallavrasTV-470x68.png 470w, https:\/\/lavras.tv\/site\/wp-content\/uploads\/2025\/03\/Banner_Saude_PortallavrasTV-170x25.png 170w, https:\/\/lavras.tv\/site\/wp-content\/uploads\/2025\/03\/Banner_Saude_PortallavrasTV-200x29.png 200w\" sizes=\"(max-width: 720px) 100vw, 720px\" width=\"720\" height=\"104\"   \/><\/a><\/li><li><div id=\"lavra-359844132\" style=\"width:720px;height:104px;background-color:#ddd;overflow:scroll;\">\n\t<strong>Sa\u00edda da depura\u00e7\u00e3o de an\u00fancios<\/strong>\n\t<br><br>\n\tO an\u00fancio n\u00e3o \u00e9 exibido na p\u00e1gina<br><br>post atual: Prefeitas lan\u00e7am movimento para aumentar participa\u00e7\u00e3o feminina na pol\u00edtica, ID: 21043<br><br><span style=\"color: red;\">O post atual n\u00e3o \u00e9 id\u00eantico ao post principal.<\/span><br><br>An\u00fancios: ROXO - TOPO INTERNA - ROTATIVO 2 (197)<br \/>Grupo de an\u00fancios: Princ_Meio01_720x104 (27)<br><br>Condi\u00e7\u00f5es de exibi\u00e7\u00e3o<div style=\"margin-bottom: 20px; white-space: pre-wrap; font-family: monospace; width: 100%; background: #ffe9e9;\"><strong>condi\u00e7\u00f5es gerais<\/strong><table border=\"1\"><thead><tr><th><\/th><th>An\u00fancios<\/th><th>wp_the_query<\/th><\/tr><\/thead><tr><td>is_main_query<\/td><td>1<\/td><td>1<\/td><\/tr><tr><td>is_rest_api<\/td><td>0<\/td><td>1<\/td><\/tr><tr><td>page<\/td><td>0<\/td><td>1<\/td><\/tr><tr><td>numpages<\/td><td>0<\/td><td>1<\/td><\/tr><tr><td>is_archive<\/td><td>1<\/td><td><\/td><\/tr><tr><td>is_search<\/td><td>1<\/td><td><\/td><\/tr><tr><td>is_home<\/td><td>1<\/td><td><\/td><\/tr><tr><td>is_404<\/td><td>1<\/td><td><\/td><\/tr><tr><td>is_attachment<\/td><td>1<\/td><td><\/td><\/tr><tr><td>is_singular<\/td><td>1<\/td><td><\/td><\/tr><tr><td>is_front_page<\/td><td>1<\/td><td><\/td><\/tr><tr><td>is_feed<\/td><td>1<\/td><td><\/td><\/tr><\/table><\/div><br><br><span style=\"color: red;\">Seu site usa HTTPS, mas o c\u00f3digo do an\u00fancio cont\u00e9m HTTP e pode n\u00e3o funcionar.<\/span>\t<br><br>\n\t<a style=\"color: green;\" href=\"https:\/\/wpadvancedads.com\/manual\/ad-debug-mode\/?utm_source=advanced-ads&utm_medium=link&utm_campaign=ad-debug-mode\" target=\"_blank\" rel=\"nofollow\">Encontre solu\u00e7\u00f5es no manual<\/a>\n<\/div>\n<\/li><\/ul><\/div><script>( window.advanced_ads_ready || jQuery( document ).ready ).call( null, function() {var $lavraslider419327754 = jQuery( \".lavra-slider-419327754\" );$lavraslider419327754.on( \"unslider.ready\", function() { jQuery( \"div.custom-slider ul li\" ).css( \"display\", \"block\" ); });$lavraslider419327754.unslider({ delay:4000, autoplay:true, nav:false, arrows:false, infinite:true });$lavraslider419327754.on(\"mouseover\", function() {$lavraslider419327754.unslider(\"stop\");}).on(\"mouseout\", function() {$lavraslider419327754.unslider(\"start\");});});<\/script><\/div><p>Elas querem mais espa\u00e7o na pol\u00edtica. Prefeitas e vereadoras de Minas Gerais aproveitaram o \u00faltimo dia do 36\u00ba Congresso Mineiro de Munic\u00edpios, ontem, em Belo Horizonte, para lan\u00e7ar o bra\u00e7o mineiro do Movimento de Mulheres Municipalistas (MMM).\u00a0 Atualmente, mulheres administram apenas 64 das 853 cidades do Estado. Nas c\u00e2maras municipais, s\u00e3o 911 cadeiras.<\/p>\n<p>Os n\u00fameros s\u00e3o considerados baixos pelas organizadoras do movimento, cuja diretoria ainda ser\u00e1 definida. Mais importante que engordar essas estat\u00edsticas, destacam prefeitas, \u00e9 conscientizar as mulheres de que elas precisam se engajar mais na pol\u00edtica, seja nos \u00e2mbitos nacional, estadual, municipal ou mesmo no bairro em que mora.<\/p>\n<p>&#8220;S\u00e3o n\u00fameros que podem melhorar. Assim como em Minas Gerais, podemos aumentar a participa\u00e7\u00e3o das mulheres em n\u00edvel nacional: h\u00e1 649 prefeitas num total de 5.568 cidades\u201d, disse a ga\u00facha T\u00e2nia Ziulkoski, uma das fundadoras e presidente da MMM.<\/p>\n<p><img fetchpriority=\"high\" decoding=\"async\" class=\"alignnone size-full wp-image-21044 aligncenter\" src=\"http:\/\/lavras.tv\/site\/wp-content\/uploads\/2019\/05\/prefeitas.jpg\" alt=\"\" width=\"653\" height=\"397\" srcset=\"https:\/\/lavras.tv\/site\/wp-content\/uploads\/2019\/05\/prefeitas.jpg 653w, https:\/\/lavras.tv\/site\/wp-content\/uploads\/2019\/05\/prefeitas-150x91.jpg 150w, https:\/\/lavras.tv\/site\/wp-content\/uploads\/2019\/05\/prefeitas-300x182.jpg 300w\" sizes=\"(max-width: 653px) 100vw, 653px\" \/><\/p>\n<p>Para isso, o bra\u00e7o mineiro da entidade ir\u00e1 estimular maior engajamento delas em diferentes associa\u00e7\u00f5es, como as de bairros e de entidades de classe.\u00a0\u201cAos poucos, vamos conquistamos nosso espa\u00e7o. Estamos iniciando este trabalho para ajudar as mulheres a terem gosto pela pol\u00edtica, a enfrentarem as dificuldades\u201d, ressaltou Cici Magalh\u00e3es, prefeita de Manhua\u00e7u (Leste de Minas).<\/p>\n<p><strong>Hist\u00f3rico<\/strong><\/p>\n<p>O bra\u00e7o mineiro do MMM surge 91 anos depois de Lages, no Rio Grande do Norte, eleger a primeira mulher para comandar uma prefeitura no Brasil. A vit\u00f3ria tamb\u00e9m fez de Alzira Soriano a primeira prefeita na Am\u00e9rica Latina.<\/p>\n<p>Foi tamb\u00e9m a primeira candidata da hist\u00f3ria a ser votada por mulheres, j\u00e1 que em 1928 a popula\u00e7\u00e3o feminina do Rio Grande do Norte foi a primeira do Brasil a ganhar o direito de votar e ser votada.<\/p>\n<figure id=\"attachment_21045\" aria-describedby=\"caption-attachment-21045\" style=\"width: 729px\" class=\"wp-caption aligncenter\"><img decoding=\"async\" class=\"size-full wp-image-21045\" src=\"http:\/\/lavras.tv\/site\/wp-content\/uploads\/2019\/05\/ana-rosa-e1558012507213.jpg\" alt=\"\" width=\"729\" height=\"518\" srcset=\"https:\/\/lavras.tv\/site\/wp-content\/uploads\/2019\/05\/ana-rosa-e1558012507213.jpg 729w, https:\/\/lavras.tv\/site\/wp-content\/uploads\/2019\/05\/ana-rosa-e1558012507213-150x107.jpg 150w, https:\/\/lavras.tv\/site\/wp-content\/uploads\/2019\/05\/ana-rosa-e1558012507213-300x213.jpg 300w\" sizes=\"(max-width: 729px) 100vw, 729px\" \/><figcaption id=\"caption-attachment-21045\" class=\"wp-caption-text\">Ana Rosa Lasmar, prefeita de Ribeir\u00e3o Vermelho, \u00e9 uma das mulheres na pol\u00edtica da regi\u00e3o<\/figcaption><\/figure>\n<p>O direito de todas as mulheres brasileiras votarem foi conquistado apenas em 1932 e sacramentado na Constitui\u00e7\u00e3o de 1934. Em Minas Gerais, a primeira prefeita foi Cl\u00e9ria Maria da Silva, de Bar\u00e3o de Cocais (regi\u00e3o Central), em 1972.<\/p>\n<p>Agora, T\u00e2nia, a fundadora do MMM, e Cici, a gestora de Manhua\u00e7u, querem ajudar as prefeitas, vices-prefeitas, vereadoras e secret\u00e1rias municipais a terem maior voz no Brasil. Desta forma, acrescenta a presidente do movimento nacional, a gest\u00e3o municipal feminina se \u201cfortalece para a cria\u00e7\u00e3o de pol\u00edticas p\u00fablicas que promovam o direito das mulheres\u201d.<\/p>\n<p>Fonte: Itatiaia<\/p>\n","protected":false},"excerpt":{"rendered":"<p>Elas querem mais espa\u00e7o na pol\u00edtica. Prefeitas e vereadoras de Minas Gerais aproveitaram o \u00faltimo dia do 36\u00ba Congresso Mineiro de Munic\u00edpios, ontem, em Belo Horizonte, para lan\u00e7ar o bra\u00e7o mineiro do Movimento de Mulheres Municipalistas (MMM).\u00a0 Atualmente, mulheres administram apenas 64 das 853 cidades do Estado. Nas c\u00e2maras municipais, s\u00e3o 911 cadeiras. Os n\u00fameros [&hellip;]<\/p>\n","protected":false},"author":2,"featured_media":21044,"comment_status":"closed","ping_status":"open","sticky":false,"template":"","format":"standard","meta":{"advgb_blocks_editor_width":"","advgb_blocks_columns_visual_guide":"","_exactmetrics_skip_tracking":false,"_exactmetrics_sitenote_active":false,"_exactmetrics_sitenote_note":"","_exactmetrics_sitenote_category":0,"footnotes":""},"categories":[7,12],"tags":[],"class_list":["post-21043","post","type-post","status-publish","format-standard","has-post-thumbnail","hentry","category-destaques","category-politica"],"better_featured_image":{"id":21044,"alt_text":"","caption":"","description":"","media_type":"image","media_details":{"width":653,"height":397,"file":"2019\/05\/prefeitas.jpg","sizes":{"thumbnail":{"file":"prefeitas-150x91.jpg","width":150,"height":91,"mime-type":"image\/jpeg","source_url":"https:\/\/lavras.tv\/site\/wp-content\/uploads\/2019\/05\/prefeitas-150x91.jpg"},"medium":{"file":"prefeitas-300x182.jpg","width":300,"height":182,"mime-type":"image\/jpeg","source_url":"https:\/\/lavras.tv\/site\/wp-content\/uploads\/2019\/05\/prefeitas-300x182.jpg"},"featured-slider-img":{"file":"prefeitas-640x397.jpg","width":640,"height":397,"mime-type":"image\/jpeg","source_url":"https:\/\/lavras.tv\/site\/wp-content\/uploads\/2019\/05\/prefeitas-640x397.jpg"},"featured-post-img":{"file":"prefeitas-480x320.jpg","width":480,"height":320,"mime-type":"image\/jpeg","source_url":"https:\/\/lavras.tv\/site\/wp-content\/uploads\/2019\/05\/prefeitas-480x320.jpg"},"sow-carousel-default":{"file":"prefeitas-272x182.jpg","width":272,"height":182,"mime-type":"image\/jpeg","source_url":"https:\/\/lavras.tv\/site\/wp-content\/uploads\/2019\/05\/prefeitas-272x182.jpg"}},"image_meta":{"aperture":"0","credit":"","camera":"","caption":"","created_timestamp":"0","copyright":"","focal_length":"0","iso":"0","shutter_speed":"0","title":"","orientation":"0","keywords":[]}},"post":21043,"source_url":"https:\/\/lavras.tv\/site\/wp-content\/uploads\/2019\/05\/prefeitas.jpg"},"author_meta":{"display_name":"Lavras TV","author_link":"https:\/\/lavras.tv\/site\/author\/lavrastv\/"},"featured_img":"https:\/\/lavras.tv\/site\/wp-content\/uploads\/2019\/05\/prefeitas-300x182.jpg","coauthors":[],"tax_additional":{"categories":{"linked":["<a href=\"https:\/\/lavras.tv\/site\/category\/destaques\/\" class=\"advgb-post-tax-term\">Destaques<\/a>","<a href=\"https:\/\/lavras.tv\/site\/category\/politica\/\" class=\"advgb-post-tax-term\">Pol\u00edtica<\/a>"],"unlinked":["<span class=\"advgb-post-tax-term\">Destaques<\/span>","<span class=\"advgb-post-tax-term\">Pol\u00edtica<\/span>"]}},"comment_count":"0","relative_dates":{"created":"Publicado 7 anos atr\u00e1s","modified":"Atualizado 7 anos atr\u00e1s"},"absolute_dates":{"created":"Publicado em 16 de maio de 2019","modified":"Atualizado em 16 de maio de 2019"},"absolute_dates_time":{"created":"Publicado em 16 de maio de 2019 10:16","modified":"Atualizado em 16 de maio de 2019 10:16"},"featured_img_caption":"","series_order":"","_links":{"self":[{"href":"https:\/\/lavras.tv\/site\/wp-json\/wp\/v2\/posts\/21043","targetHints":{"allow":["GET"]}}],"collection":[{"href":"https:\/\/lavras.tv\/site\/wp-json\/wp\/v2\/posts"}],"about":[{"href":"https:\/\/lavras.tv\/site\/wp-json\/wp\/v2\/types\/post"}],"author":[{"embeddable":true,"href":"https:\/\/lavras.tv\/site\/wp-json\/wp\/v2\/users\/2"}],"replies":[{"embeddable":true,"href":"https:\/\/lavras.tv\/site\/wp-json\/wp\/v2\/comments?post=21043"}],"version-history":[{"count":1,"href":"https:\/\/lavras.tv\/site\/wp-json\/wp\/v2\/posts\/21043\/revisions"}],"predecessor-version":[{"id":21046,"href":"https:\/\/lavras.tv\/site\/wp-json\/wp\/v2\/posts\/21043\/revisions\/21046"}],"wp:featuredmedia":[{"embeddable":true,"href":"https:\/\/lavras.tv\/site\/wp-json\/wp\/v2\/media\/21044"}],"wp:attachment":[{"href":"https:\/\/lavras.tv\/site\/wp-json\/wp\/v2\/media?parent=21043"}],"wp:term":[{"taxonomy":"category","embeddable":true,"href":"https:\/\/lavras.tv\/site\/wp-json\/wp\/v2\/categories?post=21043"},{"taxonomy":"post_tag","embeddable":true,"href":"https:\/\/lavras.tv\/site\/wp-json\/wp\/v2\/tags?post=21043"}],"curies":[{"name":"wp","href":"https:\/\/api.w.org\/{rel}","templated":true}]}}