{"id":2107,"date":"2016-09-06T16:10:50","date_gmt":"2016-09-06T19:10:50","guid":{"rendered":"http:\/\/lavras.tv\/site\/?p=2107"},"modified":"2016-09-06T16:10:50","modified_gmt":"2016-09-06T19:10:50","slug":"informe-parlamentar-recurso-de-r300-mil-beneficia-pacientes-da-santa-casa-em-lavras","status":"publish","type":"post","link":"https:\/\/lavras.tv\/site\/2016\/09\/06\/informe-parlamentar-recurso-de-r300-mil-beneficia-pacientes-da-santa-casa-em-lavras\/","title":{"rendered":"[Informe Parlamentar] Recurso de R$300 mil beneficia pacientes da Santa Casa em Lavras"},"content":{"rendered":"<div class=\"lavra-antes-do-conteudo_2\" id=\"lavra-544939589\"><div id=\"lavra-slider-27\" class=\"custom-slider lavra-slider-2381882057 lavra-slider\"><ul><li><div style=\"margin-left: auto;margin-right: auto;text-align: center;\" id=\"lavra-3845693666\"><a href=\"https:\/\/sistemas.lavras.mg.gov.br\/portalcidadao\/#df1b1a7c7b2a290bcb31e32771e610784662739a88807c0dacac58ede5f391a7530e299dc302d611ee73cb143fc22eaf93592e53e7b5bdb01b00a0b8d28dae460c141dd2ff83412e4dc1c31b16b25f33144a9e5620ea73b13f5bc1c59411d98439ad226e8af03840603796067d87afe130812cf3de24982d0e306f9e61e764e5\" aria-label=\"Lavras-TV&#8211;720x104px (1) (1)\"><img src=\"https:\/\/lavras.tv\/site\/wp-content\/uploads\/2025\/01\/Lavras-TV-720x104px-1-1.png\" alt=\"\"  srcset=\"https:\/\/lavras.tv\/site\/wp-content\/uploads\/2025\/01\/Lavras-TV-720x104px-1-1.png 720w, https:\/\/lavras.tv\/site\/wp-content\/uploads\/2025\/01\/Lavras-TV-720x104px-1-1-470x68.png 470w, https:\/\/lavras.tv\/site\/wp-content\/uploads\/2025\/01\/Lavras-TV-720x104px-1-1-170x25.png 170w, https:\/\/lavras.tv\/site\/wp-content\/uploads\/2025\/01\/Lavras-TV-720x104px-1-1-200x29.png 200w\" sizes=\"(max-width: 720px) 100vw, 720px\" width=\"720\" height=\"104\"  style=\"display: inline-block;\" \/><\/a><\/div><\/li><li><a href=\"https:\/\/sistemas.lavras.mg.gov.br\/portalcidadao\/#df1b1a7c7b2a290bcb31e32771e610784662739a88807c0dacac58ede5f391a7530e299dc302d611ee73cb143fc22eaf93592e53e7b5bdb01b00a0b8d28dae460c141dd2ff83412e4dc1c31b16b25f33144a9e5620ea73b13f5bc1c59411d98439ad226e8af03840603796067d87afe130812cf3de24982d0e306f9e61e764e5\" aria-label=\"Banner_Emprego_PortallavrasTV\"><img src=\"https:\/\/lavras.tv\/site\/wp-content\/uploads\/2025\/03\/Banner_Emprego_PortallavrasTV.png\" alt=\"\"  srcset=\"https:\/\/lavras.tv\/site\/wp-content\/uploads\/2025\/03\/Banner_Emprego_PortallavrasTV.png 720w, https:\/\/lavras.tv\/site\/wp-content\/uploads\/2025\/03\/Banner_Emprego_PortallavrasTV-470x68.png 470w, https:\/\/lavras.tv\/site\/wp-content\/uploads\/2025\/03\/Banner_Emprego_PortallavrasTV-170x25.png 170w, https:\/\/lavras.tv\/site\/wp-content\/uploads\/2025\/03\/Banner_Emprego_PortallavrasTV-200x29.png 200w\" sizes=\"(max-width: 720px) 100vw, 720px\" width=\"720\" height=\"104\"   \/><\/a><\/li><li><a href=\"https:\/\/sistemas.lavras.mg.gov.br\/portalcidadao\/#df1b1a7c7b2a290bcb31e32771e610784662739a88807c0dacac58ede5f391a7530e299dc302d611ee73cb143fc22eaf93592e53e7b5bdb01b00a0b8d28dae460c141dd2ff83412e4dc1c31b16b25f33144a9e5620ea73b13f5bc1c59411d98439ad226e8af03840603796067d87afe130812cf3de24982d0e306f9e61e764e5\" aria-label=\"Banner_Obras_PortallavrasTV\"><img src=\"https:\/\/lavras.tv\/site\/wp-content\/uploads\/2025\/03\/Banner_Obras_PortallavrasTV.png\" alt=\"\"  srcset=\"https:\/\/lavras.tv\/site\/wp-content\/uploads\/2025\/03\/Banner_Obras_PortallavrasTV.png 720w, https:\/\/lavras.tv\/site\/wp-content\/uploads\/2025\/03\/Banner_Obras_PortallavrasTV-470x68.png 470w, https:\/\/lavras.tv\/site\/wp-content\/uploads\/2025\/03\/Banner_Obras_PortallavrasTV-170x25.png 170w, https:\/\/lavras.tv\/site\/wp-content\/uploads\/2025\/03\/Banner_Obras_PortallavrasTV-200x29.png 200w\" sizes=\"(max-width: 720px) 100vw, 720px\" width=\"720\" height=\"104\"   \/><\/a><\/li><li><div style=\"margin-left: auto;margin-right: auto;text-align: center;\" id=\"lavra-2731077515\"><a href=\"https:\/\/sistemas.lavras.mg.gov.br\/portalcidadao\/#df1b1a7c7b2a290bcb31e32771e610784662739a88807c0dacac58ede5f391a7530e299dc302d611ee73cb143fc22eaf93592e53e7b5bdb01b00a0b8d28dae460c141dd2ff83412e4dc1c31b16b25f33144a9e5620ea73b13f5bc1c59411d98439ad226e8af03840603796067d87afe130812cf3de24982d0e306f9e61e764e5\" aria-label=\"Banner_Educa\u00e7\u00e3o_PortallavrasTV\"><img src=\"https:\/\/lavras.tv\/site\/wp-content\/uploads\/2025\/01\/Banner_Educacao_PortallavrasTV.png\" alt=\"\"  srcset=\"https:\/\/lavras.tv\/site\/wp-content\/uploads\/2025\/01\/Banner_Educacao_PortallavrasTV.png 720w, https:\/\/lavras.tv\/site\/wp-content\/uploads\/2025\/01\/Banner_Educacao_PortallavrasTV-470x68.png 470w, https:\/\/lavras.tv\/site\/wp-content\/uploads\/2025\/01\/Banner_Educacao_PortallavrasTV-170x25.png 170w, https:\/\/lavras.tv\/site\/wp-content\/uploads\/2025\/01\/Banner_Educacao_PortallavrasTV-200x29.png 200w\" sizes=\"(max-width: 720px) 100vw, 720px\" width=\"720\" height=\"104\"  style=\"display: inline-block;\" \/><\/a><\/div><\/li><li><a href=\"https:\/\/sistemas.lavras.mg.gov.br\/portalcidadao\/#df1b1a7c7b2a290bcb31e32771e610784662739a88807c0dacac58ede5f391a7530e299dc302d611ee73cb143fc22eaf93592e53e7b5bdb01b00a0b8d28dae460c141dd2ff83412e4dc1c31b16b25f33144a9e5620ea73b13f5bc1c59411d98439ad226e8af03840603796067d87afe130812cf3de24982d0e306f9e61e764e5\" aria-label=\"Banner_Sa\u00fade_PortallavrasTV\"><img src=\"https:\/\/lavras.tv\/site\/wp-content\/uploads\/2025\/03\/Banner_Saude_PortallavrasTV.png\" alt=\"\"  srcset=\"https:\/\/lavras.tv\/site\/wp-content\/uploads\/2025\/03\/Banner_Saude_PortallavrasTV.png 720w, https:\/\/lavras.tv\/site\/wp-content\/uploads\/2025\/03\/Banner_Saude_PortallavrasTV-470x68.png 470w, https:\/\/lavras.tv\/site\/wp-content\/uploads\/2025\/03\/Banner_Saude_PortallavrasTV-170x25.png 170w, https:\/\/lavras.tv\/site\/wp-content\/uploads\/2025\/03\/Banner_Saude_PortallavrasTV-200x29.png 200w\" sizes=\"(max-width: 720px) 100vw, 720px\" width=\"720\" height=\"104\"   \/><\/a><\/li><li><div id=\"lavra-889730781\" style=\"width:720px;height:104px;background-color:#ddd;overflow:scroll;\">\n\t<strong>Sa\u00edda da depura\u00e7\u00e3o de an\u00fancios<\/strong>\n\t<br><br>\n\tO an\u00fancio n\u00e3o \u00e9 exibido na p\u00e1gina<br><br>post atual: [Informe Parlamentar] Recurso de R$300 mil beneficia pacientes da Santa Casa em Lavras, ID: 2107<br><br><span style=\"color: red;\">O post atual n\u00e3o \u00e9 id\u00eantico ao post principal.<\/span><br><br>An\u00fancios: ROXO - TOPO INTERNA - ROTATIVO 2 (197)<br \/>Grupo de an\u00fancios: Princ_Meio01_720x104 (27)<br><br>Condi\u00e7\u00f5es de exibi\u00e7\u00e3o<div style=\"margin-bottom: 20px; white-space: pre-wrap; font-family: monospace; width: 100%; background: #ffe9e9;\"><strong>condi\u00e7\u00f5es gerais<\/strong><table border=\"1\"><thead><tr><th><\/th><th>An\u00fancios<\/th><th>wp_the_query<\/th><\/tr><\/thead><tr><td>is_main_query<\/td><td>1<\/td><td>1<\/td><\/tr><tr><td>is_rest_api<\/td><td>0<\/td><td>1<\/td><\/tr><tr><td>page<\/td><td>0<\/td><td>1<\/td><\/tr><tr><td>numpages<\/td><td>0<\/td><td>1<\/td><\/tr><tr><td>is_archive<\/td><td>1<\/td><td><\/td><\/tr><tr><td>is_search<\/td><td>1<\/td><td><\/td><\/tr><tr><td>is_home<\/td><td>1<\/td><td><\/td><\/tr><tr><td>is_404<\/td><td>1<\/td><td><\/td><\/tr><tr><td>is_attachment<\/td><td>1<\/td><td><\/td><\/tr><tr><td>is_singular<\/td><td>1<\/td><td><\/td><\/tr><tr><td>is_front_page<\/td><td>1<\/td><td><\/td><\/tr><tr><td>is_feed<\/td><td>1<\/td><td><\/td><\/tr><\/table><\/div><br><br><span style=\"color: red;\">Seu site usa HTTPS, mas o c\u00f3digo do an\u00fancio cont\u00e9m HTTP e pode n\u00e3o funcionar.<\/span>\t<br><br>\n\t<a style=\"color: green;\" href=\"https:\/\/wpadvancedads.com\/manual\/ad-debug-mode\/?utm_source=advanced-ads&utm_medium=link&utm_campaign=ad-debug-mode\" target=\"_blank\" rel=\"nofollow\">Encontre solu\u00e7\u00f5es no manual<\/a>\n<\/div>\n<\/li><\/ul><\/div><script>( window.advanced_ads_ready || jQuery( document ).ready ).call( null, function() {var $lavraslider2381882057 = jQuery( \".lavra-slider-2381882057\" );$lavraslider2381882057.on( \"unslider.ready\", function() { jQuery( \"div.custom-slider ul li\" ).css( \"display\", \"block\" ); });$lavraslider2381882057.unslider({ delay:4000, autoplay:true, nav:false, arrows:false, infinite:true });$lavraslider2381882057.on(\"mouseover\", function() {$lavraslider2381882057.unslider(\"stop\");}).on(\"mouseout\", function() {$lavraslider2381882057.unslider(\"start\");});});<\/script><\/div><p>Mais uma boa not\u00edcia para os lavrenses. Foi pago\u00a0o recurso da emenda individual da deputada federal D\u00e2mina Pereira (PSL\/MG) junto ao Minist\u00e9rio da Sa\u00fade para a Santa Casa de Miseric\u00f3rdia de Lavras (MG). O\u00a0pagamento\u00a0no valor de R$300 mil foi feito por meio do conv\u00eanio 824084\/2015 e ser\u00e1 destinado\u00a0\u00e0\u00a0aquisi\u00e7\u00e3o de equipamentos e materiais permanentes que possibilitar\u00e3o mais conforto e seguran\u00e7a para a popula\u00e7\u00e3o atendida no hospital. O recurso j\u00e1 est\u00e1 dispon\u00edvel na conta da entidade.<\/p>\n<p>De acordo com a parlamentar,\u00a0uma das prioridades do seu mandato \u00e9 a sa\u00fade. \u201cA Santa Casa \u00e9 o hospital mais antigo da cidade, \u00e9 filantr\u00f3pico e presta um excelente servi\u00e7o\u00a0\u00e0\u00a0popula\u00e7\u00e3o de Lavras. Sabemos das dificuldades que o Brasil est\u00e1 passando na sa\u00fade<img fetchpriority=\"high\" decoding=\"async\" class=\"wp-image-2108 alignright\" src=\"http:\/\/lavras.tv\/site\/wp-content\/uploads\/2016\/09\/sta-casa.jpg\" alt=\"sta casa\" width=\"532\" height=\"355\" srcset=\"https:\/\/lavras.tv\/site\/wp-content\/uploads\/2016\/09\/sta-casa.jpg 1024w, https:\/\/lavras.tv\/site\/wp-content\/uploads\/2016\/09\/sta-casa-150x100.jpg 150w, https:\/\/lavras.tv\/site\/wp-content\/uploads\/2016\/09\/sta-casa-300x200.jpg 300w, https:\/\/lavras.tv\/site\/wp-content\/uploads\/2016\/09\/sta-casa-480x320.jpg 480w, https:\/\/lavras.tv\/site\/wp-content\/uploads\/2016\/09\/sta-casa-272x182.jpg 272w\" sizes=\"(max-width: 532px) 100vw, 532px\" \/>, por isso, n\u00e3o s\u00f3 a Santa Casa de Lavras,\u00a0como todas as espalhadas pelo pa\u00eds merecem uma aten\u00e7\u00e3o especial. Como lavrense,\u00a0me sinto muito feliz em\u00a0estar\u00a0contribuindo para a melhoria de vida dos moradores\u201d, destacou.<\/p>\n<p>O provedor da Santa Casa, Dr. Marcos Abe Saber Miguel, informou que o processo licitat\u00f3rio j\u00e1 foi aberto. \u201cAtualmente a nossa maternidade \u00e9 refer\u00eancia no atendimento de alto risco, mas n\u00e3o t\u00ednhamos um aparelho adequado para fazer a ultossonografia. Com a emenda da deputada,\u00a0esse aparelho no valor de R$90 mil ser\u00e1 comprado\u201d,\u00a0ressaltou.<\/p>\n<p>O m\u00e9dico tamb\u00e9m explicou que a popula\u00e7\u00e3o de Lavras atendida pelo SUS na Santa Casa vai ter mais seguran\u00e7a e conforto durante a interna\u00e7\u00e3o. \u201cNa maternidade os pacientes t\u00eam direito a acompanhante, contudo, nem todos os leitos possuem poltronas adequadas para esse atendimento. Mas com a nova aquisi\u00e7\u00e3o, n\u00f3s teremos\u201d, comemorou.<\/p>\n<p>O presidente estadual do PSL, Carlos Alberto Pereira falou sobre as emendas \u00a0da parlamentar. \u201cEsses R$300 mil foram indicados pela deputada D\u00e2mina,\u00a0em 2015. Outro montante foi indicado para o Hospital Vaz Monteiro,\u00a0que tamb\u00e9m est\u00e1 na lista para ser pago. Esses recursos demonstram a import\u00e2ncia de se ter um representante lavrense na C\u00e2mara dos Deputados que olhe por nossa regi\u00e3o\u201d, lembrou.<\/p>\n<p>&nbsp;<\/p>\n<p><strong>Benef\u00edcios<\/strong><\/p>\n<p>Com a verba destinada pela deputada ser\u00e3o adquiridos dois cardiovesores (aparelho de emerg\u00eancia usado quando o paciente tem parada card\u00edaca), um ultrassom obst\u00e9trico utilizado na maternidade, 15 poltronas para o conforto do acompanhante e 18 computadores.<\/p>\n<p>&nbsp;<\/p>\n<p>Fonte: gabinete da deputada D\u00e2mina Pereira<\/p>\n","protected":false},"excerpt":{"rendered":"<p>Mais uma boa not\u00edcia para os lavrenses. Foi pago\u00a0o recurso da emenda individual da deputada federal D\u00e2mina Pereira (PSL\/MG) junto ao Minist\u00e9rio da Sa\u00fade para a Santa Casa de Miseric\u00f3rdia de Lavras (MG). O\u00a0pagamento\u00a0no valor de R$300 mil foi feito por meio do conv\u00eanio 824084\/2015 e ser\u00e1 destinado\u00a0\u00e0\u00a0aquisi\u00e7\u00e3o de equipamentos e materiais permanentes que possibilitar\u00e3o [&hellip;]<\/p>\n","protected":false},"author":2,"featured_media":2108,"comment_status":"closed","ping_status":"open","sticky":false,"template":"","format":"standard","meta":{"advgb_blocks_editor_width":"","advgb_blocks_columns_visual_guide":"","_exactmetrics_skip_tracking":false,"_exactmetrics_sitenote_active":false,"_exactmetrics_sitenote_note":"","_exactmetrics_sitenote_category":0,"footnotes":""},"categories":[7,12],"tags":[671,728],"class_list":["post-2107","post","type-post","status-publish","format-standard","has-post-thumbnail","hentry","category-destaques","category-politica","tag-damina-pereira","tag-santa-casa-de-lavras"],"better_featured_image":{"id":2108,"alt_text":"","caption":"","description":"","media_type":"image","media_details":{"width":1024,"height":683,"file":"2016\/09\/sta-casa.jpg","sizes":{"thumbnail":{"file":"sta-casa-150x100.jpg","width":150,"height":100,"mime-type":"image\/jpeg","source_url":"https:\/\/lavras.tv\/site\/wp-content\/uploads\/2016\/09\/sta-casa-150x100.jpg"},"medium":{"file":"sta-casa-300x200.jpg","width":300,"height":200,"mime-type":"image\/jpeg","source_url":"https:\/\/lavras.tv\/site\/wp-content\/uploads\/2016\/09\/sta-casa-300x200.jpg"},"large":{"file":"sta-casa-1024x683.jpg","width":1024,"height":683,"mime-type":"image\/jpeg","source_url":"https:\/\/lavras.tv\/site\/wp-content\/uploads\/2016\/09\/sta-casa-1024x683.jpg"},"featured-slider-img":{"file":"sta-casa-640x480.jpg","width":640,"height":480,"mime-type":"image\/jpeg","source_url":"https:\/\/lavras.tv\/site\/wp-content\/uploads\/2016\/09\/sta-casa-640x480.jpg"},"featured-post-img":{"file":"sta-casa-480x320.jpg","width":480,"height":320,"mime-type":"image\/jpeg","source_url":"https:\/\/lavras.tv\/site\/wp-content\/uploads\/2016\/09\/sta-casa-480x320.jpg"},"sow-carousel-default":{"file":"sta-casa-272x182.jpg","width":272,"height":182,"mime-type":"image\/jpeg","source_url":"https:\/\/lavras.tv\/site\/wp-content\/uploads\/2016\/09\/sta-casa-272x182.jpg"}},"image_meta":{"aperture":"11","credit":"","camera":"Canon EOS 60D","caption":"","created_timestamp":"1426494970","copyright":"","focal_length":"29","iso":"400","shutter_speed":"0.004","title":"","orientation":"1","keywords":[]}},"post":2107,"source_url":"https:\/\/lavras.tv\/site\/wp-content\/uploads\/2016\/09\/sta-casa.jpg"},"author_meta":{"display_name":"Lavras TV","author_link":"https:\/\/lavras.tv\/site\/author\/lavrastv\/"},"featured_img":"https:\/\/lavras.tv\/site\/wp-content\/uploads\/2016\/09\/sta-casa-300x200.jpg","coauthors":[],"tax_additional":{"categories":{"linked":["<a href=\"https:\/\/lavras.tv\/site\/category\/destaques\/\" class=\"advgb-post-tax-term\">Destaques<\/a>","<a href=\"https:\/\/lavras.tv\/site\/category\/politica\/\" class=\"advgb-post-tax-term\">Pol\u00edtica<\/a>"],"unlinked":["<span class=\"advgb-post-tax-term\">Destaques<\/span>","<span class=\"advgb-post-tax-term\">Pol\u00edtica<\/span>"]},"tags":{"linked":["<a href=\"https:\/\/lavras.tv\/site\/category\/politica\/\" class=\"advgb-post-tax-term\">D\u00e2mina Pereira<\/a>","<a href=\"https:\/\/lavras.tv\/site\/category\/politica\/\" class=\"advgb-post-tax-term\">Santa Casa de Lavras<\/a>"],"unlinked":["<span class=\"advgb-post-tax-term\">D\u00e2mina Pereira<\/span>","<span class=\"advgb-post-tax-term\">Santa Casa de Lavras<\/span>"]}},"comment_count":"0","relative_dates":{"created":"Publicado 10 anos atr\u00e1s","modified":"Atualizado 10 anos atr\u00e1s"},"absolute_dates":{"created":"Publicado em 6 de setembro de 2016","modified":"Atualizado em 6 de setembro de 2016"},"absolute_dates_time":{"created":"Publicado em 6 de setembro de 2016 16:10","modified":"Atualizado em 6 de setembro de 2016 16:10"},"featured_img_caption":"","series_order":"","_links":{"self":[{"href":"https:\/\/lavras.tv\/site\/wp-json\/wp\/v2\/posts\/2107","targetHints":{"allow":["GET"]}}],"collection":[{"href":"https:\/\/lavras.tv\/site\/wp-json\/wp\/v2\/posts"}],"about":[{"href":"https:\/\/lavras.tv\/site\/wp-json\/wp\/v2\/types\/post"}],"author":[{"embeddable":true,"href":"https:\/\/lavras.tv\/site\/wp-json\/wp\/v2\/users\/2"}],"replies":[{"embeddable":true,"href":"https:\/\/lavras.tv\/site\/wp-json\/wp\/v2\/comments?post=2107"}],"version-history":[{"count":1,"href":"https:\/\/lavras.tv\/site\/wp-json\/wp\/v2\/posts\/2107\/revisions"}],"predecessor-version":[{"id":2109,"href":"https:\/\/lavras.tv\/site\/wp-json\/wp\/v2\/posts\/2107\/revisions\/2109"}],"wp:featuredmedia":[{"embeddable":true,"href":"https:\/\/lavras.tv\/site\/wp-json\/wp\/v2\/media\/2108"}],"wp:attachment":[{"href":"https:\/\/lavras.tv\/site\/wp-json\/wp\/v2\/media?parent=2107"}],"wp:term":[{"taxonomy":"category","embeddable":true,"href":"https:\/\/lavras.tv\/site\/wp-json\/wp\/v2\/categories?post=2107"},{"taxonomy":"post_tag","embeddable":true,"href":"https:\/\/lavras.tv\/site\/wp-json\/wp\/v2\/tags?post=2107"}],"curies":[{"name":"wp","href":"https:\/\/api.w.org\/{rel}","templated":true}]}}