{"id":2110,"date":"2016-09-06T16:16:53","date_gmt":"2016-09-06T19:16:53","guid":{"rendered":"http:\/\/lavras.tv\/site\/?p=2110"},"modified":"2016-09-06T16:16:53","modified_gmt":"2016-09-06T19:16:53","slug":"abertura-dos-jogos-de-minas-sera-nesta-quarta-feira","status":"publish","type":"post","link":"https:\/\/lavras.tv\/site\/2016\/09\/06\/abertura-dos-jogos-de-minas-sera-nesta-quarta-feira\/","title":{"rendered":"Abertura dos Jogos de Minas ser\u00e1 nesta quarta-feira"},"content":{"rendered":"<div class=\"lavra-antes-do-conteudo_2\" id=\"lavra-1369901203\"><div id=\"lavra-slider-27\" class=\"custom-slider lavra-slider-1024290906 lavra-slider\"><ul><li><div style=\"margin-left: auto;margin-right: auto;text-align: center;\" id=\"lavra-2363729989\"><a href=\"https:\/\/sistemas.lavras.mg.gov.br\/portalcidadao\/#df1b1a7c7b2a290bcb31e32771e610784662739a88807c0dacac58ede5f391a7530e299dc302d611ee73cb143fc22eaf93592e53e7b5bdb01b00a0b8d28dae460c141dd2ff83412e4dc1c31b16b25f33144a9e5620ea73b13f5bc1c59411d98439ad226e8af03840603796067d87afe130812cf3de24982d0e306f9e61e764e5\" aria-label=\"Lavras-TV&#8211;720x104px (1) (1)\"><img src=\"https:\/\/lavras.tv\/site\/wp-content\/uploads\/2025\/01\/Lavras-TV-720x104px-1-1.png\" alt=\"\"  srcset=\"https:\/\/lavras.tv\/site\/wp-content\/uploads\/2025\/01\/Lavras-TV-720x104px-1-1.png 720w, https:\/\/lavras.tv\/site\/wp-content\/uploads\/2025\/01\/Lavras-TV-720x104px-1-1-470x68.png 470w, https:\/\/lavras.tv\/site\/wp-content\/uploads\/2025\/01\/Lavras-TV-720x104px-1-1-170x25.png 170w, https:\/\/lavras.tv\/site\/wp-content\/uploads\/2025\/01\/Lavras-TV-720x104px-1-1-200x29.png 200w\" sizes=\"(max-width: 720px) 100vw, 720px\" width=\"720\" height=\"104\"  style=\"display: inline-block;\" \/><\/a><\/div><\/li><li><a href=\"https:\/\/sistemas.lavras.mg.gov.br\/portalcidadao\/#df1b1a7c7b2a290bcb31e32771e610784662739a88807c0dacac58ede5f391a7530e299dc302d611ee73cb143fc22eaf93592e53e7b5bdb01b00a0b8d28dae460c141dd2ff83412e4dc1c31b16b25f33144a9e5620ea73b13f5bc1c59411d98439ad226e8af03840603796067d87afe130812cf3de24982d0e306f9e61e764e5\" aria-label=\"Banner_Emprego_PortallavrasTV\"><img src=\"https:\/\/lavras.tv\/site\/wp-content\/uploads\/2025\/03\/Banner_Emprego_PortallavrasTV.png\" alt=\"\"  srcset=\"https:\/\/lavras.tv\/site\/wp-content\/uploads\/2025\/03\/Banner_Emprego_PortallavrasTV.png 720w, https:\/\/lavras.tv\/site\/wp-content\/uploads\/2025\/03\/Banner_Emprego_PortallavrasTV-470x68.png 470w, https:\/\/lavras.tv\/site\/wp-content\/uploads\/2025\/03\/Banner_Emprego_PortallavrasTV-170x25.png 170w, https:\/\/lavras.tv\/site\/wp-content\/uploads\/2025\/03\/Banner_Emprego_PortallavrasTV-200x29.png 200w\" sizes=\"(max-width: 720px) 100vw, 720px\" width=\"720\" height=\"104\"   \/><\/a><\/li><li><a href=\"https:\/\/sistemas.lavras.mg.gov.br\/portalcidadao\/#df1b1a7c7b2a290bcb31e32771e610784662739a88807c0dacac58ede5f391a7530e299dc302d611ee73cb143fc22eaf93592e53e7b5bdb01b00a0b8d28dae460c141dd2ff83412e4dc1c31b16b25f33144a9e5620ea73b13f5bc1c59411d98439ad226e8af03840603796067d87afe130812cf3de24982d0e306f9e61e764e5\" aria-label=\"Banner_Obras_PortallavrasTV\"><img src=\"https:\/\/lavras.tv\/site\/wp-content\/uploads\/2025\/03\/Banner_Obras_PortallavrasTV.png\" alt=\"\"  srcset=\"https:\/\/lavras.tv\/site\/wp-content\/uploads\/2025\/03\/Banner_Obras_PortallavrasTV.png 720w, https:\/\/lavras.tv\/site\/wp-content\/uploads\/2025\/03\/Banner_Obras_PortallavrasTV-470x68.png 470w, https:\/\/lavras.tv\/site\/wp-content\/uploads\/2025\/03\/Banner_Obras_PortallavrasTV-170x25.png 170w, https:\/\/lavras.tv\/site\/wp-content\/uploads\/2025\/03\/Banner_Obras_PortallavrasTV-200x29.png 200w\" sizes=\"(max-width: 720px) 100vw, 720px\" width=\"720\" height=\"104\"   \/><\/a><\/li><li><div style=\"margin-left: auto;margin-right: auto;text-align: center;\" id=\"lavra-2428038536\"><a href=\"https:\/\/sistemas.lavras.mg.gov.br\/portalcidadao\/#df1b1a7c7b2a290bcb31e32771e610784662739a88807c0dacac58ede5f391a7530e299dc302d611ee73cb143fc22eaf93592e53e7b5bdb01b00a0b8d28dae460c141dd2ff83412e4dc1c31b16b25f33144a9e5620ea73b13f5bc1c59411d98439ad226e8af03840603796067d87afe130812cf3de24982d0e306f9e61e764e5\" aria-label=\"Banner_Educa\u00e7\u00e3o_PortallavrasTV\"><img src=\"https:\/\/lavras.tv\/site\/wp-content\/uploads\/2025\/01\/Banner_Educacao_PortallavrasTV.png\" alt=\"\"  srcset=\"https:\/\/lavras.tv\/site\/wp-content\/uploads\/2025\/01\/Banner_Educacao_PortallavrasTV.png 720w, https:\/\/lavras.tv\/site\/wp-content\/uploads\/2025\/01\/Banner_Educacao_PortallavrasTV-470x68.png 470w, https:\/\/lavras.tv\/site\/wp-content\/uploads\/2025\/01\/Banner_Educacao_PortallavrasTV-170x25.png 170w, https:\/\/lavras.tv\/site\/wp-content\/uploads\/2025\/01\/Banner_Educacao_PortallavrasTV-200x29.png 200w\" sizes=\"(max-width: 720px) 100vw, 720px\" width=\"720\" height=\"104\"  style=\"display: inline-block;\" \/><\/a><\/div><\/li><li><a href=\"https:\/\/sistemas.lavras.mg.gov.br\/portalcidadao\/#df1b1a7c7b2a290bcb31e32771e610784662739a88807c0dacac58ede5f391a7530e299dc302d611ee73cb143fc22eaf93592e53e7b5bdb01b00a0b8d28dae460c141dd2ff83412e4dc1c31b16b25f33144a9e5620ea73b13f5bc1c59411d98439ad226e8af03840603796067d87afe130812cf3de24982d0e306f9e61e764e5\" aria-label=\"Banner_Sa\u00fade_PortallavrasTV\"><img src=\"https:\/\/lavras.tv\/site\/wp-content\/uploads\/2025\/03\/Banner_Saude_PortallavrasTV.png\" alt=\"\"  srcset=\"https:\/\/lavras.tv\/site\/wp-content\/uploads\/2025\/03\/Banner_Saude_PortallavrasTV.png 720w, https:\/\/lavras.tv\/site\/wp-content\/uploads\/2025\/03\/Banner_Saude_PortallavrasTV-470x68.png 470w, https:\/\/lavras.tv\/site\/wp-content\/uploads\/2025\/03\/Banner_Saude_PortallavrasTV-170x25.png 170w, https:\/\/lavras.tv\/site\/wp-content\/uploads\/2025\/03\/Banner_Saude_PortallavrasTV-200x29.png 200w\" sizes=\"(max-width: 720px) 100vw, 720px\" width=\"720\" height=\"104\"   \/><\/a><\/li><li><div id=\"lavra-3957901503\" style=\"width:720px;height:104px;background-color:#ddd;overflow:scroll;\">\n\t<strong>Sa\u00edda da depura\u00e7\u00e3o de an\u00fancios<\/strong>\n\t<br><br>\n\tO an\u00fancio n\u00e3o \u00e9 exibido na p\u00e1gina<br><br>post atual: Abertura dos Jogos de Minas ser\u00e1 nesta quarta-feira, ID: 2110<br><br><span style=\"color: red;\">O post atual n\u00e3o \u00e9 id\u00eantico ao post principal.<\/span><br><br>An\u00fancios: ROXO - TOPO INTERNA - ROTATIVO 2 (197)<br \/>Grupo de an\u00fancios: Princ_Meio01_720x104 (27)<br><br>Condi\u00e7\u00f5es de exibi\u00e7\u00e3o<div style=\"margin-bottom: 20px; white-space: pre-wrap; font-family: monospace; width: 100%; background: #ffe9e9;\"><strong>condi\u00e7\u00f5es gerais<\/strong><table border=\"1\"><thead><tr><th><\/th><th>An\u00fancios<\/th><th>wp_the_query<\/th><\/tr><\/thead><tr><td>is_main_query<\/td><td>1<\/td><td>1<\/td><\/tr><tr><td>is_rest_api<\/td><td>0<\/td><td>1<\/td><\/tr><tr><td>page<\/td><td>0<\/td><td>1<\/td><\/tr><tr><td>numpages<\/td><td>0<\/td><td>1<\/td><\/tr><tr><td>is_archive<\/td><td>1<\/td><td><\/td><\/tr><tr><td>is_search<\/td><td>1<\/td><td><\/td><\/tr><tr><td>is_home<\/td><td>1<\/td><td><\/td><\/tr><tr><td>is_404<\/td><td>1<\/td><td><\/td><\/tr><tr><td>is_attachment<\/td><td>1<\/td><td><\/td><\/tr><tr><td>is_singular<\/td><td>1<\/td><td><\/td><\/tr><tr><td>is_front_page<\/td><td>1<\/td><td><\/td><\/tr><tr><td>is_feed<\/td><td>1<\/td><td><\/td><\/tr><\/table><\/div><br><br><span style=\"color: red;\">Seu site usa HTTPS, mas o c\u00f3digo do an\u00fancio cont\u00e9m HTTP e pode n\u00e3o funcionar.<\/span>\t<br><br>\n\t<a style=\"color: green;\" href=\"https:\/\/wpadvancedads.com\/manual\/ad-debug-mode\/?utm_source=advanced-ads&utm_medium=link&utm_campaign=ad-debug-mode\" target=\"_blank\" rel=\"nofollow\">Encontre solu\u00e7\u00f5es no manual<\/a>\n<\/div>\n<\/li><\/ul><\/div><script>( window.advanced_ads_ready || jQuery( document ).ready ).call( null, function() {var $lavraslider1024290906 = jQuery( \".lavra-slider-1024290906\" );$lavraslider1024290906.on( \"unslider.ready\", function() { jQuery( \"div.custom-slider ul li\" ).css( \"display\", \"block\" ); });$lavraslider1024290906.unslider({ delay:4000, autoplay:true, nav:false, arrows:false, infinite:true });$lavraslider1024290906.on(\"mouseover\", function() {$lavraslider1024290906.unslider(\"stop\");}).on(\"mouseout\", function() {$lavraslider1024290906.unslider(\"start\");});});<\/script><\/div><p>Depois de sediar a etapa estadual dos Jogos Escolares de Minas Gerais, a cidade de Lavras, no Territ\u00f3rio Sul, recebe agora a fase decisiva dos Jogos de Minas Gerais, outro importante programa da <a href=\"http:\/\/www.esportes.mg.gov.br\/\" target=\"_blank\">Secretaria de Estado de Esportes (Seesp)<\/a>.<\/p>\n<p>At\u00e9 o dia 11 de setembro, domingo, 1.350 atletas de 48 cidades estar\u00e3o envolvidos nas disputas das modalidades coletivas \u2013 basquete, futsal, handebol e voleibol \u2013, nos naipes masculino e feminino.<img fetchpriority=\"high\" decoding=\"async\" class=\"size-full wp-image-2111 alignleft\" src=\"http:\/\/lavras.tv\/site\/wp-content\/uploads\/2016\/09\/jogos-de-minas.jpg\" alt=\"jogos de minas\" width=\"550\" height=\"300\" srcset=\"https:\/\/lavras.tv\/site\/wp-content\/uploads\/2016\/09\/jogos-de-minas.jpg 550w, https:\/\/lavras.tv\/site\/wp-content\/uploads\/2016\/09\/jogos-de-minas-150x82.jpg 150w, https:\/\/lavras.tv\/site\/wp-content\/uploads\/2016\/09\/jogos-de-minas-300x164.jpg 300w\" sizes=\"(max-width: 550px) 100vw, 550px\" \/><\/p>\n<p>A abertura oficial da etapa estadual ser\u00e1 realizada nesta quarta-feira (7\/9), \u00e0s 20h, no Lavras T\u00eanis Clube, na Rua Proc\u00f3pio de Alvarenga 8, Centro.\u00a0 Para a torcida que for acompanhar a competi\u00e7\u00e3o n\u00e3o faltar\u00e3o op\u00e7\u00f5es de confrontos e hor\u00e1rios: est\u00e3o programadas 214 partidas de quarta-feira a domingo, de 8h \u00e0s 20h.<a href=\"http:\/\/jogosdeminas.esportes.mg.gov.br\/wp-content\/uploads\/2016\/08\/TABELA-LAVRAS-EST.-PUBLICAR.pdf\" target=\"_blank\">Confira a tabela dos jogos<\/a><\/p>\n<p>As disputas do basquete acontecem no Gin\u00e1sio II da Universidade Federal de Lavras (Ufla) e no Gin\u00e1sio Edimilson Bosco Chitarra. O futsal ter\u00e1 seus jogos realizados nos gin\u00e1sios do Clube ABR Cofap e do Col\u00e9gio Tiradentes. J\u00e1 o handebol acontece no Lavras T\u00eanis Clube e no Gin\u00e1sio CIUNE da Ufla. As quadras da Associa\u00e7\u00e3o Atl\u00e9tica Ferrovi\u00e1rio e da Selt sediam as partidas de voleibol.<\/p>\n<p><strong>Modalidades individuais<\/strong><\/p>\n<p>No s\u00e1bado (3\/9) e no domingo (4\/9), foram realizadas, tamb\u00e9m em Lavras, as disputas das modalidades individuais dos Jogos de Minas Gerais. Mais de 300 atletas se inscreveram para participar das competi\u00e7\u00f5es de jud\u00f4, ciclismo speed e ciclismo mountain bike.<\/p>\n<p><strong>Evento<\/strong><\/p>\n<p>Os Jogos de Minas Gerais s\u00e3o disputados por atletas e equipes de munic\u00edpios, clubes ou associa\u00e7\u00f5es obrigatoriamente filiados \u00e0s federa\u00e7\u00f5es esportivas mineiras. A competi\u00e7\u00e3o tem por finalidade desenvolver uma cadeia produtiva do esporte, visando potencializar os desportos de rendimento em Minas Gerais e possibilitar a qualifica\u00e7\u00e3o t\u00e9cnica, t\u00e1tica e f\u00edsica dos atletas e equipes, al\u00e9m do surgimento de novos talentos para o desporto estadual e nacional.<\/p>\n<p>O evento \u00e9 executado pela Secretaria de Estado de Esportes em parceria as federa\u00e7\u00f5es esportivas mineiras, com o apoio das prefeituras municipais.<\/p>\n","protected":false},"excerpt":{"rendered":"<p>Depois de sediar a etapa estadual dos Jogos Escolares de Minas Gerais, a cidade de Lavras, no Territ\u00f3rio Sul, recebe agora a fase decisiva dos Jogos de Minas Gerais, outro importante programa da Secretaria de Estado de Esportes (Seesp). At\u00e9 o dia 11 de setembro, domingo, 1.350 atletas de 48 cidades estar\u00e3o envolvidos nas disputas [&hellip;]<\/p>\n","protected":false},"author":2,"featured_media":2111,"comment_status":"closed","ping_status":"open","sticky":false,"template":"","format":"standard","meta":{"advgb_blocks_editor_width":"","advgb_blocks_columns_visual_guide":"","_exactmetrics_skip_tracking":false,"_exactmetrics_sitenote_active":false,"_exactmetrics_sitenote_note":"","_exactmetrics_sitenote_category":0,"footnotes":""},"categories":[7,3],"tags":[730,729,44],"class_list":["post-2110","post","type-post","status-publish","format-standard","has-post-thumbnail","hentry","category-destaques","category-esportes","tag-agencia-minas","tag-jogos-de-minas-2016","tag-lavras-mg"],"better_featured_image":{"id":2111,"alt_text":"","caption":"","description":"","media_type":"image","media_details":{"width":550,"height":300,"file":"2016\/09\/jogos-de-minas.jpg","sizes":{"thumbnail":{"file":"jogos-de-minas-150x82.jpg","width":150,"height":82,"mime-type":"image\/jpeg","source_url":"https:\/\/lavras.tv\/site\/wp-content\/uploads\/2016\/09\/jogos-de-minas-150x82.jpg"},"medium":{"file":"jogos-de-minas-300x164.jpg","width":300,"height":164,"mime-type":"image\/jpeg","source_url":"https:\/\/lavras.tv\/site\/wp-content\/uploads\/2016\/09\/jogos-de-minas-300x164.jpg"},"featured-post-img":{"file":"jogos-de-minas-480x300.jpg","width":480,"height":300,"mime-type":"image\/jpeg","source_url":"https:\/\/lavras.tv\/site\/wp-content\/uploads\/2016\/09\/jogos-de-minas-480x300.jpg"},"sow-carousel-default":{"file":"jogos-de-minas-272x182.jpg","width":272,"height":182,"mime-type":"image\/jpeg","source_url":"https:\/\/lavras.tv\/site\/wp-content\/uploads\/2016\/09\/jogos-de-minas-272x182.jpg"}},"image_meta":{"aperture":"0","credit":"","camera":"","caption":"","created_timestamp":"0","copyright":"2012 The FA","focal_length":"0","iso":"0","shutter_speed":"0","title":"","orientation":"0","keywords":[]}},"post":2110,"source_url":"https:\/\/lavras.tv\/site\/wp-content\/uploads\/2016\/09\/jogos-de-minas.jpg"},"author_meta":{"display_name":"Lavras TV","author_link":"https:\/\/lavras.tv\/site\/author\/lavrastv\/"},"featured_img":"https:\/\/lavras.tv\/site\/wp-content\/uploads\/2016\/09\/jogos-de-minas-300x164.jpg","coauthors":[],"tax_additional":{"categories":{"linked":["<a href=\"https:\/\/lavras.tv\/site\/category\/destaques\/\" class=\"advgb-post-tax-term\">Destaques<\/a>","<a href=\"https:\/\/lavras.tv\/site\/category\/esportes\/\" class=\"advgb-post-tax-term\">Esportes<\/a>"],"unlinked":["<span class=\"advgb-post-tax-term\">Destaques<\/span>","<span class=\"advgb-post-tax-term\">Esportes<\/span>"]},"tags":{"linked":["<a href=\"https:\/\/lavras.tv\/site\/category\/esportes\/\" class=\"advgb-post-tax-term\">agencia minas<\/a>","<a href=\"https:\/\/lavras.tv\/site\/category\/esportes\/\" class=\"advgb-post-tax-term\">jogos de minas 2016<\/a>","<a href=\"https:\/\/lavras.tv\/site\/category\/esportes\/\" class=\"advgb-post-tax-term\">lavras mg<\/a>"],"unlinked":["<span class=\"advgb-post-tax-term\">agencia minas<\/span>","<span class=\"advgb-post-tax-term\">jogos de minas 2016<\/span>","<span class=\"advgb-post-tax-term\">lavras mg<\/span>"]}},"comment_count":"0","relative_dates":{"created":"Publicado 10 anos atr\u00e1s","modified":"Atualizado 10 anos atr\u00e1s"},"absolute_dates":{"created":"Publicado em 6 de setembro de 2016","modified":"Atualizado em 6 de setembro de 2016"},"absolute_dates_time":{"created":"Publicado em 6 de setembro de 2016 16:16","modified":"Atualizado em 6 de setembro de 2016 16:16"},"featured_img_caption":"","series_order":"","_links":{"self":[{"href":"https:\/\/lavras.tv\/site\/wp-json\/wp\/v2\/posts\/2110","targetHints":{"allow":["GET"]}}],"collection":[{"href":"https:\/\/lavras.tv\/site\/wp-json\/wp\/v2\/posts"}],"about":[{"href":"https:\/\/lavras.tv\/site\/wp-json\/wp\/v2\/types\/post"}],"author":[{"embeddable":true,"href":"https:\/\/lavras.tv\/site\/wp-json\/wp\/v2\/users\/2"}],"replies":[{"embeddable":true,"href":"https:\/\/lavras.tv\/site\/wp-json\/wp\/v2\/comments?post=2110"}],"version-history":[{"count":1,"href":"https:\/\/lavras.tv\/site\/wp-json\/wp\/v2\/posts\/2110\/revisions"}],"predecessor-version":[{"id":2112,"href":"https:\/\/lavras.tv\/site\/wp-json\/wp\/v2\/posts\/2110\/revisions\/2112"}],"wp:featuredmedia":[{"embeddable":true,"href":"https:\/\/lavras.tv\/site\/wp-json\/wp\/v2\/media\/2111"}],"wp:attachment":[{"href":"https:\/\/lavras.tv\/site\/wp-json\/wp\/v2\/media?parent=2110"}],"wp:term":[{"taxonomy":"category","embeddable":true,"href":"https:\/\/lavras.tv\/site\/wp-json\/wp\/v2\/categories?post=2110"},{"taxonomy":"post_tag","embeddable":true,"href":"https:\/\/lavras.tv\/site\/wp-json\/wp\/v2\/tags?post=2110"}],"curies":[{"name":"wp","href":"https:\/\/api.w.org\/{rel}","templated":true}]}}