{"id":2127,"date":"2016-09-08T08:07:51","date_gmt":"2016-09-08T11:07:51","guid":{"rendered":"http:\/\/lavras.tv\/site\/?p=2127"},"modified":"2016-09-08T08:07:51","modified_gmt":"2016-09-08T11:07:51","slug":"protagonismo-feminino-e-o-tema-de-setembro-do-cine-sesc","status":"publish","type":"post","link":"https:\/\/lavras.tv\/site\/2016\/09\/08\/protagonismo-feminino-e-o-tema-de-setembro-do-cine-sesc\/","title":{"rendered":"&#8220;Protagonismo Feminino&#8221; \u00e9 o tema de setembro do Cine Sesc"},"content":{"rendered":"<div class=\"lavra-antes-do-conteudo_2\" id=\"lavra-738919595\"><div id=\"lavra-slider-27\" class=\"custom-slider lavra-slider-238678362 lavra-slider\"><ul><li><div style=\"margin-left: auto;margin-right: auto;text-align: center;\" id=\"lavra-2821258899\"><a href=\"https:\/\/sistemas.lavras.mg.gov.br\/portalcidadao\/#df1b1a7c7b2a290bcb31e32771e610784662739a88807c0dacac58ede5f391a7530e299dc302d611ee73cb143fc22eaf93592e53e7b5bdb01b00a0b8d28dae460c141dd2ff83412e4dc1c31b16b25f33144a9e5620ea73b13f5bc1c59411d98439ad226e8af03840603796067d87afe130812cf3de24982d0e306f9e61e764e5\" aria-label=\"Lavras-TV&#8211;720x104px (1) (1)\"><img src=\"https:\/\/lavras.tv\/site\/wp-content\/uploads\/2025\/01\/Lavras-TV-720x104px-1-1.png\" alt=\"\"  srcset=\"https:\/\/lavras.tv\/site\/wp-content\/uploads\/2025\/01\/Lavras-TV-720x104px-1-1.png 720w, https:\/\/lavras.tv\/site\/wp-content\/uploads\/2025\/01\/Lavras-TV-720x104px-1-1-470x68.png 470w, https:\/\/lavras.tv\/site\/wp-content\/uploads\/2025\/01\/Lavras-TV-720x104px-1-1-170x25.png 170w, https:\/\/lavras.tv\/site\/wp-content\/uploads\/2025\/01\/Lavras-TV-720x104px-1-1-200x29.png 200w\" sizes=\"(max-width: 720px) 100vw, 720px\" width=\"720\" height=\"104\"  style=\"display: inline-block;\" \/><\/a><\/div><\/li><li><a href=\"https:\/\/sistemas.lavras.mg.gov.br\/portalcidadao\/#df1b1a7c7b2a290bcb31e32771e610784662739a88807c0dacac58ede5f391a7530e299dc302d611ee73cb143fc22eaf93592e53e7b5bdb01b00a0b8d28dae460c141dd2ff83412e4dc1c31b16b25f33144a9e5620ea73b13f5bc1c59411d98439ad226e8af03840603796067d87afe130812cf3de24982d0e306f9e61e764e5\" aria-label=\"Banner_Emprego_PortallavrasTV\"><img src=\"https:\/\/lavras.tv\/site\/wp-content\/uploads\/2025\/03\/Banner_Emprego_PortallavrasTV.png\" alt=\"\"  srcset=\"https:\/\/lavras.tv\/site\/wp-content\/uploads\/2025\/03\/Banner_Emprego_PortallavrasTV.png 720w, https:\/\/lavras.tv\/site\/wp-content\/uploads\/2025\/03\/Banner_Emprego_PortallavrasTV-470x68.png 470w, https:\/\/lavras.tv\/site\/wp-content\/uploads\/2025\/03\/Banner_Emprego_PortallavrasTV-170x25.png 170w, https:\/\/lavras.tv\/site\/wp-content\/uploads\/2025\/03\/Banner_Emprego_PortallavrasTV-200x29.png 200w\" sizes=\"(max-width: 720px) 100vw, 720px\" width=\"720\" height=\"104\"   \/><\/a><\/li><li><a href=\"https:\/\/sistemas.lavras.mg.gov.br\/portalcidadao\/#df1b1a7c7b2a290bcb31e32771e610784662739a88807c0dacac58ede5f391a7530e299dc302d611ee73cb143fc22eaf93592e53e7b5bdb01b00a0b8d28dae460c141dd2ff83412e4dc1c31b16b25f33144a9e5620ea73b13f5bc1c59411d98439ad226e8af03840603796067d87afe130812cf3de24982d0e306f9e61e764e5\" aria-label=\"Banner_Obras_PortallavrasTV\"><img src=\"https:\/\/lavras.tv\/site\/wp-content\/uploads\/2025\/03\/Banner_Obras_PortallavrasTV.png\" alt=\"\"  srcset=\"https:\/\/lavras.tv\/site\/wp-content\/uploads\/2025\/03\/Banner_Obras_PortallavrasTV.png 720w, https:\/\/lavras.tv\/site\/wp-content\/uploads\/2025\/03\/Banner_Obras_PortallavrasTV-470x68.png 470w, https:\/\/lavras.tv\/site\/wp-content\/uploads\/2025\/03\/Banner_Obras_PortallavrasTV-170x25.png 170w, https:\/\/lavras.tv\/site\/wp-content\/uploads\/2025\/03\/Banner_Obras_PortallavrasTV-200x29.png 200w\" sizes=\"(max-width: 720px) 100vw, 720px\" width=\"720\" height=\"104\"   \/><\/a><\/li><li><div style=\"margin-left: auto;margin-right: auto;text-align: center;\" id=\"lavra-1234282614\"><a href=\"https:\/\/sistemas.lavras.mg.gov.br\/portalcidadao\/#df1b1a7c7b2a290bcb31e32771e610784662739a88807c0dacac58ede5f391a7530e299dc302d611ee73cb143fc22eaf93592e53e7b5bdb01b00a0b8d28dae460c141dd2ff83412e4dc1c31b16b25f33144a9e5620ea73b13f5bc1c59411d98439ad226e8af03840603796067d87afe130812cf3de24982d0e306f9e61e764e5\" aria-label=\"Banner_Educa\u00e7\u00e3o_PortallavrasTV\"><img src=\"https:\/\/lavras.tv\/site\/wp-content\/uploads\/2025\/01\/Banner_Educacao_PortallavrasTV.png\" alt=\"\"  srcset=\"https:\/\/lavras.tv\/site\/wp-content\/uploads\/2025\/01\/Banner_Educacao_PortallavrasTV.png 720w, https:\/\/lavras.tv\/site\/wp-content\/uploads\/2025\/01\/Banner_Educacao_PortallavrasTV-470x68.png 470w, https:\/\/lavras.tv\/site\/wp-content\/uploads\/2025\/01\/Banner_Educacao_PortallavrasTV-170x25.png 170w, https:\/\/lavras.tv\/site\/wp-content\/uploads\/2025\/01\/Banner_Educacao_PortallavrasTV-200x29.png 200w\" sizes=\"(max-width: 720px) 100vw, 720px\" width=\"720\" height=\"104\"  style=\"display: inline-block;\" \/><\/a><\/div><\/li><li><a href=\"https:\/\/sistemas.lavras.mg.gov.br\/portalcidadao\/#df1b1a7c7b2a290bcb31e32771e610784662739a88807c0dacac58ede5f391a7530e299dc302d611ee73cb143fc22eaf93592e53e7b5bdb01b00a0b8d28dae460c141dd2ff83412e4dc1c31b16b25f33144a9e5620ea73b13f5bc1c59411d98439ad226e8af03840603796067d87afe130812cf3de24982d0e306f9e61e764e5\" aria-label=\"Banner_Sa\u00fade_PortallavrasTV\"><img src=\"https:\/\/lavras.tv\/site\/wp-content\/uploads\/2025\/03\/Banner_Saude_PortallavrasTV.png\" alt=\"\"  srcset=\"https:\/\/lavras.tv\/site\/wp-content\/uploads\/2025\/03\/Banner_Saude_PortallavrasTV.png 720w, https:\/\/lavras.tv\/site\/wp-content\/uploads\/2025\/03\/Banner_Saude_PortallavrasTV-470x68.png 470w, https:\/\/lavras.tv\/site\/wp-content\/uploads\/2025\/03\/Banner_Saude_PortallavrasTV-170x25.png 170w, https:\/\/lavras.tv\/site\/wp-content\/uploads\/2025\/03\/Banner_Saude_PortallavrasTV-200x29.png 200w\" sizes=\"(max-width: 720px) 100vw, 720px\" width=\"720\" height=\"104\"   \/><\/a><\/li><li><div id=\"lavra-3618009495\" style=\"width:720px;height:104px;background-color:#ddd;overflow:scroll;\">\n\t<strong>Sa\u00edda da depura\u00e7\u00e3o de an\u00fancios<\/strong>\n\t<br><br>\n\tO an\u00fancio n\u00e3o \u00e9 exibido na p\u00e1gina<br><br>post atual: \"Protagonismo Feminino\" \u00e9 o tema de setembro do Cine Sesc, ID: 2127<br><br><span style=\"color: red;\">O post atual n\u00e3o \u00e9 id\u00eantico ao post principal.<\/span><br><br>An\u00fancios: ROXO - TOPO INTERNA - ROTATIVO 2 (197)<br \/>Grupo de an\u00fancios: Princ_Meio01_720x104 (27)<br><br>Condi\u00e7\u00f5es de exibi\u00e7\u00e3o<div style=\"margin-bottom: 20px; white-space: pre-wrap; font-family: monospace; width: 100%; background: #ffe9e9;\"><strong>condi\u00e7\u00f5es gerais<\/strong><table border=\"1\"><thead><tr><th><\/th><th>An\u00fancios<\/th><th>wp_the_query<\/th><\/tr><\/thead><tr><td>is_main_query<\/td><td>1<\/td><td>1<\/td><\/tr><tr><td>is_rest_api<\/td><td>0<\/td><td>1<\/td><\/tr><tr><td>page<\/td><td>0<\/td><td>1<\/td><\/tr><tr><td>numpages<\/td><td>0<\/td><td>1<\/td><\/tr><tr><td>is_archive<\/td><td>1<\/td><td><\/td><\/tr><tr><td>is_search<\/td><td>1<\/td><td><\/td><\/tr><tr><td>is_home<\/td><td>1<\/td><td><\/td><\/tr><tr><td>is_404<\/td><td>1<\/td><td><\/td><\/tr><tr><td>is_attachment<\/td><td>1<\/td><td><\/td><\/tr><tr><td>is_singular<\/td><td>1<\/td><td><\/td><\/tr><tr><td>is_front_page<\/td><td>1<\/td><td><\/td><\/tr><tr><td>is_feed<\/td><td>1<\/td><td><\/td><\/tr><\/table><\/div><br><br><span style=\"color: red;\">Seu site usa HTTPS, mas o c\u00f3digo do an\u00fancio cont\u00e9m HTTP e pode n\u00e3o funcionar.<\/span>\t<br><br>\n\t<a style=\"color: green;\" href=\"https:\/\/wpadvancedads.com\/manual\/ad-debug-mode\/?utm_source=advanced-ads&utm_medium=link&utm_campaign=ad-debug-mode\" target=\"_blank\" rel=\"nofollow\">Encontre solu\u00e7\u00f5es no manual<\/a>\n<\/div>\n<\/li><\/ul><\/div><script>( window.advanced_ads_ready || jQuery( document ).ready ).call( null, function() {var $lavraslider238678362 = jQuery( \".lavra-slider-238678362\" );$lavraslider238678362.on( \"unslider.ready\", function() { jQuery( \"div.custom-slider ul li\" ).css( \"display\", \"block\" ); });$lavraslider238678362.unslider({ delay:4000, autoplay:true, nav:false, arrows:false, infinite:true });$lavraslider238678362.on(\"mouseover\", function() {$lavraslider238678362.unslider(\"stop\");}).on(\"mouseout\", function() {$lavraslider238678362.unslider(\"start\");});});<\/script><\/div><p>Em setembro, o\u00a0<em>CineSesc<\/em>\u00a0exibe quatro longas que prometem inspirar os espectadores, com o ciclo\u00a0<em>Mulheres Protagonistas<\/em>. Est\u00e3o na programa\u00e7\u00e3o os filmes\u00a0<em>Lulu nua e crua<\/em>\u00a0(Fran\u00e7a, 2013);\u00a0<em>Sudoeste<\/em>\u00a0(Brasil, 2012);\u00a0<em>Frances Ha<\/em>\u00a0(EUA, 2013); e\u00a0<em>Blue Jasmine<\/em>(EUA, 2013). As sess\u00f5es s\u00e3o totalmente gratuitas.<\/p>\n<p>O cat\u00e1logo traz filmes de mulheres que tomam as decis\u00f5es sobre suas pr\u00f3prias vidas. S\u00e3o retratadas jornadas de luta para retomar suas singularidades, seus desejos, vontades e necessidades, provocando-nos a reflex\u00e3o de que s\u00e3o as mulheres as \u00fanicas respons\u00e1veis por seus destinos.<\/p>\n<p>Na ag\u00eancia de Lavras as sess\u00f5es acontecem toda sexta-feira, \u00e0s 18h, com entrada franca.<\/p>\n<p>&nbsp;<\/p>\n<p><strong>SOBRE O \u2018CINE SESC\u2019<\/strong><\/p>\n<p>Realizado em espa\u00e7os de cinema n\u00e3o convencionais, o\u00a0<em>Cine Sesc\u00a0<\/em>\u00e9 um dos maiores circuitos de exibi\u00e7\u00e3o de filmes no pa\u00eds. As obras s\u00e3o apresentadas nas salas de audiovisual das unidades, incentivando a frui\u00e7\u00e3o e o bate-papo em torno do cinema brasileiro e internacional, comercial ou independente, em um eixo educativo, art\u00edstico e cultural. Nessa perspectiva, o projeto prop\u00f5e um recorte tem\u00e1tico com filmes que abordam assuntos sociais relevantes.<\/p>\n<p>&nbsp;<\/p>\n<p><strong>SINOPSES<\/strong><\/p>\n<p><strong><em>LULU NUA E CRUA<\/em><\/strong><\/p>\n<p>Solveig Anspach | Fran\u00e7a | 2013 | 87min | Classifica\u00e7\u00e3o 12 anos<\/p>\n<p>Ap\u00f3s uma entrevista de emprego que n\u00e3o \u00e9 boa, Lulu decide n\u00e3o voltar para casa e parte deixando o marido e seus tr\u00eas filhos. Ela n\u00e3o premedita nada. Ela se concede alguns dias de liberdade sem outro projeto al\u00e9m de aproveitar plenamente. No caminho, ela cruza pessoas que tamb\u00e9m est\u00e3o na beirada do mundo. Tr\u00eas encontros decisivos v\u00e3o ajudar Lulu a reencontrar uma antiga conhecida que ela perdeu de vista : ela mesma.<\/p>\n<p>&nbsp;<\/p>\n<p><strong><em>SUDOESTE<\/em><\/strong><\/p>\n<p>Eduardo Nunes | Brasil | 2012 |128min | Classifica\u00e7\u00e3o 12 anos<\/p>\n<p>Numa vila isolada do litoral onde tudo parece im\u00f3vel, Clarice percebe a sua vida durante um \u00fanico dia, em descompasso com as pessoas que ela encontra e que apenas vivem aquele dia como outro qualquer. Ela tenta entender a sua obscura realidade e o destino das pessoas a sua volta num tempo circular que assombra e desorienta.<img fetchpriority=\"high\" decoding=\"async\" class=\"alignnone size-full wp-image-2128\" src=\"http:\/\/lavras.tv\/site\/wp-content\/uploads\/2016\/09\/lulu.jpg\" alt=\"lulu\" width=\"956\" height=\"500\" srcset=\"https:\/\/lavras.tv\/site\/wp-content\/uploads\/2016\/09\/lulu.jpg 956w, https:\/\/lavras.tv\/site\/wp-content\/uploads\/2016\/09\/lulu-150x78.jpg 150w, https:\/\/lavras.tv\/site\/wp-content\/uploads\/2016\/09\/lulu-300x157.jpg 300w\" sizes=\"(max-width: 956px) 100vw, 956px\" \/><\/p>\n<p>&nbsp;<\/p>\n<p><strong><em>FRANCES HA<\/em><\/strong><\/p>\n<p>Noah Baumbach | EUA | 2013 | 86min | Classifica\u00e7\u00e3o 12 anos<\/p>\n<p>Frances (Greta Gerwig) divide um apartamento em Nova York com Sophie (Mickey Sumner), sua melhor amiga. Brincalhona e com ar de quem n\u00e3o deseja crescer, ela recusa o convite do namorado para que more com ele justamente para n\u00e3o deixar Sophie sozinha. Entretanto, a amiga n\u00e3o toma a mesma atitude quando surge a oportunidade de se mudar para um apartamento melhor localizado, mesmo que isto signifique que ela e Frances passem a morar em locais diferentes. A partir de ent\u00e3o tem in\u00edcio a peregrina\u00e7\u00e3o de Frances em busca de um novo lugar que se adeque \u00e0s suas finan\u00e7as, j\u00e1 que ela \u00e9 apenas aluna em uma companhia de dan\u00e7a \u00e0 espera de uma chance de integrar o grupo de bailarinos que encenar\u00e1 o espet\u00e1culo de Natal. Mesmo diante das dificuldades, Frances tenta manter o alto astral diante os problemas que a vida adulta traz.<\/p>\n<p>&nbsp;<\/p>\n<p><strong><em>BLUE JASMINE<\/em><\/strong><\/p>\n<p>Woody Allen | EUA | 2013 | 98min | Classifica\u00e7\u00e3o 12 anos<\/p>\n<p>Uma milion\u00e1ria mulher (Cate Blanchett) perde todo seu dinheiro e \u00e9 obrigada a morar em S\u00e3o Francisco com sua irm\u00e3 (Sally Hawkins) e os sobrinhos em uma casa bem modesta. Ela acaba encontrando um refinado homem (Peter Sarsgaard) que pode resolver seus problemas financeiros, mas antes precisa descobrir quem \u00e9 e aceitar sua nova condi\u00e7\u00e3o de vida.<\/p>\n<p>&nbsp;<\/p>\n<p>Fonte: SESC &#8211; MG<\/p>\n","protected":false},"excerpt":{"rendered":"<p>Em setembro, o\u00a0CineSesc\u00a0exibe quatro longas que prometem inspirar os espectadores, com o ciclo\u00a0Mulheres Protagonistas. Est\u00e3o na programa\u00e7\u00e3o os filmes\u00a0Lulu nua e crua\u00a0(Fran\u00e7a, 2013);\u00a0Sudoeste\u00a0(Brasil, 2012);\u00a0Frances Ha\u00a0(EUA, 2013); e\u00a0Blue Jasmine(EUA, 2013). As sess\u00f5es s\u00e3o totalmente gratuitas. O cat\u00e1logo traz filmes de mulheres que tomam as decis\u00f5es sobre suas pr\u00f3prias vidas. S\u00e3o retratadas jornadas de luta para retomar [&hellip;]<\/p>\n","protected":false},"author":2,"featured_media":2128,"comment_status":"closed","ping_status":"open","sticky":false,"template":"","format":"standard","meta":{"advgb_blocks_editor_width":"","advgb_blocks_columns_visual_guide":"","_exactmetrics_skip_tracking":false,"_exactmetrics_sitenote_active":false,"_exactmetrics_sitenote_note":"","_exactmetrics_sitenote_category":0,"footnotes":""},"categories":[7,2],"tags":[],"class_list":["post-2127","post","type-post","status-publish","format-standard","has-post-thumbnail","hentry","category-destaques","category-noticias"],"better_featured_image":{"id":2128,"alt_text":"","caption":"","description":"","media_type":"image","media_details":{"width":956,"height":500,"file":"2016\/09\/lulu.jpg","sizes":{"thumbnail":{"file":"lulu-150x78.jpg","width":150,"height":78,"mime-type":"image\/jpeg","source_url":"https:\/\/lavras.tv\/site\/wp-content\/uploads\/2016\/09\/lulu-150x78.jpg"},"medium":{"file":"lulu-300x157.jpg","width":300,"height":157,"mime-type":"image\/jpeg","source_url":"https:\/\/lavras.tv\/site\/wp-content\/uploads\/2016\/09\/lulu-300x157.jpg"},"featured-slider-img":{"file":"lulu-640x480.jpg","width":640,"height":480,"mime-type":"image\/jpeg","source_url":"https:\/\/lavras.tv\/site\/wp-content\/uploads\/2016\/09\/lulu-640x480.jpg"},"featured-post-img":{"file":"lulu-480x320.jpg","width":480,"height":320,"mime-type":"image\/jpeg","source_url":"https:\/\/lavras.tv\/site\/wp-content\/uploads\/2016\/09\/lulu-480x320.jpg"},"sow-carousel-default":{"file":"lulu-272x182.jpg","width":272,"height":182,"mime-type":"image\/jpeg","source_url":"https:\/\/lavras.tv\/site\/wp-content\/uploads\/2016\/09\/lulu-272x182.jpg"}},"image_meta":{"aperture":"0","credit":"","camera":"","caption":"","created_timestamp":"0","copyright":"","focal_length":"0","iso":"0","shutter_speed":"0","title":"","orientation":"0","keywords":[]}},"post":2127,"source_url":"https:\/\/lavras.tv\/site\/wp-content\/uploads\/2016\/09\/lulu.jpg"},"author_meta":{"display_name":"Lavras TV","author_link":"https:\/\/lavras.tv\/site\/author\/lavrastv\/"},"featured_img":"https:\/\/lavras.tv\/site\/wp-content\/uploads\/2016\/09\/lulu-300x157.jpg","coauthors":[],"tax_additional":{"categories":{"linked":["<a href=\"https:\/\/lavras.tv\/site\/category\/destaques\/\" class=\"advgb-post-tax-term\">Destaques<\/a>","<a href=\"https:\/\/lavras.tv\/site\/category\/noticias\/\" class=\"advgb-post-tax-term\">Not\u00edcias<\/a>"],"unlinked":["<span class=\"advgb-post-tax-term\">Destaques<\/span>","<span class=\"advgb-post-tax-term\">Not\u00edcias<\/span>"]}},"comment_count":"0","relative_dates":{"created":"Publicado 10 anos atr\u00e1s","modified":"Atualizado 10 anos atr\u00e1s"},"absolute_dates":{"created":"Publicado em 8 de setembro de 2016","modified":"Atualizado em 8 de setembro de 2016"},"absolute_dates_time":{"created":"Publicado em 8 de setembro de 2016 08:07","modified":"Atualizado em 8 de setembro de 2016 08:07"},"featured_img_caption":"","series_order":"","_links":{"self":[{"href":"https:\/\/lavras.tv\/site\/wp-json\/wp\/v2\/posts\/2127","targetHints":{"allow":["GET"]}}],"collection":[{"href":"https:\/\/lavras.tv\/site\/wp-json\/wp\/v2\/posts"}],"about":[{"href":"https:\/\/lavras.tv\/site\/wp-json\/wp\/v2\/types\/post"}],"author":[{"embeddable":true,"href":"https:\/\/lavras.tv\/site\/wp-json\/wp\/v2\/users\/2"}],"replies":[{"embeddable":true,"href":"https:\/\/lavras.tv\/site\/wp-json\/wp\/v2\/comments?post=2127"}],"version-history":[{"count":1,"href":"https:\/\/lavras.tv\/site\/wp-json\/wp\/v2\/posts\/2127\/revisions"}],"predecessor-version":[{"id":2129,"href":"https:\/\/lavras.tv\/site\/wp-json\/wp\/v2\/posts\/2127\/revisions\/2129"}],"wp:featuredmedia":[{"embeddable":true,"href":"https:\/\/lavras.tv\/site\/wp-json\/wp\/v2\/media\/2128"}],"wp:attachment":[{"href":"https:\/\/lavras.tv\/site\/wp-json\/wp\/v2\/media?parent=2127"}],"wp:term":[{"taxonomy":"category","embeddable":true,"href":"https:\/\/lavras.tv\/site\/wp-json\/wp\/v2\/categories?post=2127"},{"taxonomy":"post_tag","embeddable":true,"href":"https:\/\/lavras.tv\/site\/wp-json\/wp\/v2\/tags?post=2127"}],"curies":[{"name":"wp","href":"https:\/\/api.w.org\/{rel}","templated":true}]}}