{"id":2130,"date":"2016-09-08T08:16:39","date_gmt":"2016-09-08T11:16:39","guid":{"rendered":"http:\/\/lavras.tv\/site\/?p=2130"},"modified":"2016-09-08T08:16:39","modified_gmt":"2016-09-08T11:16:39","slug":"paralimpiadas-o-que-voce-nao-pode-perder-no-1o-dia-daniel-dias-bolt-paralimpico-e-fut-7","status":"publish","type":"post","link":"https:\/\/lavras.tv\/site\/2016\/09\/08\/paralimpiadas-o-que-voce-nao-pode-perder-no-1o-dia-daniel-dias-bolt-paralimpico-e-fut-7\/","title":{"rendered":"Paralimp\u00edadas: O que voc\u00ea n\u00e3o pode perder no 1\u00ba dia: Daniel Dias, Bolt Paral\u00edmpico e fut 7"},"content":{"rendered":"<div class=\"lavra-antes-do-conteudo_2\" id=\"lavra-1235018472\"><div id=\"lavra-slider-27\" class=\"custom-slider lavra-slider-2836600139 lavra-slider\"><ul><li><div style=\"margin-left: auto;margin-right: auto;text-align: center;\" id=\"lavra-636855923\"><a href=\"https:\/\/sistemas.lavras.mg.gov.br\/portalcidadao\/#df1b1a7c7b2a290bcb31e32771e610784662739a88807c0dacac58ede5f391a7530e299dc302d611ee73cb143fc22eaf93592e53e7b5bdb01b00a0b8d28dae460c141dd2ff83412e4dc1c31b16b25f33144a9e5620ea73b13f5bc1c59411d98439ad226e8af03840603796067d87afe130812cf3de24982d0e306f9e61e764e5\" aria-label=\"Lavras-TV&#8211;720x104px (1) (1)\"><img src=\"https:\/\/lavras.tv\/site\/wp-content\/uploads\/2025\/01\/Lavras-TV-720x104px-1-1.png\" alt=\"\"  srcset=\"https:\/\/lavras.tv\/site\/wp-content\/uploads\/2025\/01\/Lavras-TV-720x104px-1-1.png 720w, https:\/\/lavras.tv\/site\/wp-content\/uploads\/2025\/01\/Lavras-TV-720x104px-1-1-470x68.png 470w, https:\/\/lavras.tv\/site\/wp-content\/uploads\/2025\/01\/Lavras-TV-720x104px-1-1-170x25.png 170w, https:\/\/lavras.tv\/site\/wp-content\/uploads\/2025\/01\/Lavras-TV-720x104px-1-1-200x29.png 200w\" sizes=\"(max-width: 720px) 100vw, 720px\" width=\"720\" height=\"104\"  style=\"display: inline-block;\" \/><\/a><\/div><\/li><li><a href=\"https:\/\/sistemas.lavras.mg.gov.br\/portalcidadao\/#df1b1a7c7b2a290bcb31e32771e610784662739a88807c0dacac58ede5f391a7530e299dc302d611ee73cb143fc22eaf93592e53e7b5bdb01b00a0b8d28dae460c141dd2ff83412e4dc1c31b16b25f33144a9e5620ea73b13f5bc1c59411d98439ad226e8af03840603796067d87afe130812cf3de24982d0e306f9e61e764e5\" aria-label=\"Banner_Emprego_PortallavrasTV\"><img src=\"https:\/\/lavras.tv\/site\/wp-content\/uploads\/2025\/03\/Banner_Emprego_PortallavrasTV.png\" alt=\"\"  srcset=\"https:\/\/lavras.tv\/site\/wp-content\/uploads\/2025\/03\/Banner_Emprego_PortallavrasTV.png 720w, https:\/\/lavras.tv\/site\/wp-content\/uploads\/2025\/03\/Banner_Emprego_PortallavrasTV-470x68.png 470w, https:\/\/lavras.tv\/site\/wp-content\/uploads\/2025\/03\/Banner_Emprego_PortallavrasTV-170x25.png 170w, https:\/\/lavras.tv\/site\/wp-content\/uploads\/2025\/03\/Banner_Emprego_PortallavrasTV-200x29.png 200w\" sizes=\"(max-width: 720px) 100vw, 720px\" width=\"720\" height=\"104\"   \/><\/a><\/li><li><a href=\"https:\/\/sistemas.lavras.mg.gov.br\/portalcidadao\/#df1b1a7c7b2a290bcb31e32771e610784662739a88807c0dacac58ede5f391a7530e299dc302d611ee73cb143fc22eaf93592e53e7b5bdb01b00a0b8d28dae460c141dd2ff83412e4dc1c31b16b25f33144a9e5620ea73b13f5bc1c59411d98439ad226e8af03840603796067d87afe130812cf3de24982d0e306f9e61e764e5\" aria-label=\"Banner_Obras_PortallavrasTV\"><img src=\"https:\/\/lavras.tv\/site\/wp-content\/uploads\/2025\/03\/Banner_Obras_PortallavrasTV.png\" alt=\"\"  srcset=\"https:\/\/lavras.tv\/site\/wp-content\/uploads\/2025\/03\/Banner_Obras_PortallavrasTV.png 720w, https:\/\/lavras.tv\/site\/wp-content\/uploads\/2025\/03\/Banner_Obras_PortallavrasTV-470x68.png 470w, https:\/\/lavras.tv\/site\/wp-content\/uploads\/2025\/03\/Banner_Obras_PortallavrasTV-170x25.png 170w, https:\/\/lavras.tv\/site\/wp-content\/uploads\/2025\/03\/Banner_Obras_PortallavrasTV-200x29.png 200w\" sizes=\"(max-width: 720px) 100vw, 720px\" width=\"720\" height=\"104\"   \/><\/a><\/li><li><div style=\"margin-left: auto;margin-right: auto;text-align: center;\" id=\"lavra-4177794596\"><a href=\"https:\/\/sistemas.lavras.mg.gov.br\/portalcidadao\/#df1b1a7c7b2a290bcb31e32771e610784662739a88807c0dacac58ede5f391a7530e299dc302d611ee73cb143fc22eaf93592e53e7b5bdb01b00a0b8d28dae460c141dd2ff83412e4dc1c31b16b25f33144a9e5620ea73b13f5bc1c59411d98439ad226e8af03840603796067d87afe130812cf3de24982d0e306f9e61e764e5\" aria-label=\"Banner_Educa\u00e7\u00e3o_PortallavrasTV\"><img src=\"https:\/\/lavras.tv\/site\/wp-content\/uploads\/2025\/01\/Banner_Educacao_PortallavrasTV.png\" alt=\"\"  srcset=\"https:\/\/lavras.tv\/site\/wp-content\/uploads\/2025\/01\/Banner_Educacao_PortallavrasTV.png 720w, https:\/\/lavras.tv\/site\/wp-content\/uploads\/2025\/01\/Banner_Educacao_PortallavrasTV-470x68.png 470w, https:\/\/lavras.tv\/site\/wp-content\/uploads\/2025\/01\/Banner_Educacao_PortallavrasTV-170x25.png 170w, https:\/\/lavras.tv\/site\/wp-content\/uploads\/2025\/01\/Banner_Educacao_PortallavrasTV-200x29.png 200w\" sizes=\"(max-width: 720px) 100vw, 720px\" width=\"720\" height=\"104\"  style=\"display: inline-block;\" \/><\/a><\/div><\/li><li><a href=\"https:\/\/sistemas.lavras.mg.gov.br\/portalcidadao\/#df1b1a7c7b2a290bcb31e32771e610784662739a88807c0dacac58ede5f391a7530e299dc302d611ee73cb143fc22eaf93592e53e7b5bdb01b00a0b8d28dae460c141dd2ff83412e4dc1c31b16b25f33144a9e5620ea73b13f5bc1c59411d98439ad226e8af03840603796067d87afe130812cf3de24982d0e306f9e61e764e5\" aria-label=\"Banner_Sa\u00fade_PortallavrasTV\"><img src=\"https:\/\/lavras.tv\/site\/wp-content\/uploads\/2025\/03\/Banner_Saude_PortallavrasTV.png\" alt=\"\"  srcset=\"https:\/\/lavras.tv\/site\/wp-content\/uploads\/2025\/03\/Banner_Saude_PortallavrasTV.png 720w, https:\/\/lavras.tv\/site\/wp-content\/uploads\/2025\/03\/Banner_Saude_PortallavrasTV-470x68.png 470w, https:\/\/lavras.tv\/site\/wp-content\/uploads\/2025\/03\/Banner_Saude_PortallavrasTV-170x25.png 170w, https:\/\/lavras.tv\/site\/wp-content\/uploads\/2025\/03\/Banner_Saude_PortallavrasTV-200x29.png 200w\" sizes=\"(max-width: 720px) 100vw, 720px\" width=\"720\" height=\"104\"   \/><\/a><\/li><li><div id=\"lavra-2130688491\" style=\"width:720px;height:104px;background-color:#ddd;overflow:scroll;\">\n\t<strong>Sa\u00edda da depura\u00e7\u00e3o de an\u00fancios<\/strong>\n\t<br><br>\n\tO an\u00fancio n\u00e3o \u00e9 exibido na p\u00e1gina<br><br>post atual: Paralimp\u00edadas: O que voc\u00ea n\u00e3o pode perder no 1\u00ba dia: Daniel Dias, Bolt Paral\u00edmpico e fut 7, ID: 2130<br><br><span style=\"color: red;\">O post atual n\u00e3o \u00e9 id\u00eantico ao post principal.<\/span><br><br>An\u00fancios: ROXO - TOPO INTERNA - ROTATIVO 2 (197)<br \/>Grupo de an\u00fancios: Princ_Meio01_720x104 (27)<br><br>Condi\u00e7\u00f5es de exibi\u00e7\u00e3o<div style=\"margin-bottom: 20px; white-space: pre-wrap; font-family: monospace; width: 100%; background: #ffe9e9;\"><strong>condi\u00e7\u00f5es gerais<\/strong><table border=\"1\"><thead><tr><th><\/th><th>An\u00fancios<\/th><th>wp_the_query<\/th><\/tr><\/thead><tr><td>is_main_query<\/td><td>1<\/td><td>1<\/td><\/tr><tr><td>is_rest_api<\/td><td>0<\/td><td>1<\/td><\/tr><tr><td>page<\/td><td>0<\/td><td>1<\/td><\/tr><tr><td>numpages<\/td><td>0<\/td><td>1<\/td><\/tr><tr><td>is_archive<\/td><td>1<\/td><td><\/td><\/tr><tr><td>is_search<\/td><td>1<\/td><td><\/td><\/tr><tr><td>is_home<\/td><td>1<\/td><td><\/td><\/tr><tr><td>is_404<\/td><td>1<\/td><td><\/td><\/tr><tr><td>is_attachment<\/td><td>1<\/td><td><\/td><\/tr><tr><td>is_singular<\/td><td>1<\/td><td><\/td><\/tr><tr><td>is_front_page<\/td><td>1<\/td><td><\/td><\/tr><tr><td>is_feed<\/td><td>1<\/td><td><\/td><\/tr><\/table><\/div><br><br><span style=\"color: red;\">Seu site usa HTTPS, mas o c\u00f3digo do an\u00fancio cont\u00e9m HTTP e pode n\u00e3o funcionar.<\/span>\t<br><br>\n\t<a style=\"color: green;\" href=\"https:\/\/wpadvancedads.com\/manual\/ad-debug-mode\/?utm_source=advanced-ads&utm_medium=link&utm_campaign=ad-debug-mode\" target=\"_blank\" rel=\"nofollow\">Encontre solu\u00e7\u00f5es no manual<\/a>\n<\/div>\n<\/li><\/ul><\/div><script>( window.advanced_ads_ready || jQuery( document ).ready ).call( null, function() {var $lavraslider2836600139 = jQuery( \".lavra-slider-2836600139\" );$lavraslider2836600139.on( \"unslider.ready\", function() { jQuery( \"div.custom-slider ul li\" ).css( \"display\", \"block\" ); });$lavraslider2836600139.unslider({ delay:4000, autoplay:true, nav:false, arrows:false, infinite:true });$lavraslider2836600139.on(\"mouseover\", function() {$lavraslider2836600139.unslider(\"stop\");}).on(\"mouseout\", function() {$lavraslider2836600139.unslider(\"start\");});});<\/script><\/div><p>A Paralimp\u00edada do Rio de Janeiro come\u00e7a em ritmo acelerado nesta quinta-feira. Astros do Brasil e do mundo j\u00e1 estreiam no atletismo e na nata\u00e7\u00e3o. Do nadador Daniel Dias ao irland\u00eas Jason Smyth, chamado de Bolt Paral\u00edmpico, n\u00e3o vai faltar a\u00e7\u00e3o e briga por medalhas. O Brasil, ali\u00e1s, pode ganhar o primeiro ouro da competi\u00e7\u00e3o, com Odair Santos, no atletismo. A bola tamb\u00e9m vai rolar para o Brasil no futebol de 7, no basquete sobre rodas e no goalball. Com quatro canais, o SporTV vai transmitir ao vivo o melhor do primeiro dia dos Jogos do Rio, e o GloboEsporte.com elencou os eventos que voc\u00ea n\u00e3o pode perder.<\/p>\n<p><strong>BRASIL PODE LEVAR O PRIMEIRO OURO<\/strong><\/p>\n<p>O primeiro ouro da Paralimp\u00edada pode ficar no Brasil. Odair Santos \u00e9 um dos favoritos ao t\u00edtulo dos 5.000m T11, categoria do atletismo para cegos. Veterano de 35 anos, ele foi campe\u00e3o mundial da prova em 2013 e liderava com folga na edi\u00e7\u00e3o de 2015, em Doha, quando sofreu hipertermia por causa do calor de 35\u00b0C e saiu de cadeira de rodas. Dono de sete medalhas paral\u00edmpicas, o atleta busca seu primeiro ouro \u00e0s 10h, no Engenh\u00e3o. O SporTV 3 transmite ao vivo.<\/p>\n<p>Ap\u00f3s sofrer colapso com hipertermia, Odair Santos domina 1.500 T11 e conquista o oitavo ouro em Mundiais (Foto: Daniel Zappe\/MPIX\/CPB)<\/p>\n<p>Descri\u00e7\u00e3o da imagem: Odair Santos comemora vit\u00f3ria no Mundial (Foto: Daniel Zappe\/MPIX\/CPB)<\/p>\n<p>&nbsp;<\/p>\n<p><strong>DANIEL DIAS EM BUSCA DA 16\u00aa MEDALHA<\/strong><\/p>\n<p>Maior nome do esporte paral\u00edmpico do Brasil, Daniel Dias estreia nesta quinta-feria em busca de sua primeira medalha na Rio 2016, a 16\u00aa em Paralimp\u00edadas. O nadador disputa a classificat\u00f3ria dos 200m livre S5 \u00e0s 11h37, no Est\u00e1dio Aqu\u00e1tico Ol\u00edmpico &#8211; o SporTV 2 transmite ao vivo. A final est\u00e1 agendada para as 19h59 &#8211; o SporTV transmite ao vivo. Ele \u00e9 o atual bicampe\u00e3o paral\u00edmpico da prova. O Brasil ainda pode conquistar medalhas na nata\u00e7\u00e3o com Talisson Glock (100m costas S6), Joaninha Neves\u00a0 e Susana Schnarndorf (ambas nos 200m livre S5).<\/p>\n<p><img fetchpriority=\"high\" decoding=\"async\" class=\"alignnone size-full wp-image-2131\" src=\"http:\/\/lavras.tv\/site\/wp-content\/uploads\/2016\/09\/daniel-dias.jpg\" alt=\"daniel-dias\" width=\"690\" height=\"311\" srcset=\"https:\/\/lavras.tv\/site\/wp-content\/uploads\/2016\/09\/daniel-dias.jpg 690w, https:\/\/lavras.tv\/site\/wp-content\/uploads\/2016\/09\/daniel-dias-150x68.jpg 150w, https:\/\/lavras.tv\/site\/wp-content\/uploads\/2016\/09\/daniel-dias-300x135.jpg 300w\" sizes=\"(max-width: 690px) 100vw, 690px\" \/><\/p>\n<p>&nbsp;<\/p>\n<p><strong>AMERICANA TENTA O TETRA NA PISCINA<\/strong><\/p>\n<p>Duas estrelas internacionais da nata\u00e7\u00e3o paral\u00edmpica tamb\u00e9m estreiam nesta quinta-feira. Dona de 17 medalhas, a americana Jessica Long vai tentar o tetra nos 400m livre S8. Ela disputa a eliminat\u00f3ria \u00e0s 10h09 e, se avan\u00e7ar, a final \u00e0s 17h54. O chin\u00eas Tao Zheng, por outro lado, vai defender o t\u00edtulo dos 100m costas S6. Ele nada na eliminat\u00f3ria \u00e0s 9h30 e, se classificando, briga pelo ouro \u00e0s 17h30. O SporTV 2 transmite ao vivo as classificat\u00f3rias da manh\u00e3 e o SporTV as finais, mas a partir das 17h45.<\/p>\n<p><strong>\u00a0<\/strong><\/p>\n<p><strong>ESTREIA DO BOLT PARAL\u00cdMPICO<\/strong><\/p>\n<p>Outra fera internacional que vai estrear nesta quinta-feira \u00e9 Jason Smyth. O irland\u00eas de 29 anos \u00e9 conhecido como Bolt Paral\u00edmpico por ser o mais veloz entre todas as categorias do atletismo paral\u00edmpico. Assim, como o astro jamaicano, ele tenta o tri no Rio nos 100m e nos 200m rasos T13, para pessoas com defici\u00eancia visual de menor grau. \u00c0s 19h19, ele disputa a eliminat\u00f3ria dos 100m no Engenh\u00e3o. O SporTV 2 transmite ao vivo.<\/p>\n<p>&nbsp;<\/p>\n<p><strong>BRASIL ACELERA NO ATLETISMO<\/strong><\/p>\n<p>Muitos velocistas do Brasil tamb\u00e9m estreiam nesta quinta-feira. Conhecida como a cega mais r\u00e1pida do mundo, Terezinha Guilhermina mede for\u00e7as com a chinesa Ciuqing Liu, atual campe\u00e3 mundial. Elas est\u00e3o na mesma bateria da eliminat\u00f3ria dos 100m rasos T11, \u00e0s 10h40 &#8211; o SporTV 3 transmite ao vivo. Biamputado das pernas, Alan Fonteles entra em a\u00e7\u00e3o nos 100m rasos T44, \u00e0s 17h52. Recordista mundial dos 400m rasos T20 (para pessoas com defici\u00eancia intelectual) e s\u00f3sia de Neymar, Daniel Tavares faz sua estreia em Paralimp\u00edadas na eliminat\u00f3ria da prova em que \u00e9 campe\u00e3o mundial \u00e0s 18h13. Vice-campe\u00e3 mundial dos 100m rasos T38 (para pessoas que t\u00eam paralisia cerebral) em 2013, Ver\u00f4nica Hipolito est\u00e1 na eliminat\u00f3ria da prova \u00e0s 20h05. O SporTV 2 transmite ao vivo as provas da tarde e da noite no Engenh\u00e3o.<\/p>\n<p>&nbsp;<\/p>\n<p><strong>BRASIL NO FUTEBOL DE 7<\/strong><\/p>\n<p>A bola vai rolar para o futebol de 7, vers\u00e3o adaptada do futebol para pessoas que t\u00eam paralisia cerebral. O Brasil abre a disputa do Grupo A contra a Gr\u00e3-Bretanha, \u00e0s 10h, em Deodoro. Bronze no \u00faltimo Mundial, o Brasil \u00e9 favorito na partida, que ter\u00e1 transmiss\u00e3o ao vivo do SporTV 4.<\/p>\n<p>&nbsp;<\/p>\n<p><strong>CL\u00c1SSICOS DAS AM\u00c9RICAS<\/strong><\/p>\n<p>O Brasil tamb\u00e9m estreia em mais dois esportes coletivos: o basquete sobre cadeira de rodas e o goalball. No basquete, dois cl\u00e1ssicos continentais. Os homens encaram de cara os Estados Unidos \u00e0s 15h15, na Arena Ol\u00edmpica do Rio. Pouco antes, \u00e0s 12h15, as meninas duelam com a Argentina, mas na Arena Carioca 1. O SporTV 2 transmite os dois jogos ao vivo. No goalball, esporte para cegos, o Brasil reedita a final dos Jogos Parapan-Americanos, contra os Estados Unidos, \u00e0s 10h15. Em Toronto deu Brasil, mas no Mundial de 2014 as americanas venceram nas quartas de final. Atuais campe\u00f5es mundiais e vice-ol\u00edmpicos, os brasileiros do goalball s\u00e3o favoritos contra a Su\u00e9cia, \u00e0s 9h.<\/p>\n<p>&nbsp;<\/p>\n<p>&nbsp;<\/p>\n<p><strong>AGENDA DOS BRASILEIROS<\/strong><\/p>\n<p><u>Atletismo<\/u><\/p>\n<p>Local: Est\u00e1dio Ol\u00edmpico (Engenh\u00e3o)<\/p>\n<p>Manh\u00e3<\/p>\n<p>10h \u2013 5000m masculino T11 (final) \u2013 Odair Santos<\/p>\n<p>10h25 \u2013 Salto em dist\u00e2ncia masculino F11 (final) \u2013 Ricardo Costa<\/p>\n<p>10h35 \u2013 Arremesso de peso masculino F12 (final) \u2013 Caio Vin\u00edcius e Alessandro Rodrigo<\/p>\n<p>10h22, 10h31, 10h40 e 10h49 \u2013 classificat\u00f3rias da prova de 100m rasos feminino T11 \u2013 Terezinha Guilhermina, Jerusa Santos e Lorena Spoladore.<\/p>\n<p>10h57, 11h05, 11h13 e 11h21 \u2013 classificat\u00f3rias da prova de 100m rasos feminino T12 \u2013 Alice Correa<\/p>\n<p>Tarde\/Noite<\/p>\n<p>17h33 \u2013 Arremesso de peso feminino F57 (final) \u2013 Roseane Santos<\/p>\n<p>17h47 \u2013 Arremesso de peso masculino F41 (final) \u2013 Jonathan Souza<\/p>\n<p>18h09 \u2013 Lan\u00e7amento de disco masculino F37 (final) \u2013 Jo\u00e3o Victor<\/p>\n<p>18h11 \u2013 Salto em dist\u00e2ncia feminino T47 (final) \u2013 Sheila Finder<\/p>\n<p>17h30 e 17h37 \u2013 classificat\u00f3rias da prova de 100m rasos feminino T36 \u2013 Tascitha Cruz<\/p>\n<p>17h45 e 17h52 &#8211; classificat\u00f3rias da prova de 100m rasos masculino T44 \u2013 Alan Fonteles e Renato Cruz<\/p>\n<p>18h13 e 18h21 &#8211; classificat\u00f3rias da prova de 400m rasos masculino T20 \u2013 Daniel Tavares<\/p>\n<p>19h19 e 19h27 &#8211; classificat\u00f3rias da prova de 100m rasos masculino T13 \u2013 Gustavo Henrique e Kesley Josu\u00e9<\/p>\n<p>20h05 e 20h12 &#8211; classificat\u00f3rias da prova de 100m rasos feminino T38 \u2013 Ver\u00f4nica Hip\u00f3lito e Jenifer Martins<\/p>\n<p>&nbsp;<\/p>\n<p><u>Basquete em cadeira de rodas feminino<\/u><\/p>\n<p>Local: Arena Carioca 1 (Parque Ol\u00edmpico da Barra)<\/p>\n<p>12h15 &#8211; Brasil x Argentina<\/p>\n<p>Basquete em cadeira de rodas masculino<\/p>\n<p>Local: Arena Ol\u00edmpica do Rio (Parque Ol\u00edmpico da Barra)<\/p>\n<p>15h15 &#8211; Brasil x EUA<\/p>\n<p>&nbsp;<\/p>\n<p><u>Futebol de 7<\/u><\/p>\n<p>Local: Est\u00e1dio de Deodoro<\/p>\n<p>10h &#8211; Brasil x Gr\u00e3-Bretanha<\/p>\n<p>&nbsp;<\/p>\n<p><u>Goalball feminino<\/u><\/p>\n<p>Local: Arena do Futuro (Parque Ol\u00edmpico da Barra)<\/p>\n<p>10h15 &#8211; Brasil x EUA<\/p>\n<p>&nbsp;<\/p>\n<p><u>Goalball Masculino<\/u><\/p>\n<p>Local: Arena do Futuro (Parque Ol\u00edmpico da Barra)<\/p>\n<p>9h &#8211; Brasil x Su\u00e9cia<\/p>\n<p>&nbsp;<\/p>\n<p><u>Jud\u00f4<\/u><\/p>\n<p>Local: Arena Carioca 3 (Parque Ol\u00edmpico da Barra)<\/p>\n<p>A partir de 10h<\/p>\n<p>At\u00e9 48 kg (B3) \u2013 Quartas de final &#8211; Karla Cardoso (BRA) x Yuliya Halinska (UCR)<\/p>\n<p>At\u00e9 52 kg (B2) \u2013 Quartas de final &#8211; Michele Ferreira (BRA) x Ramona Brussig (ALE)<\/p>\n<p>At\u00e9 60 kg (B1) \u2013 Oitavas de final \u2013 Rayfran Mesquita (BRA) x Uugankhuu Bolormaa (MGL)<\/p>\n<p>At\u00e9 66 kg (B2) \u2013 Oitavas de final &#8211; Halyson B\u00f4to (BRA) x Miguel Vieira (POR)<\/p>\n<p>&nbsp;<\/p>\n<p><u>Nata\u00e7\u00e3o<\/u><\/p>\n<p>Local: Est\u00e1dio Aqu\u00e1tico Ol\u00edmpico<\/p>\n<p>Classificat\u00f3rias &#8211; manh\u00e3<\/p>\n<p>9h30 \u2013 100m costas masculino S6 \u2013 Talisson Glock<\/p>\n<p>9h46 \u2013 400m livre masculino S8 \u2013 Caio Oliveira<\/p>\n<p>10h01 \u2013 400m livre feminino S8 \u2013 Cec\u00edlia Jer\u00f4nimo de Ara\u00fajo<\/p>\n<p>10h17 \u2013 100m peito masculino SB9 \u2013 Ruan Felipe Lima de Souza e Lucas Lamente Mozela<\/p>\n<p>10h42 \u2013 100m livre feminino S3 \u2013 Maiara Regina Pereira Barreto<\/p>\n<p>10h54 \u2013 100m costas masculino S14 \u2013 Felipe Vila Real<\/p>\n<p>11h10 \u2013 100m borboleta masculino S13 \u2013 Thomaz Rocha Matera<\/p>\n<p>11h31 \u2013 200m livre masculino S5 \u2013 Daniel Dias<\/p>\n<p>11h43 \u2013 200m livre feminino S5 \u2013 Joana Maria Silva e Susana Schnarndorf Ribeiro<\/p>\n<p>11h56 \u2013 100m costas masculino S7 \u2013 Italo Pereira<\/p>\n<p>Finais &#8211; tarde<\/p>\n<p>17h30 \u2013 100m costas masculino S6 \u2013 Talisson Glock*<\/p>\n<p>17h44\u2013 400m livre masculino S8 \u2013 Caio Oliveira*<\/p>\n<p>17h54 \u2013 400m livre feminino S8 \u2013 Cec\u00edlia Jer\u00f4nimo de Ara\u00fajo*<\/p>\n<p>18h05 \u2013 100m peito masculino SB9 \u2013 Ruan Felipe Lima de Souza* e Lucas Lamente Mozela*<\/p>\n<p>18h41 \u2013 100m livre feminino S3 \u2013 Maiara Regina Pereira Barreto*<\/p>\n<p>19h04 \u2013 100m costas masculino S14 \u2013 Felipe Vila Real*<\/p>\n<p>19h32 \u2013 100m borboleta masculino S13 \u2013 Thomas Rocha Matera*<\/p>\n<p>19h59 \u2013 200m livre masculino S5 \u2013 Daniel Dias*<\/p>\n<p>20h08 \u2013 200m livre feminino S5 \u2013 Joana Maria Silva* e Susana Schnarndorf Ribeiro*<\/p>\n<p>20h32 \u2013 100m costas masculino S7 \u2013 Italo Pereira*<\/p>\n<p>* Caso se classifiquem<\/p>\n<p>&nbsp;<\/p>\n<p><u>T\u00eanis de mesa<\/u><\/p>\n<p>Local: Riocentro \u2013 Pavilh\u00e3o 3<\/p>\n<p>12h20 &#8211; 1\u00aa fase Classe 5 \u2013 Claudiomiro Segatto (BRA) x Valentin Baus (ALE)<\/p>\n<p>13h40 &#8211; 1\u00aa fase Classe 4 \u2013 Joyce Oliveira (BRA) x Borislava Peric-Rankovic (SRB)<\/p>\n<p>16h &#8211; 1\u00aa fase Classe 1 \u2013 Aloisio Lima (BRA) x Chang Ho Lee (COR)<\/p>\n<p>16h &#8211; 1\u00aa fase Classe 10 \u2013 Bruna Alexandre (BRA) x Andrea McDonnel (AUS)<\/p>\n<p>16h40 &#8211; 1\u00aa fase Classe 10 \u2013 Carlos Carbinatti (BRA) x Jose Manuel (ESP)<\/p>\n<p>18h &#8211; 1\u00aa fase Classe 7 \u2013 Israel Pereira Stroh (BRA) x Will Bayley (GBR)<\/p>\n<p>&nbsp;<\/p>\n<p>Fonte: GloboEsporte<\/p>\n","protected":false},"excerpt":{"rendered":"<p>A Paralimp\u00edada do Rio de Janeiro come\u00e7a em ritmo acelerado nesta quinta-feira. Astros do Brasil e do mundo j\u00e1 estreiam no atletismo e na nata\u00e7\u00e3o. Do nadador Daniel Dias ao irland\u00eas Jason Smyth, chamado de Bolt Paral\u00edmpico, n\u00e3o vai faltar a\u00e7\u00e3o e briga por medalhas. O Brasil, ali\u00e1s, pode ganhar o primeiro ouro da competi\u00e7\u00e3o, [&hellip;]<\/p>\n","protected":false},"author":2,"featured_media":2131,"comment_status":"closed","ping_status":"open","sticky":false,"template":"","format":"standard","meta":{"advgb_blocks_editor_width":"","advgb_blocks_columns_visual_guide":"","_exactmetrics_skip_tracking":false,"_exactmetrics_sitenote_active":false,"_exactmetrics_sitenote_note":"","_exactmetrics_sitenote_category":0,"footnotes":""},"categories":[3],"tags":[],"class_list":["post-2130","post","type-post","status-publish","format-standard","has-post-thumbnail","hentry","category-esportes"],"better_featured_image":{"id":2131,"alt_text":"","caption":"","description":"","media_type":"image","media_details":{"width":690,"height":311,"file":"2016\/09\/daniel-dias.jpg","sizes":{"thumbnail":{"file":"daniel-dias-150x68.jpg","width":150,"height":68,"mime-type":"image\/jpeg","source_url":"https:\/\/lavras.tv\/site\/wp-content\/uploads\/2016\/09\/daniel-dias-150x68.jpg"},"medium":{"file":"daniel-dias-300x135.jpg","width":300,"height":135,"mime-type":"image\/jpeg","source_url":"https:\/\/lavras.tv\/site\/wp-content\/uploads\/2016\/09\/daniel-dias-300x135.jpg"},"featured-slider-img":{"file":"daniel-dias-640x311.jpg","width":640,"height":311,"mime-type":"image\/jpeg","source_url":"https:\/\/lavras.tv\/site\/wp-content\/uploads\/2016\/09\/daniel-dias-640x311.jpg"},"featured-post-img":{"file":"daniel-dias-480x311.jpg","width":480,"height":311,"mime-type":"image\/jpeg","source_url":"https:\/\/lavras.tv\/site\/wp-content\/uploads\/2016\/09\/daniel-dias-480x311.jpg"},"sow-carousel-default":{"file":"daniel-dias-272x182.jpg","width":272,"height":182,"mime-type":"image\/jpeg","source_url":"https:\/\/lavras.tv\/site\/wp-content\/uploads\/2016\/09\/daniel-dias-272x182.jpg"}},"image_meta":{"aperture":"0","credit":"","camera":"","caption":"","created_timestamp":"0","copyright":"","focal_length":"0","iso":"0","shutter_speed":"0","title":"","orientation":"0","keywords":[]}},"post":2130,"source_url":"https:\/\/lavras.tv\/site\/wp-content\/uploads\/2016\/09\/daniel-dias.jpg"},"author_meta":{"display_name":"Lavras TV","author_link":"https:\/\/lavras.tv\/site\/author\/lavrastv\/"},"featured_img":"https:\/\/lavras.tv\/site\/wp-content\/uploads\/2016\/09\/daniel-dias-300x135.jpg","coauthors":[],"tax_additional":{"categories":{"linked":["<a href=\"https:\/\/lavras.tv\/site\/category\/esportes\/\" class=\"advgb-post-tax-term\">Esportes<\/a>"],"unlinked":["<span class=\"advgb-post-tax-term\">Esportes<\/span>"]}},"comment_count":"0","relative_dates":{"created":"Publicado 10 anos atr\u00e1s","modified":"Atualizado 10 anos atr\u00e1s"},"absolute_dates":{"created":"Publicado em 8 de setembro de 2016","modified":"Atualizado em 8 de setembro de 2016"},"absolute_dates_time":{"created":"Publicado em 8 de setembro de 2016 08:16","modified":"Atualizado em 8 de setembro de 2016 08:16"},"featured_img_caption":"","series_order":"","_links":{"self":[{"href":"https:\/\/lavras.tv\/site\/wp-json\/wp\/v2\/posts\/2130","targetHints":{"allow":["GET"]}}],"collection":[{"href":"https:\/\/lavras.tv\/site\/wp-json\/wp\/v2\/posts"}],"about":[{"href":"https:\/\/lavras.tv\/site\/wp-json\/wp\/v2\/types\/post"}],"author":[{"embeddable":true,"href":"https:\/\/lavras.tv\/site\/wp-json\/wp\/v2\/users\/2"}],"replies":[{"embeddable":true,"href":"https:\/\/lavras.tv\/site\/wp-json\/wp\/v2\/comments?post=2130"}],"version-history":[{"count":1,"href":"https:\/\/lavras.tv\/site\/wp-json\/wp\/v2\/posts\/2130\/revisions"}],"predecessor-version":[{"id":2132,"href":"https:\/\/lavras.tv\/site\/wp-json\/wp\/v2\/posts\/2130\/revisions\/2132"}],"wp:featuredmedia":[{"embeddable":true,"href":"https:\/\/lavras.tv\/site\/wp-json\/wp\/v2\/media\/2131"}],"wp:attachment":[{"href":"https:\/\/lavras.tv\/site\/wp-json\/wp\/v2\/media?parent=2130"}],"wp:term":[{"taxonomy":"category","embeddable":true,"href":"https:\/\/lavras.tv\/site\/wp-json\/wp\/v2\/categories?post=2130"},{"taxonomy":"post_tag","embeddable":true,"href":"https:\/\/lavras.tv\/site\/wp-json\/wp\/v2\/tags?post=2130"}],"curies":[{"name":"wp","href":"https:\/\/api.w.org\/{rel}","templated":true}]}}