{"id":2142,"date":"2016-09-08T09:17:09","date_gmt":"2016-09-08T12:17:09","guid":{"rendered":"http:\/\/lavras.tv\/site\/?p=2142"},"modified":"2016-09-08T09:17:09","modified_gmt":"2016-09-08T12:17:09","slug":"festa-do-cafe-com-biscoito-e-atracao-do-fim-de-semana-em-sao-tiago","status":"publish","type":"post","link":"https:\/\/lavras.tv\/site\/2016\/09\/08\/festa-do-cafe-com-biscoito-e-atracao-do-fim-de-semana-em-sao-tiago\/","title":{"rendered":"Festa do Caf\u00e9 com Biscoito \u00e9 atra\u00e7\u00e3o do fim de semana em S\u00e3o Tiago"},"content":{"rendered":"<div class=\"lavra-antes-do-conteudo_2\" id=\"lavra-2241642637\"><div id=\"lavra-slider-27\" class=\"custom-slider lavra-slider-1172505191 lavra-slider\"><ul><li><div style=\"margin-left: auto;margin-right: auto;text-align: center;\" id=\"lavra-2589537818\"><a href=\"https:\/\/sistemas.lavras.mg.gov.br\/portalcidadao\/#df1b1a7c7b2a290bcb31e32771e610784662739a88807c0dacac58ede5f391a7530e299dc302d611ee73cb143fc22eaf93592e53e7b5bdb01b00a0b8d28dae460c141dd2ff83412e4dc1c31b16b25f33144a9e5620ea73b13f5bc1c59411d98439ad226e8af03840603796067d87afe130812cf3de24982d0e306f9e61e764e5\" aria-label=\"Lavras-TV&#8211;720x104px (1) (1)\"><img src=\"https:\/\/lavras.tv\/site\/wp-content\/uploads\/2025\/01\/Lavras-TV-720x104px-1-1.png\" alt=\"\"  srcset=\"https:\/\/lavras.tv\/site\/wp-content\/uploads\/2025\/01\/Lavras-TV-720x104px-1-1.png 720w, https:\/\/lavras.tv\/site\/wp-content\/uploads\/2025\/01\/Lavras-TV-720x104px-1-1-470x68.png 470w, https:\/\/lavras.tv\/site\/wp-content\/uploads\/2025\/01\/Lavras-TV-720x104px-1-1-170x25.png 170w, https:\/\/lavras.tv\/site\/wp-content\/uploads\/2025\/01\/Lavras-TV-720x104px-1-1-200x29.png 200w\" sizes=\"(max-width: 720px) 100vw, 720px\" width=\"720\" height=\"104\"  style=\"display: inline-block;\" \/><\/a><\/div><\/li><li><a href=\"https:\/\/sistemas.lavras.mg.gov.br\/portalcidadao\/#df1b1a7c7b2a290bcb31e32771e610784662739a88807c0dacac58ede5f391a7530e299dc302d611ee73cb143fc22eaf93592e53e7b5bdb01b00a0b8d28dae460c141dd2ff83412e4dc1c31b16b25f33144a9e5620ea73b13f5bc1c59411d98439ad226e8af03840603796067d87afe130812cf3de24982d0e306f9e61e764e5\" aria-label=\"Banner_Emprego_PortallavrasTV\"><img src=\"https:\/\/lavras.tv\/site\/wp-content\/uploads\/2025\/03\/Banner_Emprego_PortallavrasTV.png\" alt=\"\"  srcset=\"https:\/\/lavras.tv\/site\/wp-content\/uploads\/2025\/03\/Banner_Emprego_PortallavrasTV.png 720w, https:\/\/lavras.tv\/site\/wp-content\/uploads\/2025\/03\/Banner_Emprego_PortallavrasTV-470x68.png 470w, https:\/\/lavras.tv\/site\/wp-content\/uploads\/2025\/03\/Banner_Emprego_PortallavrasTV-170x25.png 170w, https:\/\/lavras.tv\/site\/wp-content\/uploads\/2025\/03\/Banner_Emprego_PortallavrasTV-200x29.png 200w\" sizes=\"(max-width: 720px) 100vw, 720px\" width=\"720\" height=\"104\"   \/><\/a><\/li><li><a href=\"https:\/\/sistemas.lavras.mg.gov.br\/portalcidadao\/#df1b1a7c7b2a290bcb31e32771e610784662739a88807c0dacac58ede5f391a7530e299dc302d611ee73cb143fc22eaf93592e53e7b5bdb01b00a0b8d28dae460c141dd2ff83412e4dc1c31b16b25f33144a9e5620ea73b13f5bc1c59411d98439ad226e8af03840603796067d87afe130812cf3de24982d0e306f9e61e764e5\" aria-label=\"Banner_Obras_PortallavrasTV\"><img src=\"https:\/\/lavras.tv\/site\/wp-content\/uploads\/2025\/03\/Banner_Obras_PortallavrasTV.png\" alt=\"\"  srcset=\"https:\/\/lavras.tv\/site\/wp-content\/uploads\/2025\/03\/Banner_Obras_PortallavrasTV.png 720w, https:\/\/lavras.tv\/site\/wp-content\/uploads\/2025\/03\/Banner_Obras_PortallavrasTV-470x68.png 470w, https:\/\/lavras.tv\/site\/wp-content\/uploads\/2025\/03\/Banner_Obras_PortallavrasTV-170x25.png 170w, https:\/\/lavras.tv\/site\/wp-content\/uploads\/2025\/03\/Banner_Obras_PortallavrasTV-200x29.png 200w\" sizes=\"(max-width: 720px) 100vw, 720px\" width=\"720\" height=\"104\"   \/><\/a><\/li><li><div style=\"margin-left: auto;margin-right: auto;text-align: center;\" id=\"lavra-1933746740\"><a href=\"https:\/\/sistemas.lavras.mg.gov.br\/portalcidadao\/#df1b1a7c7b2a290bcb31e32771e610784662739a88807c0dacac58ede5f391a7530e299dc302d611ee73cb143fc22eaf93592e53e7b5bdb01b00a0b8d28dae460c141dd2ff83412e4dc1c31b16b25f33144a9e5620ea73b13f5bc1c59411d98439ad226e8af03840603796067d87afe130812cf3de24982d0e306f9e61e764e5\" aria-label=\"Banner_Educa\u00e7\u00e3o_PortallavrasTV\"><img src=\"https:\/\/lavras.tv\/site\/wp-content\/uploads\/2025\/01\/Banner_Educacao_PortallavrasTV.png\" alt=\"\"  srcset=\"https:\/\/lavras.tv\/site\/wp-content\/uploads\/2025\/01\/Banner_Educacao_PortallavrasTV.png 720w, https:\/\/lavras.tv\/site\/wp-content\/uploads\/2025\/01\/Banner_Educacao_PortallavrasTV-470x68.png 470w, https:\/\/lavras.tv\/site\/wp-content\/uploads\/2025\/01\/Banner_Educacao_PortallavrasTV-170x25.png 170w, https:\/\/lavras.tv\/site\/wp-content\/uploads\/2025\/01\/Banner_Educacao_PortallavrasTV-200x29.png 200w\" sizes=\"(max-width: 720px) 100vw, 720px\" width=\"720\" height=\"104\"  style=\"display: inline-block;\" \/><\/a><\/div><\/li><li><a href=\"https:\/\/sistemas.lavras.mg.gov.br\/portalcidadao\/#df1b1a7c7b2a290bcb31e32771e610784662739a88807c0dacac58ede5f391a7530e299dc302d611ee73cb143fc22eaf93592e53e7b5bdb01b00a0b8d28dae460c141dd2ff83412e4dc1c31b16b25f33144a9e5620ea73b13f5bc1c59411d98439ad226e8af03840603796067d87afe130812cf3de24982d0e306f9e61e764e5\" aria-label=\"Banner_Sa\u00fade_PortallavrasTV\"><img src=\"https:\/\/lavras.tv\/site\/wp-content\/uploads\/2025\/03\/Banner_Saude_PortallavrasTV.png\" alt=\"\"  srcset=\"https:\/\/lavras.tv\/site\/wp-content\/uploads\/2025\/03\/Banner_Saude_PortallavrasTV.png 720w, https:\/\/lavras.tv\/site\/wp-content\/uploads\/2025\/03\/Banner_Saude_PortallavrasTV-470x68.png 470w, https:\/\/lavras.tv\/site\/wp-content\/uploads\/2025\/03\/Banner_Saude_PortallavrasTV-170x25.png 170w, https:\/\/lavras.tv\/site\/wp-content\/uploads\/2025\/03\/Banner_Saude_PortallavrasTV-200x29.png 200w\" sizes=\"(max-width: 720px) 100vw, 720px\" width=\"720\" height=\"104\"   \/><\/a><\/li><li><div id=\"lavra-105384235\" style=\"width:720px;height:104px;background-color:#ddd;overflow:scroll;\">\n\t<strong>Sa\u00edda da depura\u00e7\u00e3o de an\u00fancios<\/strong>\n\t<br><br>\n\tO an\u00fancio n\u00e3o \u00e9 exibido na p\u00e1gina<br><br>post atual: Festa do Caf\u00e9 com Biscoito \u00e9 atra\u00e7\u00e3o do fim de semana em S\u00e3o Tiago, ID: 2142<br><br><span style=\"color: red;\">O post atual n\u00e3o \u00e9 id\u00eantico ao post principal.<\/span><br><br>An\u00fancios: ROXO - TOPO INTERNA - ROTATIVO 2 (197)<br \/>Grupo de an\u00fancios: Princ_Meio01_720x104 (27)<br><br>Condi\u00e7\u00f5es de exibi\u00e7\u00e3o<div style=\"margin-bottom: 20px; white-space: pre-wrap; font-family: monospace; width: 100%; background: #ffe9e9;\"><strong>condi\u00e7\u00f5es gerais<\/strong><table border=\"1\"><thead><tr><th><\/th><th>An\u00fancios<\/th><th>wp_the_query<\/th><\/tr><\/thead><tr><td>is_main_query<\/td><td>1<\/td><td>1<\/td><\/tr><tr><td>is_rest_api<\/td><td>0<\/td><td>1<\/td><\/tr><tr><td>page<\/td><td>0<\/td><td>1<\/td><\/tr><tr><td>numpages<\/td><td>0<\/td><td>1<\/td><\/tr><tr><td>is_archive<\/td><td>1<\/td><td><\/td><\/tr><tr><td>is_search<\/td><td>1<\/td><td><\/td><\/tr><tr><td>is_home<\/td><td>1<\/td><td><\/td><\/tr><tr><td>is_404<\/td><td>1<\/td><td><\/td><\/tr><tr><td>is_attachment<\/td><td>1<\/td><td><\/td><\/tr><tr><td>is_singular<\/td><td>1<\/td><td><\/td><\/tr><tr><td>is_front_page<\/td><td>1<\/td><td><\/td><\/tr><tr><td>is_feed<\/td><td>1<\/td><td><\/td><\/tr><\/table><\/div><br><br><span style=\"color: red;\">Seu site usa HTTPS, mas o c\u00f3digo do an\u00fancio cont\u00e9m HTTP e pode n\u00e3o funcionar.<\/span>\t<br><br>\n\t<a style=\"color: green;\" href=\"https:\/\/wpadvancedads.com\/manual\/ad-debug-mode\/?utm_source=advanced-ads&utm_medium=link&utm_campaign=ad-debug-mode\" target=\"_blank\" rel=\"nofollow\">Encontre solu\u00e7\u00f5es no manual<\/a>\n<\/div>\n<\/li><\/ul><\/div><script>( window.advanced_ads_ready || jQuery( document ).ready ).call( null, function() {var $lavraslider1172505191 = jQuery( \".lavra-slider-1172505191\" );$lavraslider1172505191.on( \"unslider.ready\", function() { jQuery( \"div.custom-slider ul li\" ).css( \"display\", \"block\" ); });$lavraslider1172505191.unslider({ delay:4000, autoplay:true, nav:false, arrows:false, infinite:true });$lavraslider1172505191.on(\"mouseover\", function() {$lavraslider1172505191.unslider(\"stop\");}).on(\"mouseout\", function() {$lavraslider1172505191.unslider(\"start\");});});<\/script><\/div><p>A Pra\u00e7a Ministro Gabriel Passos, Centro de S\u00e3o Tiago, j\u00e1 est\u00e1 quase pronta para receber 60 mil visitantes que poder\u00e3o degustar quatro toneladas de biscoitos e 15 mil litros de caf\u00e9 no s\u00e1bado (10) e domingo (11). Na sexta-feira (09), acontecem apenas shows culturais (confira programa\u00e7\u00e3o abaixo).<!--more--><\/p>\n<p>Dos 21 estandes, 12 s\u00e3o para degusta\u00e7\u00e3o gratuita das quitandas. A produtora F\u00e1tima Campos, junto do marido Jo\u00e3o Bosco, o Chibata, e da filha, Maria Let\u00edcia Campos, vai ocupar uma dessas barracas e promete guloseimas que s\u00e3o verdadeiras tenta\u00e7\u00f5es.<\/p>\n<p>\u201cPara este ano, n\u00f3s vamos apresentar algumas novidades. Dentre elas est\u00e3o o biscoito de brigadeiro, o nhoque de amendoim e de coco com abacaxi. Al\u00e9m disso, recuperei do caderno de uma tia, uma receita bastante antiga e tradicional, de um biscoito feito a partir de a\u00e7\u00facar mascavo\u201d, conta F\u00e1tima.<\/p>\n<p>Apesar de n\u00e3o trazer seus quitutes para a Pra\u00e7a, Alexandre Nunes Machado aproveita a \u00e9poca da Festa para lan\u00e7ar novidades. Este ano a aposta \u00e9 em um biscoito mais saud\u00e1vel.<\/p>\n<p>\u201cA receita de 2016 \u00e9 de uma torradinha com quatro cereais diferentes, linha\u00e7a, gergelim, quinoa e chia. Al\u00e9m de menos gordura, o biscoito traz nutrientes funcionais para o organismo\u201d, explica.<\/p>\n<h3><strong>A Festa<\/strong><\/h3>\n<figure id=\"attachment_5668\" class=\"wp-caption aligncenter\"><img fetchpriority=\"high\" decoding=\"async\" class=\"wp-image-5668 size-full\" src=\"http:\/\/tremdeler.com.br\/wp-content\/uploads\/2016\/09\/P_20160906_133902-e1473192183666.jpg\" sizes=\"(max-width: 2597px) 100vw, 2597px\" srcset=\"http:\/\/tremdeler.com.br\/wp-content\/uploads\/2016\/09\/P_20160906_133902-e1473192183666.jpg 2597w, http:\/\/tremdeler.com.br\/wp-content\/uploads\/2016\/09\/P_20160906_133902-e1473192183666-300x117.jpg 300w, http:\/\/tremdeler.com.br\/wp-content\/uploads\/2016\/09\/P_20160906_133902-e1473192183666-1024x399.jpg 1024w\" width=\"2597\" height=\"1012\" \/><figcaption class=\"wp-caption-text\">Pra\u00e7a central j\u00e1 est\u00e1 preparada para receber visitantes dos biscoitos<\/figcaption><\/figure>\n<p>Segundo uma das organizadoras do Festival, Liliane Mendes, o objetivo \u00e9 fortalecer a economia local e divulgar o nome da cidade como destino tur\u00edstico.<\/p>\n<p>\u201cN\u00f3s queremos fomentar nossa principal fonte de renda e emprego. Al\u00e9m disso, a Festa traz muita visibilidade para S\u00e3o Tiago, que tem como consequ\u00eancia visita\u00e7\u00e3o de turistas todo o ano\u201d, afirma Liliane.<\/p>\n<p>A secret\u00e1ria da Associa\u00e7\u00e3o S\u00e3o-Tiaguense dos Produtores de Biscoitos contabiliza que a cidade tem cerca de 60 f\u00e1bricas do produto. Juntas, elas ocupam direta e indiretamente cerca de 70% da popula\u00e7\u00e3o de 11 mil habitantes.<\/p>\n<h3>Programa\u00e7\u00e3o<\/h3>\n<p><img decoding=\"async\" src=\"http:\/\/tremdeler.com.br\/wp-content\/uploads\/2016\/09\/14183944_1672157079777918_4387131007680563617_n.jpg\" alt=\"14183944_1672157079777918_4387131007680563617_n\" \/><\/p>\n<p>&nbsp;<\/p>\n<p>Fonte: Trem de Ler<\/p>\n","protected":false},"excerpt":{"rendered":"<p>A Pra\u00e7a Ministro Gabriel Passos, Centro de S\u00e3o Tiago, j\u00e1 est\u00e1 quase pronta para receber 60 mil visitantes que poder\u00e3o degustar quatro toneladas de biscoitos e 15 mil litros de caf\u00e9 no s\u00e1bado (10) e domingo (11). Na sexta-feira (09), acontecem apenas shows culturais (confira programa\u00e7\u00e3o abaixo).<\/p>\n","protected":false},"author":2,"featured_media":2143,"comment_status":"closed","ping_status":"open","sticky":false,"template":"","format":"standard","meta":{"advgb_blocks_editor_width":"","advgb_blocks_columns_visual_guide":"","_exactmetrics_skip_tracking":false,"_exactmetrics_sitenote_active":false,"_exactmetrics_sitenote_note":"","_exactmetrics_sitenote_category":0,"footnotes":""},"categories":[7,21],"tags":[738,739],"class_list":["post-2142","post","type-post","status-publish","format-standard","has-post-thumbnail","hentry","category-destaques","category-vem-ai","tag-festa-do-cafe-com-biscoito-sao-tiago-mg","tag-sao-tiago"],"better_featured_image":{"id":2143,"alt_text":"","caption":"","description":"","media_type":"image","media_details":{"width":620,"height":465,"file":"2016\/09\/festa-biscoito.jpg","sizes":{"thumbnail":{"file":"festa-biscoito-150x113.jpg","width":150,"height":113,"mime-type":"image\/jpeg","source_url":"https:\/\/lavras.tv\/site\/wp-content\/uploads\/2016\/09\/festa-biscoito-150x113.jpg"},"medium":{"file":"festa-biscoito-300x225.jpg","width":300,"height":225,"mime-type":"image\/jpeg","source_url":"https:\/\/lavras.tv\/site\/wp-content\/uploads\/2016\/09\/festa-biscoito-300x225.jpg"},"featured-post-img":{"file":"festa-biscoito-480x320.jpg","width":480,"height":320,"mime-type":"image\/jpeg","source_url":"https:\/\/lavras.tv\/site\/wp-content\/uploads\/2016\/09\/festa-biscoito-480x320.jpg"},"sow-carousel-default":{"file":"festa-biscoito-272x182.jpg","width":272,"height":182,"mime-type":"image\/jpeg","source_url":"https:\/\/lavras.tv\/site\/wp-content\/uploads\/2016\/09\/festa-biscoito-272x182.jpg"}},"image_meta":{"aperture":"0","credit":"","camera":"","caption":"","created_timestamp":"0","copyright":"","focal_length":"0","iso":"0","shutter_speed":"0","title":"","orientation":"0","keywords":[]}},"post":2142,"source_url":"https:\/\/lavras.tv\/site\/wp-content\/uploads\/2016\/09\/festa-biscoito.jpg"},"author_meta":{"display_name":"Lavras TV","author_link":"https:\/\/lavras.tv\/site\/author\/lavrastv\/"},"featured_img":"https:\/\/lavras.tv\/site\/wp-content\/uploads\/2016\/09\/festa-biscoito-300x225.jpg","coauthors":[],"tax_additional":{"categories":{"linked":["<a href=\"https:\/\/lavras.tv\/site\/category\/destaques\/\" class=\"advgb-post-tax-term\">Destaques<\/a>","<a href=\"https:\/\/lavras.tv\/site\/category\/vem-ai\/\" class=\"advgb-post-tax-term\">Vem a\u00ed<\/a>"],"unlinked":["<span class=\"advgb-post-tax-term\">Destaques<\/span>","<span class=\"advgb-post-tax-term\">Vem a\u00ed<\/span>"]},"tags":{"linked":["<a href=\"https:\/\/lavras.tv\/site\/category\/vem-ai\/\" class=\"advgb-post-tax-term\">Festa do Caf\u00e9 com Biscoito S\u00e3o Tiago Mg<\/a>","<a href=\"https:\/\/lavras.tv\/site\/category\/vem-ai\/\" class=\"advgb-post-tax-term\">S\u00e3o Tiago<\/a>"],"unlinked":["<span class=\"advgb-post-tax-term\">Festa do Caf\u00e9 com Biscoito S\u00e3o Tiago Mg<\/span>","<span class=\"advgb-post-tax-term\">S\u00e3o Tiago<\/span>"]}},"comment_count":"0","relative_dates":{"created":"Publicado 10 anos atr\u00e1s","modified":"Atualizado 10 anos atr\u00e1s"},"absolute_dates":{"created":"Publicado em 8 de setembro de 2016","modified":"Atualizado em 8 de setembro de 2016"},"absolute_dates_time":{"created":"Publicado em 8 de setembro de 2016 09:17","modified":"Atualizado em 8 de setembro de 2016 09:17"},"featured_img_caption":"","series_order":"","_links":{"self":[{"href":"https:\/\/lavras.tv\/site\/wp-json\/wp\/v2\/posts\/2142","targetHints":{"allow":["GET"]}}],"collection":[{"href":"https:\/\/lavras.tv\/site\/wp-json\/wp\/v2\/posts"}],"about":[{"href":"https:\/\/lavras.tv\/site\/wp-json\/wp\/v2\/types\/post"}],"author":[{"embeddable":true,"href":"https:\/\/lavras.tv\/site\/wp-json\/wp\/v2\/users\/2"}],"replies":[{"embeddable":true,"href":"https:\/\/lavras.tv\/site\/wp-json\/wp\/v2\/comments?post=2142"}],"version-history":[{"count":1,"href":"https:\/\/lavras.tv\/site\/wp-json\/wp\/v2\/posts\/2142\/revisions"}],"predecessor-version":[{"id":2144,"href":"https:\/\/lavras.tv\/site\/wp-json\/wp\/v2\/posts\/2142\/revisions\/2144"}],"wp:featuredmedia":[{"embeddable":true,"href":"https:\/\/lavras.tv\/site\/wp-json\/wp\/v2\/media\/2143"}],"wp:attachment":[{"href":"https:\/\/lavras.tv\/site\/wp-json\/wp\/v2\/media?parent=2142"}],"wp:term":[{"taxonomy":"category","embeddable":true,"href":"https:\/\/lavras.tv\/site\/wp-json\/wp\/v2\/categories?post=2142"},{"taxonomy":"post_tag","embeddable":true,"href":"https:\/\/lavras.tv\/site\/wp-json\/wp\/v2\/tags?post=2142"}],"curies":[{"name":"wp","href":"https:\/\/api.w.org\/{rel}","templated":true}]}}