{"id":2158,"date":"2016-09-09T08:29:20","date_gmt":"2016-09-09T11:29:20","guid":{"rendered":"http:\/\/lavras.tv\/site\/?p=2158"},"modified":"2016-09-09T08:29:20","modified_gmt":"2016-09-09T11:29:20","slug":"padre-joaozinho-lanca-livro-sobre-madre-teresa","status":"publish","type":"post","link":"https:\/\/lavras.tv\/site\/2016\/09\/09\/padre-joaozinho-lanca-livro-sobre-madre-teresa\/","title":{"rendered":"Padre Jo\u00e3ozinho lan\u00e7a livro sobre Madre Teresa"},"content":{"rendered":"<div class=\"lavra-antes-do-conteudo_2\" id=\"lavra-3841809400\"><div id=\"lavra-slider-27\" class=\"custom-slider lavra-slider-1535952011 lavra-slider\"><ul><li><div style=\"margin-left: auto;margin-right: auto;text-align: center;\" id=\"lavra-915414022\"><a href=\"https:\/\/sistemas.lavras.mg.gov.br\/portalcidadao\/#df1b1a7c7b2a290bcb31e32771e610784662739a88807c0dacac58ede5f391a7530e299dc302d611ee73cb143fc22eaf93592e53e7b5bdb01b00a0b8d28dae460c141dd2ff83412e4dc1c31b16b25f33144a9e5620ea73b13f5bc1c59411d98439ad226e8af03840603796067d87afe130812cf3de24982d0e306f9e61e764e5\" aria-label=\"Lavras-TV&#8211;720x104px (1) (1)\"><img src=\"https:\/\/lavras.tv\/site\/wp-content\/uploads\/2025\/01\/Lavras-TV-720x104px-1-1.png\" alt=\"\"  srcset=\"https:\/\/lavras.tv\/site\/wp-content\/uploads\/2025\/01\/Lavras-TV-720x104px-1-1.png 720w, https:\/\/lavras.tv\/site\/wp-content\/uploads\/2025\/01\/Lavras-TV-720x104px-1-1-470x68.png 470w, https:\/\/lavras.tv\/site\/wp-content\/uploads\/2025\/01\/Lavras-TV-720x104px-1-1-170x25.png 170w, https:\/\/lavras.tv\/site\/wp-content\/uploads\/2025\/01\/Lavras-TV-720x104px-1-1-200x29.png 200w\" sizes=\"(max-width: 720px) 100vw, 720px\" width=\"720\" height=\"104\"  style=\"display: inline-block;\" \/><\/a><\/div><\/li><li><a href=\"https:\/\/sistemas.lavras.mg.gov.br\/portalcidadao\/#df1b1a7c7b2a290bcb31e32771e610784662739a88807c0dacac58ede5f391a7530e299dc302d611ee73cb143fc22eaf93592e53e7b5bdb01b00a0b8d28dae460c141dd2ff83412e4dc1c31b16b25f33144a9e5620ea73b13f5bc1c59411d98439ad226e8af03840603796067d87afe130812cf3de24982d0e306f9e61e764e5\" aria-label=\"Banner_Emprego_PortallavrasTV\"><img src=\"https:\/\/lavras.tv\/site\/wp-content\/uploads\/2025\/03\/Banner_Emprego_PortallavrasTV.png\" alt=\"\"  srcset=\"https:\/\/lavras.tv\/site\/wp-content\/uploads\/2025\/03\/Banner_Emprego_PortallavrasTV.png 720w, https:\/\/lavras.tv\/site\/wp-content\/uploads\/2025\/03\/Banner_Emprego_PortallavrasTV-470x68.png 470w, https:\/\/lavras.tv\/site\/wp-content\/uploads\/2025\/03\/Banner_Emprego_PortallavrasTV-170x25.png 170w, https:\/\/lavras.tv\/site\/wp-content\/uploads\/2025\/03\/Banner_Emprego_PortallavrasTV-200x29.png 200w\" sizes=\"(max-width: 720px) 100vw, 720px\" width=\"720\" height=\"104\"   \/><\/a><\/li><li><a href=\"https:\/\/sistemas.lavras.mg.gov.br\/portalcidadao\/#df1b1a7c7b2a290bcb31e32771e610784662739a88807c0dacac58ede5f391a7530e299dc302d611ee73cb143fc22eaf93592e53e7b5bdb01b00a0b8d28dae460c141dd2ff83412e4dc1c31b16b25f33144a9e5620ea73b13f5bc1c59411d98439ad226e8af03840603796067d87afe130812cf3de24982d0e306f9e61e764e5\" aria-label=\"Banner_Obras_PortallavrasTV\"><img src=\"https:\/\/lavras.tv\/site\/wp-content\/uploads\/2025\/03\/Banner_Obras_PortallavrasTV.png\" alt=\"\"  srcset=\"https:\/\/lavras.tv\/site\/wp-content\/uploads\/2025\/03\/Banner_Obras_PortallavrasTV.png 720w, https:\/\/lavras.tv\/site\/wp-content\/uploads\/2025\/03\/Banner_Obras_PortallavrasTV-470x68.png 470w, https:\/\/lavras.tv\/site\/wp-content\/uploads\/2025\/03\/Banner_Obras_PortallavrasTV-170x25.png 170w, https:\/\/lavras.tv\/site\/wp-content\/uploads\/2025\/03\/Banner_Obras_PortallavrasTV-200x29.png 200w\" sizes=\"(max-width: 720px) 100vw, 720px\" width=\"720\" height=\"104\"   \/><\/a><\/li><li><div style=\"margin-left: auto;margin-right: auto;text-align: center;\" id=\"lavra-2435869324\"><a href=\"https:\/\/sistemas.lavras.mg.gov.br\/portalcidadao\/#df1b1a7c7b2a290bcb31e32771e610784662739a88807c0dacac58ede5f391a7530e299dc302d611ee73cb143fc22eaf93592e53e7b5bdb01b00a0b8d28dae460c141dd2ff83412e4dc1c31b16b25f33144a9e5620ea73b13f5bc1c59411d98439ad226e8af03840603796067d87afe130812cf3de24982d0e306f9e61e764e5\" aria-label=\"Banner_Educa\u00e7\u00e3o_PortallavrasTV\"><img src=\"https:\/\/lavras.tv\/site\/wp-content\/uploads\/2025\/01\/Banner_Educacao_PortallavrasTV.png\" alt=\"\"  srcset=\"https:\/\/lavras.tv\/site\/wp-content\/uploads\/2025\/01\/Banner_Educacao_PortallavrasTV.png 720w, https:\/\/lavras.tv\/site\/wp-content\/uploads\/2025\/01\/Banner_Educacao_PortallavrasTV-470x68.png 470w, https:\/\/lavras.tv\/site\/wp-content\/uploads\/2025\/01\/Banner_Educacao_PortallavrasTV-170x25.png 170w, https:\/\/lavras.tv\/site\/wp-content\/uploads\/2025\/01\/Banner_Educacao_PortallavrasTV-200x29.png 200w\" sizes=\"(max-width: 720px) 100vw, 720px\" width=\"720\" height=\"104\"  style=\"display: inline-block;\" \/><\/a><\/div><\/li><li><a href=\"https:\/\/sistemas.lavras.mg.gov.br\/portalcidadao\/#df1b1a7c7b2a290bcb31e32771e610784662739a88807c0dacac58ede5f391a7530e299dc302d611ee73cb143fc22eaf93592e53e7b5bdb01b00a0b8d28dae460c141dd2ff83412e4dc1c31b16b25f33144a9e5620ea73b13f5bc1c59411d98439ad226e8af03840603796067d87afe130812cf3de24982d0e306f9e61e764e5\" aria-label=\"Banner_Sa\u00fade_PortallavrasTV\"><img src=\"https:\/\/lavras.tv\/site\/wp-content\/uploads\/2025\/03\/Banner_Saude_PortallavrasTV.png\" alt=\"\"  srcset=\"https:\/\/lavras.tv\/site\/wp-content\/uploads\/2025\/03\/Banner_Saude_PortallavrasTV.png 720w, https:\/\/lavras.tv\/site\/wp-content\/uploads\/2025\/03\/Banner_Saude_PortallavrasTV-470x68.png 470w, https:\/\/lavras.tv\/site\/wp-content\/uploads\/2025\/03\/Banner_Saude_PortallavrasTV-170x25.png 170w, https:\/\/lavras.tv\/site\/wp-content\/uploads\/2025\/03\/Banner_Saude_PortallavrasTV-200x29.png 200w\" sizes=\"(max-width: 720px) 100vw, 720px\" width=\"720\" height=\"104\"   \/><\/a><\/li><li><div id=\"lavra-3751026153\" style=\"width:720px;height:104px;background-color:#ddd;overflow:scroll;\">\n\t<strong>Sa\u00edda da depura\u00e7\u00e3o de an\u00fancios<\/strong>\n\t<br><br>\n\tO an\u00fancio n\u00e3o \u00e9 exibido na p\u00e1gina<br><br>post atual: Padre Jo\u00e3ozinho lan\u00e7a livro sobre Madre Teresa, ID: 2158<br><br><span style=\"color: red;\">O post atual n\u00e3o \u00e9 id\u00eantico ao post principal.<\/span><br><br>An\u00fancios: ROXO - TOPO INTERNA - ROTATIVO 2 (197)<br \/>Grupo de an\u00fancios: Princ_Meio01_720x104 (27)<br><br>Condi\u00e7\u00f5es de exibi\u00e7\u00e3o<div style=\"margin-bottom: 20px; white-space: pre-wrap; font-family: monospace; width: 100%; background: #ffe9e9;\"><strong>condi\u00e7\u00f5es gerais<\/strong><table border=\"1\"><thead><tr><th><\/th><th>An\u00fancios<\/th><th>wp_the_query<\/th><\/tr><\/thead><tr><td>is_main_query<\/td><td>1<\/td><td>1<\/td><\/tr><tr><td>is_rest_api<\/td><td>0<\/td><td>1<\/td><\/tr><tr><td>page<\/td><td>0<\/td><td>1<\/td><\/tr><tr><td>numpages<\/td><td>0<\/td><td>1<\/td><\/tr><tr><td>is_archive<\/td><td>1<\/td><td><\/td><\/tr><tr><td>is_search<\/td><td>1<\/td><td><\/td><\/tr><tr><td>is_home<\/td><td>1<\/td><td><\/td><\/tr><tr><td>is_404<\/td><td>1<\/td><td><\/td><\/tr><tr><td>is_attachment<\/td><td>1<\/td><td><\/td><\/tr><tr><td>is_singular<\/td><td>1<\/td><td><\/td><\/tr><tr><td>is_front_page<\/td><td>1<\/td><td><\/td><\/tr><tr><td>is_feed<\/td><td>1<\/td><td><\/td><\/tr><\/table><\/div><br><br><span style=\"color: red;\">Seu site usa HTTPS, mas o c\u00f3digo do an\u00fancio cont\u00e9m HTTP e pode n\u00e3o funcionar.<\/span>\t<br><br>\n\t<a style=\"color: green;\" href=\"https:\/\/wpadvancedads.com\/manual\/ad-debug-mode\/?utm_source=advanced-ads&utm_medium=link&utm_campaign=ad-debug-mode\" target=\"_blank\" rel=\"nofollow\">Encontre solu\u00e7\u00f5es no manual<\/a>\n<\/div>\n<\/li><\/ul><\/div><script>( window.advanced_ads_ready || jQuery( document ).ready ).call( null, function() {var $lavraslider1535952011 = jQuery( \".lavra-slider-1535952011\" );$lavraslider1535952011.on( \"unslider.ready\", function() { jQuery( \"div.custom-slider ul li\" ).css( \"display\", \"block\" ); });$lavraslider1535952011.unslider({ delay:4000, autoplay:true, nav:false, arrows:false, infinite:true });$lavraslider1535952011.on(\"mouseover\", function() {$lavraslider1535952011.unslider(\"stop\");}).on(\"mouseout\", function() {$lavraslider1535952011.unslider(\"start\");});});<\/script><\/div><p>O Padre\u00a0Jo\u00e3o Carlos Almeida, SCJ, membro da Academia Marial, \u00e9 o autor de <em>O milagre de Teresa. <\/em>Nesta quinta-feira, dia 8, aconteceu o lan\u00e7amento da obra na Igreja Matriz de Sant&#8217;Ana. O \u00a0livro\u00a0conta a impressionante hist\u00f3ria de f\u00e9 e devo\u00e7\u00e3o que transformou Madre Teresa em Santa, e conta o milagre ocorrido na Baixada Santista, na regi\u00e3o metropolitana de S\u00e3o Paulo, em 2008, que foi decisivo para a sua canoniza\u00e7\u00e3o. O Padre Jo\u00e3ozinho fez uma noite de aut\u00f3grafos e alguns exemplares ainda est\u00e3o dispon\u00edveis por R$ 30, na secretaria da Casa Paroquial (Rua Misseno de P\u00e1dua, 394 &#8211; Centro).<\/p>\n<p><strong>Sino<\/strong><img decoding=\"async\" class=\"alignright\" title=\"o_milagre_de_teresa_pe_joaozinho\" src=\"http:\/\/www.a12.com\/files\/media\/originals\/o_milagre_de_teresa_pe_joaozinho.jpg\" alt=\"o_milagre_de_teresa_pe_joaozinho\" \/><strong>pse<\/strong><\/p>\n<p>Madre Teresa de Calcut\u00e1 \u00e9 definida, na p\u00e1gina oficial do Vaticano, como uma mulher &#8220;de pequena estatura, mas firme como uma rocha na sua f\u00e9&#8221;. Com seu 1,5 metro de altura, fez com que os maiores l\u00edderes do mundo se curvassem a ela, trajet\u00f3ria reconhecida com o Pr\u00eamio Nobel da Paz, em 1979. Falecida em 1997, a &#8220;santa das sarjetas&#8221; teve seu processo de beatifica\u00e7\u00e3o acelerado pelo ent\u00e3o papa Jo\u00e3o Paulo II, que a declarou &#8220;beata&#8221; em 2003. Faltava um milagre para que ela pudesse receber o mais alto grau de reconhecimento da Igreja Cat\u00f3lica: a canoniza\u00e7\u00e3o. Isto aconteceu no Brasil.<br \/>\nFoi no dia 9 de dezembro de 2008, na Baixada Santista. Um paciente com v\u00e1rios abscessos no c\u00e9rebro e hidrocefalia acordou diante do m\u00e9dico que estava pronto para oper\u00e1-lo. A cirurgia nunca aconteceu e o paciente ficou completamente curado enquanto sua esposa rezava com f\u00e9 ardente pedindo a intercess\u00e3o de Madre Teresa de Calcut\u00e1. Ap\u00f3s v\u00e1rios anos de estudo, a Igreja Cat\u00f3lica reconheceu tratar-se de um verdadeiro milagre, que abriria as portas para a canoniza\u00e7\u00e3o da &#8220;santa dos pobres&#8221;.<br \/>\nNeste livro, que possui Nihil Obstat &#8211; aprova\u00e7\u00e3o da Igreja Cat\u00f3lica para publica\u00e7\u00f5es oficiais -, ser\u00e1 poss\u00edvel conhecer a hist\u00f3ria do milagre e acompanhar os passos de uma verdadeira jornada de f\u00e9 e esperan\u00e7a. O livro traz uma breve hist\u00f3ria de Madre Teresa, revela segredos por tr\u00e1s dos milagres, apresenta relatos pessoais e emocionantes dos envolvidos nestes processos e re\u00fane as ora\u00e7\u00f5es de Madre Teresa. O milagre de Teresa \u00e9 o grande lan\u00e7amento da Igreja Cat\u00f3lica ap\u00f3s a publica\u00e7\u00e3o do livro do Papa Francisco O nome de Deus \u00e9 miseric\u00f3rdia (tamb\u00e9m pela editora Planeta)<\/p>\n<p><strong><img decoding=\"async\" class=\"alignleft\" title=\"padre_joaozinho\" src=\"http:\/\/www.a12.com\/files\/media\/originals\/padre_joaozinho.png\" alt=\"padre_joaozinho\" width=\"135\" height=\"131\" \/>Autor:<\/strong> Jo\u00e3o Carlos Almeida<br \/>\n<strong>Edi\u00e7\u00e3o:<\/strong> Ago\/2016<br \/>\n<strong>P\u00e1ginas:<\/strong> 192<br \/>\n<strong>ISBN<\/strong>: 9789896578282<br \/>\n<strong>Editora:<\/strong> Planeta<\/p>\n<p>&nbsp;<\/p>\n<p>Fonte: Santu\u00e1rio Nacional Aparecida<\/p>\n","protected":false},"excerpt":{"rendered":"<p>O Padre\u00a0Jo\u00e3o Carlos Almeida, SCJ, membro da Academia Marial, \u00e9 o autor de O milagre de Teresa. Nesta quinta-feira, dia 8, aconteceu o lan\u00e7amento da obra na Igreja Matriz de Sant&#8217;Ana. O \u00a0livro\u00a0conta a impressionante hist\u00f3ria de f\u00e9 e devo\u00e7\u00e3o que transformou Madre Teresa em Santa, e conta o milagre ocorrido na Baixada Santista, na [&hellip;]<\/p>\n","protected":false},"author":2,"featured_media":2159,"comment_status":"closed","ping_status":"open","sticky":false,"template":"","format":"standard","meta":{"advgb_blocks_editor_width":"","advgb_blocks_columns_visual_guide":"","_exactmetrics_skip_tracking":false,"_exactmetrics_sitenote_active":false,"_exactmetrics_sitenote_note":"","_exactmetrics_sitenote_category":0,"footnotes":""},"categories":[7,2],"tags":[747,746,745,744,748],"class_list":["post-2158","post","type-post","status-publish","format-standard","has-post-thumbnail","hentry","category-destaques","category-noticias","tag-igreja-matriz-de-lavras","tag-madre-teresa","tag-o-milagre-de-teresa","tag-padre-joaozinho","tag-paroquia-santana-de-lavras"],"better_featured_image":{"id":2159,"alt_text":"","caption":"","description":"","media_type":"image","media_details":{"width":960,"height":566,"file":"2016\/09\/milagre-teresa.jpg","sizes":{"thumbnail":{"file":"milagre-teresa-150x88.jpg","width":150,"height":88,"mime-type":"image\/jpeg","source_url":"https:\/\/lavras.tv\/site\/wp-content\/uploads\/2016\/09\/milagre-teresa-150x88.jpg"},"medium":{"file":"milagre-teresa-300x177.jpg","width":300,"height":177,"mime-type":"image\/jpeg","source_url":"https:\/\/lavras.tv\/site\/wp-content\/uploads\/2016\/09\/milagre-teresa-300x177.jpg"},"featured-slider-img":{"file":"milagre-teresa-640x480.jpg","width":640,"height":480,"mime-type":"image\/jpeg","source_url":"https:\/\/lavras.tv\/site\/wp-content\/uploads\/2016\/09\/milagre-teresa-640x480.jpg"},"featured-post-img":{"file":"milagre-teresa-480x320.jpg","width":480,"height":320,"mime-type":"image\/jpeg","source_url":"https:\/\/lavras.tv\/site\/wp-content\/uploads\/2016\/09\/milagre-teresa-480x320.jpg"},"sow-carousel-default":{"file":"milagre-teresa-272x182.jpg","width":272,"height":182,"mime-type":"image\/jpeg","source_url":"https:\/\/lavras.tv\/site\/wp-content\/uploads\/2016\/09\/milagre-teresa-272x182.jpg"}},"image_meta":{"aperture":"0","credit":"","camera":"","caption":"","created_timestamp":"0","copyright":"","focal_length":"0","iso":"0","shutter_speed":"0","title":"","orientation":"0","keywords":[]}},"post":2158,"source_url":"https:\/\/lavras.tv\/site\/wp-content\/uploads\/2016\/09\/milagre-teresa.jpg"},"author_meta":{"display_name":"Lavras TV","author_link":"https:\/\/lavras.tv\/site\/author\/lavrastv\/"},"featured_img":"https:\/\/lavras.tv\/site\/wp-content\/uploads\/2016\/09\/milagre-teresa-300x177.jpg","coauthors":[],"tax_additional":{"categories":{"linked":["<a href=\"https:\/\/lavras.tv\/site\/category\/destaques\/\" class=\"advgb-post-tax-term\">Destaques<\/a>","<a href=\"https:\/\/lavras.tv\/site\/category\/noticias\/\" class=\"advgb-post-tax-term\">Not\u00edcias<\/a>"],"unlinked":["<span class=\"advgb-post-tax-term\">Destaques<\/span>","<span class=\"advgb-post-tax-term\">Not\u00edcias<\/span>"]},"tags":{"linked":["<a href=\"https:\/\/lavras.tv\/site\/category\/noticias\/\" class=\"advgb-post-tax-term\">igreja matriz de lavras<\/a>","<a href=\"https:\/\/lavras.tv\/site\/category\/noticias\/\" class=\"advgb-post-tax-term\">madre teresa<\/a>","<a href=\"https:\/\/lavras.tv\/site\/category\/noticias\/\" class=\"advgb-post-tax-term\">o milagre de teresa<\/a>","<a href=\"https:\/\/lavras.tv\/site\/category\/noticias\/\" class=\"advgb-post-tax-term\">padre jo\u00e3ozinho<\/a>","<a href=\"https:\/\/lavras.tv\/site\/category\/noticias\/\" class=\"advgb-post-tax-term\">par\u00f3quia santana de lavras<\/a>"],"unlinked":["<span class=\"advgb-post-tax-term\">igreja matriz de lavras<\/span>","<span class=\"advgb-post-tax-term\">madre teresa<\/span>","<span class=\"advgb-post-tax-term\">o milagre de teresa<\/span>","<span class=\"advgb-post-tax-term\">padre jo\u00e3ozinho<\/span>","<span class=\"advgb-post-tax-term\">par\u00f3quia santana de lavras<\/span>"]}},"comment_count":"0","relative_dates":{"created":"Publicado 10 anos atr\u00e1s","modified":"Atualizado 10 anos atr\u00e1s"},"absolute_dates":{"created":"Publicado em 9 de setembro de 2016","modified":"Atualizado em 9 de setembro de 2016"},"absolute_dates_time":{"created":"Publicado em 9 de setembro de 2016 08:29","modified":"Atualizado em 9 de setembro de 2016 08:29"},"featured_img_caption":"","series_order":"","_links":{"self":[{"href":"https:\/\/lavras.tv\/site\/wp-json\/wp\/v2\/posts\/2158","targetHints":{"allow":["GET"]}}],"collection":[{"href":"https:\/\/lavras.tv\/site\/wp-json\/wp\/v2\/posts"}],"about":[{"href":"https:\/\/lavras.tv\/site\/wp-json\/wp\/v2\/types\/post"}],"author":[{"embeddable":true,"href":"https:\/\/lavras.tv\/site\/wp-json\/wp\/v2\/users\/2"}],"replies":[{"embeddable":true,"href":"https:\/\/lavras.tv\/site\/wp-json\/wp\/v2\/comments?post=2158"}],"version-history":[{"count":1,"href":"https:\/\/lavras.tv\/site\/wp-json\/wp\/v2\/posts\/2158\/revisions"}],"predecessor-version":[{"id":2160,"href":"https:\/\/lavras.tv\/site\/wp-json\/wp\/v2\/posts\/2158\/revisions\/2160"}],"wp:featuredmedia":[{"embeddable":true,"href":"https:\/\/lavras.tv\/site\/wp-json\/wp\/v2\/media\/2159"}],"wp:attachment":[{"href":"https:\/\/lavras.tv\/site\/wp-json\/wp\/v2\/media?parent=2158"}],"wp:term":[{"taxonomy":"category","embeddable":true,"href":"https:\/\/lavras.tv\/site\/wp-json\/wp\/v2\/categories?post=2158"},{"taxonomy":"post_tag","embeddable":true,"href":"https:\/\/lavras.tv\/site\/wp-json\/wp\/v2\/tags?post=2158"}],"curies":[{"name":"wp","href":"https:\/\/api.w.org\/{rel}","templated":true}]}}