{"id":21815,"date":"2019-05-21T09:24:20","date_gmt":"2019-05-21T12:24:20","guid":{"rendered":"http:\/\/lavras.tv\/site\/?p=21815"},"modified":"2019-05-21T09:29:31","modified_gmt":"2019-05-21T12:29:31","slug":"deputado-por-quase-30-anos-bolsonaro-diz-que-problema-do-brasil-e-a-classe-politica","status":"publish","type":"post","link":"https:\/\/lavras.tv\/site\/2019\/05\/21\/deputado-por-quase-30-anos-bolsonaro-diz-que-problema-do-brasil-e-a-classe-politica\/","title":{"rendered":"Deputado por quase 30 anos, Bolsonaro diz que problema do Brasil \u00e9 a classe pol\u00edtica"},"content":{"rendered":"<div class=\"lavra-antes-do-conteudo_2\" id=\"lavra-2030660441\"><div id=\"lavra-slider-27\" class=\"custom-slider lavra-slider-1198048838 lavra-slider\"><ul><li><div style=\"margin-left: auto;margin-right: auto;text-align: center;\" id=\"lavra-3212173100\"><a href=\"https:\/\/sistemas.lavras.mg.gov.br\/portalcidadao\/#df1b1a7c7b2a290bcb31e32771e610784662739a88807c0dacac58ede5f391a7530e299dc302d611ee73cb143fc22eaf93592e53e7b5bdb01b00a0b8d28dae460c141dd2ff83412e4dc1c31b16b25f33144a9e5620ea73b13f5bc1c59411d98439ad226e8af03840603796067d87afe130812cf3de24982d0e306f9e61e764e5\" aria-label=\"Lavras-TV&#8211;720x104px (1) (1)\"><img src=\"https:\/\/lavras.tv\/site\/wp-content\/uploads\/2025\/01\/Lavras-TV-720x104px-1-1.png\" alt=\"\"  srcset=\"https:\/\/lavras.tv\/site\/wp-content\/uploads\/2025\/01\/Lavras-TV-720x104px-1-1.png 720w, https:\/\/lavras.tv\/site\/wp-content\/uploads\/2025\/01\/Lavras-TV-720x104px-1-1-470x68.png 470w, https:\/\/lavras.tv\/site\/wp-content\/uploads\/2025\/01\/Lavras-TV-720x104px-1-1-170x25.png 170w, https:\/\/lavras.tv\/site\/wp-content\/uploads\/2025\/01\/Lavras-TV-720x104px-1-1-200x29.png 200w\" sizes=\"(max-width: 720px) 100vw, 720px\" width=\"720\" height=\"104\"  style=\"display: inline-block;\" \/><\/a><\/div><\/li><li><a href=\"https:\/\/sistemas.lavras.mg.gov.br\/portalcidadao\/#df1b1a7c7b2a290bcb31e32771e610784662739a88807c0dacac58ede5f391a7530e299dc302d611ee73cb143fc22eaf93592e53e7b5bdb01b00a0b8d28dae460c141dd2ff83412e4dc1c31b16b25f33144a9e5620ea73b13f5bc1c59411d98439ad226e8af03840603796067d87afe130812cf3de24982d0e306f9e61e764e5\" aria-label=\"Banner_Emprego_PortallavrasTV\"><img src=\"https:\/\/lavras.tv\/site\/wp-content\/uploads\/2025\/03\/Banner_Emprego_PortallavrasTV.png\" alt=\"\"  srcset=\"https:\/\/lavras.tv\/site\/wp-content\/uploads\/2025\/03\/Banner_Emprego_PortallavrasTV.png 720w, https:\/\/lavras.tv\/site\/wp-content\/uploads\/2025\/03\/Banner_Emprego_PortallavrasTV-470x68.png 470w, https:\/\/lavras.tv\/site\/wp-content\/uploads\/2025\/03\/Banner_Emprego_PortallavrasTV-170x25.png 170w, https:\/\/lavras.tv\/site\/wp-content\/uploads\/2025\/03\/Banner_Emprego_PortallavrasTV-200x29.png 200w\" sizes=\"(max-width: 720px) 100vw, 720px\" width=\"720\" height=\"104\"   \/><\/a><\/li><li><a href=\"https:\/\/sistemas.lavras.mg.gov.br\/portalcidadao\/#df1b1a7c7b2a290bcb31e32771e610784662739a88807c0dacac58ede5f391a7530e299dc302d611ee73cb143fc22eaf93592e53e7b5bdb01b00a0b8d28dae460c141dd2ff83412e4dc1c31b16b25f33144a9e5620ea73b13f5bc1c59411d98439ad226e8af03840603796067d87afe130812cf3de24982d0e306f9e61e764e5\" aria-label=\"Banner_Obras_PortallavrasTV\"><img src=\"https:\/\/lavras.tv\/site\/wp-content\/uploads\/2025\/03\/Banner_Obras_PortallavrasTV.png\" alt=\"\"  srcset=\"https:\/\/lavras.tv\/site\/wp-content\/uploads\/2025\/03\/Banner_Obras_PortallavrasTV.png 720w, https:\/\/lavras.tv\/site\/wp-content\/uploads\/2025\/03\/Banner_Obras_PortallavrasTV-470x68.png 470w, https:\/\/lavras.tv\/site\/wp-content\/uploads\/2025\/03\/Banner_Obras_PortallavrasTV-170x25.png 170w, https:\/\/lavras.tv\/site\/wp-content\/uploads\/2025\/03\/Banner_Obras_PortallavrasTV-200x29.png 200w\" sizes=\"(max-width: 720px) 100vw, 720px\" width=\"720\" height=\"104\"   \/><\/a><\/li><li><div style=\"margin-left: auto;margin-right: auto;text-align: center;\" id=\"lavra-3522850457\"><a href=\"https:\/\/sistemas.lavras.mg.gov.br\/portalcidadao\/#df1b1a7c7b2a290bcb31e32771e610784662739a88807c0dacac58ede5f391a7530e299dc302d611ee73cb143fc22eaf93592e53e7b5bdb01b00a0b8d28dae460c141dd2ff83412e4dc1c31b16b25f33144a9e5620ea73b13f5bc1c59411d98439ad226e8af03840603796067d87afe130812cf3de24982d0e306f9e61e764e5\" aria-label=\"Banner_Educa\u00e7\u00e3o_PortallavrasTV\"><img src=\"https:\/\/lavras.tv\/site\/wp-content\/uploads\/2025\/01\/Banner_Educacao_PortallavrasTV.png\" alt=\"\"  srcset=\"https:\/\/lavras.tv\/site\/wp-content\/uploads\/2025\/01\/Banner_Educacao_PortallavrasTV.png 720w, https:\/\/lavras.tv\/site\/wp-content\/uploads\/2025\/01\/Banner_Educacao_PortallavrasTV-470x68.png 470w, https:\/\/lavras.tv\/site\/wp-content\/uploads\/2025\/01\/Banner_Educacao_PortallavrasTV-170x25.png 170w, https:\/\/lavras.tv\/site\/wp-content\/uploads\/2025\/01\/Banner_Educacao_PortallavrasTV-200x29.png 200w\" sizes=\"(max-width: 720px) 100vw, 720px\" width=\"720\" height=\"104\"  style=\"display: inline-block;\" \/><\/a><\/div><\/li><li><a href=\"https:\/\/sistemas.lavras.mg.gov.br\/portalcidadao\/#df1b1a7c7b2a290bcb31e32771e610784662739a88807c0dacac58ede5f391a7530e299dc302d611ee73cb143fc22eaf93592e53e7b5bdb01b00a0b8d28dae460c141dd2ff83412e4dc1c31b16b25f33144a9e5620ea73b13f5bc1c59411d98439ad226e8af03840603796067d87afe130812cf3de24982d0e306f9e61e764e5\" aria-label=\"Banner_Sa\u00fade_PortallavrasTV\"><img src=\"https:\/\/lavras.tv\/site\/wp-content\/uploads\/2025\/03\/Banner_Saude_PortallavrasTV.png\" alt=\"\"  srcset=\"https:\/\/lavras.tv\/site\/wp-content\/uploads\/2025\/03\/Banner_Saude_PortallavrasTV.png 720w, https:\/\/lavras.tv\/site\/wp-content\/uploads\/2025\/03\/Banner_Saude_PortallavrasTV-470x68.png 470w, https:\/\/lavras.tv\/site\/wp-content\/uploads\/2025\/03\/Banner_Saude_PortallavrasTV-170x25.png 170w, https:\/\/lavras.tv\/site\/wp-content\/uploads\/2025\/03\/Banner_Saude_PortallavrasTV-200x29.png 200w\" sizes=\"(max-width: 720px) 100vw, 720px\" width=\"720\" height=\"104\"   \/><\/a><\/li><li><div id=\"lavra-3314118878\" style=\"width:720px;height:104px;background-color:#ddd;overflow:scroll;\">\n\t<strong>Sa\u00edda da depura\u00e7\u00e3o de an\u00fancios<\/strong>\n\t<br><br>\n\tO an\u00fancio n\u00e3o \u00e9 exibido na p\u00e1gina<br><br>post atual: Deputado por quase 30 anos, Bolsonaro diz que problema do Brasil \u00e9 a classe pol\u00edtica, ID: 21815<br><br><span style=\"color: red;\">O post atual n\u00e3o \u00e9 id\u00eantico ao post principal.<\/span><br><br>An\u00fancios: ROXO - TOPO INTERNA - ROTATIVO 2 (197)<br \/>Grupo de an\u00fancios: Princ_Meio01_720x104 (27)<br><br>Condi\u00e7\u00f5es de exibi\u00e7\u00e3o<div style=\"margin-bottom: 20px; white-space: pre-wrap; font-family: monospace; width: 100%; background: #ffe9e9;\"><strong>condi\u00e7\u00f5es gerais<\/strong><table border=\"1\"><thead><tr><th><\/th><th>An\u00fancios<\/th><th>wp_the_query<\/th><\/tr><\/thead><tr><td>is_main_query<\/td><td>1<\/td><td>1<\/td><\/tr><tr><td>is_rest_api<\/td><td>0<\/td><td>1<\/td><\/tr><tr><td>page<\/td><td>0<\/td><td>1<\/td><\/tr><tr><td>numpages<\/td><td>0<\/td><td>1<\/td><\/tr><tr><td>is_archive<\/td><td>1<\/td><td><\/td><\/tr><tr><td>is_search<\/td><td>1<\/td><td><\/td><\/tr><tr><td>is_home<\/td><td>1<\/td><td><\/td><\/tr><tr><td>is_404<\/td><td>1<\/td><td><\/td><\/tr><tr><td>is_attachment<\/td><td>1<\/td><td><\/td><\/tr><tr><td>is_singular<\/td><td>1<\/td><td><\/td><\/tr><tr><td>is_front_page<\/td><td>1<\/td><td><\/td><\/tr><tr><td>is_feed<\/td><td>1<\/td><td><\/td><\/tr><\/table><\/div><br><br><span style=\"color: red;\">Seu site usa HTTPS, mas o c\u00f3digo do an\u00fancio cont\u00e9m HTTP e pode n\u00e3o funcionar.<\/span>\t<br><br>\n\t<a style=\"color: green;\" href=\"https:\/\/wpadvancedads.com\/manual\/ad-debug-mode\/?utm_source=advanced-ads&utm_medium=link&utm_campaign=ad-debug-mode\" target=\"_blank\" rel=\"nofollow\">Encontre solu\u00e7\u00f5es no manual<\/a>\n<\/div>\n<\/li><\/ul><\/div><script>( window.advanced_ads_ready || jQuery( document ).ready ).call( null, function() {var $lavraslider1198048838 = jQuery( \".lavra-slider-1198048838\" );$lavraslider1198048838.on( \"unslider.ready\", function() { jQuery( \"div.custom-slider ul li\" ).css( \"display\", \"block\" ); });$lavraslider1198048838.unslider({ delay:4000, autoplay:true, nav:false, arrows:false, infinite:true });$lavraslider1198048838.on(\"mouseover\", function() {$lavraslider1198048838.unslider(\"stop\");}).on(\"mouseout\", function() {$lavraslider1198048838.unslider(\"start\");});});<\/script><\/div><p>O presidente Jair Bolsonaro voltou a criticar nessa segunda-feira (20)\u00a0a classe pol\u00edtica, ele inclusive, e afirmou que n\u00e3o vai &#8220;criar dificuldade para vender facilidade&#8221;, o que, segundo ele \u00e9 uma pr\u00e1tica comum no pa\u00eds. Ele afirmou que o Brasil, apesar de todos os percal\u00e7os, tem solu\u00e7\u00e3o, mas que o grande problema est\u00e1 nos pol\u00edticos brasileiros.<\/p>\n<p>&#8220;\u00c9 um pa\u00eds maravilhoso, que tem tudo para dar certo, mas o grande problema \u00e9 a nossa classe pol\u00edtica. \u00c9 n\u00f3s, Witzel, \u00e9 n\u00f3s, Crivella, sou eu, Jair Bolsonaro, \u00e9 o Parlamento, em grande parte, \u00e9 a Assembleia Legislativa&#8230; N\u00f3s temos que mudar isso&#8221;, afirmou ao lado do governador do Rio, Wilson Witzel, e do prefeito do Rio, Marcelo Crivella, em evento na Federa\u00e7\u00e3o das Ind\u00fastrias do Rio de Janeiro (Firjan).<\/p>\n<p>Bolsonaro afirmou que o Brasil \u00e9 um pa\u00eds que tem espa\u00e7o para todos, &#8220;tem espa\u00e7o para \u00e1rabe, judeu, todas as origens \u00e9tnicas&#8221;, e que os empres\u00e1rios reunidos poderiam contar com ele para melhorar a situa\u00e7\u00e3o do pa\u00eds, citando medidas que j\u00e1 foram tomadas como a chamada Medida Provis\u00f3ria da Liberdade Econ\u00f4mica, que visa facilitar as burocracias das empresas.<\/p>\n<p>&#8220;N\u00f3s temos como mudar o destino do Brasil, e eu conto com os senhores, voc\u00eas podem contar comigo e meus 22 ministros. N\u00e3o criaremos dificuldade para vender facilidade aos senhores&#8221;, disse o presidente.<\/p>\n<figure id=\"attachment_21816\" aria-describedby=\"caption-attachment-21816\" style=\"width: 650px\" class=\"wp-caption aligncenter\"><img fetchpriority=\"high\" decoding=\"async\" class=\"size-full wp-image-21816\" src=\"http:\/\/lavras.tv\/site\/wp-content\/uploads\/2019\/05\/presidente21-05-2019_07.jpg\" alt=\"\" width=\"650\" height=\"437\" srcset=\"https:\/\/lavras.tv\/site\/wp-content\/uploads\/2019\/05\/presidente21-05-2019_07.jpg 650w, https:\/\/lavras.tv\/site\/wp-content\/uploads\/2019\/05\/presidente21-05-2019_07-150x101.jpg 150w, https:\/\/lavras.tv\/site\/wp-content\/uploads\/2019\/05\/presidente21-05-2019_07-300x202.jpg 300w, https:\/\/lavras.tv\/site\/wp-content\/uploads\/2019\/05\/presidente21-05-2019_07-200x134.jpg 200w, https:\/\/lavras.tv\/site\/wp-content\/uploads\/2019\/05\/presidente21-05-2019_07-272x182.jpg 272w\" sizes=\"(max-width: 650px) 100vw, 650px\" \/><figcaption id=\"caption-attachment-21816\" class=\"wp-caption-text\">Foto: Marcos Corr\u00eaa\/PR<\/figcaption><\/figure>\n<p>Ele fez quest\u00e3o de lembrar que na campanha eleitoral gastou &#8220;menos de US$ 1 milh\u00e3o, e (veio) de doa\u00e7\u00e3o&#8221;, apesar do partido dele, o PSL, ter recebido R$ 1,6 bilh\u00e3o para a campanha. &#8220;Fiz quest\u00e3o de n\u00e3o usar esses recursos, porque de vez em quando nos acusam de usar laranjas. No Rio de Janeiro, as tr\u00eas candidatas a laranja no Rio de Janeiro recebeu (sic) R$ 1,8 mil pra poder pagar o contador, e n\u00e3o coloca a presta\u00e7\u00e3o de conta, a\u00ed eu sou dono do laranjal no Rio de Janeiro&#8230; at\u00e9 gostaria que fosse, a laranja \u00e9 um produto bastante rendoso&#8221;, brincou o presidente.<\/p>\n<p>Em seu discurso, Bolsonaro referiu-se ainda \u00e0 press\u00e3o que sofre das corpora\u00e7\u00f5es, sem citar nomes, que estariam atrapalhando a aprova\u00e7\u00e3o das medidas necess\u00e1rias para colocar o Brasil no rumo certo, como a reforma da Previd\u00eancia. &#8220;Como n\u00e3o conseguem nos derrubar, por medidas outras, ficam metendo uma cunha entre n\u00f3s. Mas n\u00f3s temos agora oportunidade \u00edmpar de mudar o destino do Brasil&#8221;, finalizou.<\/p>\n<p><strong>Voca\u00e7\u00e3o para presidente<\/strong><\/p>\n<p>Bolsonaro repetiu, no discurso na Firjan, que j\u00e1 avisou que n\u00e3o tem voca\u00e7\u00e3o para presidente, mas ressaltou que &#8220;quem tem voca\u00e7\u00e3o est\u00e1 preso&#8221;, referindo-se ao ex-presidente Luiz In\u00e1cio Lula da Silva.<\/p>\n<p>O presidente defendeu a aproxima\u00e7\u00e3o que vem tendo com os Estados Unidos, criticando gest\u00f5es anteriores que teriam se aproximado mais de pa\u00edses como Venezuela e Cuba.<\/p>\n<p>&#8220;Temos uma oportunidade \u00edmpar de mudar o futuro do Brasil&#8221;, afirmou Bolsonaro convocando os empres\u00e1rios presentes a lutar contra o atraso.<\/p>\n<p>Ele disse que nos EUA, quando se falava em preocupa\u00e7\u00f5es em rela\u00e7\u00e3o \u00e0 Venezuela, dizia para se preocuparem com a Argentina, devido a uma poss\u00edvel vit\u00f3ria da ex-presidente Cristina Kirchner.<\/p>\n<p>&#8220;L\u00e1 nos Estados Unidos, apesar de n\u00e3o ser muito prudente falar nisso, eu dizia: preocupem-se primeiro com a Argentina, que est\u00e1 voltando para as m\u00e3os da senhora Cristina Kirchner, ou vamos ter uma nova Venezuela no sul da Am\u00e9rica do Sul&#8221;, disse. &#8220;Queremos nos aproximar de pa\u00edses que trazem vantagem para n\u00f3s&#8221;, completou.<\/p>\n<p>Fonte: Itatiaia<\/p>\n","protected":false},"excerpt":{"rendered":"<p>O presidente Jair Bolsonaro voltou a criticar nessa segunda-feira (20)\u00a0a classe pol\u00edtica, ele inclusive, e afirmou que n\u00e3o vai &#8220;criar dificuldade para vender facilidade&#8221;, o que, segundo ele \u00e9 uma pr\u00e1tica comum no pa\u00eds. Ele afirmou que o Brasil, apesar de todos os percal\u00e7os, tem solu\u00e7\u00e3o, mas que o grande problema est\u00e1 nos pol\u00edticos brasileiros. [&hellip;]<\/p>\n","protected":false},"author":2,"featured_media":21816,"comment_status":"closed","ping_status":"open","sticky":false,"template":"","format":"standard","meta":{"advgb_blocks_editor_width":"","advgb_blocks_columns_visual_guide":"","_exactmetrics_skip_tracking":false,"_exactmetrics_sitenote_active":false,"_exactmetrics_sitenote_note":"","_exactmetrics_sitenote_category":0,"footnotes":""},"categories":[12],"tags":[],"class_list":["post-21815","post","type-post","status-publish","format-standard","has-post-thumbnail","hentry","category-politica"],"better_featured_image":{"id":21816,"alt_text":"","caption":"Foto: Marcos Corr\u00eaa\/PR","description":"","media_type":"image","media_details":{"width":650,"height":437,"file":"2019\/05\/presidente21-05-2019_07.jpg","sizes":{"thumbnail":{"file":"presidente21-05-2019_07-150x101.jpg","width":150,"height":101,"mime-type":"image\/jpeg","source_url":"https:\/\/lavras.tv\/site\/wp-content\/uploads\/2019\/05\/presidente21-05-2019_07-150x101.jpg"},"medium":{"file":"presidente21-05-2019_07-300x202.jpg","width":300,"height":202,"mime-type":"image\/jpeg","source_url":"https:\/\/lavras.tv\/site\/wp-content\/uploads\/2019\/05\/presidente21-05-2019_07-300x202.jpg"},"lshowcase-thumb":{"file":"presidente21-05-2019_07-200x134.jpg","width":200,"height":134,"mime-type":"image\/jpeg","source_url":"https:\/\/lavras.tv\/site\/wp-content\/uploads\/2019\/05\/presidente21-05-2019_07-200x134.jpg"},"featured-slider-img":{"file":"presidente21-05-2019_07-640x437.jpg","width":640,"height":437,"mime-type":"image\/jpeg","source_url":"https:\/\/lavras.tv\/site\/wp-content\/uploads\/2019\/05\/presidente21-05-2019_07-640x437.jpg"},"featured-post-img":{"file":"presidente21-05-2019_07-480x320.jpg","width":480,"height":320,"mime-type":"image\/jpeg","source_url":"https:\/\/lavras.tv\/site\/wp-content\/uploads\/2019\/05\/presidente21-05-2019_07-480x320.jpg"},"sow-carousel-default":{"file":"presidente21-05-2019_07-272x182.jpg","width":272,"height":182,"mime-type":"image\/jpeg","source_url":"https:\/\/lavras.tv\/site\/wp-content\/uploads\/2019\/05\/presidente21-05-2019_07-272x182.jpg"}},"image_meta":{"aperture":"0","credit":"","camera":"","caption":"","created_timestamp":"0","copyright":"","focal_length":"0","iso":"0","shutter_speed":"0","title":"","orientation":"0","keywords":[]}},"post":21815,"source_url":"https:\/\/lavras.tv\/site\/wp-content\/uploads\/2019\/05\/presidente21-05-2019_07.jpg"},"author_meta":{"display_name":"Lavras TV","author_link":"https:\/\/lavras.tv\/site\/author\/lavrastv\/"},"featured_img":"https:\/\/lavras.tv\/site\/wp-content\/uploads\/2019\/05\/presidente21-05-2019_07-300x202.jpg","coauthors":[],"tax_additional":{"categories":{"linked":["<a href=\"https:\/\/lavras.tv\/site\/category\/politica\/\" class=\"advgb-post-tax-term\">Pol\u00edtica<\/a>"],"unlinked":["<span class=\"advgb-post-tax-term\">Pol\u00edtica<\/span>"]}},"comment_count":"0","relative_dates":{"created":"Publicado 7 anos atr\u00e1s","modified":"Atualizado 7 anos atr\u00e1s"},"absolute_dates":{"created":"Publicado em 21 de maio de 2019","modified":"Atualizado em 21 de maio de 2019"},"absolute_dates_time":{"created":"Publicado em 21 de maio de 2019 09:24","modified":"Atualizado em 21 de maio de 2019 09:29"},"featured_img_caption":"Foto: Marcos Corr\u00eaa\/PR","series_order":"","_links":{"self":[{"href":"https:\/\/lavras.tv\/site\/wp-json\/wp\/v2\/posts\/21815","targetHints":{"allow":["GET"]}}],"collection":[{"href":"https:\/\/lavras.tv\/site\/wp-json\/wp\/v2\/posts"}],"about":[{"href":"https:\/\/lavras.tv\/site\/wp-json\/wp\/v2\/types\/post"}],"author":[{"embeddable":true,"href":"https:\/\/lavras.tv\/site\/wp-json\/wp\/v2\/users\/2"}],"replies":[{"embeddable":true,"href":"https:\/\/lavras.tv\/site\/wp-json\/wp\/v2\/comments?post=21815"}],"version-history":[{"count":1,"href":"https:\/\/lavras.tv\/site\/wp-json\/wp\/v2\/posts\/21815\/revisions"}],"predecessor-version":[{"id":21817,"href":"https:\/\/lavras.tv\/site\/wp-json\/wp\/v2\/posts\/21815\/revisions\/21817"}],"wp:featuredmedia":[{"embeddable":true,"href":"https:\/\/lavras.tv\/site\/wp-json\/wp\/v2\/media\/21816"}],"wp:attachment":[{"href":"https:\/\/lavras.tv\/site\/wp-json\/wp\/v2\/media?parent=21815"}],"wp:term":[{"taxonomy":"category","embeddable":true,"href":"https:\/\/lavras.tv\/site\/wp-json\/wp\/v2\/categories?post=21815"},{"taxonomy":"post_tag","embeddable":true,"href":"https:\/\/lavras.tv\/site\/wp-json\/wp\/v2\/tags?post=21815"}],"curies":[{"name":"wp","href":"https:\/\/api.w.org\/{rel}","templated":true}]}}