{"id":2183,"date":"2016-09-12T07:59:39","date_gmt":"2016-09-12T10:59:39","guid":{"rendered":"http:\/\/lavras.tv\/site\/?p=2183"},"modified":"2016-09-12T07:59:39","modified_gmt":"2016-09-12T10:59:39","slug":"cursos-da-ufla-recebem-5-estrelas-no-guia-do-estudante","status":"publish","type":"post","link":"https:\/\/lavras.tv\/site\/2016\/09\/12\/cursos-da-ufla-recebem-5-estrelas-no-guia-do-estudante\/","title":{"rendered":"Cursos da UFLA recebem 5 estrelas no Guia do Estudante"},"content":{"rendered":"<div class=\"lavra-antes-do-conteudo_2\" id=\"lavra-1736198947\"><div id=\"lavra-slider-27\" class=\"custom-slider lavra-slider-2679003142 lavra-slider\"><ul><li><div style=\"margin-left: auto;margin-right: auto;text-align: center;\" id=\"lavra-4097461181\"><a href=\"https:\/\/sistemas.lavras.mg.gov.br\/portalcidadao\/#df1b1a7c7b2a290bcb31e32771e610784662739a88807c0dacac58ede5f391a7530e299dc302d611ee73cb143fc22eaf93592e53e7b5bdb01b00a0b8d28dae460c141dd2ff83412e4dc1c31b16b25f33144a9e5620ea73b13f5bc1c59411d98439ad226e8af03840603796067d87afe130812cf3de24982d0e306f9e61e764e5\" aria-label=\"Lavras-TV&#8211;720x104px (1) (1)\"><img src=\"https:\/\/lavras.tv\/site\/wp-content\/uploads\/2025\/01\/Lavras-TV-720x104px-1-1.png\" alt=\"\"  srcset=\"https:\/\/lavras.tv\/site\/wp-content\/uploads\/2025\/01\/Lavras-TV-720x104px-1-1.png 720w, https:\/\/lavras.tv\/site\/wp-content\/uploads\/2025\/01\/Lavras-TV-720x104px-1-1-470x68.png 470w, https:\/\/lavras.tv\/site\/wp-content\/uploads\/2025\/01\/Lavras-TV-720x104px-1-1-170x25.png 170w, https:\/\/lavras.tv\/site\/wp-content\/uploads\/2025\/01\/Lavras-TV-720x104px-1-1-200x29.png 200w\" sizes=\"(max-width: 720px) 100vw, 720px\" width=\"720\" height=\"104\"  style=\"display: inline-block;\" \/><\/a><\/div><\/li><li><a href=\"https:\/\/sistemas.lavras.mg.gov.br\/portalcidadao\/#df1b1a7c7b2a290bcb31e32771e610784662739a88807c0dacac58ede5f391a7530e299dc302d611ee73cb143fc22eaf93592e53e7b5bdb01b00a0b8d28dae460c141dd2ff83412e4dc1c31b16b25f33144a9e5620ea73b13f5bc1c59411d98439ad226e8af03840603796067d87afe130812cf3de24982d0e306f9e61e764e5\" aria-label=\"Banner_Emprego_PortallavrasTV\"><img src=\"https:\/\/lavras.tv\/site\/wp-content\/uploads\/2025\/03\/Banner_Emprego_PortallavrasTV.png\" alt=\"\"  srcset=\"https:\/\/lavras.tv\/site\/wp-content\/uploads\/2025\/03\/Banner_Emprego_PortallavrasTV.png 720w, https:\/\/lavras.tv\/site\/wp-content\/uploads\/2025\/03\/Banner_Emprego_PortallavrasTV-470x68.png 470w, https:\/\/lavras.tv\/site\/wp-content\/uploads\/2025\/03\/Banner_Emprego_PortallavrasTV-170x25.png 170w, https:\/\/lavras.tv\/site\/wp-content\/uploads\/2025\/03\/Banner_Emprego_PortallavrasTV-200x29.png 200w\" sizes=\"(max-width: 720px) 100vw, 720px\" width=\"720\" height=\"104\"   \/><\/a><\/li><li><a href=\"https:\/\/sistemas.lavras.mg.gov.br\/portalcidadao\/#df1b1a7c7b2a290bcb31e32771e610784662739a88807c0dacac58ede5f391a7530e299dc302d611ee73cb143fc22eaf93592e53e7b5bdb01b00a0b8d28dae460c141dd2ff83412e4dc1c31b16b25f33144a9e5620ea73b13f5bc1c59411d98439ad226e8af03840603796067d87afe130812cf3de24982d0e306f9e61e764e5\" aria-label=\"Banner_Obras_PortallavrasTV\"><img src=\"https:\/\/lavras.tv\/site\/wp-content\/uploads\/2025\/03\/Banner_Obras_PortallavrasTV.png\" alt=\"\"  srcset=\"https:\/\/lavras.tv\/site\/wp-content\/uploads\/2025\/03\/Banner_Obras_PortallavrasTV.png 720w, https:\/\/lavras.tv\/site\/wp-content\/uploads\/2025\/03\/Banner_Obras_PortallavrasTV-470x68.png 470w, https:\/\/lavras.tv\/site\/wp-content\/uploads\/2025\/03\/Banner_Obras_PortallavrasTV-170x25.png 170w, https:\/\/lavras.tv\/site\/wp-content\/uploads\/2025\/03\/Banner_Obras_PortallavrasTV-200x29.png 200w\" sizes=\"(max-width: 720px) 100vw, 720px\" width=\"720\" height=\"104\"   \/><\/a><\/li><li><div style=\"margin-left: auto;margin-right: auto;text-align: center;\" id=\"lavra-1051697348\"><a href=\"https:\/\/sistemas.lavras.mg.gov.br\/portalcidadao\/#df1b1a7c7b2a290bcb31e32771e610784662739a88807c0dacac58ede5f391a7530e299dc302d611ee73cb143fc22eaf93592e53e7b5bdb01b00a0b8d28dae460c141dd2ff83412e4dc1c31b16b25f33144a9e5620ea73b13f5bc1c59411d98439ad226e8af03840603796067d87afe130812cf3de24982d0e306f9e61e764e5\" aria-label=\"Banner_Educa\u00e7\u00e3o_PortallavrasTV\"><img src=\"https:\/\/lavras.tv\/site\/wp-content\/uploads\/2025\/01\/Banner_Educacao_PortallavrasTV.png\" alt=\"\"  srcset=\"https:\/\/lavras.tv\/site\/wp-content\/uploads\/2025\/01\/Banner_Educacao_PortallavrasTV.png 720w, https:\/\/lavras.tv\/site\/wp-content\/uploads\/2025\/01\/Banner_Educacao_PortallavrasTV-470x68.png 470w, https:\/\/lavras.tv\/site\/wp-content\/uploads\/2025\/01\/Banner_Educacao_PortallavrasTV-170x25.png 170w, https:\/\/lavras.tv\/site\/wp-content\/uploads\/2025\/01\/Banner_Educacao_PortallavrasTV-200x29.png 200w\" sizes=\"(max-width: 720px) 100vw, 720px\" width=\"720\" height=\"104\"  style=\"display: inline-block;\" \/><\/a><\/div><\/li><li><a href=\"https:\/\/sistemas.lavras.mg.gov.br\/portalcidadao\/#df1b1a7c7b2a290bcb31e32771e610784662739a88807c0dacac58ede5f391a7530e299dc302d611ee73cb143fc22eaf93592e53e7b5bdb01b00a0b8d28dae460c141dd2ff83412e4dc1c31b16b25f33144a9e5620ea73b13f5bc1c59411d98439ad226e8af03840603796067d87afe130812cf3de24982d0e306f9e61e764e5\" aria-label=\"Banner_Sa\u00fade_PortallavrasTV\"><img src=\"https:\/\/lavras.tv\/site\/wp-content\/uploads\/2025\/03\/Banner_Saude_PortallavrasTV.png\" alt=\"\"  srcset=\"https:\/\/lavras.tv\/site\/wp-content\/uploads\/2025\/03\/Banner_Saude_PortallavrasTV.png 720w, https:\/\/lavras.tv\/site\/wp-content\/uploads\/2025\/03\/Banner_Saude_PortallavrasTV-470x68.png 470w, https:\/\/lavras.tv\/site\/wp-content\/uploads\/2025\/03\/Banner_Saude_PortallavrasTV-170x25.png 170w, https:\/\/lavras.tv\/site\/wp-content\/uploads\/2025\/03\/Banner_Saude_PortallavrasTV-200x29.png 200w\" sizes=\"(max-width: 720px) 100vw, 720px\" width=\"720\" height=\"104\"   \/><\/a><\/li><li><div id=\"lavra-1889568694\" style=\"width:720px;height:104px;background-color:#ddd;overflow:scroll;\">\n\t<strong>Sa\u00edda da depura\u00e7\u00e3o de an\u00fancios<\/strong>\n\t<br><br>\n\tO an\u00fancio n\u00e3o \u00e9 exibido na p\u00e1gina<br><br>post atual: Cursos da UFLA recebem 5 estrelas no Guia do Estudante, ID: 2183<br><br><span style=\"color: red;\">O post atual n\u00e3o \u00e9 id\u00eantico ao post principal.<\/span><br><br>An\u00fancios: ROXO - TOPO INTERNA - ROTATIVO 2 (197)<br \/>Grupo de an\u00fancios: Princ_Meio01_720x104 (27)<br><br>Condi\u00e7\u00f5es de exibi\u00e7\u00e3o<div style=\"margin-bottom: 20px; white-space: pre-wrap; font-family: monospace; width: 100%; background: #ffe9e9;\"><strong>condi\u00e7\u00f5es gerais<\/strong><table border=\"1\"><thead><tr><th><\/th><th>An\u00fancios<\/th><th>wp_the_query<\/th><\/tr><\/thead><tr><td>is_main_query<\/td><td>1<\/td><td>1<\/td><\/tr><tr><td>is_rest_api<\/td><td>0<\/td><td>1<\/td><\/tr><tr><td>page<\/td><td>0<\/td><td>1<\/td><\/tr><tr><td>numpages<\/td><td>0<\/td><td>1<\/td><\/tr><tr><td>is_archive<\/td><td>1<\/td><td><\/td><\/tr><tr><td>is_search<\/td><td>1<\/td><td><\/td><\/tr><tr><td>is_home<\/td><td>1<\/td><td><\/td><\/tr><tr><td>is_404<\/td><td>1<\/td><td><\/td><\/tr><tr><td>is_attachment<\/td><td>1<\/td><td><\/td><\/tr><tr><td>is_singular<\/td><td>1<\/td><td><\/td><\/tr><tr><td>is_front_page<\/td><td>1<\/td><td><\/td><\/tr><tr><td>is_feed<\/td><td>1<\/td><td><\/td><\/tr><\/table><\/div><br><br><span style=\"color: red;\">Seu site usa HTTPS, mas o c\u00f3digo do an\u00fancio cont\u00e9m HTTP e pode n\u00e3o funcionar.<\/span>\t<br><br>\n\t<a style=\"color: green;\" href=\"https:\/\/wpadvancedads.com\/manual\/ad-debug-mode\/?utm_source=advanced-ads&utm_medium=link&utm_campaign=ad-debug-mode\" target=\"_blank\" rel=\"nofollow\">Encontre solu\u00e7\u00f5es no manual<\/a>\n<\/div>\n<\/li><\/ul><\/div><script>( window.advanced_ads_ready || jQuery( document ).ready ).call( null, function() {var $lavraslider2679003142 = jQuery( \".lavra-slider-2679003142\" );$lavraslider2679003142.on( \"unslider.ready\", function() { jQuery( \"div.custom-slider ul li\" ).css( \"display\", \"block\" ); });$lavraslider2679003142.unslider({ delay:4000, autoplay:true, nav:false, arrows:false, infinite:true });$lavraslider2679003142.on(\"mouseover\", function() {$lavraslider2679003142.unslider(\"stop\");}).on(\"mouseout\", function() {$lavraslider2679003142.unslider(\"start\");});});<\/script><\/div><p>Administra\u00e7\u00e3o, Administra\u00e7\u00e3o P\u00fablica, Agronomia, Educa\u00e7\u00e3o F\u00edsica, Engenharia Ambiental e Sanit\u00e1ria, Engenharia Florestal, Medicina Veterin\u00e1ria, Nutri\u00e7\u00e3o e Zootecnia: s\u00e3o cursos da Universidade Federal de Lavras (UFLA) que receberam cinco estrelas na avalia\u00e7\u00e3o do Guia do Estudante, publica\u00e7\u00e3o da Editora Abril que come\u00e7a a circular nas bancas a partir do dia 14 de outubro (14\/10). Trata-se de uma rela\u00e7\u00e3o com as avalia\u00e7\u00f5es dos melhores cursos de gradua\u00e7\u00e3o de todo o Pa\u00eds, incluindo institui\u00e7\u00f5es p\u00fablicas e privadas.<\/p>\n<p><img fetchpriority=\"high\" decoding=\"async\" class=\"alignnone size-full wp-image-2184\" src=\"http:\/\/lavras.tv\/site\/wp-content\/uploads\/2016\/09\/5estrelas2016.jpg\" alt=\"5estrelas2016\" width=\"612\" height=\"360\" srcset=\"https:\/\/lavras.tv\/site\/wp-content\/uploads\/2016\/09\/5estrelas2016.jpg 612w, https:\/\/lavras.tv\/site\/wp-content\/uploads\/2016\/09\/5estrelas2016-150x88.jpg 150w, https:\/\/lavras.tv\/site\/wp-content\/uploads\/2016\/09\/5estrelas2016-300x176.jpg 300w\" sizes=\"(max-width: 612px) 100vw, 612px\" \/><\/p>\n<p>De 15 cursos avaliados, al\u00e9m dos nove cursos considerados pela avalia\u00e7\u00e3o como excelentes, cinco outros cursos receberam quatro estrelas, considerados cursos \u00f3timos e altamente recomendados pela publica\u00e7\u00e3o como os melhores do Pa\u00eds: Ci\u00eancia da Computa\u00e7\u00e3o, Ci\u00eancias Biol\u00f3gicas, Engenharia Agr\u00edcola, Engenharia de Alimentos e Sistemas de Informa\u00e7\u00e3o.<\/p>\n<p>Participaram desta avalia\u00e7\u00e3o cerca de duas mil institui\u00e7\u00f5es de ensino superior do Pa\u00eds, com aproximadamente 30 mil cursos. A pesquisa atribui estrelas \u00e0s gradua\u00e7\u00f5es \u2013 5 estrelas (excelente), 4 estrelas (muito bom) e 3 estrelas (bom) \u2013 a fim de apontar aos vestibulandos os melhores cursos do pa\u00eds.<\/p>\n<p>Para o pr\u00f3-reitor de Gradua\u00e7\u00e3o, professor Ronei Ximenes, os cursos da UFLA destacam-se pela infraestrutura,\u00a0pela forma\u00e7\u00e3o dos docentes e pelo grande envolvimento em atividades de pesquisa e extens\u00e3o, com oportunidades de participa\u00e7\u00e3o em est\u00e1gios e em programas de pesquisa desde a inicia\u00e7\u00e3o cient\u00edfica. Ele tamb\u00e9m credita o desempenho aos professores, coordenadores,\u00a0estudantes,\u00a0 t\u00e9cnicos-administrativos e\u00a0gestores.<\/p>\n<p>Apesar de n\u00e3o ser uma avalia\u00e7\u00e3o oficial, a conquista dessas estrelas vem confirmar o desempenho da UFLA em indicadores oficiais como o \u00cdndice Geral de Cursos, do Minist\u00e9rio da Educa\u00e7\u00e3o, que destaca a Universidade entre o seleto grupo das institui\u00e7\u00f5es de excel\u00eancia.<\/p>\n<p><strong>Exemplo 5 estrelas<\/strong><\/p>\n<p>O curso de Administra\u00e7\u00e3o P\u00fablica foi avaliado pela primeira vez e j\u00e1 conquistou as cinco estrelas de excel\u00eancia. Para o coordenador do curso, professor Denis Renato de Oliveira, trata-se do reconhecimento de um trabalho dedicado e s\u00e9rio do corpo docente para a constru\u00e7\u00e3o de um curso de excel\u00eancia.<\/p>\n<p>\u201cPara al\u00e9m dos crit\u00e9rios de produ\u00e7\u00e3o cient\u00edfica, extens\u00e3o e infraestrutura avaliados, deve-se destacar o pioneirismo\u201d, destaca o professor, que explica que o curso da UFLA \u00e9 pioneiro ao propor a reformula\u00e7\u00e3o da grade curricular, ap\u00f3s a aprova\u00e7\u00e3o das Diretrizes Curriculares Nacionais (DCN) pr\u00f3prias para os cursos do campo de p\u00fablicas, o que permitiu o equil\u00edbrio no percentual de disciplinas obrigat\u00f3rias em tr\u00eas eixos: gerencial, social e pol\u00edtico e econ\u00f4mico e financeiro. \u201cIsso tem garantido aos discentes uma vis\u00e3o mais abrangente e cr\u00edtica, que contempla n\u00e3o apenas aspectos t\u00e9cnicos, mas a dimens\u00e3o pol\u00edtica, fundamental para a forma\u00e7\u00e3o desse tipo de profissional\u201d, refor\u00e7ou.<\/p>\n<p><strong>Crit\u00e9rios de Avalia\u00e7\u00e3o<\/strong><\/p>\n<p>O processo de avalia\u00e7\u00e3o conta com a participa\u00e7\u00e3o dos coordenadores dos cursos de gradua\u00e7\u00e3o, que preenchem um question\u00e1rio eletr\u00f4nico com dados espec\u00edficos de cada curso. A partir de 2016, os pareceristas avaliaram cada curso sob tr\u00eas aspectos \u2013 projeto pedag\u00f3gico, corpo docente e infraestrutura \u2013 atribuindo um conceito\/nota para cada aspecto. A nota final de cada parecerista para cada curso \u00e9 a m\u00e9dia desses tr\u00eas conceitos.<\/p>\n<p>Em seguida, estas informa\u00e7\u00f5es s\u00e3o repassadas a cerca de oito mil pareceristas \u2013 avaliadores credenciados, professores, coordenadores e especialistas de cada \u00e1rea. Esses profissionais classificam os cursos conforme os conceitos: excelente, muito bom, bom, regular, ruim e \u201cprefiro n\u00e3o opinar\u201d. Tamb\u00e9m \u00e9 considerado o desempenho do curso nos \u00faltimos cinco anos, resultando em um conceito representado\u00a0por estrelas.<\/p>\n<p>A partir de 2016, a nota final do curso, chamada de m\u00e9dia m\u00f3vel, incorporou o desempenho de notas nas duas avalia\u00e7\u00f5es dos anos anteriores, atribuindo diferentes pesos a cada ano: peso 3 ao \u00faltimo ano (2016), peso 2 ao pen\u00faltimo ano (2015) e peso 1 ao antepen\u00faltimo ano (2014).<\/p>\n<p>\u00c9 importante ressaltar que s\u00e3o considerados os cursos de bacharelado e os que oferecem os graus acad\u00eamicos de bacharelado e licenciatura simultaneamente. Entre as licenciaturas, apenas os cursos de Educa\u00e7\u00e3o F\u00edsica e Pedagogia s\u00e3o avaliados. Al\u00e9m disso, somente os cursos que t\u00eam turma formada h\u00e1 pelo menos um ano s\u00e3o eleg\u00edveis.<\/p>\n<p>As estrelas que cada curso recebe \u00e9 resultado da m\u00e9dia das notas recebidas pelos pareceristas. Assim que a pesquisa termina, a planilha com as notas dos pareceristas \u00e9 encaminhada para estat\u00edsticos que atuam com pesquisa de opini\u00e3o e prestam consultoria \u00e0 Avalia\u00e7\u00e3o do GE. Vale lembrar que, por se tratar de uma pesquisa de opini\u00e3o, os resultados refletem, sobretudo, a imagem que o curso tem perante a comunidade acad\u00eamica.<\/p>\n<p>&nbsp;<\/p>\n<p>Fonte: ASCOM &#8211; UFLA<\/p>\n","protected":false},"excerpt":{"rendered":"<p>Administra\u00e7\u00e3o, Administra\u00e7\u00e3o P\u00fablica, Agronomia, Educa\u00e7\u00e3o F\u00edsica, Engenharia Ambiental e Sanit\u00e1ria, Engenharia Florestal, Medicina Veterin\u00e1ria, Nutri\u00e7\u00e3o e Zootecnia: s\u00e3o cursos da Universidade Federal de Lavras (UFLA) que receberam cinco estrelas na avalia\u00e7\u00e3o do Guia do Estudante, publica\u00e7\u00e3o da Editora Abril que come\u00e7a a circular nas bancas a partir do dia 14 de outubro (14\/10). Trata-se de [&hellip;]<\/p>\n","protected":false},"author":2,"featured_media":1328,"comment_status":"closed","ping_status":"open","sticky":false,"template":"","format":"standard","meta":{"advgb_blocks_editor_width":"","advgb_blocks_columns_visual_guide":"","_exactmetrics_skip_tracking":false,"_exactmetrics_sitenote_active":false,"_exactmetrics_sitenote_note":"","_exactmetrics_sitenote_category":0,"footnotes":""},"categories":[7,2],"tags":[761,56,760],"class_list":["post-2183","post","type-post","status-publish","format-standard","has-post-thumbnail","hentry","category-destaques","category-noticias","tag-guia-do-estudante","tag-ufla","tag-ufla-5-estrelas"],"better_featured_image":{"id":1328,"alt_text":"","caption":"","description":"","media_type":"image","media_details":{"width":512,"height":384,"file":"2016\/08\/uflacampus.jpg","sizes":{"thumbnail":{"file":"uflacampus-150x113.jpg","width":150,"height":113,"mime-type":"image\/jpeg","source_url":"https:\/\/lavras.tv\/site\/wp-content\/uploads\/2016\/08\/uflacampus-150x113.jpg"},"medium":{"file":"uflacampus-300x225.jpg","width":300,"height":225,"mime-type":"image\/jpeg","source_url":"https:\/\/lavras.tv\/site\/wp-content\/uploads\/2016\/08\/uflacampus-300x225.jpg"},"featured-post-img":{"file":"uflacampus-480x320.jpg","width":480,"height":320,"mime-type":"image\/jpeg","source_url":"https:\/\/lavras.tv\/site\/wp-content\/uploads\/2016\/08\/uflacampus-480x320.jpg"},"sow-carousel-default":{"file":"uflacampus-272x182.jpg","width":272,"height":182,"mime-type":"image\/jpeg","source_url":"https:\/\/lavras.tv\/site\/wp-content\/uploads\/2016\/08\/uflacampus-272x182.jpg"}},"image_meta":{"aperture":"0","credit":"","camera":"","caption":"","created_timestamp":"0","copyright":"","focal_length":"0","iso":"0","shutter_speed":"0","title":"","orientation":"0","keywords":[]}},"post":1327,"source_url":"https:\/\/lavras.tv\/site\/wp-content\/uploads\/2016\/08\/uflacampus.jpg"},"author_meta":{"display_name":"Lavras TV","author_link":"https:\/\/lavras.tv\/site\/author\/lavrastv\/"},"featured_img":"https:\/\/lavras.tv\/site\/wp-content\/uploads\/2016\/08\/uflacampus-300x225.jpg","coauthors":[],"tax_additional":{"categories":{"linked":["<a href=\"https:\/\/lavras.tv\/site\/category\/destaques\/\" class=\"advgb-post-tax-term\">Destaques<\/a>","<a href=\"https:\/\/lavras.tv\/site\/category\/noticias\/\" class=\"advgb-post-tax-term\">Not\u00edcias<\/a>"],"unlinked":["<span class=\"advgb-post-tax-term\">Destaques<\/span>","<span class=\"advgb-post-tax-term\">Not\u00edcias<\/span>"]},"tags":{"linked":["<a href=\"https:\/\/lavras.tv\/site\/category\/noticias\/\" class=\"advgb-post-tax-term\">guia do estudante<\/a>","<a href=\"https:\/\/lavras.tv\/site\/category\/noticias\/\" class=\"advgb-post-tax-term\">ufla<\/a>","<a href=\"https:\/\/lavras.tv\/site\/category\/noticias\/\" class=\"advgb-post-tax-term\">ufla 5 estrelas<\/a>"],"unlinked":["<span class=\"advgb-post-tax-term\">guia do estudante<\/span>","<span class=\"advgb-post-tax-term\">ufla<\/span>","<span class=\"advgb-post-tax-term\">ufla 5 estrelas<\/span>"]}},"comment_count":"0","relative_dates":{"created":"Publicado 10 anos atr\u00e1s","modified":"Atualizado 10 anos atr\u00e1s"},"absolute_dates":{"created":"Publicado em 12 de setembro de 2016","modified":"Atualizado em 12 de setembro de 2016"},"absolute_dates_time":{"created":"Publicado em 12 de setembro de 2016 07:59","modified":"Atualizado em 12 de setembro de 2016 07:59"},"featured_img_caption":"","series_order":"","_links":{"self":[{"href":"https:\/\/lavras.tv\/site\/wp-json\/wp\/v2\/posts\/2183","targetHints":{"allow":["GET"]}}],"collection":[{"href":"https:\/\/lavras.tv\/site\/wp-json\/wp\/v2\/posts"}],"about":[{"href":"https:\/\/lavras.tv\/site\/wp-json\/wp\/v2\/types\/post"}],"author":[{"embeddable":true,"href":"https:\/\/lavras.tv\/site\/wp-json\/wp\/v2\/users\/2"}],"replies":[{"embeddable":true,"href":"https:\/\/lavras.tv\/site\/wp-json\/wp\/v2\/comments?post=2183"}],"version-history":[{"count":1,"href":"https:\/\/lavras.tv\/site\/wp-json\/wp\/v2\/posts\/2183\/revisions"}],"predecessor-version":[{"id":2185,"href":"https:\/\/lavras.tv\/site\/wp-json\/wp\/v2\/posts\/2183\/revisions\/2185"}],"wp:featuredmedia":[{"embeddable":true,"href":"https:\/\/lavras.tv\/site\/wp-json\/wp\/v2\/media\/1328"}],"wp:attachment":[{"href":"https:\/\/lavras.tv\/site\/wp-json\/wp\/v2\/media?parent=2183"}],"wp:term":[{"taxonomy":"category","embeddable":true,"href":"https:\/\/lavras.tv\/site\/wp-json\/wp\/v2\/categories?post=2183"},{"taxonomy":"post_tag","embeddable":true,"href":"https:\/\/lavras.tv\/site\/wp-json\/wp\/v2\/tags?post=2183"}],"curies":[{"name":"wp","href":"https:\/\/api.w.org\/{rel}","templated":true}]}}