{"id":2198,"date":"2016-09-12T08:50:40","date_gmt":"2016-09-12T11:50:40","guid":{"rendered":"http:\/\/lavras.tv\/site\/?p=2198"},"modified":"2016-09-12T08:51:40","modified_gmt":"2016-09-12T11:51:40","slug":"paralimpiadas-finais-na-bocha-e-no-tenis-de-mesa-e-clodoaldo-e-daniel-juntos","status":"publish","type":"post","link":"https:\/\/lavras.tv\/site\/2016\/09\/12\/paralimpiadas-finais-na-bocha-e-no-tenis-de-mesa-e-clodoaldo-e-daniel-juntos\/","title":{"rendered":"Paralimp\u00edadas: Finais na bocha e no t\u00eanis de mesa e Clodoaldo e Daniel juntos"},"content":{"rendered":"<div class=\"lavra-antes-do-conteudo_2\" id=\"lavra-2040698325\"><div id=\"lavra-slider-27\" class=\"custom-slider lavra-slider-4191858080 lavra-slider\"><ul><li><div style=\"margin-left: auto;margin-right: auto;text-align: center;\" id=\"lavra-2696281634\"><a href=\"https:\/\/sistemas.lavras.mg.gov.br\/portalcidadao\/#df1b1a7c7b2a290bcb31e32771e610784662739a88807c0dacac58ede5f391a7530e299dc302d611ee73cb143fc22eaf93592e53e7b5bdb01b00a0b8d28dae460c141dd2ff83412e4dc1c31b16b25f33144a9e5620ea73b13f5bc1c59411d98439ad226e8af03840603796067d87afe130812cf3de24982d0e306f9e61e764e5\" aria-label=\"Lavras-TV&#8211;720x104px (1) (1)\"><img src=\"https:\/\/lavras.tv\/site\/wp-content\/uploads\/2025\/01\/Lavras-TV-720x104px-1-1.png\" alt=\"\"  srcset=\"https:\/\/lavras.tv\/site\/wp-content\/uploads\/2025\/01\/Lavras-TV-720x104px-1-1.png 720w, https:\/\/lavras.tv\/site\/wp-content\/uploads\/2025\/01\/Lavras-TV-720x104px-1-1-470x68.png 470w, https:\/\/lavras.tv\/site\/wp-content\/uploads\/2025\/01\/Lavras-TV-720x104px-1-1-170x25.png 170w, https:\/\/lavras.tv\/site\/wp-content\/uploads\/2025\/01\/Lavras-TV-720x104px-1-1-200x29.png 200w\" sizes=\"(max-width: 720px) 100vw, 720px\" width=\"720\" height=\"104\"  style=\"display: inline-block;\" \/><\/a><\/div><\/li><li><a href=\"https:\/\/sistemas.lavras.mg.gov.br\/portalcidadao\/#df1b1a7c7b2a290bcb31e32771e610784662739a88807c0dacac58ede5f391a7530e299dc302d611ee73cb143fc22eaf93592e53e7b5bdb01b00a0b8d28dae460c141dd2ff83412e4dc1c31b16b25f33144a9e5620ea73b13f5bc1c59411d98439ad226e8af03840603796067d87afe130812cf3de24982d0e306f9e61e764e5\" aria-label=\"Banner_Emprego_PortallavrasTV\"><img src=\"https:\/\/lavras.tv\/site\/wp-content\/uploads\/2025\/03\/Banner_Emprego_PortallavrasTV.png\" alt=\"\"  srcset=\"https:\/\/lavras.tv\/site\/wp-content\/uploads\/2025\/03\/Banner_Emprego_PortallavrasTV.png 720w, https:\/\/lavras.tv\/site\/wp-content\/uploads\/2025\/03\/Banner_Emprego_PortallavrasTV-470x68.png 470w, https:\/\/lavras.tv\/site\/wp-content\/uploads\/2025\/03\/Banner_Emprego_PortallavrasTV-170x25.png 170w, https:\/\/lavras.tv\/site\/wp-content\/uploads\/2025\/03\/Banner_Emprego_PortallavrasTV-200x29.png 200w\" sizes=\"(max-width: 720px) 100vw, 720px\" width=\"720\" height=\"104\"   \/><\/a><\/li><li><a href=\"https:\/\/sistemas.lavras.mg.gov.br\/portalcidadao\/#df1b1a7c7b2a290bcb31e32771e610784662739a88807c0dacac58ede5f391a7530e299dc302d611ee73cb143fc22eaf93592e53e7b5bdb01b00a0b8d28dae460c141dd2ff83412e4dc1c31b16b25f33144a9e5620ea73b13f5bc1c59411d98439ad226e8af03840603796067d87afe130812cf3de24982d0e306f9e61e764e5\" aria-label=\"Banner_Obras_PortallavrasTV\"><img src=\"https:\/\/lavras.tv\/site\/wp-content\/uploads\/2025\/03\/Banner_Obras_PortallavrasTV.png\" alt=\"\"  srcset=\"https:\/\/lavras.tv\/site\/wp-content\/uploads\/2025\/03\/Banner_Obras_PortallavrasTV.png 720w, https:\/\/lavras.tv\/site\/wp-content\/uploads\/2025\/03\/Banner_Obras_PortallavrasTV-470x68.png 470w, https:\/\/lavras.tv\/site\/wp-content\/uploads\/2025\/03\/Banner_Obras_PortallavrasTV-170x25.png 170w, https:\/\/lavras.tv\/site\/wp-content\/uploads\/2025\/03\/Banner_Obras_PortallavrasTV-200x29.png 200w\" sizes=\"(max-width: 720px) 100vw, 720px\" width=\"720\" height=\"104\"   \/><\/a><\/li><li><div style=\"margin-left: auto;margin-right: auto;text-align: center;\" id=\"lavra-3563877387\"><a href=\"https:\/\/sistemas.lavras.mg.gov.br\/portalcidadao\/#df1b1a7c7b2a290bcb31e32771e610784662739a88807c0dacac58ede5f391a7530e299dc302d611ee73cb143fc22eaf93592e53e7b5bdb01b00a0b8d28dae460c141dd2ff83412e4dc1c31b16b25f33144a9e5620ea73b13f5bc1c59411d98439ad226e8af03840603796067d87afe130812cf3de24982d0e306f9e61e764e5\" aria-label=\"Banner_Educa\u00e7\u00e3o_PortallavrasTV\"><img src=\"https:\/\/lavras.tv\/site\/wp-content\/uploads\/2025\/01\/Banner_Educacao_PortallavrasTV.png\" alt=\"\"  srcset=\"https:\/\/lavras.tv\/site\/wp-content\/uploads\/2025\/01\/Banner_Educacao_PortallavrasTV.png 720w, https:\/\/lavras.tv\/site\/wp-content\/uploads\/2025\/01\/Banner_Educacao_PortallavrasTV-470x68.png 470w, https:\/\/lavras.tv\/site\/wp-content\/uploads\/2025\/01\/Banner_Educacao_PortallavrasTV-170x25.png 170w, https:\/\/lavras.tv\/site\/wp-content\/uploads\/2025\/01\/Banner_Educacao_PortallavrasTV-200x29.png 200w\" sizes=\"(max-width: 720px) 100vw, 720px\" width=\"720\" height=\"104\"  style=\"display: inline-block;\" \/><\/a><\/div><\/li><li><a href=\"https:\/\/sistemas.lavras.mg.gov.br\/portalcidadao\/#df1b1a7c7b2a290bcb31e32771e610784662739a88807c0dacac58ede5f391a7530e299dc302d611ee73cb143fc22eaf93592e53e7b5bdb01b00a0b8d28dae460c141dd2ff83412e4dc1c31b16b25f33144a9e5620ea73b13f5bc1c59411d98439ad226e8af03840603796067d87afe130812cf3de24982d0e306f9e61e764e5\" aria-label=\"Banner_Sa\u00fade_PortallavrasTV\"><img src=\"https:\/\/lavras.tv\/site\/wp-content\/uploads\/2025\/03\/Banner_Saude_PortallavrasTV.png\" alt=\"\"  srcset=\"https:\/\/lavras.tv\/site\/wp-content\/uploads\/2025\/03\/Banner_Saude_PortallavrasTV.png 720w, https:\/\/lavras.tv\/site\/wp-content\/uploads\/2025\/03\/Banner_Saude_PortallavrasTV-470x68.png 470w, https:\/\/lavras.tv\/site\/wp-content\/uploads\/2025\/03\/Banner_Saude_PortallavrasTV-170x25.png 170w, https:\/\/lavras.tv\/site\/wp-content\/uploads\/2025\/03\/Banner_Saude_PortallavrasTV-200x29.png 200w\" sizes=\"(max-width: 720px) 100vw, 720px\" width=\"720\" height=\"104\"   \/><\/a><\/li><li><div id=\"lavra-1902006387\" style=\"width:720px;height:104px;background-color:#ddd;overflow:scroll;\">\n\t<strong>Sa\u00edda da depura\u00e7\u00e3o de an\u00fancios<\/strong>\n\t<br><br>\n\tO an\u00fancio n\u00e3o \u00e9 exibido na p\u00e1gina<br><br>post atual: Paralimp\u00edadas: Finais na bocha e no t\u00eanis de mesa e Clodoaldo e Daniel juntos, ID: 2198<br><br><span style=\"color: red;\">O post atual n\u00e3o \u00e9 id\u00eantico ao post principal.<\/span><br><br>An\u00fancios: ROXO - TOPO INTERNA - ROTATIVO 2 (197)<br \/>Grupo de an\u00fancios: Princ_Meio01_720x104 (27)<br><br>Condi\u00e7\u00f5es de exibi\u00e7\u00e3o<div style=\"margin-bottom: 20px; white-space: pre-wrap; font-family: monospace; width: 100%; background: #ffe9e9;\"><strong>condi\u00e7\u00f5es gerais<\/strong><table border=\"1\"><thead><tr><th><\/th><th>An\u00fancios<\/th><th>wp_the_query<\/th><\/tr><\/thead><tr><td>is_main_query<\/td><td>1<\/td><td>1<\/td><\/tr><tr><td>is_rest_api<\/td><td>0<\/td><td>1<\/td><\/tr><tr><td>page<\/td><td>0<\/td><td>1<\/td><\/tr><tr><td>numpages<\/td><td>0<\/td><td>1<\/td><\/tr><tr><td>is_archive<\/td><td>1<\/td><td><\/td><\/tr><tr><td>is_search<\/td><td>1<\/td><td><\/td><\/tr><tr><td>is_home<\/td><td>1<\/td><td><\/td><\/tr><tr><td>is_404<\/td><td>1<\/td><td><\/td><\/tr><tr><td>is_attachment<\/td><td>1<\/td><td><\/td><\/tr><tr><td>is_singular<\/td><td>1<\/td><td><\/td><\/tr><tr><td>is_front_page<\/td><td>1<\/td><td><\/td><\/tr><tr><td>is_feed<\/td><td>1<\/td><td><\/td><\/tr><\/table><\/div><br><br><span style=\"color: red;\">Seu site usa HTTPS, mas o c\u00f3digo do an\u00fancio cont\u00e9m HTTP e pode n\u00e3o funcionar.<\/span>\t<br><br>\n\t<a style=\"color: green;\" href=\"https:\/\/wpadvancedads.com\/manual\/ad-debug-mode\/?utm_source=advanced-ads&utm_medium=link&utm_campaign=ad-debug-mode\" target=\"_blank\" rel=\"nofollow\">Encontre solu\u00e7\u00f5es no manual<\/a>\n<\/div>\n<\/li><\/ul><\/div><script>( window.advanced_ads_ready || jQuery( document ).ready ).call( null, function() {var $lavraslider4191858080 = jQuery( \".lavra-slider-4191858080\" );$lavraslider4191858080.on( \"unslider.ready\", function() { jQuery( \"div.custom-slider ul li\" ).css( \"display\", \"block\" ); });$lavraslider4191858080.unslider({ delay:4000, autoplay:true, nav:false, arrows:false, infinite:true });$lavraslider4191858080.on(\"mouseover\", function() {$lavraslider4191858080.unslider(\"stop\");}).on(\"mouseout\", function() {$lavraslider4191858080.unslider(\"start\");});});<\/script><\/div><p>O atletismo e a nata\u00e7\u00e3o, tradicionais esperan\u00e7as de medalhas, ganham a companhia de outras modalidades nesta segunda-feira, quinto dia da Paralimp\u00edada do Rio.<!--more--> Na bocha, pela classe BC4, Dirceu Pinto e Eliseu dos Santos v\u00e3o tentar o tricampeonato nos pares mistos &#8211; o reserva da equipe, Marcelo dos Santos, irm\u00e3o de Eliseu, tenta seu primeiro t\u00edtulo. Ainda na modalidade, a classe BC3 conta com os irm\u00e3os Leme e Evelyn de Oliveira e Evani da Silva para fechar o dia na Arena Carioca 2 com a execu\u00e7\u00e3o do hino nacional. Passa pelas m\u00e3os de Israel Stroh, o in\u00e9dito primeiro lugar do Brasil no t\u00eanis de mesa <strong>(confira os hor\u00e1rios abaixo, na agenda dos brasileiros)<\/strong>.<\/p>\n<p>Por\u00e9m, tem mais. No atletismo,\u00a0Fabio da Silva Bordignon tenta ser campe\u00e3o paral\u00edmpico pela primeira vez nos 200m rasos masculino, classe T35. Dia de Terezinha Guilhermina come\u00e7ar a defender as conquistas nos 200m, T11. A piscina do Est\u00e1dio Aqu\u00e1tico ir\u00e1 receber, na mesma prova, dois grandes nomes da nata\u00e7\u00e3o brasileira: Clodoaldo Silva e Daniel Dias, nos 50m, categoria S5.<\/p>\n<div id=\"titulomateria-1\" class=\"titulo-materia borda-cor componente-conteudo\" data-position=\"texto\">\n<div class=\"itens-conteudo\">\n<p class=\"titulo\">CHANCE DE TRICAMPEONATO NA BOCHA<\/p>\n<\/div>\n<\/div>\n<div id=\"a59a17b9-72b8-b403-b369-ec1936522e33\" class=\"foto componente-conteudo\"><img fetchpriority=\"high\" decoding=\"async\" title=\"Bocha - Jogos Paral\u00edmpicos Rio 2016 - Marcelo Santos, Dirceu Pinto e Eliseu Santos (Foto: Marcelo Regua\/MPIX\/CPB)\" src=\"http:\/\/s2.glbimg.com\/LA5MVgTi_1MXB2NIIVZ-oSZ8HQA=\/0x296:5315x3225\/690x380\/s.glbimg.com\/es\/ge\/f\/original\/2016\/09\/11\/regua-bocha-18193_iIeQ4NP.jpg\" alt=\"Bocha - Jogos Paral\u00edmpicos Rio 2016 - Marcelo Santos, Dirceu Pinto e Eliseu Santos (Foto: Marcelo Regua\/MPIX\/CPB)\" width=\"690\" height=\"380\" \/><strong>Descri\u00e7\u00e3o da imagem: Marcelo Santos, Dirceu Pinto e Eliseu Santos defendem o Brasil\u00a0(Foto: Marcelo Regua\/MPIX\/CPB)<\/strong><\/div>\n<p>O esporte desconhecido de muitos brasileiros dar\u00e1 suas primeiras medalhas e duas ser\u00e3o do pa\u00eds, resta saber a cor delas: ouro ou prata. Na classe BC4, Dirceu Pinto e Eliseu dos Santos v\u00e3o tentar o tricampeonato nos pares mistos. Reserva da equipe, Marcelo dos Santos, irm\u00e3o de Eliseu, vai atr\u00e1s de seu primeiro t\u00edtulo.<\/p>\n<p>Logo depois, outros dois irm\u00e3os estar\u00e3o na decis\u00e3o pela classe BC3. Antonio Leme e seu calheiro Fernando comp\u00f5em a equipe ao lado de Evani da Silva e Evelyn de Oliveira.<\/p>\n<p>FABIO E TEREZINHA NO ATLETISMO<\/p>\n<div id=\"titulomateria-2\" class=\"titulo-materia borda-cor componente-conteudo\" data-position=\"texto\"><\/div>\n<div id=\"ccf98f88-5f25-4ae6-a3a6-1d03224f3551\" class=\"foto componente-conteudo\"><img decoding=\"async\" title=\" Fabio Da Silva - 100m T35 Brasil atletismo paralimp\u00edada rio 2016 (Foto: Reuters)\" src=\"http:\/\/s2.glbimg.com\/xuQmubGvB3T-0N0n27IYxXwxFdw=\/0x70:4049x2299\/690x380\/s.glbimg.com\/es\/ge\/f\/original\/2016\/09\/09\/2016-09-09t140445z_1361275987_ht1ec99133b7m_rtrmadp_3_paralympics-rio-athletics.jpg\" alt=\" Fabio Da Silva - 100m T35 Brasil atletismo paralimp\u00edada rio 2016 (Foto: Reuters)\" width=\"690\" height=\"380\" \/><strong>Descri\u00e7\u00e3o da imagem: Fabinho representar\u00e1 o Brasil na final dos 200m, na classe T35\u00a0(Foto: Reuters)<\/strong><\/div>\n<p>Fabio da Silva Bordignon, o Fabinho, tem a chance de conquistar a medalha de ouro nos 200m rasos masculino, classe T35. Ele j\u00e1 foi prata nos 100m da mesma classe, para atletas com paralisia cerebral. O esportista \u00e9 estreante no atletismo, afinal, fora quarto colocado nos Jogos de Londres com a sele\u00e7\u00e3o brasileira de futebol de 7. O atletismo, ali\u00e1s, ainda reserva outras atra\u00e7\u00f5es: Terezinha Guilhermina na defesa do bicampeonato nos 200m, T11.<\/p>\n<div id=\"titulomateria-3\" class=\"titulo-materia borda-cor componente-conteudo\" data-position=\"texto\">\n<div class=\"itens-conteudo\">\n<p class=\"titulo\">FUTEBOL DE 7 DECIDE TOPO DO GRUPO<\/p>\n<\/div>\n<\/div>\n<p>\u00c0s 19h, os classificados Brasil e Ucr\u00e2nia decidem a primeira coloca\u00e7\u00e3o do grupo A. Com seis pontos cada, o Brasil leva vantagem do empate para ficar com a lideran\u00e7a por conta do crit\u00e9rio de desempate.<\/p>\n<div id=\"titulomateria-4\" class=\"titulo-materia borda-cor componente-conteudo\" data-position=\"texto\">\n<div class=\"itens-conteudo\">\n<p class=\"titulo\">OURO IN\u00c9DITO NO T\u00caNIS DE MESA?<\/p>\n<\/div>\n<\/div>\n<div id=\"8f1868aa-cc33-4b76-71c9-4b8d0ebd7823\" class=\"foto componente-conteudo\"><img decoding=\"async\" title=\"Descri\u00e7\u00e3o da imagem: Israel Stroh est\u00e1 na final do t\u00eanis de mesa (Foto: Alexandre Loureiro\/Getty Images)\" src=\"http:\/\/s2.glbimg.com\/LjVqa3S85EgU2Dy04Y-kKrgdERY=\/0x239:3000x1760\/690x350\/s.glbimg.com\/es\/ge\/f\/original\/2016\/09\/11\/gettyimages-600664684.jpg\" alt=\"Descri\u00e7\u00e3o da imagem: Israel Stroh est\u00e1 na final do t\u00eanis de mesa (Foto: Alexandre Loureiro\/Getty Images)\" width=\"690\" height=\"350\" \/><strong>Descri\u00e7\u00e3o da imagem: Israel Stroh est\u00e1 na final do t\u00eanis de mesa (Foto: Alexandre Loureiro\/Getty Images)<\/strong><\/div>\n<p>Depois de uma sofrida semifinal diante do chin\u00eas Yan Shuo, cuja vit\u00f3ria que parecia garantida quase escapou, Israel Stroh tem a chance de conquistar um in\u00e9dito ouro no t\u00eanis de mesa paral\u00edmpico ao Brasil. A final da classe 7 ser\u00e1 diante do brit\u00e2nico William John Bayley, atual n\u00famero 1 do mundo. Mas nada imposs\u00edvel: Israel venceu Bayley na estreia da Paralimp\u00edada, na fase de grupos. A partir dali, o n\u00famero 12 do ranking foi eliminando os melhores, dentre eles o ucraniano Maxym Nokolenko, vice-l\u00edder, nas quartas de final. Vit\u00f3rias que lhe deram confian\u00e7a no torneio.<\/p>\n<div id=\"titulomateria-5\" class=\"titulo-materia borda-cor componente-conteudo\" data-position=\"texto\">\n<div class=\"itens-conteudo\">\n<p class=\"titulo\">GOALBALL<\/p>\n<\/div>\n<\/div>\n<p>Com uma vit\u00f3ria e uma derrota, as meninas do Brasil enfrentam Israel pela terceira e pen\u00faltima rodada da fase de grupos. Na quarta coloca\u00e7\u00e3o da chave C, com tr\u00eas pontos, as brasileiras se aproximar\u00e3o da vaga \u00e0s quartas de final com novo triunfo.<\/p>\n<div id=\"titulomateria-6\" class=\"titulo-materia borda-cor componente-conteudo\" data-position=\"texto\">\n<div class=\"itens-conteudo\">\n<p class=\"titulo\">CLODOALDO E DANIEL NA MESMA PROVA<\/p>\n<\/div>\n<\/div>\n<div id=\"0478ca67-ff19-7c3b-6e07-aedf50f6466f\" class=\"foto componente-conteudo\"><img loading=\"lazy\" decoding=\"async\" title=\" Clodoaldo Silva e Daniel Dias com as medalhas de prata e ouro (Foto: Washington Alves\/MPIX\/CPB)\" src=\"http:\/\/s2.glbimg.com\/hyS7275H0Nb0NX1ACxmxl_g1Tn8=\/0x118:2000x1132\/690x350\/s.glbimg.com\/es\/ge\/f\/original\/2015\/08\/12\/20336946710_e7356849aa_o_1.jpg\" alt=\" Clodoaldo Silva e Daniel Dias com as medalhas de prata e ouro (Foto: Washington Alves\/MPIX\/CPB)\" width=\"690\" height=\"350\" \/><strong>Descri\u00e7\u00e3o da imagem: Clodoaldo\u00a0e Daniel\u00a0s\u00e3o os maiores nomes da nata\u00e7\u00e3o\u00a0(Foto: Washington Alves\/MPIX\/CPB)<\/strong><\/div>\n<p>Clodoaldo Silva e Daniel Dias t\u00eam juntos 33 medalhas paral\u00edmpicas &#8211; 14 do primeiro, 19 do segundo. Nesta segunda-feira, os dois maiores nomes da nata\u00e7\u00e3o cair\u00e3o na \u00e1gua nos 50mm classe S5. Pela manh\u00e3, disputam vaga na final, prevista para a parte da tarde.<\/p>\n<div id=\"titulomateria-7\" class=\"titulo-materia borda-cor componente-conteudo\" data-position=\"texto\">\n<div class=\"itens-conteudo\">\n<p class=\"titulo\">AGENDA DOS BRASILEIROS<\/p>\n<\/div>\n<\/div>\n<p><strong>Atletismo<\/strong><br \/>\nLocal: Est\u00e1dio Ol\u00edmpico<br \/>\nManh\u00e3<br \/>\n10h38 &#8211; Salto em dist\u00e2ncia masculino &#8211; T36 &#8211; Final &#8211; Rodrigo da Silva<br \/>\n10h50 &#8211; 200m rasos masculino &#8211; T35 &#8211; Final &#8211; Fabio da Silva<br \/>\n10h59 &#8211; Arremesso do peso masculino &#8211; F42 &#8211; Final &#8211; Mauro de Sousa<br \/>\n11h19 &#8211; 200m rasos feminino &#8211; T36 &#8211; 1\u00aa fase &#8211; s\u00e9rie 2 &#8211; Tascitha Cruz<br \/>\n11h34 &#8211; 200m rasos feminino &#8211; T11 &#8211; 1\u00aa fase &#8211; s\u00e9rie 2 &#8211; Jhulia Santos<br \/>\n11h42 &#8211; 200m rasos feminino &#8211; T11 &#8211; 1\u00aa fase &#8211; s\u00e9rie 3 &#8211; Jerusa Geber<br \/>\n11h58 &#8211; 200m rasos feminino &#8211; T11 &#8211; 1\u00aa fase &#8211; s\u00e9rie 5 &#8211; Teresinha Guilhermina<br \/>\n12h22 &#8211; 100m rasos masculino &#8211; T38 &#8211; 1\u00aa fase &#8211; s\u00e9rie 1 &#8211; Edson Pinheiro<br \/>\nTarde\/Noite<br \/>\n17h30 &#8211; Revezamento 4x100m masculino &#8211; T42-47 &#8211; Final &#8211; Brasil<br \/>\n17h34 &#8211; Lan\u00e7amento do dardo masculino &#8211; F56\/57 &#8211; Final &#8211; Claudiney dos Santos<br \/>\n17h37 &#8211; Revezamento 4x100m masculino &#8211; T11-13 &#8211; 1\u00aa fase &#8211; s\u00e9rie 1 &#8211; Brasil<br \/>\n17h48 &#8211; Lan\u00e7amento do disco masculino &#8211; F11 &#8211; Final &#8211; Marcio Leite e Rodrigo Alessandro<br \/>\n18h19 &#8211; 1.500m rasos feminino &#8211; T53\/54 &#8211; 1\u00aa fase &#8211; s\u00e9rie 1 &#8211; Maria de F\u00e1tima Chaves<br \/>\n18h27 &#8211; 1.500m rasos feminino &#8211; T53\/54 &#8211; 1\u00aa fase &#8211; s\u00e9rie 2 &#8211; Aline Rocha<br \/>\n18h36 &#8211; Salto em altura masculino &#8211; T44 &#8211; Final &#8211; Jeohsah dos Santos<br \/>\n19h21 &#8211; 200m masculino &#8211; T44 &#8211; Final<br \/>\n19h43 &#8211; 200m feminino &#8211; T11 &#8211; Semifinal 1, 2 e 3<\/p>\n<p><strong>Basquete em cadeira de rodas<\/strong><br \/>\nLocal: Arena ol\u00edmpica do Rio<br \/>\n11h45 &#8211; Canad\u00e1 x Brasil &#8211; Grupo A &#8211; feminino<br \/>\n21h45 &#8211; Brasil x Alemanha &#8211; Grupo B &#8211; masculino<\/p>\n<p><strong>Bocha<\/strong><br \/>\nLocal: Arena Carioca 2<br \/>\n14h &#8211; Brasil x Eslov\u00e1quia &#8211; duplas mistas BC4 &#8211; Final (Dirceu Pinto, Eliseu e Marcelo dos Santos)<br \/>\n17h30 &#8211; Brasil x Coreia &#8211; duplas mistas BC3 &#8211; Final (Evani da Silva, Evelyn de Oliveira e Antonio Leme)<\/p>\n<p><strong>Futebol de 7<\/strong><br \/>\nLocal: Est\u00e1dio de Deodoro<br \/>\n19h &#8211; Ucr\u00e2nia x Brasil &#8211; Grupo A &#8211; 1\u00aa fase &#8211; masculino<\/p>\n<p><strong>Goallball<\/strong><br \/>\nLocal: Arena do Futuro<br \/>\n10h15 &#8211; Brasil x Israel &#8211; Grupo C &#8211; 1\u00aa fase &#8211; feminino<\/p>\n<p><strong>Hipismo<\/strong><br \/>\nLocal: Centro Nacional de Hipismo (Deodoro)<br \/>\n13h (previs\u00e3o de entrar na pista \u00e0s 13h27 e \u00e0s 15h11) &#8211; competi\u00e7\u00e3o por equipes &#8211; grau Ia &#8211; Vera Lucia Mazzilli e Sergio Oliva<\/p>\n<p><strong>Nata\u00e7\u00e3o<\/strong><br \/>\nLocal: Est\u00e1dio Aqu\u00e1tico (Parque Ol\u00edmpico)<br \/>\nManh\u00e3 (Classificat\u00f3rias)<br \/>\n9h30 &#8211; 400m livre masculino S13 &#8211; Thomaz Matera<br \/>\n10h11 &#8211; 150m medley feminino SM4 &#8211; Rildene Firmino<br \/>\n10h25 &#8211; 50m livre masculino S11 &#8211; Matheus Souza<br \/>\n10h33 &#8211; 50m livre feminino S11 &#8211; Regiane Nunes Silva<br \/>\n10h44 &#8211; 100m borboleta masculino S10 &#8211; Andre Brasil<br \/>\n10h58 &#8211; 100m livre masculino S9 &#8211; Vanilton Filho, Lucas Mozela e Ruiter Silva<br \/>\n11h08 &#8211; 100m livre feminino S9 &#8211; Camille Cruz<br \/>\n11h18 &#8211; 200m medley masculino SM6 &#8211; Talisson Glock e Roberto Rodriguez<br \/>\n11h48 &#8211; 50m borboleta feminino S7 &#8211; Veronica Almeida<br \/>\n11h54 &#8211; 50m livre masculino S5 &#8211; Clodoaldo Silva e Daniel Dias<br \/>\n12h01 &#8211; 50m livre feminino S5 &#8211; Susana Ribeiro e Joana Maria Silva<br \/>\nTarde\/noite (Finais *Caso se classifiquem)<br \/>\n17h30 &#8211; 400m livre masculino S13 &#8211; Thomaz Matera<br \/>\n17h58 &#8211; 150m medley feminino SM4 &#8211; Rildene Firmino<br \/>\n18h08 &#8211; 50m livre masculino S11 &#8211; Matheus Souza<br \/>\n18h15 &#8211; 50m livre feminino S11 &#8211; Regiane Nunes Silva<br \/>\n18h36 &#8211; 100m borboleta masculino S10 &#8211; Andre Brasil<br \/>\n19h03 &#8211; 100m livre masculino S9 &#8211; Vanilton Filho, Lucas Mozela e Ruiter Silva<br \/>\n19h10 &#8211; 100m livre feminino S9 &#8211; Camille Cruz<br \/>\n19h31 &#8211; 200m medley masculino SM6 &#8211; Talisson Glock e Roberto Rodriguez<br \/>\n20h08 &#8211; 50m borboleta feminino S7 &#8211; Veronica Almeida<br \/>\n20h28 &#8211; 50m livre masculino S5 &#8211; Clodoaldo Silva e Daniel Dias<br \/>\n20h35 &#8211; 50m livre feminino S5 &#8211; Susana Ribeiro e Joana Maria Silva<\/p>\n<p><strong>T\u00eanis de mesa<\/strong><br \/>\nLocal: Riocentro<br \/>\n10h45 &#8211; final da classe 7 &#8211; William John Bayley (Reino Unido) x Israel Pereira Stroh (Brasil)<\/p>\n<p><strong>Tiro com Arco<\/strong><br \/>\nLocal: Samb\u00f3dromo<br \/>\n10h40 &#8211; quartas de final &#8211; equipe mista arco composto aberto &#8211; Turquia x Brasil<br \/>\n15h &#8211; semifinal<br \/>\n15h25 &#8211; semifinal<br \/>\n15h55 &#8211; bronze<br \/>\n16h20 &#8211; final<\/p>\n<p><strong>Vela<\/strong><br \/>\nLocal: Marina da Gl\u00f3ria<br \/>\n13h05 &#8211; Barco de quilha fixa de dupla (SKUD18) &#8211; Marinalva de Almeida e Bruno Landgraf<br \/>\n13h05 &#8211; Barco de quilha fixa para tr\u00eas pessoas (Sonar) &#8211; Antonio Marcos Do Carmo, Jose Matias Goncalves de Abreu e Herivelton Ferreira Anastacio<br \/>\n13h15 &#8211; Barco de quilha fixa individual (2.4mR) &#8211; Nuno Rosa<br \/>\nEm seguida &#8211; segunda de regada das tr\u00eas modalidades<\/p>\n<p>&nbsp;<\/p>\n<p>Fonte: GloboEsporte<\/p>\n","protected":false},"excerpt":{"rendered":"<p>O atletismo e a nata\u00e7\u00e3o, tradicionais esperan\u00e7as de medalhas, ganham a companhia de outras modalidades nesta segunda-feira, quinto dia da Paralimp\u00edada do Rio.<\/p>\n","protected":false},"author":2,"featured_media":2199,"comment_status":"closed","ping_status":"open","sticky":false,"template":"","format":"standard","meta":{"advgb_blocks_editor_width":"","advgb_blocks_columns_visual_guide":"","_exactmetrics_skip_tracking":false,"_exactmetrics_sitenote_active":false,"_exactmetrics_sitenote_note":"","_exactmetrics_sitenote_category":0,"footnotes":""},"categories":[3],"tags":[641],"class_list":["post-2198","post","type-post","status-publish","format-standard","has-post-thumbnail","hentry","category-esportes","tag-paralimpiadas-rio-2016"],"better_featured_image":{"id":2199,"alt_text":"","caption":"","description":"","media_type":"image","media_details":{"width":690,"height":350,"file":"2016\/09\/paralimpiadas-1.jpg","sizes":{"thumbnail":{"file":"paralimpiadas-1-150x76.jpg","width":150,"height":76,"mime-type":"image\/jpeg","source_url":"https:\/\/lavras.tv\/site\/wp-content\/uploads\/2016\/09\/paralimpiadas-1-150x76.jpg"},"medium":{"file":"paralimpiadas-1-300x152.jpg","width":300,"height":152,"mime-type":"image\/jpeg","source_url":"https:\/\/lavras.tv\/site\/wp-content\/uploads\/2016\/09\/paralimpiadas-1-300x152.jpg"},"featured-slider-img":{"file":"paralimpiadas-1-640x350.jpg","width":640,"height":350,"mime-type":"image\/jpeg","source_url":"https:\/\/lavras.tv\/site\/wp-content\/uploads\/2016\/09\/paralimpiadas-1-640x350.jpg"},"featured-post-img":{"file":"paralimpiadas-1-480x320.jpg","width":480,"height":320,"mime-type":"image\/jpeg","source_url":"https:\/\/lavras.tv\/site\/wp-content\/uploads\/2016\/09\/paralimpiadas-1-480x320.jpg"},"sow-carousel-default":{"file":"paralimpiadas-1-272x182.jpg","width":272,"height":182,"mime-type":"image\/jpeg","source_url":"https:\/\/lavras.tv\/site\/wp-content\/uploads\/2016\/09\/paralimpiadas-1-272x182.jpg"}},"image_meta":{"aperture":"0","credit":"","camera":"","caption":"","created_timestamp":"0","copyright":"","focal_length":"0","iso":"0","shutter_speed":"0","title":"","orientation":"0","keywords":[]}},"post":2198,"source_url":"https:\/\/lavras.tv\/site\/wp-content\/uploads\/2016\/09\/paralimpiadas-1.jpg"},"author_meta":{"display_name":"Lavras TV","author_link":"https:\/\/lavras.tv\/site\/author\/lavrastv\/"},"featured_img":"https:\/\/lavras.tv\/site\/wp-content\/uploads\/2016\/09\/paralimpiadas-1-300x152.jpg","coauthors":[],"tax_additional":{"categories":{"linked":["<a href=\"https:\/\/lavras.tv\/site\/category\/esportes\/\" class=\"advgb-post-tax-term\">Esportes<\/a>"],"unlinked":["<span class=\"advgb-post-tax-term\">Esportes<\/span>"]},"tags":{"linked":["<a href=\"https:\/\/lavras.tv\/site\/category\/esportes\/\" class=\"advgb-post-tax-term\">paralimp\u00edadas rio 2016<\/a>"],"unlinked":["<span class=\"advgb-post-tax-term\">paralimp\u00edadas rio 2016<\/span>"]}},"comment_count":"0","relative_dates":{"created":"Publicado 10 anos atr\u00e1s","modified":"Atualizado 10 anos atr\u00e1s"},"absolute_dates":{"created":"Publicado em 12 de setembro de 2016","modified":"Atualizado em 12 de setembro de 2016"},"absolute_dates_time":{"created":"Publicado em 12 de setembro de 2016 08:50","modified":"Atualizado em 12 de setembro de 2016 08:51"},"featured_img_caption":"","series_order":"","_links":{"self":[{"href":"https:\/\/lavras.tv\/site\/wp-json\/wp\/v2\/posts\/2198","targetHints":{"allow":["GET"]}}],"collection":[{"href":"https:\/\/lavras.tv\/site\/wp-json\/wp\/v2\/posts"}],"about":[{"href":"https:\/\/lavras.tv\/site\/wp-json\/wp\/v2\/types\/post"}],"author":[{"embeddable":true,"href":"https:\/\/lavras.tv\/site\/wp-json\/wp\/v2\/users\/2"}],"replies":[{"embeddable":true,"href":"https:\/\/lavras.tv\/site\/wp-json\/wp\/v2\/comments?post=2198"}],"version-history":[{"count":2,"href":"https:\/\/lavras.tv\/site\/wp-json\/wp\/v2\/posts\/2198\/revisions"}],"predecessor-version":[{"id":2201,"href":"https:\/\/lavras.tv\/site\/wp-json\/wp\/v2\/posts\/2198\/revisions\/2201"}],"wp:featuredmedia":[{"embeddable":true,"href":"https:\/\/lavras.tv\/site\/wp-json\/wp\/v2\/media\/2199"}],"wp:attachment":[{"href":"https:\/\/lavras.tv\/site\/wp-json\/wp\/v2\/media?parent=2198"}],"wp:term":[{"taxonomy":"category","embeddable":true,"href":"https:\/\/lavras.tv\/site\/wp-json\/wp\/v2\/categories?post=2198"},{"taxonomy":"post_tag","embeddable":true,"href":"https:\/\/lavras.tv\/site\/wp-json\/wp\/v2\/tags?post=2198"}],"curies":[{"name":"wp","href":"https:\/\/api.w.org\/{rel}","templated":true}]}}