{"id":2240,"date":"2016-09-14T08:25:33","date_gmt":"2016-09-14T11:25:33","guid":{"rendered":"http:\/\/lavras.tv\/site\/?p=2240"},"modified":"2016-09-14T08:25:33","modified_gmt":"2016-09-14T11:25:33","slug":"paralimpiadas-zanardi-sobreviventes-do-ciclismo-e-da-esgrima-canoagem-e-rugby","status":"publish","type":"post","link":"https:\/\/lavras.tv\/site\/2016\/09\/14\/paralimpiadas-zanardi-sobreviventes-do-ciclismo-e-da-esgrima-canoagem-e-rugby\/","title":{"rendered":"Paralimp\u00edadas: Zanardi, sobreviventes do ciclismo e da esgrima, canoagem e rugby"},"content":{"rendered":"<div class=\"lavra-antes-do-conteudo_2\" id=\"lavra-123475272\"><div id=\"lavra-slider-27\" class=\"custom-slider lavra-slider-1887732871 lavra-slider\"><ul><li><div style=\"margin-left: auto;margin-right: auto;text-align: center;\" id=\"lavra-2780479104\"><a href=\"https:\/\/sistemas.lavras.mg.gov.br\/portalcidadao\/#df1b1a7c7b2a290bcb31e32771e610784662739a88807c0dacac58ede5f391a7530e299dc302d611ee73cb143fc22eaf93592e53e7b5bdb01b00a0b8d28dae460c141dd2ff83412e4dc1c31b16b25f33144a9e5620ea73b13f5bc1c59411d98439ad226e8af03840603796067d87afe130812cf3de24982d0e306f9e61e764e5\" aria-label=\"Lavras-TV&#8211;720x104px (1) (1)\"><img src=\"https:\/\/lavras.tv\/site\/wp-content\/uploads\/2025\/01\/Lavras-TV-720x104px-1-1.png\" alt=\"\"  srcset=\"https:\/\/lavras.tv\/site\/wp-content\/uploads\/2025\/01\/Lavras-TV-720x104px-1-1.png 720w, https:\/\/lavras.tv\/site\/wp-content\/uploads\/2025\/01\/Lavras-TV-720x104px-1-1-470x68.png 470w, https:\/\/lavras.tv\/site\/wp-content\/uploads\/2025\/01\/Lavras-TV-720x104px-1-1-170x25.png 170w, https:\/\/lavras.tv\/site\/wp-content\/uploads\/2025\/01\/Lavras-TV-720x104px-1-1-200x29.png 200w\" sizes=\"(max-width: 720px) 100vw, 720px\" width=\"720\" height=\"104\"  style=\"display: inline-block;\" \/><\/a><\/div><\/li><li><a href=\"https:\/\/sistemas.lavras.mg.gov.br\/portalcidadao\/#df1b1a7c7b2a290bcb31e32771e610784662739a88807c0dacac58ede5f391a7530e299dc302d611ee73cb143fc22eaf93592e53e7b5bdb01b00a0b8d28dae460c141dd2ff83412e4dc1c31b16b25f33144a9e5620ea73b13f5bc1c59411d98439ad226e8af03840603796067d87afe130812cf3de24982d0e306f9e61e764e5\" aria-label=\"Banner_Emprego_PortallavrasTV\"><img src=\"https:\/\/lavras.tv\/site\/wp-content\/uploads\/2025\/03\/Banner_Emprego_PortallavrasTV.png\" alt=\"\"  srcset=\"https:\/\/lavras.tv\/site\/wp-content\/uploads\/2025\/03\/Banner_Emprego_PortallavrasTV.png 720w, https:\/\/lavras.tv\/site\/wp-content\/uploads\/2025\/03\/Banner_Emprego_PortallavrasTV-470x68.png 470w, https:\/\/lavras.tv\/site\/wp-content\/uploads\/2025\/03\/Banner_Emprego_PortallavrasTV-170x25.png 170w, https:\/\/lavras.tv\/site\/wp-content\/uploads\/2025\/03\/Banner_Emprego_PortallavrasTV-200x29.png 200w\" sizes=\"(max-width: 720px) 100vw, 720px\" width=\"720\" height=\"104\"   \/><\/a><\/li><li><a href=\"https:\/\/sistemas.lavras.mg.gov.br\/portalcidadao\/#df1b1a7c7b2a290bcb31e32771e610784662739a88807c0dacac58ede5f391a7530e299dc302d611ee73cb143fc22eaf93592e53e7b5bdb01b00a0b8d28dae460c141dd2ff83412e4dc1c31b16b25f33144a9e5620ea73b13f5bc1c59411d98439ad226e8af03840603796067d87afe130812cf3de24982d0e306f9e61e764e5\" aria-label=\"Banner_Obras_PortallavrasTV\"><img src=\"https:\/\/lavras.tv\/site\/wp-content\/uploads\/2025\/03\/Banner_Obras_PortallavrasTV.png\" alt=\"\"  srcset=\"https:\/\/lavras.tv\/site\/wp-content\/uploads\/2025\/03\/Banner_Obras_PortallavrasTV.png 720w, https:\/\/lavras.tv\/site\/wp-content\/uploads\/2025\/03\/Banner_Obras_PortallavrasTV-470x68.png 470w, https:\/\/lavras.tv\/site\/wp-content\/uploads\/2025\/03\/Banner_Obras_PortallavrasTV-170x25.png 170w, https:\/\/lavras.tv\/site\/wp-content\/uploads\/2025\/03\/Banner_Obras_PortallavrasTV-200x29.png 200w\" sizes=\"(max-width: 720px) 100vw, 720px\" width=\"720\" height=\"104\"   \/><\/a><\/li><li><div style=\"margin-left: auto;margin-right: auto;text-align: center;\" id=\"lavra-19358633\"><a href=\"https:\/\/sistemas.lavras.mg.gov.br\/portalcidadao\/#df1b1a7c7b2a290bcb31e32771e610784662739a88807c0dacac58ede5f391a7530e299dc302d611ee73cb143fc22eaf93592e53e7b5bdb01b00a0b8d28dae460c141dd2ff83412e4dc1c31b16b25f33144a9e5620ea73b13f5bc1c59411d98439ad226e8af03840603796067d87afe130812cf3de24982d0e306f9e61e764e5\" aria-label=\"Banner_Educa\u00e7\u00e3o_PortallavrasTV\"><img src=\"https:\/\/lavras.tv\/site\/wp-content\/uploads\/2025\/01\/Banner_Educacao_PortallavrasTV.png\" alt=\"\"  srcset=\"https:\/\/lavras.tv\/site\/wp-content\/uploads\/2025\/01\/Banner_Educacao_PortallavrasTV.png 720w, https:\/\/lavras.tv\/site\/wp-content\/uploads\/2025\/01\/Banner_Educacao_PortallavrasTV-470x68.png 470w, https:\/\/lavras.tv\/site\/wp-content\/uploads\/2025\/01\/Banner_Educacao_PortallavrasTV-170x25.png 170w, https:\/\/lavras.tv\/site\/wp-content\/uploads\/2025\/01\/Banner_Educacao_PortallavrasTV-200x29.png 200w\" sizes=\"(max-width: 720px) 100vw, 720px\" width=\"720\" height=\"104\"  style=\"display: inline-block;\" \/><\/a><\/div><\/li><li><a href=\"https:\/\/sistemas.lavras.mg.gov.br\/portalcidadao\/#df1b1a7c7b2a290bcb31e32771e610784662739a88807c0dacac58ede5f391a7530e299dc302d611ee73cb143fc22eaf93592e53e7b5bdb01b00a0b8d28dae460c141dd2ff83412e4dc1c31b16b25f33144a9e5620ea73b13f5bc1c59411d98439ad226e8af03840603796067d87afe130812cf3de24982d0e306f9e61e764e5\" aria-label=\"Banner_Sa\u00fade_PortallavrasTV\"><img src=\"https:\/\/lavras.tv\/site\/wp-content\/uploads\/2025\/03\/Banner_Saude_PortallavrasTV.png\" alt=\"\"  srcset=\"https:\/\/lavras.tv\/site\/wp-content\/uploads\/2025\/03\/Banner_Saude_PortallavrasTV.png 720w, https:\/\/lavras.tv\/site\/wp-content\/uploads\/2025\/03\/Banner_Saude_PortallavrasTV-470x68.png 470w, https:\/\/lavras.tv\/site\/wp-content\/uploads\/2025\/03\/Banner_Saude_PortallavrasTV-170x25.png 170w, https:\/\/lavras.tv\/site\/wp-content\/uploads\/2025\/03\/Banner_Saude_PortallavrasTV-200x29.png 200w\" sizes=\"(max-width: 720px) 100vw, 720px\" width=\"720\" height=\"104\"   \/><\/a><\/li><li><div id=\"lavra-1346313820\" style=\"width:720px;height:104px;background-color:#ddd;overflow:scroll;\">\n\t<strong>Sa\u00edda da depura\u00e7\u00e3o de an\u00fancios<\/strong>\n\t<br><br>\n\tO an\u00fancio n\u00e3o \u00e9 exibido na p\u00e1gina<br><br>post atual: Paralimp\u00edadas: Zanardi, sobreviventes do ciclismo e da esgrima, canoagem e rugby, ID: 2240<br><br><span style=\"color: red;\">O post atual n\u00e3o \u00e9 id\u00eantico ao post principal.<\/span><br><br>An\u00fancios: ROXO - TOPO INTERNA - ROTATIVO 2 (197)<br \/>Grupo de an\u00fancios: Princ_Meio01_720x104 (27)<br><br>Condi\u00e7\u00f5es de exibi\u00e7\u00e3o<div style=\"margin-bottom: 20px; white-space: pre-wrap; font-family: monospace; width: 100%; background: #ffe9e9;\"><strong>condi\u00e7\u00f5es gerais<\/strong><table border=\"1\"><thead><tr><th><\/th><th>An\u00fancios<\/th><th>wp_the_query<\/th><\/tr><\/thead><tr><td>is_main_query<\/td><td>1<\/td><td>1<\/td><\/tr><tr><td>is_rest_api<\/td><td>0<\/td><td>1<\/td><\/tr><tr><td>page<\/td><td>0<\/td><td>1<\/td><\/tr><tr><td>numpages<\/td><td>0<\/td><td>1<\/td><\/tr><tr><td>is_archive<\/td><td>1<\/td><td><\/td><\/tr><tr><td>is_search<\/td><td>1<\/td><td><\/td><\/tr><tr><td>is_home<\/td><td>1<\/td><td><\/td><\/tr><tr><td>is_404<\/td><td>1<\/td><td><\/td><\/tr><tr><td>is_attachment<\/td><td>1<\/td><td><\/td><\/tr><tr><td>is_singular<\/td><td>1<\/td><td><\/td><\/tr><tr><td>is_front_page<\/td><td>1<\/td><td><\/td><\/tr><tr><td>is_feed<\/td><td>1<\/td><td><\/td><\/tr><\/table><\/div><br><br><span style=\"color: red;\">Seu site usa HTTPS, mas o c\u00f3digo do an\u00fancio cont\u00e9m HTTP e pode n\u00e3o funcionar.<\/span>\t<br><br>\n\t<a style=\"color: green;\" href=\"https:\/\/wpadvancedads.com\/manual\/ad-debug-mode\/?utm_source=advanced-ads&utm_medium=link&utm_campaign=ad-debug-mode\" target=\"_blank\" rel=\"nofollow\">Encontre solu\u00e7\u00f5es no manual<\/a>\n<\/div>\n<\/li><\/ul><\/div><script>( window.advanced_ads_ready || jQuery( document ).ready ).call( null, function() {var $lavraslider1887732871 = jQuery( \".lavra-slider-1887732871\" );$lavraslider1887732871.on( \"unslider.ready\", function() { jQuery( \"div.custom-slider ul li\" ).css( \"display\", \"block\" ); });$lavraslider1887732871.unslider({ delay:4000, autoplay:true, nav:false, arrows:false, infinite:true });$lavraslider1887732871.on(\"mouseover\", function() {$lavraslider1887732871.unslider(\"stop\");}).on(\"mouseout\", function() {$lavraslider1887732871.unslider(\"start\");});});<\/script><\/div><p>O s\u00e9timo dia de competi\u00e7\u00f5es da Paralimp\u00edada do Rio reserva aten\u00e7\u00e3o a dois sobreviventes no ciclismo de estrada: Alessandro Zanardi e Oksana Masters. O italiano perdeu as penas quando pilotava seu f\u00f3rmula Indy em 2001. Se reiventou, virou atleta paral\u00edmpico e chega ao Rio como campe\u00e3o ol\u00edmpico em duas provas e vice em outra, em Londres 2012. Oksana nasceu na Ucr\u00e2nia com problemas de forma\u00e7\u00e3o nas pernas decorrente da radia\u00e7\u00e3o do acidente nuclear de Chernobyl, h\u00e1 30 anos. Precisou amputar as pernas, foi mandada para um orfanato e adotada por uma fam\u00edlia americana. Em Paralimp\u00edadas j\u00e1 ganhou medalhas no remo e no esqui da edi\u00e7\u00e3o de inverno.<\/p>\n<p>Outra sobrevivente que estreia no Rio \u00e9 a esgrimista brasileira M\u00f4nica Santos. Ela ficou parapl\u00e9gica ap\u00f3s optar em manter a gravidez de risco. Hoje, a filha Paolla estar\u00e1 na torcida na Arena Carioca 3.<\/p>\n<p>&nbsp;<\/p>\n<p>01<\/p>\n<p><strong>REVEZAMENTOS NO ATLETISMO E NA NATA\u00c7\u00c3O<\/strong><\/p>\n<p>O Brasil segue defendendo a quinta coloca\u00e7\u00e3o no quadro de medalhas. Nata\u00e7\u00e3o e atletismo devem trazer medalhas nos revezamentos. O primeiro ter\u00e1 Daniel Dias e Andr\u00e9 Brasil, Talisson Glock e Phelipe Rodrigues no 4x100m 34 pontos. No atletismo, Terezinha Guilhermina pode se redimir das decep\u00e7\u00f5es nos 100m e 200m fazendo parte dos 4x100m T11-T13. Prata nos 100m T38, Ver\u00f4nica Hip\u00f3lito compete nos 400m.<\/p>\n<p>&nbsp;<\/p>\n<p>02<\/p>\n<p><strong>LU\u00cdS CARLOS COMPETE NA CANOAGEM E RUGBY ESTREIA<\/strong><\/p>\n<p>Al\u00e9m do ciclismo, outras duas modalidades estreiam nos Jogos, rugby em cadeira de rodas e canoagem de velocidade. No primeiro, a promessa \u00e9 de muitos choques entre os jogadores e quedas. O Brasil enfrenta o Canad\u00e1, \u00e0s 19h15, na Arena Carioca 1. Na canoagem de velocidade, o destaque do Brasil \u00e9 Luis Carlos Cardoso. Dono de sete medalhas em mundiais, ele \u00e9 a maior esperan\u00e7a de p\u00f3dio do Brasil. Sua especialidade, a canoa, foi retirada do probrama no ano passado, e ele precisou mudar para o caiaque, na KL1. A medalha de bronze no mundial da Alemanha, este ano, o classificou para a Rio 2016.<\/p>\n<p>&nbsp;<\/p>\n<p>03<\/p>\n<p><strong>FUTEBOL DE 7 BRIGA PELA FINAL<\/strong><\/p>\n<p>Os esportes coletivos chegam em suas fases eliminat\u00f3rias. No futebol de 7, o Brasil enfrenta o Ir\u00e3 em busca do in\u00e9dito ouro. No basquete em cadeira de rodas masculino, o Brasil enfrenta a Turquia pelas quartas de final. Mesma fase do goalball, quando o time masculino encara a China e o feminino, a Ucr\u00e2nia. O t\u00eanis de mesa do Brasil inicia a disputa por equipes motivado pelas medalhas de prata de Israel Stroh e de bronze de Bruna Alexandre.<\/p>\n<p>&nbsp;<\/p>\n<p>04<\/p>\n<p><strong>AGENDA DOS BRASILEIROS<\/strong><\/p>\n<p>Atletismo<\/p>\n<p>Local: Est\u00e1dio Ol\u00edmpico Manh\u00e3<\/p>\n<p>10h &#8211; Classificat\u00f3rias \u2013 5000m feminino T54 \u2013 Aline Rocha<\/p>\n<p>10h15 \u2013 Final \u2013 Arremesso de peso feminino F12 \u2013 Izabela Campos<\/p>\n<p>10h17 \u2013 Classificat\u00f3rias \u2013 5000m feminino T54 \u2013 Aline Rocha e Maria de F\u00e1tima<\/p>\n<p>11h17 \u2013 Final \u2013 400m feminino T38 \u2013 Ver\u00f4nica Hip\u00f3lito<\/p>\n<p>11h51, 11h57 \u2013 Semifinais \u2013 200m masculino T11 \u2013 Felipe Gomes e Daniel Mendes<\/p>\n<p>12h27 \u2013 Semifinal \u2013 100m masculino T12 \u2013 Diogo Ualisson<\/p>\n<p>17h48 \u2013 Final \u2013 Arremesso de peso masculino F37 \u2013 Jo\u00e3o Victor<\/p>\n<p>18h26 \u2013 Final \u2013 400m feminino T47 \u2013 Teresinha de Jesus<\/p>\n<p>18h49 \u2013 Final \u2013 Revezamento feminino 4x100m T11-T13 \u2013 Alice Correa, Jerusa Geber, Lorena Spoladore, Silvania Costa, Terezinha Guilhermina, Thalita Simpl\u00edcio<\/p>\n<p>&nbsp;<\/p>\n<p>Basquete em cadeira de rodas<\/p>\n<p>Local: Arena Ol\u00edmpica do Rio<\/p>\n<p>21h &#8211; Quartas de final masculino &#8211; Brasil x Turquia<\/p>\n<p>&nbsp;<\/p>\n<p>Bocha<\/p>\n<p>Classificat\u00f3rias:<\/p>\n<p>10h \u2013 Individual misto BC1 \u2013 Jos\u00e9 Carlos Chagas x Yurikp Fujii (JPN)<\/p>\n<p>11h \u2013 Individual misto BC4 \u2013 Dirceu Pinto x Pedro Clara (POR)<\/p>\n<p>12h &#8211; Individual misto BC4 \u2013 Eliseu dos Santos x Samuel Andrejcik (SVK)<\/p>\n<p>13h15 \u2013 Individual misto BC3 \u2013 Ant\u00f4nio Leme x Maria Bjurstroem (SWE)<\/p>\n<p>16h \u2013 Individual misto BC2 \u2013 Maciel Santos x So Yeong Jeong (KOR)<\/p>\n<p>17h \u2013 Individual misto BC1 \u2013 Jos\u00e9 Carlos Chagas x Pattaya Tadtong (THA)<\/p>\n<p>19h \u2013 Individual misto BC4 \u2013 Dirceu Pinto x Stephen McGuire (GBR)<\/p>\n<p>19h \u2013 Individual misto BC4 \u2013 Eliseu dos Santos x Pornchok Larpyen (THA)<\/p>\n<p>&nbsp;<\/p>\n<p>Canoagem velocidade<\/p>\n<p>Local: Est\u00e1dio da Lagoa<\/p>\n<p>Classificat\u00f3rias:<\/p>\n<p>9h15 \u2013 Masculino KL1 \u2013 Luis Carlos Cardoso<\/p>\n<p>9h25 \u2013 Feminino KL2 &#8211; D\u00e9bora Benevides<\/p>\n<p>9h35 \u2013 Masculino KL2 \u2013 Igor Alex Tofalini<\/p>\n<p>9h45 &#8211;\u00a0 Feminino KL3 \u2013 Mari Christina Santilli<\/p>\n<p>9h55 \u2013 Masculino KL3 \u2013 Caio Ribeiro<\/p>\n<p>&nbsp;<\/p>\n<p>Semifinal (caso se classifiquem):<\/p>\n<p>10h22 \u2013 Masculino KL1 &#8211; Luiz Carlos Cardoso<\/p>\n<p>10h29 \u2013 Feminino KL2 &#8211; D\u00e9bora Benevides<\/p>\n<p>10h36 \u2013 Masculino KL2 \u2013 Igor Alex Tofalini<\/p>\n<p>10h43 \u2013 Feminino KL3 &#8211; Mari Christina Santilli<\/p>\n<p>10h50 \u2013 Masculino KL3 &#8211; Caio Ribeiro<\/p>\n<p>&nbsp;<\/p>\n<p>Ciclismo de estrada<\/p>\n<p>Provas de contrarrel\u00f3gio (j\u00e1 valendo medalha)<\/p>\n<p>10h32 \u2013 Categoria H1-2-3 &#8211; Jady Malavazzi<\/p>\n<p>13h59 \u2013 Categoria C5 \u2013 Soelito Gohr<\/p>\n<p>14h02 \u2013 Categoria C5 \u2013 Lauro Chaman<\/p>\n<p>14h52 \u2013 Categoria Tandem \u2013 M\u00e1rcia Ribeiro<\/p>\n<p>&nbsp;<\/p>\n<p>Esgrima<\/p>\n<p>Local: Arena Carioca 3<\/p>\n<p>Florete categoria A<\/p>\n<p>Grupo A<\/p>\n<p>9h \u2013 Feminino preliminar \u2013 M\u00f4nica Santos x Chuncui Zhang (CHN)<\/p>\n<p>Na sequ\u00eancia mais 5 combates, caso se classifique.<\/p>\n<p>11h25\u00a0 &#8211; Quartas de final<\/p>\n<p>14h30 \u2013 Semifinal<\/p>\n<p>15h30 \u2013 Disputa do bronze<\/p>\n<p>16h30 &#8211; Final<\/p>\n<p>&nbsp;<\/p>\n<p>Florete categoria B<\/p>\n<p>Grupo A<\/p>\n<p>9h \u2013 Masculino preliminar \u2013 Jovane Guissone x Vanderson Luis Chaves<\/p>\n<p>Na sequ\u00eancia mais 4 combates para cada um, caso de classifiquem:<\/p>\n<p>12h Quartas de final<\/p>\n<p>14h \u2013 Semifinal<\/p>\n<p>15h \u2013 Disputa do bronze<\/p>\n<p>17h17 &#8211; Final<\/p>\n<p>&nbsp;<\/p>\n<p>Futebol de 7<\/p>\n<p>Local: Est\u00e1dio de Deodoro<\/p>\n<p>19h &#8211; Semifinal &#8211; Brasil x Ir\u00e3<\/p>\n<p>&nbsp;<\/p>\n<p>Goalball<\/p>\n<p>Local: Arena do Futuro<\/p>\n<p>9h &#8211; Brasil x China &#8211; quartas de final masculino<\/p>\n<p>10h30 \u2013 Brasil x Ucr\u00e2nia &#8211; quartas de final feminino<\/p>\n<p>&nbsp;<\/p>\n<p>Hipismo<\/p>\n<p>Local: Centro Ol\u00edmpico de Hipismo<\/p>\n<p>14h \u2013 Final &#8211; Individual Grau IB \u2013 Marcos Fernandes Alves<\/p>\n<p>&nbsp;<\/p>\n<p>Nata\u00e7\u00e3o<\/p>\n<p>Local: Est\u00e1dio Aqu\u00e1tico<\/p>\n<p>Manh\u00e3 \u2013 Classificat\u00f3rias:<\/p>\n<p>9h46 \u2013 400m livre masculino S7 \u2013 \u00cdtalo Pereira<\/p>\n<p>9h58 &#8211; 100m peito masculino SB14 \u2013 Felipe Caltran<\/p>\n<p>10h05 \u2013 100m peito feminino SB14 \u2013 Beatriz Carneiro<\/p>\n<p>10h13 \u2013 100m costas masculino S12 \u2013 Thomas Matera<\/p>\n<p>10h36 \u2013 50m peito feminino SB3 \u2013 Rildene Firmino<\/p>\n<p>10h41 \u2013 50m peito feminino SB3 \u2013 Patr\u00edcia Pereira dos Santos<\/p>\n<p>11h46 \u2013 50m livre masculino S13 \u2013 Guilherme Batista Silva<\/p>\n<p>11h49 \u2013 50m livre masculino S13 \u2013 Carlos Farrenberg<\/p>\n<p>&nbsp;<\/p>\n<p>Tarde\/noite \u2013 Finais (*caso se classifiquem)<\/p>\n<p>17h44 \u2013 400m livre masculino S7 \u2013 \u00cdtalo Pereira<\/p>\n<p>18h06 \u2013 100m peito masculino SB14 \u2013 Felipe Caltran<\/p>\n<p>18h13 \u2013 100m peito feminino SB14 \u2013 Beatriz Carneiro<\/p>\n<p>18h35 \u2013 100m costas masculino S12 \u2013 Thomas Matera<\/p>\n<p>18h40 \u2013 100m costas feminino S12 (n\u00e3o teve classificat\u00f3ria) \u2013 Raquel Viel<\/p>\n<p>19h24 \u2013 50m peito feminino SB3 \u2013 Rildene Firmino e Patr\u00edcia Pereira dos Santos<\/p>\n<p>19h46 \u2013 50m livre masculino S13 \u2013 Carlos Farrenberg e Guilherme Batista Silva<\/p>\n<p>20h19 \u2013 Revezamento 4x100m livre masculino 34 pontos &#8211; Daniel Dias, Andre Brasil, Caio Oliveira, \u00cdtalo Pereira, Ruiter Silva, Talisson Glock, Vanilton Filho, Phelipe Rodrigues.<\/p>\n<p>&nbsp;<\/p>\n<p>Rugby em cadeira de rodas<\/p>\n<p>Local: Arena Carioca 1<\/p>\n<p>19h15 &#8211; 1\u00aa fase &#8211; Brasil x Canad\u00e1<\/p>\n<p>&nbsp;<\/p>\n<p>T\u00eanis de mesa<\/p>\n<p>Local: Riocentro<\/p>\n<p>11h30 \u2013 Oitavas de final \u2013 Brasil x Espanha &#8211; Masculino classe 6-8 &#8211; Israel Stroh (7), Paulo Salmin (7), Luiz Filipe Manara (8)<\/p>\n<p>13h \u2013 Quartas de final \u2013 Brasil x Coreia do Sul \u2013 Masculino classe 3 &#8211; David Freitas (3) e Welder Knaf (3)<\/p>\n<p>16h30 &#8211; Quartas de final &#8211; Brasil x Gr\u00e3-Bretanha \u2013 Masculino classe 1-2 &#8211; Aloisio Lima (1), Guilherme Costa (2) e Iranildo Esp\u00edndola (2)<\/p>\n<p>16h30 \u2013 Quartas de final &#8211; Brasil x Fran\u00e7a \u2013 Masculino classe 9-10 &#8211; Diego Moreira (9) e Carlos Carbinatti (10)<\/p>\n<p>18h &#8211; Quartas de final &#8211; Brasil x Coreia do Sul \u2013 Feminino classe 4-5 &#8211; Joyce Oliveira (4), Thais Severo (3) e Catia Oliveira (2)<\/p>\n<p>19h30 \u2013 Quartas de final &#8211; Brasil x Alemanha \u2013 Feminino classe 6-10 &#8211; Jennyfer Parinos(9), Danielle Rauen (9) e Bruna Alexandre (10)<\/p>\n<p>&nbsp;<\/p>\n<p>Tiro esportivo<\/p>\n<p>Local: Centro Ol\u00edmpico de Tiro<\/p>\n<p>9h30 \u2013 Classificat\u00f3ria &#8211; Carabina deitado 50m (R6), SH1 &#8211; Carlos Garletti<\/p>\n<p>12h \u2013 Classificat\u00f3ria &#8211; Pistola 50m (P4), SH1 &#8211; Geraldo Von Rosenthal<\/p>\n<p>*Caso se classifique:<\/p>\n<p>11h45 \u2013 Final &#8211; Carabina deitado 50m (R6), SH1 &#8211; Carlos Garletti<\/p>\n<p>14h45 \u2013 Final &#8211; Pistola 50m (P4), SH1 &#8211; Geraldo Von Rosenthal<\/p>\n<p>&nbsp;<\/p>\n<p>Tiro com arco<\/p>\n<p>Local: Samb\u00f3dromo<\/p>\n<p>9h \u2013 Eliminat\u00f3ria &#8211; Individual arco composto classe ARW2 \u2013 Andrey Muniz de Castro x Ouk-Soo Lee (KOR)<\/p>\n<p>*Caso de classifique:<\/p>\n<p>15h, 15h15, 15h30, 15h45, 16h, 16h15, 16h30, 16h45 \u2013 Oitavas de final<\/p>\n<p>17h, 17h15, 17h30, 17h45 \u2013 Quartas de final<\/p>\n<p>18h, 18h15 \u2013 Semifinal<\/p>\n<p>18h30 \u2013 Disputa do bronze<\/p>\n<p>18h45 &#8211; Final<\/p>\n<p>&nbsp;<\/p>\n<p>Vela<\/p>\n<p>Local: Marina da Gl\u00f3ria<\/p>\n<p>13h05 &#8211; Skud 18 \u2013 regata 5 (previs\u00e3o de duas regatas no dia) \u2013 raia P\u00e3o de A\u00e7\u00facar \u2013 Bruno Landgraft e Marinalva Almeida<\/p>\n<p>13h15 \u2013 2.4mR \u2013 regata 5 (previs\u00e3o de duas regatas no dia) &#8211; raia P\u00e3o A\u00e7\u00facar \u2013 Nuno Rosa<\/p>\n<p>13h35 &#8211; Sonar \u2013 regata 5 (previs\u00e3o de duas regatas no dia) \u2013 raia Escola Naval \u2013 Antonio Marcos do Carmo, Herivelton Anast\u00e1cio e Jos\u00e9 Matias de Abreu<\/p>\n<p>&nbsp;<\/p>\n<p>Fonte: GloboEsporte<\/p>\n","protected":false},"excerpt":{"rendered":"<p>O s\u00e9timo dia de competi\u00e7\u00f5es da Paralimp\u00edada do Rio reserva aten\u00e7\u00e3o a dois sobreviventes no ciclismo de estrada: Alessandro Zanardi e Oksana Masters. O italiano perdeu as penas quando pilotava seu f\u00f3rmula Indy em 2001. Se reiventou, virou atleta paral\u00edmpico e chega ao Rio como campe\u00e3o ol\u00edmpico em duas provas e vice em outra, em [&hellip;]<\/p>\n","protected":false},"author":2,"featured_media":2241,"comment_status":"closed","ping_status":"open","sticky":false,"template":"","format":"standard","meta":{"advgb_blocks_editor_width":"","advgb_blocks_columns_visual_guide":"","_exactmetrics_skip_tracking":false,"_exactmetrics_sitenote_active":false,"_exactmetrics_sitenote_note":"","_exactmetrics_sitenote_category":0,"footnotes":""},"categories":[3],"tags":[641],"class_list":["post-2240","post","type-post","status-publish","format-standard","has-post-thumbnail","hentry","category-esportes","tag-paralimpiadas-rio-2016"],"better_featured_image":{"id":2241,"alt_text":"","caption":"","description":"","media_type":"image","media_details":{"width":690,"height":460,"file":"2016\/09\/zanardi.jpg","sizes":{"thumbnail":{"file":"zanardi-150x100.jpg","width":150,"height":100,"mime-type":"image\/jpeg","source_url":"https:\/\/lavras.tv\/site\/wp-content\/uploads\/2016\/09\/zanardi-150x100.jpg"},"medium":{"file":"zanardi-300x200.jpg","width":300,"height":200,"mime-type":"image\/jpeg","source_url":"https:\/\/lavras.tv\/site\/wp-content\/uploads\/2016\/09\/zanardi-300x200.jpg"},"featured-slider-img":{"file":"zanardi-640x460.jpg","width":640,"height":460,"mime-type":"image\/jpeg","source_url":"https:\/\/lavras.tv\/site\/wp-content\/uploads\/2016\/09\/zanardi-640x460.jpg"},"featured-post-img":{"file":"zanardi-480x320.jpg","width":480,"height":320,"mime-type":"image\/jpeg","source_url":"https:\/\/lavras.tv\/site\/wp-content\/uploads\/2016\/09\/zanardi-480x320.jpg"},"sow-carousel-default":{"file":"zanardi-272x182.jpg","width":272,"height":182,"mime-type":"image\/jpeg","source_url":"https:\/\/lavras.tv\/site\/wp-content\/uploads\/2016\/09\/zanardi-272x182.jpg"}},"image_meta":{"aperture":"0","credit":"","camera":"","caption":"","created_timestamp":"0","copyright":"","focal_length":"0","iso":"0","shutter_speed":"0","title":"","orientation":"0","keywords":[]}},"post":2240,"source_url":"https:\/\/lavras.tv\/site\/wp-content\/uploads\/2016\/09\/zanardi.jpg"},"author_meta":{"display_name":"Lavras TV","author_link":"https:\/\/lavras.tv\/site\/author\/lavrastv\/"},"featured_img":"https:\/\/lavras.tv\/site\/wp-content\/uploads\/2016\/09\/zanardi-300x200.jpg","coauthors":[],"tax_additional":{"categories":{"linked":["<a href=\"https:\/\/lavras.tv\/site\/category\/esportes\/\" class=\"advgb-post-tax-term\">Esportes<\/a>"],"unlinked":["<span class=\"advgb-post-tax-term\">Esportes<\/span>"]},"tags":{"linked":["<a href=\"https:\/\/lavras.tv\/site\/category\/esportes\/\" class=\"advgb-post-tax-term\">paralimp\u00edadas rio 2016<\/a>"],"unlinked":["<span class=\"advgb-post-tax-term\">paralimp\u00edadas rio 2016<\/span>"]}},"comment_count":"0","relative_dates":{"created":"Publicado 10 anos atr\u00e1s","modified":"Atualizado 10 anos atr\u00e1s"},"absolute_dates":{"created":"Publicado em 14 de setembro de 2016","modified":"Atualizado em 14 de setembro de 2016"},"absolute_dates_time":{"created":"Publicado em 14 de setembro de 2016 08:25","modified":"Atualizado em 14 de setembro de 2016 08:25"},"featured_img_caption":"","series_order":"","_links":{"self":[{"href":"https:\/\/lavras.tv\/site\/wp-json\/wp\/v2\/posts\/2240","targetHints":{"allow":["GET"]}}],"collection":[{"href":"https:\/\/lavras.tv\/site\/wp-json\/wp\/v2\/posts"}],"about":[{"href":"https:\/\/lavras.tv\/site\/wp-json\/wp\/v2\/types\/post"}],"author":[{"embeddable":true,"href":"https:\/\/lavras.tv\/site\/wp-json\/wp\/v2\/users\/2"}],"replies":[{"embeddable":true,"href":"https:\/\/lavras.tv\/site\/wp-json\/wp\/v2\/comments?post=2240"}],"version-history":[{"count":1,"href":"https:\/\/lavras.tv\/site\/wp-json\/wp\/v2\/posts\/2240\/revisions"}],"predecessor-version":[{"id":2242,"href":"https:\/\/lavras.tv\/site\/wp-json\/wp\/v2\/posts\/2240\/revisions\/2242"}],"wp:featuredmedia":[{"embeddable":true,"href":"https:\/\/lavras.tv\/site\/wp-json\/wp\/v2\/media\/2241"}],"wp:attachment":[{"href":"https:\/\/lavras.tv\/site\/wp-json\/wp\/v2\/media?parent=2240"}],"wp:term":[{"taxonomy":"category","embeddable":true,"href":"https:\/\/lavras.tv\/site\/wp-json\/wp\/v2\/categories?post=2240"},{"taxonomy":"post_tag","embeddable":true,"href":"https:\/\/lavras.tv\/site\/wp-json\/wp\/v2\/tags?post=2240"}],"curies":[{"name":"wp","href":"https:\/\/api.w.org\/{rel}","templated":true}]}}