{"id":2270,"date":"2016-09-15T09:29:54","date_gmt":"2016-09-15T12:29:54","guid":{"rendered":"http:\/\/lavras.tv\/site\/?p=2270"},"modified":"2016-09-15T09:29:54","modified_gmt":"2016-09-15T12:29:54","slug":"ufla-abre-na-6a-as-inscricoes-para-vestibular-de-cursos-a-distancia","status":"publish","type":"post","link":"https:\/\/lavras.tv\/site\/2016\/09\/15\/ufla-abre-na-6a-as-inscricoes-para-vestibular-de-cursos-a-distancia\/","title":{"rendered":"UFLA abre na 6\u00aa as inscri\u00e7\u00f5es para vestibular de cursos \u00e0 dist\u00e2ncia"},"content":{"rendered":"<div class=\"lavra-antes-do-conteudo_2\" id=\"lavra-1119175947\"><div id=\"lavra-slider-27\" class=\"custom-slider lavra-slider-1205520531 lavra-slider\"><ul><li><div style=\"margin-left: auto;margin-right: auto;text-align: center;\" id=\"lavra-2493337296\"><a href=\"https:\/\/sistemas.lavras.mg.gov.br\/portalcidadao\/#df1b1a7c7b2a290bcb31e32771e610784662739a88807c0dacac58ede5f391a7530e299dc302d611ee73cb143fc22eaf93592e53e7b5bdb01b00a0b8d28dae460c141dd2ff83412e4dc1c31b16b25f33144a9e5620ea73b13f5bc1c59411d98439ad226e8af03840603796067d87afe130812cf3de24982d0e306f9e61e764e5\" aria-label=\"Lavras-TV&#8211;720x104px (1) (1)\"><img src=\"https:\/\/lavras.tv\/site\/wp-content\/uploads\/2025\/01\/Lavras-TV-720x104px-1-1.png\" alt=\"\"  srcset=\"https:\/\/lavras.tv\/site\/wp-content\/uploads\/2025\/01\/Lavras-TV-720x104px-1-1.png 720w, https:\/\/lavras.tv\/site\/wp-content\/uploads\/2025\/01\/Lavras-TV-720x104px-1-1-470x68.png 470w, https:\/\/lavras.tv\/site\/wp-content\/uploads\/2025\/01\/Lavras-TV-720x104px-1-1-170x25.png 170w, https:\/\/lavras.tv\/site\/wp-content\/uploads\/2025\/01\/Lavras-TV-720x104px-1-1-200x29.png 200w\" sizes=\"(max-width: 720px) 100vw, 720px\" width=\"720\" height=\"104\"  style=\"display: inline-block;\" \/><\/a><\/div><\/li><li><a href=\"https:\/\/sistemas.lavras.mg.gov.br\/portalcidadao\/#df1b1a7c7b2a290bcb31e32771e610784662739a88807c0dacac58ede5f391a7530e299dc302d611ee73cb143fc22eaf93592e53e7b5bdb01b00a0b8d28dae460c141dd2ff83412e4dc1c31b16b25f33144a9e5620ea73b13f5bc1c59411d98439ad226e8af03840603796067d87afe130812cf3de24982d0e306f9e61e764e5\" aria-label=\"Banner_Emprego_PortallavrasTV\"><img src=\"https:\/\/lavras.tv\/site\/wp-content\/uploads\/2025\/03\/Banner_Emprego_PortallavrasTV.png\" alt=\"\"  srcset=\"https:\/\/lavras.tv\/site\/wp-content\/uploads\/2025\/03\/Banner_Emprego_PortallavrasTV.png 720w, https:\/\/lavras.tv\/site\/wp-content\/uploads\/2025\/03\/Banner_Emprego_PortallavrasTV-470x68.png 470w, https:\/\/lavras.tv\/site\/wp-content\/uploads\/2025\/03\/Banner_Emprego_PortallavrasTV-170x25.png 170w, https:\/\/lavras.tv\/site\/wp-content\/uploads\/2025\/03\/Banner_Emprego_PortallavrasTV-200x29.png 200w\" sizes=\"(max-width: 720px) 100vw, 720px\" width=\"720\" height=\"104\"   \/><\/a><\/li><li><a href=\"https:\/\/sistemas.lavras.mg.gov.br\/portalcidadao\/#df1b1a7c7b2a290bcb31e32771e610784662739a88807c0dacac58ede5f391a7530e299dc302d611ee73cb143fc22eaf93592e53e7b5bdb01b00a0b8d28dae460c141dd2ff83412e4dc1c31b16b25f33144a9e5620ea73b13f5bc1c59411d98439ad226e8af03840603796067d87afe130812cf3de24982d0e306f9e61e764e5\" aria-label=\"Banner_Obras_PortallavrasTV\"><img src=\"https:\/\/lavras.tv\/site\/wp-content\/uploads\/2025\/03\/Banner_Obras_PortallavrasTV.png\" alt=\"\"  srcset=\"https:\/\/lavras.tv\/site\/wp-content\/uploads\/2025\/03\/Banner_Obras_PortallavrasTV.png 720w, https:\/\/lavras.tv\/site\/wp-content\/uploads\/2025\/03\/Banner_Obras_PortallavrasTV-470x68.png 470w, https:\/\/lavras.tv\/site\/wp-content\/uploads\/2025\/03\/Banner_Obras_PortallavrasTV-170x25.png 170w, https:\/\/lavras.tv\/site\/wp-content\/uploads\/2025\/03\/Banner_Obras_PortallavrasTV-200x29.png 200w\" sizes=\"(max-width: 720px) 100vw, 720px\" width=\"720\" height=\"104\"   \/><\/a><\/li><li><div style=\"margin-left: auto;margin-right: auto;text-align: center;\" id=\"lavra-3049580138\"><a href=\"https:\/\/sistemas.lavras.mg.gov.br\/portalcidadao\/#df1b1a7c7b2a290bcb31e32771e610784662739a88807c0dacac58ede5f391a7530e299dc302d611ee73cb143fc22eaf93592e53e7b5bdb01b00a0b8d28dae460c141dd2ff83412e4dc1c31b16b25f33144a9e5620ea73b13f5bc1c59411d98439ad226e8af03840603796067d87afe130812cf3de24982d0e306f9e61e764e5\" aria-label=\"Banner_Educa\u00e7\u00e3o_PortallavrasTV\"><img src=\"https:\/\/lavras.tv\/site\/wp-content\/uploads\/2025\/01\/Banner_Educacao_PortallavrasTV.png\" alt=\"\"  srcset=\"https:\/\/lavras.tv\/site\/wp-content\/uploads\/2025\/01\/Banner_Educacao_PortallavrasTV.png 720w, https:\/\/lavras.tv\/site\/wp-content\/uploads\/2025\/01\/Banner_Educacao_PortallavrasTV-470x68.png 470w, https:\/\/lavras.tv\/site\/wp-content\/uploads\/2025\/01\/Banner_Educacao_PortallavrasTV-170x25.png 170w, https:\/\/lavras.tv\/site\/wp-content\/uploads\/2025\/01\/Banner_Educacao_PortallavrasTV-200x29.png 200w\" sizes=\"(max-width: 720px) 100vw, 720px\" width=\"720\" height=\"104\"  style=\"display: inline-block;\" \/><\/a><\/div><\/li><li><a href=\"https:\/\/sistemas.lavras.mg.gov.br\/portalcidadao\/#df1b1a7c7b2a290bcb31e32771e610784662739a88807c0dacac58ede5f391a7530e299dc302d611ee73cb143fc22eaf93592e53e7b5bdb01b00a0b8d28dae460c141dd2ff83412e4dc1c31b16b25f33144a9e5620ea73b13f5bc1c59411d98439ad226e8af03840603796067d87afe130812cf3de24982d0e306f9e61e764e5\" aria-label=\"Banner_Sa\u00fade_PortallavrasTV\"><img src=\"https:\/\/lavras.tv\/site\/wp-content\/uploads\/2025\/03\/Banner_Saude_PortallavrasTV.png\" alt=\"\"  srcset=\"https:\/\/lavras.tv\/site\/wp-content\/uploads\/2025\/03\/Banner_Saude_PortallavrasTV.png 720w, https:\/\/lavras.tv\/site\/wp-content\/uploads\/2025\/03\/Banner_Saude_PortallavrasTV-470x68.png 470w, https:\/\/lavras.tv\/site\/wp-content\/uploads\/2025\/03\/Banner_Saude_PortallavrasTV-170x25.png 170w, https:\/\/lavras.tv\/site\/wp-content\/uploads\/2025\/03\/Banner_Saude_PortallavrasTV-200x29.png 200w\" sizes=\"(max-width: 720px) 100vw, 720px\" width=\"720\" height=\"104\"   \/><\/a><\/li><li><div id=\"lavra-1211123288\" style=\"width:720px;height:104px;background-color:#ddd;overflow:scroll;\">\n\t<strong>Sa\u00edda da depura\u00e7\u00e3o de an\u00fancios<\/strong>\n\t<br><br>\n\tO an\u00fancio n\u00e3o \u00e9 exibido na p\u00e1gina<br><br>post atual: UFLA abre na 6\u00aa as inscri\u00e7\u00f5es para vestibular de cursos \u00e0 dist\u00e2ncia, ID: 2270<br><br><span style=\"color: red;\">O post atual n\u00e3o \u00e9 id\u00eantico ao post principal.<\/span><br><br>An\u00fancios: ROXO - TOPO INTERNA - ROTATIVO 2 (197)<br \/>Grupo de an\u00fancios: Princ_Meio01_720x104 (27)<br><br>Condi\u00e7\u00f5es de exibi\u00e7\u00e3o<div style=\"margin-bottom: 20px; white-space: pre-wrap; font-family: monospace; width: 100%; background: #ffe9e9;\"><strong>condi\u00e7\u00f5es gerais<\/strong><table border=\"1\"><thead><tr><th><\/th><th>An\u00fancios<\/th><th>wp_the_query<\/th><\/tr><\/thead><tr><td>is_main_query<\/td><td>1<\/td><td>1<\/td><\/tr><tr><td>is_rest_api<\/td><td>0<\/td><td>1<\/td><\/tr><tr><td>page<\/td><td>0<\/td><td>1<\/td><\/tr><tr><td>numpages<\/td><td>0<\/td><td>1<\/td><\/tr><tr><td>is_archive<\/td><td>1<\/td><td><\/td><\/tr><tr><td>is_search<\/td><td>1<\/td><td><\/td><\/tr><tr><td>is_home<\/td><td>1<\/td><td><\/td><\/tr><tr><td>is_404<\/td><td>1<\/td><td><\/td><\/tr><tr><td>is_attachment<\/td><td>1<\/td><td><\/td><\/tr><tr><td>is_singular<\/td><td>1<\/td><td><\/td><\/tr><tr><td>is_front_page<\/td><td>1<\/td><td><\/td><\/tr><tr><td>is_feed<\/td><td>1<\/td><td><\/td><\/tr><\/table><\/div><br><br><span style=\"color: red;\">Seu site usa HTTPS, mas o c\u00f3digo do an\u00fancio cont\u00e9m HTTP e pode n\u00e3o funcionar.<\/span>\t<br><br>\n\t<a style=\"color: green;\" href=\"https:\/\/wpadvancedads.com\/manual\/ad-debug-mode\/?utm_source=advanced-ads&utm_medium=link&utm_campaign=ad-debug-mode\" target=\"_blank\" rel=\"nofollow\">Encontre solu\u00e7\u00f5es no manual<\/a>\n<\/div>\n<\/li><\/ul><\/div><script>( window.advanced_ads_ready || jQuery( document ).ready ).call( null, function() {var $lavraslider1205520531 = jQuery( \".lavra-slider-1205520531\" );$lavraslider1205520531.on( \"unslider.ready\", function() { jQuery( \"div.custom-slider ul li\" ).css( \"display\", \"block\" ); });$lavraslider1205520531.unslider({ delay:4000, autoplay:true, nav:false, arrows:false, infinite:true });$lavraslider1205520531.on(\"mouseover\", function() {$lavraslider1205520531.unslider(\"stop\");}).on(\"mouseout\", function() {$lavraslider1205520531.unslider(\"start\");});});<\/script><\/div><p>Em setembro, ser\u00e3o abertas as inscri\u00e7\u00f5es para processo seletivo de cursos de gradua\u00e7\u00e3o a dist\u00e2ncia para ingresso em 2017.<!--more--> A UFLA oferecer\u00e1 750 vagas para os cursos de Administra\u00e7\u00e3o P\u00fablica (Bacharelado), Letras \u2013 Portugu\u00eas (Licenciatura) e Pedagogia (Licenciatura), distribu\u00eddas em cidades-polo de Minas Gerais. Para cada curso, ser\u00e3o oferecidas 250 vagas, sendo metade delas reservadas para os candidatos que tenham cursado integralmente o ensino m\u00e9dio em escolas p\u00fablicas.<img fetchpriority=\"high\" decoding=\"async\" class=\" wp-image-1328 alignright\" src=\"http:\/\/lavras.tv\/site\/wp-content\/uploads\/2016\/08\/uflacampus.jpg\" alt=\"uflacampus\" width=\"384\" height=\"288\" srcset=\"https:\/\/lavras.tv\/site\/wp-content\/uploads\/2016\/08\/uflacampus.jpg 512w, https:\/\/lavras.tv\/site\/wp-content\/uploads\/2016\/08\/uflacampus-150x113.jpg 150w, https:\/\/lavras.tv\/site\/wp-content\/uploads\/2016\/08\/uflacampus-300x225.jpg 300w\" sizes=\"(max-width: 384px) 100vw, 384px\" \/><\/p>\n<p>As cidades-polo do curso de Administra\u00e7\u00e3o P\u00fablica s\u00e3o: Campos Gerais, Formiga, Lavras, Santa Rita de Caldas e Varginha. O curso de Letras-Portugu\u00eas ter\u00e1 como cidades-polo: Bom Despacho, Cambu\u00ed, Campo Belo, Formiga e Varginha. J\u00e1 as cidades-polo do curso de Pedagogia s\u00e3o: Bambu\u00ed, Cambu\u00ed, Lavras e S\u00e3o Sebasti\u00e3o do Para\u00edso.<\/p>\n<p><strong>Inscri\u00e7\u00f5es<\/strong><\/p>\n<p>A inscri\u00e7\u00e3o ser\u00e1 feita somente via internet, no endere\u00e7o eletr\u00f4nico\u00a0<a href=\"http:\/\/www.dips.ufla.br\/\">www.dips.ufla.br<\/a>, das 9 horas do dia 16\/9\/2016 at\u00e9 as 18 horas de 6\/10\/2016. No ato, o candidato dever\u00e1 fornecer seu n\u00famero do CPF e documento de identidade; preencher os campos requeridos; indicar a op\u00e7\u00e3o de curso e grupo de vagas (ampla concorr\u00eancia ou um dos grupos de cota); optar pela cidade de realiza\u00e7\u00e3o da prova e cidade-polo onde participar\u00e1 dos encontros presenciais; e informar se necessita de atendimento especial para a realiza\u00e7\u00e3o das provas.<\/p>\n<p>Ap\u00f3s o preenchimento dos campos e de question\u00e1rio socioecon\u00f4mico, o candidato dever\u00e1 gerar e imprimir o requerimento de inscri\u00e7\u00e3o, o boleto banc\u00e1rio e a via do candidato. A inscri\u00e7\u00e3o ser\u00e1 efetivada somente ap\u00f3s a confirma\u00e7\u00e3o do pagamento da taxa de inscri\u00e7\u00e3o, de R$ 60,00. Esse pagamento deve ser feito at\u00e9 7\/10\/2016 . Antes de efetu\u00e1-lo, o candidato deve conferir, em sua via, se os dados fornecidos est\u00e3o corretos. Caso haja algum dado incorreto, o candidato dever\u00e1 desconsiderar a via do candidato e o boleto banc\u00e1rio e fazer nova inscri\u00e7\u00e3o, seguindo todos os passos novamente.<\/p>\n<p>O candidato dever\u00e1 verificar se sua inscri\u00e7\u00e3o foi efetivada acessando o Cadastro do Candidato a partir do dia 11\/10\/2016, informando seu n\u00famero de CPF e data de nascimento. J\u00e1 o Comprovante de Inscri\u00e7\u00e3o ser\u00e1 disponibilizado a partir de 21\/11. \u00c9 nesse comprovante que estar\u00e3o os dados pessoais do candidato e aqueles relativos \u00e0 prova: data, hor\u00e1rio, endere\u00e7o e setor de realiza\u00e7\u00e3o da prova, entre outras orienta\u00e7\u00f5es necess\u00e1rias. Cada candidato deve imprimi-lo, pois a UFLA n\u00e3o enviar\u00e1 esse comprovante.<\/p>\n<p><strong>Isen\u00e7\u00e3o da taxa de inscri\u00e7\u00e3o<\/strong><\/p>\n<p>O per\u00edodo para solicitar a isen\u00e7\u00e3o da taxa de inscri\u00e7\u00e3o\u00a0ir\u00e1\u00a0de 12 a 15\/9\/2016. O requerimento ser\u00e1 disponibilizado no endere\u00e7o\u00a0<a href=\"http:\/\/www.dips.ufla.br\/\">www.dips.ufla.br<\/a>, no primeiro dia de solicita\u00e7\u00e3o. O procedimento para os interessados come\u00e7a com o acesso ao endere\u00e7o acima, no menu \u201cSolicita\u00e7\u00e3o de Isen\u00e7\u00e3o da Taxa de Inscri\u00e7\u00e3o\u201d. Ali, dever\u00e1 ser informado o CPF e seguido o procedimento de inscri\u00e7\u00e3o.<\/p>\n<p>Em seguida, o candidato dever\u00e1 gerar e imprimir o comprovante de solicita\u00e7\u00e3o de isen\u00e7\u00e3o, conferindo os dados informados. Os documentos para comprovar as condi\u00e7\u00f5es necess\u00e1rias \u00e0 isen\u00e7\u00e3o dever\u00e3o ser enviados pelos Correios para o endere\u00e7o: UNIVERSIDADE FEDERAL DE LAVRAS \u2013 CPS\/PRAEC \u2013 C\u00c2MPUS HIST\u00d3RICO DA UFLA \u2013 PROCESSO SELETIVO \u2013 EAD \u2013 CEP 37200-000 \u2013 LAVRAS MG, com data de postagem at\u00e9 16\/9\/2016.<\/p>\n<p>Ser\u00e1 considerado isento o candidato que comprovar cumulativamente renda familiar\u00a0per capita igual ou inferior a um sal\u00e1rio m\u00ednimo e meio e ter cursado o ensino m\u00e9dio completo em escola da rede p\u00fablica ou como bolsista integral em escola da rede privada.<\/p>\n<p>O resultado dos pedidos de isen\u00e7\u00e3o ser\u00e1 divulgado no dia 28\/9\/2016. O candidato que tiver seu pedido de isen\u00e7\u00e3o indeferido dever\u00e1 efetuar o pagamento da taxa, caso queira efetivar sua inscri\u00e7\u00e3o; j\u00e1 o candidato que tiver seu pedido de isen\u00e7\u00e3o aceito estar\u00e1 automaticamente inscrito no processo seletivo.<\/p>\n<p><strong>Processo Seletivo<\/strong><\/p>\n<p>A sele\u00e7\u00e3o constar\u00e1 de uma prova, classificat\u00f3ria e eliminat\u00f3ria, aplicada no dia 27\/11\/2016 nas cidades de Cambu\u00ed, Formiga, Lavras, Santa Rita de Caldas, S\u00e3o Sebasti\u00e3o do Para\u00edso e Varginha. A prova ter\u00e1 quest\u00f5es de m\u00faltipla escolha de L\u00edngua Portuguesa e Matem\u00e1tica, e uma Reda\u00e7\u00e3o. O endere\u00e7o do local da prova ser\u00e1 indicado no Comprovante de Inscri\u00e7\u00e3o do Candidato.<\/p>\n<p><strong>Provas<\/strong><\/p>\n<p>As provas ter\u00e3o in\u00edcio \u00e0s 14 horas e dura\u00e7\u00e3o de 2 horas e meia \u2013 incluindo o tempo de preenchimento dos formul\u00e1rios de respostas e de reda\u00e7\u00e3o. As portarias ser\u00e3o abertas \u00e0s 13 horas e fechadas, pontualmente, \u00e0s 13h45. Para acessar o setor de realiza\u00e7\u00e3o da prova, o candidato dever\u00e1 apresentar o documento de identidade original (com fotografia) informado no requerimento de inscri\u00e7\u00e3o. Recomenda-se que o candidato tamb\u00e9m leve o comprovante de inscri\u00e7\u00e3o, para evitar confundir-se sobre o local. Durante a realiza\u00e7\u00e3o da prova, o candidato dever\u00e1 utilizar somente caneta com corpo transparente, de tinta azul.<\/p>\n<p><strong>Resultados<\/strong><\/p>\n<p>O resultado preliminar ser\u00e1 divulgado no endere\u00e7o eletr\u00f4nico <a href=\"http:\/\/www.dips.ufla.br\/\">www.dips.ufla.br<\/a>, a partir do dia 6\/12\/2016 (prova objetiva\/1\u00aa fase) e de 17\/1\/2017 (reda\u00e7\u00e3o\/2\u00aa fase). O resultado final e a lista de espera ser\u00e3o publicados a partir de 10\/2\/2017.<\/p>\n<p><strong>Sobre o curso<\/strong><\/p>\n<p>O curso \u00e9 semipresencial, com atividades obrigat\u00f3rias a serem desenvolvidas nas cidades-polo, em encontros presenciais previamente agendados, inclusive nos fins de semana. O per\u00edodo de integraliza\u00e7\u00e3o do curso \u00e9 de no m\u00ednimo quatro anos.<\/p>\n<p>Para realiza\u00e7\u00e3o do curso, o estudante dever\u00e1 ter acesso \u00e0 Internet e conhecimento b\u00e1sico de inform\u00e1tica que o capacite a elaborar textos, acessar correspond\u00eancia eletr\u00f4nica e interagir,\u00a0on-line, com tutores e professores do curso.<\/p>\n<p><a href=\"http:\/\/www.dips.ufla.br\/asp\/EAD\/20162\/Arquivos\/EDITAL%20_225_CURSOS_EAD_2016.pdf\">Consulte o Edital 255\/2016 \u2013 Diretoria de Processos Seletivos\/UFLA<\/a><\/p>\n<p><strong>Mais informa\u00e7\u00f5es:<\/strong><\/p>\n<p><a href=\"http:\/\/www.dips.ufla.br\/\">www.dips.ufla.br<\/a><\/p>\n<p>&nbsp;<\/p>\n<p>Fonte: Diretoria de Comunica\u00e7\u00e3o- UFLA<\/p>\n","protected":false},"excerpt":{"rendered":"<p>Em setembro, ser\u00e3o abertas as inscri\u00e7\u00f5es para processo seletivo de cursos de gradua\u00e7\u00e3o a dist\u00e2ncia para ingresso em 2017.<\/p>\n","protected":false},"author":2,"featured_media":1328,"comment_status":"closed","ping_status":"open","sticky":false,"template":"","format":"standard","meta":{"advgb_blocks_editor_width":"","advgb_blocks_columns_visual_guide":"","_exactmetrics_skip_tracking":false,"_exactmetrics_sitenote_active":false,"_exactmetrics_sitenote_note":"","_exactmetrics_sitenote_category":0,"footnotes":""},"categories":[7,2],"tags":[795,797,139,796,56],"class_list":["post-2270","post","type-post","status-publish","format-standard","has-post-thumbnail","hentry","category-destaques","category-noticias","tag-cursos-a-distancia","tag-ead","tag-investimentos-governo-de-minas-gerais","tag-processo-seletivo","tag-ufla"],"better_featured_image":{"id":1328,"alt_text":"","caption":"","description":"","media_type":"image","media_details":{"width":512,"height":384,"file":"2016\/08\/uflacampus.jpg","sizes":{"thumbnail":{"file":"uflacampus-150x113.jpg","width":150,"height":113,"mime-type":"image\/jpeg","source_url":"https:\/\/lavras.tv\/site\/wp-content\/uploads\/2016\/08\/uflacampus-150x113.jpg"},"medium":{"file":"uflacampus-300x225.jpg","width":300,"height":225,"mime-type":"image\/jpeg","source_url":"https:\/\/lavras.tv\/site\/wp-content\/uploads\/2016\/08\/uflacampus-300x225.jpg"},"featured-post-img":{"file":"uflacampus-480x320.jpg","width":480,"height":320,"mime-type":"image\/jpeg","source_url":"https:\/\/lavras.tv\/site\/wp-content\/uploads\/2016\/08\/uflacampus-480x320.jpg"},"sow-carousel-default":{"file":"uflacampus-272x182.jpg","width":272,"height":182,"mime-type":"image\/jpeg","source_url":"https:\/\/lavras.tv\/site\/wp-content\/uploads\/2016\/08\/uflacampus-272x182.jpg"}},"image_meta":{"aperture":"0","credit":"","camera":"","caption":"","created_timestamp":"0","copyright":"","focal_length":"0","iso":"0","shutter_speed":"0","title":"","orientation":"0","keywords":[]}},"post":1327,"source_url":"https:\/\/lavras.tv\/site\/wp-content\/uploads\/2016\/08\/uflacampus.jpg"},"author_meta":{"display_name":"Lavras TV","author_link":"https:\/\/lavras.tv\/site\/author\/lavrastv\/"},"featured_img":"https:\/\/lavras.tv\/site\/wp-content\/uploads\/2016\/08\/uflacampus-300x225.jpg","coauthors":[],"tax_additional":{"categories":{"linked":["<a href=\"https:\/\/lavras.tv\/site\/category\/destaques\/\" class=\"advgb-post-tax-term\">Destaques<\/a>","<a href=\"https:\/\/lavras.tv\/site\/category\/noticias\/\" class=\"advgb-post-tax-term\">Not\u00edcias<\/a>"],"unlinked":["<span class=\"advgb-post-tax-term\">Destaques<\/span>","<span class=\"advgb-post-tax-term\">Not\u00edcias<\/span>"]},"tags":{"linked":["<a href=\"https:\/\/lavras.tv\/site\/category\/noticias\/\" class=\"advgb-post-tax-term\">Cursos \u00e0 dist\u00e2ncia<\/a>","<a href=\"https:\/\/lavras.tv\/site\/category\/noticias\/\" class=\"advgb-post-tax-term\">EAD<\/a>","<a href=\"https:\/\/lavras.tv\/site\/category\/noticias\/\" class=\"advgb-post-tax-term\">investimentos governo de minas gerais<\/a>","<a href=\"https:\/\/lavras.tv\/site\/category\/noticias\/\" class=\"advgb-post-tax-term\">Processo Seletivo<\/a>","<a href=\"https:\/\/lavras.tv\/site\/category\/noticias\/\" class=\"advgb-post-tax-term\">ufla<\/a>"],"unlinked":["<span class=\"advgb-post-tax-term\">Cursos \u00e0 dist\u00e2ncia<\/span>","<span class=\"advgb-post-tax-term\">EAD<\/span>","<span class=\"advgb-post-tax-term\">investimentos governo de minas gerais<\/span>","<span class=\"advgb-post-tax-term\">Processo Seletivo<\/span>","<span class=\"advgb-post-tax-term\">ufla<\/span>"]}},"comment_count":"0","relative_dates":{"created":"Publicado 10 anos atr\u00e1s","modified":"Atualizado 10 anos atr\u00e1s"},"absolute_dates":{"created":"Publicado em 15 de setembro de 2016","modified":"Atualizado em 15 de setembro de 2016"},"absolute_dates_time":{"created":"Publicado em 15 de setembro de 2016 09:29","modified":"Atualizado em 15 de setembro de 2016 09:29"},"featured_img_caption":"","series_order":"","_links":{"self":[{"href":"https:\/\/lavras.tv\/site\/wp-json\/wp\/v2\/posts\/2270","targetHints":{"allow":["GET"]}}],"collection":[{"href":"https:\/\/lavras.tv\/site\/wp-json\/wp\/v2\/posts"}],"about":[{"href":"https:\/\/lavras.tv\/site\/wp-json\/wp\/v2\/types\/post"}],"author":[{"embeddable":true,"href":"https:\/\/lavras.tv\/site\/wp-json\/wp\/v2\/users\/2"}],"replies":[{"embeddable":true,"href":"https:\/\/lavras.tv\/site\/wp-json\/wp\/v2\/comments?post=2270"}],"version-history":[{"count":1,"href":"https:\/\/lavras.tv\/site\/wp-json\/wp\/v2\/posts\/2270\/revisions"}],"predecessor-version":[{"id":2271,"href":"https:\/\/lavras.tv\/site\/wp-json\/wp\/v2\/posts\/2270\/revisions\/2271"}],"wp:featuredmedia":[{"embeddable":true,"href":"https:\/\/lavras.tv\/site\/wp-json\/wp\/v2\/media\/1328"}],"wp:attachment":[{"href":"https:\/\/lavras.tv\/site\/wp-json\/wp\/v2\/media?parent=2270"}],"wp:term":[{"taxonomy":"category","embeddable":true,"href":"https:\/\/lavras.tv\/site\/wp-json\/wp\/v2\/categories?post=2270"},{"taxonomy":"post_tag","embeddable":true,"href":"https:\/\/lavras.tv\/site\/wp-json\/wp\/v2\/tags?post=2270"}],"curies":[{"name":"wp","href":"https:\/\/api.w.org\/{rel}","templated":true}]}}