{"id":2293,"date":"2016-09-15T11:08:51","date_gmt":"2016-09-15T14:08:51","guid":{"rendered":"http:\/\/lavras.tv\/site\/?p=2293"},"modified":"2016-09-15T11:08:51","modified_gmt":"2016-09-15T14:08:51","slug":"mariela-abreu-e-bicampea-brasileira-de-taekwondo","status":"publish","type":"post","link":"https:\/\/lavras.tv\/site\/2016\/09\/15\/mariela-abreu-e-bicampea-brasileira-de-taekwondo\/","title":{"rendered":"Mariela Abreu \u00e9 bicampe\u00e3 brasileira de taekwondo"},"content":{"rendered":"<div class=\"lavra-antes-do-conteudo_2\" id=\"lavra-108794693\"><div id=\"lavra-slider-27\" class=\"custom-slider lavra-slider-1532136562 lavra-slider\"><ul><li><div style=\"margin-left: auto;margin-right: auto;text-align: center;\" id=\"lavra-80740272\"><a href=\"https:\/\/sistemas.lavras.mg.gov.br\/portalcidadao\/#df1b1a7c7b2a290bcb31e32771e610784662739a88807c0dacac58ede5f391a7530e299dc302d611ee73cb143fc22eaf93592e53e7b5bdb01b00a0b8d28dae460c141dd2ff83412e4dc1c31b16b25f33144a9e5620ea73b13f5bc1c59411d98439ad226e8af03840603796067d87afe130812cf3de24982d0e306f9e61e764e5\" aria-label=\"Lavras-TV&#8211;720x104px (1) (1)\"><img src=\"https:\/\/lavras.tv\/site\/wp-content\/uploads\/2025\/01\/Lavras-TV-720x104px-1-1.png\" alt=\"\"  srcset=\"https:\/\/lavras.tv\/site\/wp-content\/uploads\/2025\/01\/Lavras-TV-720x104px-1-1.png 720w, https:\/\/lavras.tv\/site\/wp-content\/uploads\/2025\/01\/Lavras-TV-720x104px-1-1-470x68.png 470w, https:\/\/lavras.tv\/site\/wp-content\/uploads\/2025\/01\/Lavras-TV-720x104px-1-1-170x25.png 170w, https:\/\/lavras.tv\/site\/wp-content\/uploads\/2025\/01\/Lavras-TV-720x104px-1-1-200x29.png 200w\" sizes=\"(max-width: 720px) 100vw, 720px\" width=\"720\" height=\"104\"  style=\"display: inline-block;\" \/><\/a><\/div><\/li><li><a href=\"https:\/\/sistemas.lavras.mg.gov.br\/portalcidadao\/#df1b1a7c7b2a290bcb31e32771e610784662739a88807c0dacac58ede5f391a7530e299dc302d611ee73cb143fc22eaf93592e53e7b5bdb01b00a0b8d28dae460c141dd2ff83412e4dc1c31b16b25f33144a9e5620ea73b13f5bc1c59411d98439ad226e8af03840603796067d87afe130812cf3de24982d0e306f9e61e764e5\" aria-label=\"Banner_Emprego_PortallavrasTV\"><img src=\"https:\/\/lavras.tv\/site\/wp-content\/uploads\/2025\/03\/Banner_Emprego_PortallavrasTV.png\" alt=\"\"  srcset=\"https:\/\/lavras.tv\/site\/wp-content\/uploads\/2025\/03\/Banner_Emprego_PortallavrasTV.png 720w, https:\/\/lavras.tv\/site\/wp-content\/uploads\/2025\/03\/Banner_Emprego_PortallavrasTV-470x68.png 470w, https:\/\/lavras.tv\/site\/wp-content\/uploads\/2025\/03\/Banner_Emprego_PortallavrasTV-170x25.png 170w, https:\/\/lavras.tv\/site\/wp-content\/uploads\/2025\/03\/Banner_Emprego_PortallavrasTV-200x29.png 200w\" sizes=\"(max-width: 720px) 100vw, 720px\" width=\"720\" height=\"104\"   \/><\/a><\/li><li><a href=\"https:\/\/sistemas.lavras.mg.gov.br\/portalcidadao\/#df1b1a7c7b2a290bcb31e32771e610784662739a88807c0dacac58ede5f391a7530e299dc302d611ee73cb143fc22eaf93592e53e7b5bdb01b00a0b8d28dae460c141dd2ff83412e4dc1c31b16b25f33144a9e5620ea73b13f5bc1c59411d98439ad226e8af03840603796067d87afe130812cf3de24982d0e306f9e61e764e5\" aria-label=\"Banner_Obras_PortallavrasTV\"><img src=\"https:\/\/lavras.tv\/site\/wp-content\/uploads\/2025\/03\/Banner_Obras_PortallavrasTV.png\" alt=\"\"  srcset=\"https:\/\/lavras.tv\/site\/wp-content\/uploads\/2025\/03\/Banner_Obras_PortallavrasTV.png 720w, https:\/\/lavras.tv\/site\/wp-content\/uploads\/2025\/03\/Banner_Obras_PortallavrasTV-470x68.png 470w, https:\/\/lavras.tv\/site\/wp-content\/uploads\/2025\/03\/Banner_Obras_PortallavrasTV-170x25.png 170w, https:\/\/lavras.tv\/site\/wp-content\/uploads\/2025\/03\/Banner_Obras_PortallavrasTV-200x29.png 200w\" sizes=\"(max-width: 720px) 100vw, 720px\" width=\"720\" height=\"104\"   \/><\/a><\/li><li><div style=\"margin-left: auto;margin-right: auto;text-align: center;\" id=\"lavra-2087493028\"><a href=\"https:\/\/sistemas.lavras.mg.gov.br\/portalcidadao\/#df1b1a7c7b2a290bcb31e32771e610784662739a88807c0dacac58ede5f391a7530e299dc302d611ee73cb143fc22eaf93592e53e7b5bdb01b00a0b8d28dae460c141dd2ff83412e4dc1c31b16b25f33144a9e5620ea73b13f5bc1c59411d98439ad226e8af03840603796067d87afe130812cf3de24982d0e306f9e61e764e5\" aria-label=\"Banner_Educa\u00e7\u00e3o_PortallavrasTV\"><img src=\"https:\/\/lavras.tv\/site\/wp-content\/uploads\/2025\/01\/Banner_Educacao_PortallavrasTV.png\" alt=\"\"  srcset=\"https:\/\/lavras.tv\/site\/wp-content\/uploads\/2025\/01\/Banner_Educacao_PortallavrasTV.png 720w, https:\/\/lavras.tv\/site\/wp-content\/uploads\/2025\/01\/Banner_Educacao_PortallavrasTV-470x68.png 470w, https:\/\/lavras.tv\/site\/wp-content\/uploads\/2025\/01\/Banner_Educacao_PortallavrasTV-170x25.png 170w, https:\/\/lavras.tv\/site\/wp-content\/uploads\/2025\/01\/Banner_Educacao_PortallavrasTV-200x29.png 200w\" sizes=\"(max-width: 720px) 100vw, 720px\" width=\"720\" height=\"104\"  style=\"display: inline-block;\" \/><\/a><\/div><\/li><li><a href=\"https:\/\/sistemas.lavras.mg.gov.br\/portalcidadao\/#df1b1a7c7b2a290bcb31e32771e610784662739a88807c0dacac58ede5f391a7530e299dc302d611ee73cb143fc22eaf93592e53e7b5bdb01b00a0b8d28dae460c141dd2ff83412e4dc1c31b16b25f33144a9e5620ea73b13f5bc1c59411d98439ad226e8af03840603796067d87afe130812cf3de24982d0e306f9e61e764e5\" aria-label=\"Banner_Sa\u00fade_PortallavrasTV\"><img src=\"https:\/\/lavras.tv\/site\/wp-content\/uploads\/2025\/03\/Banner_Saude_PortallavrasTV.png\" alt=\"\"  srcset=\"https:\/\/lavras.tv\/site\/wp-content\/uploads\/2025\/03\/Banner_Saude_PortallavrasTV.png 720w, https:\/\/lavras.tv\/site\/wp-content\/uploads\/2025\/03\/Banner_Saude_PortallavrasTV-470x68.png 470w, https:\/\/lavras.tv\/site\/wp-content\/uploads\/2025\/03\/Banner_Saude_PortallavrasTV-170x25.png 170w, https:\/\/lavras.tv\/site\/wp-content\/uploads\/2025\/03\/Banner_Saude_PortallavrasTV-200x29.png 200w\" sizes=\"(max-width: 720px) 100vw, 720px\" width=\"720\" height=\"104\"   \/><\/a><\/li><li><div id=\"lavra-2383308514\" style=\"width:720px;height:104px;background-color:#ddd;overflow:scroll;\">\n\t<strong>Sa\u00edda da depura\u00e7\u00e3o de an\u00fancios<\/strong>\n\t<br><br>\n\tO an\u00fancio n\u00e3o \u00e9 exibido na p\u00e1gina<br><br>post atual: Mariela Abreu \u00e9 bicampe\u00e3 brasileira de taekwondo, ID: 2293<br><br><span style=\"color: red;\">O post atual n\u00e3o \u00e9 id\u00eantico ao post principal.<\/span><br><br>An\u00fancios: ROXO - TOPO INTERNA - ROTATIVO 2 (197)<br \/>Grupo de an\u00fancios: Princ_Meio01_720x104 (27)<br><br>Condi\u00e7\u00f5es de exibi\u00e7\u00e3o<div style=\"margin-bottom: 20px; white-space: pre-wrap; font-family: monospace; width: 100%; background: #ffe9e9;\"><strong>condi\u00e7\u00f5es gerais<\/strong><table border=\"1\"><thead><tr><th><\/th><th>An\u00fancios<\/th><th>wp_the_query<\/th><\/tr><\/thead><tr><td>is_main_query<\/td><td>1<\/td><td>1<\/td><\/tr><tr><td>is_rest_api<\/td><td>0<\/td><td>1<\/td><\/tr><tr><td>page<\/td><td>0<\/td><td>1<\/td><\/tr><tr><td>numpages<\/td><td>0<\/td><td>1<\/td><\/tr><tr><td>is_archive<\/td><td>1<\/td><td><\/td><\/tr><tr><td>is_search<\/td><td>1<\/td><td><\/td><\/tr><tr><td>is_home<\/td><td>1<\/td><td><\/td><\/tr><tr><td>is_404<\/td><td>1<\/td><td><\/td><\/tr><tr><td>is_attachment<\/td><td>1<\/td><td><\/td><\/tr><tr><td>is_singular<\/td><td>1<\/td><td><\/td><\/tr><tr><td>is_front_page<\/td><td>1<\/td><td><\/td><\/tr><tr><td>is_feed<\/td><td>1<\/td><td><\/td><\/tr><\/table><\/div><br><br><span style=\"color: red;\">Seu site usa HTTPS, mas o c\u00f3digo do an\u00fancio cont\u00e9m HTTP e pode n\u00e3o funcionar.<\/span>\t<br><br>\n\t<a style=\"color: green;\" href=\"https:\/\/wpadvancedads.com\/manual\/ad-debug-mode\/?utm_source=advanced-ads&utm_medium=link&utm_campaign=ad-debug-mode\" target=\"_blank\" rel=\"nofollow\">Encontre solu\u00e7\u00f5es no manual<\/a>\n<\/div>\n<\/li><\/ul><\/div><script>( window.advanced_ads_ready || jQuery( document ).ready ).call( null, function() {var $lavraslider1532136562 = jQuery( \".lavra-slider-1532136562\" );$lavraslider1532136562.on( \"unslider.ready\", function() { jQuery( \"div.custom-slider ul li\" ).css( \"display\", \"block\" ); });$lavraslider1532136562.unslider({ delay:4000, autoplay:true, nav:false, arrows:false, infinite:true });$lavraslider1532136562.on(\"mouseover\", function() {$lavraslider1532136562.unslider(\"stop\");}).on(\"mouseout\", function() {$lavraslider1532136562.unslider(\"start\");});});<\/script><\/div><p>Aconteceu em Jo\u00e3o Pessoa na Para\u00edba, nos dias 10 e 11 de Setembro o Campeonato Adulto e Master de Tae Kwon-Do. Este evento contou com a participa\u00e7\u00e3o de atletas de todo o pa\u00eds e valeu 20 pontos para o Ranking Nacional Brasileiro.<\/p>\n<p>A Academia Gym Center contou com a participa\u00e7\u00e3o das atletas Stef\u00e2nia Tavares Dam\u00e1sio e Mariela de Abreu. O Mestre Valdeci Zampieri tamb\u00e9m esteve presente no evento como t\u00e9cnico da equipe mineira.<\/p>\n<p>A atleta Stef\u00e2nia Tavares participou na categoria Adulta at\u00e9 49 Kg, infelizmente a atleta foi derrotada em sua primeira luta pela atleta Vanessa Novelo de Santa Catarina. Mesmo n\u00e3o subindo ao p\u00f3dio, Stef\u00e2nia disse que valeu a experi\u00eancia e que agora ir\u00e1 focar nas pr\u00f3ximas competi\u00e7\u00f5es e na corre\u00e7\u00e3o dos erros.<\/p>\n<p><img decoding=\"async\" class=\"aligncenter\" src=\"http:\/\/www.asdela.org\/portal\/wp-content\/uploads\/2016\/09\/14329332_1129220777152771_351485742_o-768x403.jpg\" alt=\"MARIELA ABREU \u00c9 BICAMPE\u00c3 BRASILEIRA DE TAEKWONDO\" \/><\/p>\n<p>A atleta Mariela de Abreu se sagrou Tri Campe\u00e3 Brasileira na categoria Master at\u00e9 57 kg. Mariela \u00e9 uma das atletas mais experientes da equipe e disse que ficou muito feliz com o resultado.<\/p>\n<p>O Mestre Valdeci Zampieri ficou muito satisfeito com o resultado das atletas e da equipe mineira como um todo, pois conquistaram um total de 5 medalhas de ouro e 3 medalhas de bronze.<\/p>\n<p>&nbsp;<\/p>\n<p>Fonte: ASDELA<\/p>\n","protected":false},"excerpt":{"rendered":"<p>Aconteceu em Jo\u00e3o Pessoa na Para\u00edba, nos dias 10 e 11 de Setembro o Campeonato Adulto e Master de Tae Kwon-Do. Este evento contou com a participa\u00e7\u00e3o de atletas de todo o pa\u00eds e valeu 20 pontos para o Ranking Nacional Brasileiro. A Academia Gym Center contou com a participa\u00e7\u00e3o das atletas Stef\u00e2nia Tavares Dam\u00e1sio [&hellip;]<\/p>\n","protected":false},"author":2,"featured_media":2294,"comment_status":"closed","ping_status":"open","sticky":false,"template":"","format":"standard","meta":{"advgb_blocks_editor_width":"","advgb_blocks_columns_visual_guide":"","_exactmetrics_skip_tracking":false,"_exactmetrics_sitenote_active":false,"_exactmetrics_sitenote_note":"","_exactmetrics_sitenote_category":0,"footnotes":""},"categories":[7,3],"tags":[800,802,801],"class_list":["post-2293","post","type-post","status-publish","format-standard","has-post-thumbnail","hentry","category-destaques","category-esportes","tag-mariela-abreu","tag-taekwondo","tag-valdeci-zampieri"],"better_featured_image":{"id":2294,"alt_text":"","caption":"","description":"","media_type":"image","media_details":{"width":523,"height":393,"file":"2016\/09\/mariela-capa-e1473948486798.jpg","sizes":{"thumbnail":{"file":"mariela-capa-e1473948486798-150x113.jpg","width":150,"height":113,"mime-type":"image\/jpeg","source_url":"https:\/\/lavras.tv\/site\/wp-content\/uploads\/2016\/09\/mariela-capa-e1473948486798-150x113.jpg"},"medium":{"file":"mariela-capa-e1473948486798-300x225.jpg","width":300,"height":225,"mime-type":"image\/jpeg","source_url":"https:\/\/lavras.tv\/site\/wp-content\/uploads\/2016\/09\/mariela-capa-e1473948486798-300x225.jpg"},"featured-slider-img":{"file":"mariela-capa-640x480.jpg","width":640,"height":480,"mime-type":"image\/jpeg","source_url":"https:\/\/lavras.tv\/site\/wp-content\/uploads\/2016\/09\/mariela-capa-640x480.jpg"},"featured-post-img":{"file":"mariela-capa-e1473948486798-480x320.jpg","width":480,"height":320,"mime-type":"image\/jpeg","source_url":"https:\/\/lavras.tv\/site\/wp-content\/uploads\/2016\/09\/mariela-capa-e1473948486798-480x320.jpg"},"sow-carousel-default":{"file":"mariela-capa-e1473948486798-272x182.jpg","width":272,"height":182,"mime-type":"image\/jpeg","source_url":"https:\/\/lavras.tv\/site\/wp-content\/uploads\/2016\/09\/mariela-capa-e1473948486798-272x182.jpg"}},"image_meta":{"aperture":"0","credit":"","camera":"","caption":"","created_timestamp":"0","copyright":"","focal_length":"0","iso":"0","shutter_speed":"0","title":"","orientation":"0","keywords":[]}},"post":2293,"source_url":"https:\/\/lavras.tv\/site\/wp-content\/uploads\/2016\/09\/mariela-capa-e1473948486798.jpg"},"author_meta":{"display_name":"Lavras TV","author_link":"https:\/\/lavras.tv\/site\/author\/lavrastv\/"},"featured_img":"https:\/\/lavras.tv\/site\/wp-content\/uploads\/2016\/09\/mariela-capa-e1473948486798-300x225.jpg","coauthors":[],"tax_additional":{"categories":{"linked":["<a href=\"https:\/\/lavras.tv\/site\/category\/destaques\/\" class=\"advgb-post-tax-term\">Destaques<\/a>","<a href=\"https:\/\/lavras.tv\/site\/category\/esportes\/\" class=\"advgb-post-tax-term\">Esportes<\/a>"],"unlinked":["<span class=\"advgb-post-tax-term\">Destaques<\/span>","<span class=\"advgb-post-tax-term\">Esportes<\/span>"]},"tags":{"linked":["<a href=\"https:\/\/lavras.tv\/site\/category\/esportes\/\" class=\"advgb-post-tax-term\">mariela abreu<\/a>","<a href=\"https:\/\/lavras.tv\/site\/category\/esportes\/\" class=\"advgb-post-tax-term\">taekwondo<\/a>","<a href=\"https:\/\/lavras.tv\/site\/category\/esportes\/\" class=\"advgb-post-tax-term\">valdeci zampieri<\/a>"],"unlinked":["<span class=\"advgb-post-tax-term\">mariela abreu<\/span>","<span class=\"advgb-post-tax-term\">taekwondo<\/span>","<span class=\"advgb-post-tax-term\">valdeci zampieri<\/span>"]}},"comment_count":"0","relative_dates":{"created":"Publicado 10 anos atr\u00e1s","modified":"Atualizado 10 anos atr\u00e1s"},"absolute_dates":{"created":"Publicado em 15 de setembro de 2016","modified":"Atualizado em 15 de setembro de 2016"},"absolute_dates_time":{"created":"Publicado em 15 de setembro de 2016 11:08","modified":"Atualizado em 15 de setembro de 2016 11:08"},"featured_img_caption":"","series_order":"","_links":{"self":[{"href":"https:\/\/lavras.tv\/site\/wp-json\/wp\/v2\/posts\/2293","targetHints":{"allow":["GET"]}}],"collection":[{"href":"https:\/\/lavras.tv\/site\/wp-json\/wp\/v2\/posts"}],"about":[{"href":"https:\/\/lavras.tv\/site\/wp-json\/wp\/v2\/types\/post"}],"author":[{"embeddable":true,"href":"https:\/\/lavras.tv\/site\/wp-json\/wp\/v2\/users\/2"}],"replies":[{"embeddable":true,"href":"https:\/\/lavras.tv\/site\/wp-json\/wp\/v2\/comments?post=2293"}],"version-history":[{"count":1,"href":"https:\/\/lavras.tv\/site\/wp-json\/wp\/v2\/posts\/2293\/revisions"}],"predecessor-version":[{"id":2295,"href":"https:\/\/lavras.tv\/site\/wp-json\/wp\/v2\/posts\/2293\/revisions\/2295"}],"wp:featuredmedia":[{"embeddable":true,"href":"https:\/\/lavras.tv\/site\/wp-json\/wp\/v2\/media\/2294"}],"wp:attachment":[{"href":"https:\/\/lavras.tv\/site\/wp-json\/wp\/v2\/media?parent=2293"}],"wp:term":[{"taxonomy":"category","embeddable":true,"href":"https:\/\/lavras.tv\/site\/wp-json\/wp\/v2\/categories?post=2293"},{"taxonomy":"post_tag","embeddable":true,"href":"https:\/\/lavras.tv\/site\/wp-json\/wp\/v2\/tags?post=2293"}],"curies":[{"name":"wp","href":"https:\/\/api.w.org\/{rel}","templated":true}]}}