{"id":2305,"date":"2016-09-16T08:05:43","date_gmt":"2016-09-16T11:05:43","guid":{"rendered":"http:\/\/lavras.tv\/site\/?p=2305"},"modified":"2016-09-16T08:05:43","modified_gmt":"2016-09-16T11:05:43","slug":"10a-primavera-dos-museus-comeca-na-proxima-segunda","status":"publish","type":"post","link":"https:\/\/lavras.tv\/site\/2016\/09\/16\/10a-primavera-dos-museus-comeca-na-proxima-segunda\/","title":{"rendered":"10\u00aa Primavera dos Museus come\u00e7a na pr\u00f3xima segunda"},"content":{"rendered":"<div class=\"lavra-antes-do-conteudo_2\" id=\"lavra-3562210279\"><div id=\"lavra-slider-27\" class=\"custom-slider lavra-slider-2311026926 lavra-slider\"><ul><li><div style=\"margin-left: auto;margin-right: auto;text-align: center;\" id=\"lavra-3630391805\"><a href=\"https:\/\/sistemas.lavras.mg.gov.br\/portalcidadao\/#df1b1a7c7b2a290bcb31e32771e610784662739a88807c0dacac58ede5f391a7530e299dc302d611ee73cb143fc22eaf93592e53e7b5bdb01b00a0b8d28dae460c141dd2ff83412e4dc1c31b16b25f33144a9e5620ea73b13f5bc1c59411d98439ad226e8af03840603796067d87afe130812cf3de24982d0e306f9e61e764e5\" aria-label=\"Lavras-TV&#8211;720x104px (1) (1)\"><img src=\"https:\/\/lavras.tv\/site\/wp-content\/uploads\/2025\/01\/Lavras-TV-720x104px-1-1.png\" alt=\"\"  srcset=\"https:\/\/lavras.tv\/site\/wp-content\/uploads\/2025\/01\/Lavras-TV-720x104px-1-1.png 720w, https:\/\/lavras.tv\/site\/wp-content\/uploads\/2025\/01\/Lavras-TV-720x104px-1-1-470x68.png 470w, https:\/\/lavras.tv\/site\/wp-content\/uploads\/2025\/01\/Lavras-TV-720x104px-1-1-170x25.png 170w, https:\/\/lavras.tv\/site\/wp-content\/uploads\/2025\/01\/Lavras-TV-720x104px-1-1-200x29.png 200w\" sizes=\"(max-width: 720px) 100vw, 720px\" width=\"720\" height=\"104\"  style=\"display: inline-block;\" \/><\/a><\/div><\/li><li><a href=\"https:\/\/sistemas.lavras.mg.gov.br\/portalcidadao\/#df1b1a7c7b2a290bcb31e32771e610784662739a88807c0dacac58ede5f391a7530e299dc302d611ee73cb143fc22eaf93592e53e7b5bdb01b00a0b8d28dae460c141dd2ff83412e4dc1c31b16b25f33144a9e5620ea73b13f5bc1c59411d98439ad226e8af03840603796067d87afe130812cf3de24982d0e306f9e61e764e5\" aria-label=\"Banner_Emprego_PortallavrasTV\"><img src=\"https:\/\/lavras.tv\/site\/wp-content\/uploads\/2025\/03\/Banner_Emprego_PortallavrasTV.png\" alt=\"\"  srcset=\"https:\/\/lavras.tv\/site\/wp-content\/uploads\/2025\/03\/Banner_Emprego_PortallavrasTV.png 720w, https:\/\/lavras.tv\/site\/wp-content\/uploads\/2025\/03\/Banner_Emprego_PortallavrasTV-470x68.png 470w, https:\/\/lavras.tv\/site\/wp-content\/uploads\/2025\/03\/Banner_Emprego_PortallavrasTV-170x25.png 170w, https:\/\/lavras.tv\/site\/wp-content\/uploads\/2025\/03\/Banner_Emprego_PortallavrasTV-200x29.png 200w\" sizes=\"(max-width: 720px) 100vw, 720px\" width=\"720\" height=\"104\"   \/><\/a><\/li><li><a href=\"https:\/\/sistemas.lavras.mg.gov.br\/portalcidadao\/#df1b1a7c7b2a290bcb31e32771e610784662739a88807c0dacac58ede5f391a7530e299dc302d611ee73cb143fc22eaf93592e53e7b5bdb01b00a0b8d28dae460c141dd2ff83412e4dc1c31b16b25f33144a9e5620ea73b13f5bc1c59411d98439ad226e8af03840603796067d87afe130812cf3de24982d0e306f9e61e764e5\" aria-label=\"Banner_Obras_PortallavrasTV\"><img src=\"https:\/\/lavras.tv\/site\/wp-content\/uploads\/2025\/03\/Banner_Obras_PortallavrasTV.png\" alt=\"\"  srcset=\"https:\/\/lavras.tv\/site\/wp-content\/uploads\/2025\/03\/Banner_Obras_PortallavrasTV.png 720w, https:\/\/lavras.tv\/site\/wp-content\/uploads\/2025\/03\/Banner_Obras_PortallavrasTV-470x68.png 470w, https:\/\/lavras.tv\/site\/wp-content\/uploads\/2025\/03\/Banner_Obras_PortallavrasTV-170x25.png 170w, https:\/\/lavras.tv\/site\/wp-content\/uploads\/2025\/03\/Banner_Obras_PortallavrasTV-200x29.png 200w\" sizes=\"(max-width: 720px) 100vw, 720px\" width=\"720\" height=\"104\"   \/><\/a><\/li><li><div style=\"margin-left: auto;margin-right: auto;text-align: center;\" id=\"lavra-1120055944\"><a href=\"https:\/\/sistemas.lavras.mg.gov.br\/portalcidadao\/#df1b1a7c7b2a290bcb31e32771e610784662739a88807c0dacac58ede5f391a7530e299dc302d611ee73cb143fc22eaf93592e53e7b5bdb01b00a0b8d28dae460c141dd2ff83412e4dc1c31b16b25f33144a9e5620ea73b13f5bc1c59411d98439ad226e8af03840603796067d87afe130812cf3de24982d0e306f9e61e764e5\" aria-label=\"Banner_Educa\u00e7\u00e3o_PortallavrasTV\"><img src=\"https:\/\/lavras.tv\/site\/wp-content\/uploads\/2025\/01\/Banner_Educacao_PortallavrasTV.png\" alt=\"\"  srcset=\"https:\/\/lavras.tv\/site\/wp-content\/uploads\/2025\/01\/Banner_Educacao_PortallavrasTV.png 720w, https:\/\/lavras.tv\/site\/wp-content\/uploads\/2025\/01\/Banner_Educacao_PortallavrasTV-470x68.png 470w, https:\/\/lavras.tv\/site\/wp-content\/uploads\/2025\/01\/Banner_Educacao_PortallavrasTV-170x25.png 170w, https:\/\/lavras.tv\/site\/wp-content\/uploads\/2025\/01\/Banner_Educacao_PortallavrasTV-200x29.png 200w\" sizes=\"(max-width: 720px) 100vw, 720px\" width=\"720\" height=\"104\"  style=\"display: inline-block;\" \/><\/a><\/div><\/li><li><a href=\"https:\/\/sistemas.lavras.mg.gov.br\/portalcidadao\/#df1b1a7c7b2a290bcb31e32771e610784662739a88807c0dacac58ede5f391a7530e299dc302d611ee73cb143fc22eaf93592e53e7b5bdb01b00a0b8d28dae460c141dd2ff83412e4dc1c31b16b25f33144a9e5620ea73b13f5bc1c59411d98439ad226e8af03840603796067d87afe130812cf3de24982d0e306f9e61e764e5\" aria-label=\"Banner_Sa\u00fade_PortallavrasTV\"><img src=\"https:\/\/lavras.tv\/site\/wp-content\/uploads\/2025\/03\/Banner_Saude_PortallavrasTV.png\" alt=\"\"  srcset=\"https:\/\/lavras.tv\/site\/wp-content\/uploads\/2025\/03\/Banner_Saude_PortallavrasTV.png 720w, https:\/\/lavras.tv\/site\/wp-content\/uploads\/2025\/03\/Banner_Saude_PortallavrasTV-470x68.png 470w, https:\/\/lavras.tv\/site\/wp-content\/uploads\/2025\/03\/Banner_Saude_PortallavrasTV-170x25.png 170w, https:\/\/lavras.tv\/site\/wp-content\/uploads\/2025\/03\/Banner_Saude_PortallavrasTV-200x29.png 200w\" sizes=\"(max-width: 720px) 100vw, 720px\" width=\"720\" height=\"104\"   \/><\/a><\/li><li><div id=\"lavra-2748587240\" style=\"width:720px;height:104px;background-color:#ddd;overflow:scroll;\">\n\t<strong>Sa\u00edda da depura\u00e7\u00e3o de an\u00fancios<\/strong>\n\t<br><br>\n\tO an\u00fancio n\u00e3o \u00e9 exibido na p\u00e1gina<br><br>post atual: 10\u00aa Primavera dos Museus come\u00e7a na pr\u00f3xima segunda, ID: 2305<br><br><span style=\"color: red;\">O post atual n\u00e3o \u00e9 id\u00eantico ao post principal.<\/span><br><br>An\u00fancios: ROXO - TOPO INTERNA - ROTATIVO 2 (197)<br \/>Grupo de an\u00fancios: Princ_Meio01_720x104 (27)<br><br>Condi\u00e7\u00f5es de exibi\u00e7\u00e3o<div style=\"margin-bottom: 20px; white-space: pre-wrap; font-family: monospace; width: 100%; background: #ffe9e9;\"><strong>condi\u00e7\u00f5es gerais<\/strong><table border=\"1\"><thead><tr><th><\/th><th>An\u00fancios<\/th><th>wp_the_query<\/th><\/tr><\/thead><tr><td>is_main_query<\/td><td>1<\/td><td>1<\/td><\/tr><tr><td>is_rest_api<\/td><td>0<\/td><td>1<\/td><\/tr><tr><td>page<\/td><td>0<\/td><td>1<\/td><\/tr><tr><td>numpages<\/td><td>0<\/td><td>1<\/td><\/tr><tr><td>is_archive<\/td><td>1<\/td><td><\/td><\/tr><tr><td>is_search<\/td><td>1<\/td><td><\/td><\/tr><tr><td>is_home<\/td><td>1<\/td><td><\/td><\/tr><tr><td>is_404<\/td><td>1<\/td><td><\/td><\/tr><tr><td>is_attachment<\/td><td>1<\/td><td><\/td><\/tr><tr><td>is_singular<\/td><td>1<\/td><td><\/td><\/tr><tr><td>is_front_page<\/td><td>1<\/td><td><\/td><\/tr><tr><td>is_feed<\/td><td>1<\/td><td><\/td><\/tr><\/table><\/div><br><br><span style=\"color: red;\">Seu site usa HTTPS, mas o c\u00f3digo do an\u00fancio cont\u00e9m HTTP e pode n\u00e3o funcionar.<\/span>\t<br><br>\n\t<a style=\"color: green;\" href=\"https:\/\/wpadvancedads.com\/manual\/ad-debug-mode\/?utm_source=advanced-ads&utm_medium=link&utm_campaign=ad-debug-mode\" target=\"_blank\" rel=\"nofollow\">Encontre solu\u00e7\u00f5es no manual<\/a>\n<\/div>\n<\/li><\/ul><\/div><script>( window.advanced_ads_ready || jQuery( document ).ready ).call( null, function() {var $lavraslider2311026926 = jQuery( \".lavra-slider-2311026926\" );$lavraslider2311026926.on( \"unslider.ready\", function() { jQuery( \"div.custom-slider ul li\" ).css( \"display\", \"block\" ); });$lavraslider2311026926.unslider({ delay:4000, autoplay:true, nav:false, arrows:false, infinite:true });$lavraslider2311026926.on(\"mouseover\", function() {$lavraslider2311026926.unslider(\"stop\");}).on(\"mouseout\", function() {$lavraslider2311026926.unslider(\"start\");});});<\/script><\/div><p>Os museus da UFLA preparam uma programa\u00e7\u00e3o especial para a<strong>10\u00aa Primavera de Museus<\/strong>, evento nacional que ocorrer\u00e1 de 19 a 25 de setembro. Exposi\u00e7\u00f5es, palestras, a\u00e7\u00f5es educativas, exibi\u00e7\u00f5es, minicursos e oficinas movimentar\u00e3o o Museu Bi Moreira e o Museu de Hist\u00f3ria Natural, ambos no C\u00e2mpus Hist\u00f3rico da UFLA.<img fetchpriority=\"high\" decoding=\"async\" class=\"size-full wp-image-2306 aligncenter\" src=\"http:\/\/lavras.tv\/site\/wp-content\/uploads\/2016\/09\/bi-moreira.jpg\" alt=\"bi-moreira\" width=\"550\" height=\"412\" srcset=\"https:\/\/lavras.tv\/site\/wp-content\/uploads\/2016\/09\/bi-moreira.jpg 550w, https:\/\/lavras.tv\/site\/wp-content\/uploads\/2016\/09\/bi-moreira-150x112.jpg 150w, https:\/\/lavras.tv\/site\/wp-content\/uploads\/2016\/09\/bi-moreira-300x225.jpg 300w\" sizes=\"(max-width: 550px) 100vw, 550px\" \/><\/p>\n<p>A programa\u00e7\u00e3o deste ano abordar\u00e1 o papel dos museus como institui\u00e7\u00f5es que fortalecem atividades culturais e econ\u00f4micas, sob o tema: \u201cMuseus, mem\u00f3rias e economia da cultura\u201d. A Primavera \u00e9 uma temporada coordenada pelo Instituto Brasileiro de Museus (<a href=\"http:\/\/www.museus.gov.br\/\">Ibram<\/a>), realizada anualmente no in\u00edcio da esta\u00e7\u00e3o de mesmo nome.<\/p>\n<p>O evento \u00e9 voltado \u00e0 promo\u00e7\u00e3o e valoriza\u00e7\u00e3o dos museus nacionais, aumentando o p\u00fablico visitante e intensificando a rela\u00e7\u00e3o dessas institui\u00e7\u00f5es com a sociedade. Na primeira edi\u00e7\u00e3o, em 2007, foram inscritos 300 museus e 874 eventos. Na 10\u00aa Primavera, 753 museus de todo o Pa\u00eds oferecer\u00e3o mais de 2 mil atividades.<\/p>\n<p>Confira a programa\u00e7\u00e3o nos museus da UFLA:<\/p>\n<p>&nbsp;<\/p>\n<p><strong>MUSEU BI MOREIRA<\/strong><\/p>\n<ul>\n<li><strong>05\/09\/2016 a 03\/02\/2017 \u2013 09h \u00e0s 17h30<\/strong><\/li>\n<\/ul>\n<p>EXPOSI\u00c7\u00c3O \u2013 A exposi\u00e7\u00e3o \u201cO Patrim\u00f4nio de Ci\u00eancia e Tecnologia da UFLA: hist\u00f3rias e mem\u00f3rias\u201d apresenta uma mostra dos aparatos hist\u00f3ricos de CeT da Universidade. Visita escolar, necessidade de agendamento<\/p>\n<ul>\n<li><strong>21\/09\/2016 \u2013 17h \u00e0s 19h<\/strong><\/li>\n<\/ul>\n<p>PALESTRA \u2013 \u201cA Economia Criativa e a ressignifica\u00e7\u00e3o das rela\u00e7\u00f5es com os objetos culturais no territ\u00f3rio\u201d. Discutir\u00e1 a forma como a economia criativa pode trazer um novo olhar para os objetos culturais no territ\u00f3rio em que est\u00e3o inseridos. Palestrante: Jardel Maximiliano dos Santos Dias (PROEC\/UFLA). Local:Museu de Hist\u00f3ria Natural da UFLA. Contato: (35)3829-1205<\/p>\n<ul>\n<li><strong>22\/09\/2016 \u2013 15h \u00e0s 16h30<\/strong><\/li>\n<\/ul>\n<p>A\u00c7\u00c3O EDUCATIVA \u2013 Olhares para patrim\u00f4nio de C&amp;T: preserva\u00e7\u00e3o e comunica\u00e7\u00e3o. Com Patricia Muniz Mendes (PROEC\/ UFLA). Necessidade de inscri\u00e7\u00e3o<\/p>\n<p>&nbsp;<\/p>\n<p>&nbsp;<\/p>\n<p><strong>MUSEU DE HIST\u00d3RIA NATURAL<\/strong><\/p>\n<ul>\n<li><strong>19\/09\/2016 a 23\/09\/2016 \u2013 09:00 \u00e0s 18:00<\/strong><\/li>\n<\/ul>\n<p>EXPOSI\u00c7\u00c3O \u2013 Mostra do Meteorito Sikhote-Alin. Cole\u00e7\u00e3o do projeto de divulga\u00e7\u00e3o cient\u00edfica \u201cA magia da f\u00edsica e do universo\u201d (DFI\/UFLA).<\/p>\n<ul>\n<li><strong>19\/09\/2016 a 23\/09\/2016<\/strong><\/li>\n<\/ul>\n<p>EXPOSI\u00c7\u00c3O \u2013 Das mem\u00f3rias vivas do barro aos valores e costumes mineiros. Cole\u00e7\u00e3o particular do Prof. Dr. Antonio Fernandes Nascimento J\u00fanior (DBI\/UFLA).<\/p>\n<ul>\n<li><strong>19\/09\/2016 a 23\/09\/2016 \u2013 09:00 \u00e0s 11:30<\/strong><\/li>\n<\/ul>\n<p>A\u00c7\u00c3O EDUCATIVA: Visita guiada ao acervo permanente do Museu. Necess\u00e1rio agendamento.<\/p>\n<ul>\n<li><strong>19\/09\/2016 \u2013 09:00 \u00e0s 18:00<\/strong><\/li>\n<\/ul>\n<p>EXPOSI\u00c7\u00c3O \u2013 Abertura da nova exposi\u00e7\u00e3o de mineralogia do MHN. Necess\u00e1rio agendamento.<\/p>\n<ul>\n<li><strong>19\/09\/2016 e 20\/09\/2016 \u2013 14:00 \u00e0s 17:00<\/strong><\/li>\n<\/ul>\n<p>MINICURSO \u2013 Explorando o ensino sobre Solos no Ensino M\u00e9dio. Prelecionistas: Diego Tassinari (DCS\/UFLA) e Maira Toma (DCS\/UFLA)<\/p>\n<ul>\n<li><strong>20\/09\/2016 \u2013 08:00 \u00e0s 16:00<\/strong><\/li>\n<\/ul>\n<p>A\u00c7\u00c3O EDUCATIVA \u2013 Sess\u00f5es no planet\u00e1rio do MHN: gigantes do nosso sistema solar. Prelecionista: Jos\u00e9 Melo (PROEC\/UFLA). Necess\u00e1rio agendamento.<\/p>\n<ul>\n<li><strong>20\/09\/2016 \u2013 17:30 \u00e0s 19h30<\/strong><\/li>\n<\/ul>\n<p>MINICURSO \u2013 Poesia e ensino de Ci\u00eancias. Prelecionista: Maria Fernanda Junqueira.<\/p>\n<ul>\n<li><strong>20\/09\/2016 \u2013 20:00 \u00e0s 22h00<\/strong><\/li>\n<\/ul>\n<p>MINICURSO \u2013 Ecologia ensinada pela literatura de cordel. Prelecionista: Camila Oliveira Louren\u00e7o.<\/p>\n<ul>\n<li><strong>21\/09\/2016 \u2013 08:00 \u00e0s 11:00<\/strong><\/li>\n<\/ul>\n<p>A\u00c7\u00c3O EDUCATIVA: Inaugura\u00e7\u00e3o e visita guiada ao novo acervo de mineralogia do MHN. Necess\u00e1rio agendamento.<\/p>\n<ul>\n<li><strong>21\/09\/2016 \u2013 14:00 \u00e0s 16:30<\/strong><\/li>\n<\/ul>\n<p>EXIBI\u00c7\u00c3O DE FILME \u2013 Doc-Museu: Deus, o universo e todo o resto. (Prod. BBC Londres, 1988).<\/p>\n<ul>\n<li><strong>21\/09\/2016 \u2013 16:00 \u00e0s 17:00<\/strong><\/li>\n<\/ul>\n<p>PALESTRA: Caminhos da Hist\u00f3ria e Filosofia da Ci\u00eancia. Local: Laborat\u00f3rio de Educa\u00e7\u00e3o Cient\u00edfica e Ambiental (LECA\/UFLA)<\/p>\n<ul>\n<li><strong>22\/09\/2016 \u2013 14:00 \u00e0s 17:00<\/strong><\/li>\n<\/ul>\n<p>A\u00c7\u00c3O EDUCATIVA \u2013 Atividade Explorando o Ensino no MHN com a palestra \u201co que as mol\u00e9culas fazem?\u201d Prelecionista: Jos\u00e9 Melo. Necess\u00e1rio agendamento.<\/p>\n<ul>\n<li><strong>23\/09\/2016 \u2013 08 \u00e0s 12:00<\/strong><\/li>\n<\/ul>\n<p>A\u00c7\u00c3O EDUCATIVA \u2013 A magia da f\u00edsica e do universo. Realiza\u00e7\u00e3o de experimentos com o uso de materiais de baixo custo. Coordena\u00e7\u00e3o: Prof. Dr. Jos\u00e9 Nogales (DEX\/UFLA) e Karen Luz (DEX\/UFLA). Necess\u00e1rio Agendamento.<\/p>\n<ul>\n<li><strong>24\/09\/2016- 19:00 \u00e0s 22:00<\/strong><\/li>\n<\/ul>\n<p>OUTROS \u2013 Encerramento da Primavera dos Museus da UFLA com a Festa das Estrelas: Oficina de astronomia \u201cMeteoritos\u201d. Coordena\u00e7\u00e3o: Prof. Jos\u00e9 Nogales (DEX\/UFLA) e Karen Luz (DEX\/UFLA).<\/p>\n<p>&nbsp;<\/p>\n<p><strong>Mais informa\u00e7\u00f5es<\/strong><\/p>\n<ul>\n<li><a href=\"mailto:museus@proec.ufla.br\">museus@proec.ufla.br<\/a><\/li>\n<li>(35) 3829-1205 \/ 1206<\/li>\n<\/ul>\n<p>Fonte: Diretoria de Comunica\u00e7\u00e3o &#8211; UFLA<\/p>\n","protected":false},"excerpt":{"rendered":"<p>Os museus da UFLA preparam uma programa\u00e7\u00e3o especial para a10\u00aa Primavera de Museus, evento nacional que ocorrer\u00e1 de 19 a 25 de setembro. Exposi\u00e7\u00f5es, palestras, a\u00e7\u00f5es educativas, exibi\u00e7\u00f5es, minicursos e oficinas movimentar\u00e3o o Museu Bi Moreira e o Museu de Hist\u00f3ria Natural, ambos no C\u00e2mpus Hist\u00f3rico da UFLA. A programa\u00e7\u00e3o deste ano abordar\u00e1 o papel [&hellip;]<\/p>\n","protected":false},"author":2,"featured_media":2306,"comment_status":"closed","ping_status":"open","sticky":false,"template":"","format":"standard","meta":{"advgb_blocks_editor_width":"","advgb_blocks_columns_visual_guide":"","_exactmetrics_skip_tracking":false,"_exactmetrics_sitenote_active":false,"_exactmetrics_sitenote_note":"","_exactmetrics_sitenote_category":0,"footnotes":""},"categories":[7,2],"tags":[57,807,56],"class_list":["post-2305","post","type-post","status-publish","format-standard","has-post-thumbnail","hentry","category-destaques","category-noticias","tag-museu-bi-moreira","tag-primavera-dos-museus","tag-ufla"],"better_featured_image":{"id":2306,"alt_text":"","caption":"","description":"","media_type":"image","media_details":{"width":550,"height":412,"file":"2016\/09\/bi-moreira.jpg","sizes":{"thumbnail":{"file":"bi-moreira-150x112.jpg","width":150,"height":112,"mime-type":"image\/jpeg","source_url":"https:\/\/lavras.tv\/site\/wp-content\/uploads\/2016\/09\/bi-moreira-150x112.jpg"},"medium":{"file":"bi-moreira-300x225.jpg","width":300,"height":225,"mime-type":"image\/jpeg","source_url":"https:\/\/lavras.tv\/site\/wp-content\/uploads\/2016\/09\/bi-moreira-300x225.jpg"},"featured-post-img":{"file":"bi-moreira-480x320.jpg","width":480,"height":320,"mime-type":"image\/jpeg","source_url":"https:\/\/lavras.tv\/site\/wp-content\/uploads\/2016\/09\/bi-moreira-480x320.jpg"},"sow-carousel-default":{"file":"bi-moreira-272x182.jpg","width":272,"height":182,"mime-type":"image\/jpeg","source_url":"https:\/\/lavras.tv\/site\/wp-content\/uploads\/2016\/09\/bi-moreira-272x182.jpg"}},"image_meta":{"aperture":"0","credit":"","camera":"","caption":"","created_timestamp":"0","copyright":"","focal_length":"0","iso":"0","shutter_speed":"0","title":"","orientation":"0","keywords":[]}},"post":2305,"source_url":"https:\/\/lavras.tv\/site\/wp-content\/uploads\/2016\/09\/bi-moreira.jpg"},"author_meta":{"display_name":"Lavras TV","author_link":"https:\/\/lavras.tv\/site\/author\/lavrastv\/"},"featured_img":"https:\/\/lavras.tv\/site\/wp-content\/uploads\/2016\/09\/bi-moreira-300x225.jpg","coauthors":[],"tax_additional":{"categories":{"linked":["<a href=\"https:\/\/lavras.tv\/site\/category\/destaques\/\" class=\"advgb-post-tax-term\">Destaques<\/a>","<a href=\"https:\/\/lavras.tv\/site\/category\/noticias\/\" class=\"advgb-post-tax-term\">Not\u00edcias<\/a>"],"unlinked":["<span class=\"advgb-post-tax-term\">Destaques<\/span>","<span class=\"advgb-post-tax-term\">Not\u00edcias<\/span>"]},"tags":{"linked":["<a href=\"https:\/\/lavras.tv\/site\/category\/noticias\/\" class=\"advgb-post-tax-term\">museu bi moreira<\/a>","<a href=\"https:\/\/lavras.tv\/site\/category\/noticias\/\" class=\"advgb-post-tax-term\">primavera dos museus<\/a>","<a href=\"https:\/\/lavras.tv\/site\/category\/noticias\/\" class=\"advgb-post-tax-term\">ufla<\/a>"],"unlinked":["<span class=\"advgb-post-tax-term\">museu bi moreira<\/span>","<span class=\"advgb-post-tax-term\">primavera dos museus<\/span>","<span class=\"advgb-post-tax-term\">ufla<\/span>"]}},"comment_count":"0","relative_dates":{"created":"Publicado 10 anos atr\u00e1s","modified":"Atualizado 10 anos atr\u00e1s"},"absolute_dates":{"created":"Publicado em 16 de setembro de 2016","modified":"Atualizado em 16 de setembro de 2016"},"absolute_dates_time":{"created":"Publicado em 16 de setembro de 2016 08:05","modified":"Atualizado em 16 de setembro de 2016 08:05"},"featured_img_caption":"","series_order":"","_links":{"self":[{"href":"https:\/\/lavras.tv\/site\/wp-json\/wp\/v2\/posts\/2305","targetHints":{"allow":["GET"]}}],"collection":[{"href":"https:\/\/lavras.tv\/site\/wp-json\/wp\/v2\/posts"}],"about":[{"href":"https:\/\/lavras.tv\/site\/wp-json\/wp\/v2\/types\/post"}],"author":[{"embeddable":true,"href":"https:\/\/lavras.tv\/site\/wp-json\/wp\/v2\/users\/2"}],"replies":[{"embeddable":true,"href":"https:\/\/lavras.tv\/site\/wp-json\/wp\/v2\/comments?post=2305"}],"version-history":[{"count":1,"href":"https:\/\/lavras.tv\/site\/wp-json\/wp\/v2\/posts\/2305\/revisions"}],"predecessor-version":[{"id":2307,"href":"https:\/\/lavras.tv\/site\/wp-json\/wp\/v2\/posts\/2305\/revisions\/2307"}],"wp:featuredmedia":[{"embeddable":true,"href":"https:\/\/lavras.tv\/site\/wp-json\/wp\/v2\/media\/2306"}],"wp:attachment":[{"href":"https:\/\/lavras.tv\/site\/wp-json\/wp\/v2\/media?parent=2305"}],"wp:term":[{"taxonomy":"category","embeddable":true,"href":"https:\/\/lavras.tv\/site\/wp-json\/wp\/v2\/categories?post=2305"},{"taxonomy":"post_tag","embeddable":true,"href":"https:\/\/lavras.tv\/site\/wp-json\/wp\/v2\/tags?post=2305"}],"curies":[{"name":"wp","href":"https:\/\/api.w.org\/{rel}","templated":true}]}}