{"id":2308,"date":"2016-09-16T08:47:25","date_gmt":"2016-09-16T11:47:25","guid":{"rendered":"http:\/\/lavras.tv\/site\/?p=2308"},"modified":"2016-09-16T08:47:25","modified_gmt":"2016-09-16T11:47:25","slug":"pm-diz-que-liberou-capitao-de-lavras-por-falta-de-indicios-em-acoes-ilicitas","status":"publish","type":"post","link":"https:\/\/lavras.tv\/site\/2016\/09\/16\/pm-diz-que-liberou-capitao-de-lavras-por-falta-de-indicios-em-acoes-ilicitas\/","title":{"rendered":"PM diz que liberou capit\u00e3o de Lavras por falta de ind\u00edcios em &#8216;a\u00e7\u00f5es il\u00edcitas&#8217;"},"content":{"rendered":"<div class=\"lavra-antes-do-conteudo_2\" id=\"lavra-419498927\"><div id=\"lavra-slider-27\" class=\"custom-slider lavra-slider-1454515822 lavra-slider\"><ul><li><div style=\"margin-left: auto;margin-right: auto;text-align: center;\" id=\"lavra-1370908120\"><a href=\"https:\/\/sistemas.lavras.mg.gov.br\/portalcidadao\/#df1b1a7c7b2a290bcb31e32771e610784662739a88807c0dacac58ede5f391a7530e299dc302d611ee73cb143fc22eaf93592e53e7b5bdb01b00a0b8d28dae460c141dd2ff83412e4dc1c31b16b25f33144a9e5620ea73b13f5bc1c59411d98439ad226e8af03840603796067d87afe130812cf3de24982d0e306f9e61e764e5\" aria-label=\"Lavras-TV&#8211;720x104px (1) (1)\"><img src=\"https:\/\/lavras.tv\/site\/wp-content\/uploads\/2025\/01\/Lavras-TV-720x104px-1-1.png\" alt=\"\"  srcset=\"https:\/\/lavras.tv\/site\/wp-content\/uploads\/2025\/01\/Lavras-TV-720x104px-1-1.png 720w, https:\/\/lavras.tv\/site\/wp-content\/uploads\/2025\/01\/Lavras-TV-720x104px-1-1-470x68.png 470w, https:\/\/lavras.tv\/site\/wp-content\/uploads\/2025\/01\/Lavras-TV-720x104px-1-1-170x25.png 170w, https:\/\/lavras.tv\/site\/wp-content\/uploads\/2025\/01\/Lavras-TV-720x104px-1-1-200x29.png 200w\" sizes=\"(max-width: 720px) 100vw, 720px\" width=\"720\" height=\"104\"  style=\"display: inline-block;\" \/><\/a><\/div><\/li><li><a href=\"https:\/\/sistemas.lavras.mg.gov.br\/portalcidadao\/#df1b1a7c7b2a290bcb31e32771e610784662739a88807c0dacac58ede5f391a7530e299dc302d611ee73cb143fc22eaf93592e53e7b5bdb01b00a0b8d28dae460c141dd2ff83412e4dc1c31b16b25f33144a9e5620ea73b13f5bc1c59411d98439ad226e8af03840603796067d87afe130812cf3de24982d0e306f9e61e764e5\" aria-label=\"Banner_Emprego_PortallavrasTV\"><img src=\"https:\/\/lavras.tv\/site\/wp-content\/uploads\/2025\/03\/Banner_Emprego_PortallavrasTV.png\" alt=\"\"  srcset=\"https:\/\/lavras.tv\/site\/wp-content\/uploads\/2025\/03\/Banner_Emprego_PortallavrasTV.png 720w, https:\/\/lavras.tv\/site\/wp-content\/uploads\/2025\/03\/Banner_Emprego_PortallavrasTV-470x68.png 470w, https:\/\/lavras.tv\/site\/wp-content\/uploads\/2025\/03\/Banner_Emprego_PortallavrasTV-170x25.png 170w, https:\/\/lavras.tv\/site\/wp-content\/uploads\/2025\/03\/Banner_Emprego_PortallavrasTV-200x29.png 200w\" sizes=\"(max-width: 720px) 100vw, 720px\" width=\"720\" height=\"104\"   \/><\/a><\/li><li><a href=\"https:\/\/sistemas.lavras.mg.gov.br\/portalcidadao\/#df1b1a7c7b2a290bcb31e32771e610784662739a88807c0dacac58ede5f391a7530e299dc302d611ee73cb143fc22eaf93592e53e7b5bdb01b00a0b8d28dae460c141dd2ff83412e4dc1c31b16b25f33144a9e5620ea73b13f5bc1c59411d98439ad226e8af03840603796067d87afe130812cf3de24982d0e306f9e61e764e5\" aria-label=\"Banner_Obras_PortallavrasTV\"><img src=\"https:\/\/lavras.tv\/site\/wp-content\/uploads\/2025\/03\/Banner_Obras_PortallavrasTV.png\" alt=\"\"  srcset=\"https:\/\/lavras.tv\/site\/wp-content\/uploads\/2025\/03\/Banner_Obras_PortallavrasTV.png 720w, https:\/\/lavras.tv\/site\/wp-content\/uploads\/2025\/03\/Banner_Obras_PortallavrasTV-470x68.png 470w, https:\/\/lavras.tv\/site\/wp-content\/uploads\/2025\/03\/Banner_Obras_PortallavrasTV-170x25.png 170w, https:\/\/lavras.tv\/site\/wp-content\/uploads\/2025\/03\/Banner_Obras_PortallavrasTV-200x29.png 200w\" sizes=\"(max-width: 720px) 100vw, 720px\" width=\"720\" height=\"104\"   \/><\/a><\/li><li><div style=\"margin-left: auto;margin-right: auto;text-align: center;\" id=\"lavra-3013933765\"><a href=\"https:\/\/sistemas.lavras.mg.gov.br\/portalcidadao\/#df1b1a7c7b2a290bcb31e32771e610784662739a88807c0dacac58ede5f391a7530e299dc302d611ee73cb143fc22eaf93592e53e7b5bdb01b00a0b8d28dae460c141dd2ff83412e4dc1c31b16b25f33144a9e5620ea73b13f5bc1c59411d98439ad226e8af03840603796067d87afe130812cf3de24982d0e306f9e61e764e5\" aria-label=\"Banner_Educa\u00e7\u00e3o_PortallavrasTV\"><img src=\"https:\/\/lavras.tv\/site\/wp-content\/uploads\/2025\/01\/Banner_Educacao_PortallavrasTV.png\" alt=\"\"  srcset=\"https:\/\/lavras.tv\/site\/wp-content\/uploads\/2025\/01\/Banner_Educacao_PortallavrasTV.png 720w, https:\/\/lavras.tv\/site\/wp-content\/uploads\/2025\/01\/Banner_Educacao_PortallavrasTV-470x68.png 470w, https:\/\/lavras.tv\/site\/wp-content\/uploads\/2025\/01\/Banner_Educacao_PortallavrasTV-170x25.png 170w, https:\/\/lavras.tv\/site\/wp-content\/uploads\/2025\/01\/Banner_Educacao_PortallavrasTV-200x29.png 200w\" sizes=\"(max-width: 720px) 100vw, 720px\" width=\"720\" height=\"104\"  style=\"display: inline-block;\" \/><\/a><\/div><\/li><li><a href=\"https:\/\/sistemas.lavras.mg.gov.br\/portalcidadao\/#df1b1a7c7b2a290bcb31e32771e610784662739a88807c0dacac58ede5f391a7530e299dc302d611ee73cb143fc22eaf93592e53e7b5bdb01b00a0b8d28dae460c141dd2ff83412e4dc1c31b16b25f33144a9e5620ea73b13f5bc1c59411d98439ad226e8af03840603796067d87afe130812cf3de24982d0e306f9e61e764e5\" aria-label=\"Banner_Sa\u00fade_PortallavrasTV\"><img src=\"https:\/\/lavras.tv\/site\/wp-content\/uploads\/2025\/03\/Banner_Saude_PortallavrasTV.png\" alt=\"\"  srcset=\"https:\/\/lavras.tv\/site\/wp-content\/uploads\/2025\/03\/Banner_Saude_PortallavrasTV.png 720w, https:\/\/lavras.tv\/site\/wp-content\/uploads\/2025\/03\/Banner_Saude_PortallavrasTV-470x68.png 470w, https:\/\/lavras.tv\/site\/wp-content\/uploads\/2025\/03\/Banner_Saude_PortallavrasTV-170x25.png 170w, https:\/\/lavras.tv\/site\/wp-content\/uploads\/2025\/03\/Banner_Saude_PortallavrasTV-200x29.png 200w\" sizes=\"(max-width: 720px) 100vw, 720px\" width=\"720\" height=\"104\"   \/><\/a><\/li><li><div id=\"lavra-928948934\" style=\"width:720px;height:104px;background-color:#ddd;overflow:scroll;\">\n\t<strong>Sa\u00edda da depura\u00e7\u00e3o de an\u00fancios<\/strong>\n\t<br><br>\n\tO an\u00fancio n\u00e3o \u00e9 exibido na p\u00e1gina<br><br>post atual: PM diz que liberou capit\u00e3o de Lavras por falta de ind\u00edcios em 'a\u00e7\u00f5es il\u00edcitas', ID: 2308<br><br><span style=\"color: red;\">O post atual n\u00e3o \u00e9 id\u00eantico ao post principal.<\/span><br><br>An\u00fancios: ROXO - TOPO INTERNA - ROTATIVO 2 (197)<br \/>Grupo de an\u00fancios: Princ_Meio01_720x104 (27)<br><br>Condi\u00e7\u00f5es de exibi\u00e7\u00e3o<div style=\"margin-bottom: 20px; white-space: pre-wrap; font-family: monospace; width: 100%; background: #ffe9e9;\"><strong>condi\u00e7\u00f5es gerais<\/strong><table border=\"1\"><thead><tr><th><\/th><th>An\u00fancios<\/th><th>wp_the_query<\/th><\/tr><\/thead><tr><td>is_main_query<\/td><td>1<\/td><td>1<\/td><\/tr><tr><td>is_rest_api<\/td><td>0<\/td><td>1<\/td><\/tr><tr><td>page<\/td><td>0<\/td><td>1<\/td><\/tr><tr><td>numpages<\/td><td>0<\/td><td>1<\/td><\/tr><tr><td>is_archive<\/td><td>1<\/td><td><\/td><\/tr><tr><td>is_search<\/td><td>1<\/td><td><\/td><\/tr><tr><td>is_home<\/td><td>1<\/td><td><\/td><\/tr><tr><td>is_404<\/td><td>1<\/td><td><\/td><\/tr><tr><td>is_attachment<\/td><td>1<\/td><td><\/td><\/tr><tr><td>is_singular<\/td><td>1<\/td><td><\/td><\/tr><tr><td>is_front_page<\/td><td>1<\/td><td><\/td><\/tr><tr><td>is_feed<\/td><td>1<\/td><td><\/td><\/tr><\/table><\/div><br><br><span style=\"color: red;\">Seu site usa HTTPS, mas o c\u00f3digo do an\u00fancio cont\u00e9m HTTP e pode n\u00e3o funcionar.<\/span>\t<br><br>\n\t<a style=\"color: green;\" href=\"https:\/\/wpadvancedads.com\/manual\/ad-debug-mode\/?utm_source=advanced-ads&utm_medium=link&utm_campaign=ad-debug-mode\" target=\"_blank\" rel=\"nofollow\">Encontre solu\u00e7\u00f5es no manual<\/a>\n<\/div>\n<\/li><\/ul><\/div><script>( window.advanced_ads_ready || jQuery( document ).ready ).call( null, function() {var $lavraslider1454515822 = jQuery( \".lavra-slider-1454515822\" );$lavraslider1454515822.on( \"unslider.ready\", function() { jQuery( \"div.custom-slider ul li\" ).css( \"display\", \"block\" ); });$lavraslider1454515822.unslider({ delay:4000, autoplay:true, nav:false, arrows:false, infinite:true });$lavraslider1454515822.on(\"mouseover\", function() {$lavraslider1454515822.unslider(\"stop\");}).on(\"mouseout\", function() {$lavraslider1454515822.unslider(\"start\");});});<\/script><\/div><p>A Pol\u00edcia Militar de S\u00e3o Paulo informou que liberou o capit\u00e3o do Ex\u00e9rcito Willian Pina Botelho,que \u00e9 de Lavras e foi detido com um grupo de manifestantes na frente do Centro Cultural S\u00e3o Paulo, na regi\u00e3o central de S\u00e3o Paulo, antes do protesto contra o governo do presidente Michel Temer (PMDB), no \u00faltimo dia 4, porque &#8220;n\u00e3o foram encontrados ind\u00edcios de seu envolvimento em a\u00e7\u00f5es il\u00edcitas&#8221;. Desse modo, ele n\u00e3o foi levado a nenhuma delegacia.<\/p>\n<p><img fetchpriority=\"high\" decoding=\"async\" class=\"size-full wp-image-2309 aligncenter\" src=\"http:\/\/lavras.tv\/site\/wp-content\/uploads\/2016\/09\/exercito.jpg\" alt=\"exercito\" width=\"620\" height=\"465\" srcset=\"https:\/\/lavras.tv\/site\/wp-content\/uploads\/2016\/09\/exercito.jpg 620w, https:\/\/lavras.tv\/site\/wp-content\/uploads\/2016\/09\/exercito-150x113.jpg 150w, https:\/\/lavras.tv\/site\/wp-content\/uploads\/2016\/09\/exercito-300x225.jpg 300w\" sizes=\"(max-width: 620px) 100vw, 620px\" \/><\/p>\n<p>Willian \u00e9 investigado pelo Minist\u00e9rio P\u00fablico (MP) como suspeito de ter se infiltrado por meio das redes sociais no grupo de manifestantes usando o nome falso de &#8220;Baltazar Nunes&#8221;. Sob o codinome de &#8220;Balta&#8221;, ele se apresentou aos ativistas como uma pessoa descontente com a situa\u00e7\u00e3o pol\u00edtica do pa\u00eds e os teria atra\u00eddo para uma emboscada.<\/p>\n<p>O homem de cabelos levemente compridos e barba por fazer estava com 21 pessoas, entre adultos e adolescentes, que foram detidas pela PM sob a suspeita de serem black blocs e portarem objetos que seriam usados para depredar o patrim\u00f4nio p\u00fablico e privado. Mais cinco pessoas haviam sido detidas pela Pol\u00edcia Militar em outro local pelos mesmos motivos.<\/p>\n<p>Segundo a PM, uma barra de ferro, m\u00e1scaras contra g\u00e1s, sprays, vinagre, pedras, len\u00e7os, e estilingue foram apreendidos com os detidos, que acabaram levados ao Departamento Estadual de Investiga\u00e7\u00f5es Criminais (Deic). A Pol\u00edcia Civil os responsabilizou por associa\u00e7\u00e3o criminosa e corrup\u00e7\u00e3o de menores.<\/p>\n<p>&nbsp;<\/p>\n<p>Em seguida a Justi\u00e7a liberou todos por considerar as pris\u00f5es por averigua\u00e7\u00e3o irregulares. Para um advogado que defendeu parte dos manifestantes, as deten\u00e7\u00f5es foram &#8220;pol\u00edticas&#8221;.<\/p>\n<p>&nbsp;<\/p>\n<p>Apesar de &#8216;Balta&#8217; ter sido abordado pela PM com os demais manifestantes, ele n\u00e3o foi levado ao Deic, o que levantou a suspeita entre os manifestantes de que ele poderia ter se infiltrado para obter informa\u00e7\u00f5es sobre o grupo.<\/p>\n<p>Uma foto do homem com os demais ativistas detidos pela PM, todos com os bra\u00e7os para tr\u00e1s, circula nas redes sociais, comprovando que a corpora\u00e7\u00e3o abordou &#8216;Balta&#8217;. Foi essa imagem que o G1 encaminhou para as assessorias de imprensa da corpora\u00e7\u00e3o e para a pasta da Seguran\u00e7a, pedindo esclarecimentos por que o nome dele n\u00e3o \u00e9 nem mencionado pelos dois \u00f3rg\u00e3os em qualquer registro policial.<\/p>\n<p>&#8220;A Pol\u00edcia Militar esclarece que a pessoa indicada na foto como sendo um suposto militar do Ex\u00e9rcito Brasileiro foi apenas abordada e liberada, pois n\u00e3o foram encontrados ind\u00edcios de seu envolvimento em a\u00e7\u00f5es il\u00edcitas. Com esse indiv\u00edduo n\u00e3o foi encontrado nenhum material, sendo certo tamb\u00e9m que n\u00e3o se enquadrava no mesmo perfil daqueles que portavam os objetos apreendidos&#8221;, informa a nota da pol\u00edcia.<\/p>\n<p>&#8220;Dessa forma, o indiv\u00edduo foi apenas abordado, mas n\u00e3o detido e n\u00e3o encaminhado ao Deic, mesmo procedimento adotado em rela\u00e7\u00e3o a outras pessoas que tamb\u00e9m foram abordadas&#8221;, conclui a nota, que n\u00e3o respondeu ao questionamento da reportagem se a identifica\u00e7\u00e3o do &#8220;abordado&#8221; foi anotado. Policiais ouvidos pelo G1 disseram que a PM n\u00e3o registrou o nome de Willian ap\u00f3s abord\u00e1-lo e liber\u00e1-lo.<\/p>\n<p>Manifestante<\/p>\n<p>No boletim de ocorr\u00eancia do caso levado pela PM ao Deic n\u00e3o consta o nome de Willian. Segundo a pol\u00edcia informou \u00e0 \u00e9poca, um denunciante, que n\u00e3o teve o nome divulgado, acionou a PM para dizer que black blocs se reuniam no Centro Cultural S\u00e3o Paulo antes do ato Fora Temer. Para os ativistas detidos, esse denunciante seria &#8216;Balta&#8217;, ou capit\u00e3o Willian.<\/p>\n<p>Um dos manifestantes que foi preso no domingo e n\u00e3o quis se identificar confirmou a hist\u00f3ria \u00e0 TV Globo. Segundo ele, os jovens foram levados para uma delegacia e Balta, como Willian se apresentava nos protestos, n\u00e3o seguiu com o grupo.<\/p>\n<p>&#8220;A gente foi enviado direto para o Deic e, nesse momento que a gente entrou no cambur\u00e3o para ir, o Balta j\u00e1 n\u00e3o foi junto. E a\u00ed no chat que a gente tinha no WhatsApp, ele conversando, falou que estavam mandando ele para outra DP porque ele estava com documento falso. E a\u00ed meio que morreu o contato. Ele insistiu um pouco na ideia e a gente achou meio suspeito. Como assim s\u00f3 ele vai para outro DP?&#8221;, indagou o jovem preso.<\/p>\n<p>Em uma conversa com o professor da USP Pablo Ortellado por meio de uma rede social ap\u00f3s a deten\u00e7\u00e3o dos jovens, Willian escreveu que n\u00e3o estava &#8216;infiltrado&#8217; e se disse abalado com as not\u00edcias, \u201candando pela cidade o tempo todo com medo da pol\u00edcia e deles estarem me seguindo\u201d. Tamb\u00e9m afirmou que pretendia \u201cdar um tempo para cuidar da fam\u00edlia\u201d, alegou ter ido ao m\u00e9dico e &#8220;avaliado por estresse&#8221;. Revelou estar &#8220;esquecendo as coisas&#8221;. Em nenhum momento, ele confirmou ser capit\u00e3o do Ex\u00e9rcito.<\/p>\n<p>SSP, PM, Deic e Ex\u00e9rcito<\/p>\n<p>Em comunicados anteriores \u00e0 imprensa, a Secretaria de Seguran\u00e7a P\u00fablica informou desconher qualquer a\u00e7\u00e3o de intelig\u00eancia que tenha sido feita entre a Pol\u00edcia Militar e o Ex\u00e9rcito. &#8220;A institui\u00e7\u00e3o tamb\u00e9m n\u00e3o conhece o homem apontado pela reportagem como um suposto oficial das For\u00e7as Armadas&#8221;, alegou a pasta numa de suas notas.<\/p>\n<p>Em outro comunicado, a SSP informou que &#8220;o Deic desconhece a exist\u00eancia de um oficial infiltrado e garante que todos os detidos apresentados no departamento foram qualificados no boletim de ocorr\u00eancia&#8221;.<\/p>\n<p>Em nota divulgada no in\u00edcio desta semana, o Ex\u00e9rcito confirmou que o capit\u00e3o Willian \u00e9 oficial do Ex\u00e9rcito lotado no Comando Militar do Sudeste e ressaltou que as circunst\u00e2ncias ainda est\u00e3o sendo apuradas.<\/p>\n<p>MP e Condepe<\/p>\n<p>O Minist\u00e9rio P\u00fablico de S\u00e3o Paulo vai investigar a suspeita de que Willian se infiltrou no grupo de manifestantes que foram detidos pela PM antes do ato contra o governo Temer, no \u00faltimo dia 4. A presen\u00e7a do oficial levantou a suspeita sobre a legalidade da deten\u00e7\u00e3o dos suspeitos.<\/p>\n<p>Segundo a promotora de Justi\u00e7a Luciana Frugiuele, integrante do Grupo de A\u00e7\u00e3o Especial para o Controle Externo da Atividade Policial (Gecep) do MP, os 21 manifestantes detidos ser\u00e3o chamados para depor, e o o capit\u00e3o do ex\u00e9rcito tamb\u00e9m pode ser chamado.<\/p>\n<p>O l\u00edder do PSOL na C\u00e2mara, deputado Ivan Valente (PSOL), pediu oficialmente ao ministro da Defesa, Raul Jungmann, esclarecimentos sobre o caso.<\/p>\n<p>O Conselho Estadual de Defesa dos Direitos da Pessoa Humana (Condepe) protocolou, na quarta-feira (14), pedidos de apura\u00e7\u00e3o de ilegalidades cometidas durante a pris\u00e3o de ativistas antes do protesto. Os documentos foram enviados para Marlon Alberto Weichert, procurador da Rep\u00fablica em S\u00e3o Paulo; Gianpaolo Poggio Smanio, procurador-geral de Justi\u00e7a de S\u00e3o Paulo; e M\u00e1gino Barbosa Filho, secret\u00e1rio da Seguran\u00e7a P\u00fablica.<\/p>\n<p>Segundo Ariel de Castro Alves, conselheiro do Condepe, \u00e9 preciso apurar o envolvimento do Willian, que usou codinome de \u201cBalta\u201d para conversar com manifestantes por meio de redes sociais. \u201cPrecisamos saber se ele agiu como um poss\u00edvel agente provocador, gerando ind\u00edcios de flagrantes preparados com o apoio do citado agente de intelig\u00eancia do Ex\u00e9rcito.&#8221;<\/p>\n<p>&nbsp;<\/p>\n<p>Fonte: G1<\/p>\n","protected":false},"excerpt":{"rendered":"<p>A Pol\u00edcia Militar de S\u00e3o Paulo informou que liberou o capit\u00e3o do Ex\u00e9rcito Willian Pina Botelho,que \u00e9 de Lavras e foi detido com um grupo de manifestantes na frente do Centro Cultural S\u00e3o Paulo, na regi\u00e3o central de S\u00e3o Paulo, antes do protesto contra o governo do presidente Michel Temer (PMDB), no \u00faltimo dia 4, [&hellip;]<\/p>\n","protected":false},"author":2,"featured_media":2309,"comment_status":"closed","ping_status":"open","sticky":false,"template":"","format":"standard","meta":{"advgb_blocks_editor_width":"","advgb_blocks_columns_visual_guide":"","_exactmetrics_skip_tracking":false,"_exactmetrics_sitenote_active":false,"_exactmetrics_sitenote_note":"","_exactmetrics_sitenote_category":0,"footnotes":""},"categories":[7,2],"tags":[],"class_list":["post-2308","post","type-post","status-publish","format-standard","has-post-thumbnail","hentry","category-destaques","category-noticias"],"better_featured_image":{"id":2309,"alt_text":"","caption":"","description":"","media_type":"image","media_details":{"width":620,"height":465,"file":"2016\/09\/exercito.jpg","sizes":{"thumbnail":{"file":"exercito-150x113.jpg","width":150,"height":113,"mime-type":"image\/jpeg","source_url":"https:\/\/lavras.tv\/site\/wp-content\/uploads\/2016\/09\/exercito-150x113.jpg"},"medium":{"file":"exercito-300x225.jpg","width":300,"height":225,"mime-type":"image\/jpeg","source_url":"https:\/\/lavras.tv\/site\/wp-content\/uploads\/2016\/09\/exercito-300x225.jpg"},"featured-post-img":{"file":"exercito-480x320.jpg","width":480,"height":320,"mime-type":"image\/jpeg","source_url":"https:\/\/lavras.tv\/site\/wp-content\/uploads\/2016\/09\/exercito-480x320.jpg"},"sow-carousel-default":{"file":"exercito-272x182.jpg","width":272,"height":182,"mime-type":"image\/jpeg","source_url":"https:\/\/lavras.tv\/site\/wp-content\/uploads\/2016\/09\/exercito-272x182.jpg"}},"image_meta":{"aperture":"0","credit":"","camera":"","caption":"","created_timestamp":"0","copyright":"","focal_length":"0","iso":"0","shutter_speed":"0","title":"","orientation":"0","keywords":[]}},"post":2308,"source_url":"https:\/\/lavras.tv\/site\/wp-content\/uploads\/2016\/09\/exercito.jpg"},"author_meta":{"display_name":"Lavras TV","author_link":"https:\/\/lavras.tv\/site\/author\/lavrastv\/"},"featured_img":"https:\/\/lavras.tv\/site\/wp-content\/uploads\/2016\/09\/exercito-300x225.jpg","coauthors":[],"tax_additional":{"categories":{"linked":["<a href=\"https:\/\/lavras.tv\/site\/category\/destaques\/\" class=\"advgb-post-tax-term\">Destaques<\/a>","<a href=\"https:\/\/lavras.tv\/site\/category\/noticias\/\" class=\"advgb-post-tax-term\">Not\u00edcias<\/a>"],"unlinked":["<span class=\"advgb-post-tax-term\">Destaques<\/span>","<span class=\"advgb-post-tax-term\">Not\u00edcias<\/span>"]}},"comment_count":"0","relative_dates":{"created":"Publicado 10 anos atr\u00e1s","modified":"Atualizado 10 anos atr\u00e1s"},"absolute_dates":{"created":"Publicado em 16 de setembro de 2016","modified":"Atualizado em 16 de setembro de 2016"},"absolute_dates_time":{"created":"Publicado em 16 de setembro de 2016 08:47","modified":"Atualizado em 16 de setembro de 2016 08:47"},"featured_img_caption":"","series_order":"","_links":{"self":[{"href":"https:\/\/lavras.tv\/site\/wp-json\/wp\/v2\/posts\/2308","targetHints":{"allow":["GET"]}}],"collection":[{"href":"https:\/\/lavras.tv\/site\/wp-json\/wp\/v2\/posts"}],"about":[{"href":"https:\/\/lavras.tv\/site\/wp-json\/wp\/v2\/types\/post"}],"author":[{"embeddable":true,"href":"https:\/\/lavras.tv\/site\/wp-json\/wp\/v2\/users\/2"}],"replies":[{"embeddable":true,"href":"https:\/\/lavras.tv\/site\/wp-json\/wp\/v2\/comments?post=2308"}],"version-history":[{"count":1,"href":"https:\/\/lavras.tv\/site\/wp-json\/wp\/v2\/posts\/2308\/revisions"}],"predecessor-version":[{"id":2310,"href":"https:\/\/lavras.tv\/site\/wp-json\/wp\/v2\/posts\/2308\/revisions\/2310"}],"wp:featuredmedia":[{"embeddable":true,"href":"https:\/\/lavras.tv\/site\/wp-json\/wp\/v2\/media\/2309"}],"wp:attachment":[{"href":"https:\/\/lavras.tv\/site\/wp-json\/wp\/v2\/media?parent=2308"}],"wp:term":[{"taxonomy":"category","embeddable":true,"href":"https:\/\/lavras.tv\/site\/wp-json\/wp\/v2\/categories?post=2308"},{"taxonomy":"post_tag","embeddable":true,"href":"https:\/\/lavras.tv\/site\/wp-json\/wp\/v2\/tags?post=2308"}],"curies":[{"name":"wp","href":"https:\/\/api.w.org\/{rel}","templated":true}]}}