{"id":2318,"date":"2016-09-16T14:34:03","date_gmt":"2016-09-16T17:34:03","guid":{"rendered":"http:\/\/lavras.tv\/site\/?p=2318"},"modified":"2016-09-16T14:46:14","modified_gmt":"2016-09-16T17:46:14","slug":"lavras-tera-voos-comerciais-para-belo-horizonte","status":"publish","type":"post","link":"https:\/\/lavras.tv\/site\/2016\/09\/16\/lavras-tera-voos-comerciais-para-belo-horizonte\/","title":{"rendered":"Lavras ter\u00e1 v\u00f4os comerciais para Belo Horizonte"},"content":{"rendered":"<div class=\"lavra-antes-do-conteudo_2\" id=\"lavra-805784336\"><div id=\"lavra-slider-27\" class=\"custom-slider lavra-slider-571882950 lavra-slider\"><ul><li><div style=\"margin-left: auto;margin-right: auto;text-align: center;\" id=\"lavra-501286642\"><a href=\"https:\/\/sistemas.lavras.mg.gov.br\/portalcidadao\/#df1b1a7c7b2a290bcb31e32771e610784662739a88807c0dacac58ede5f391a7530e299dc302d611ee73cb143fc22eaf93592e53e7b5bdb01b00a0b8d28dae460c141dd2ff83412e4dc1c31b16b25f33144a9e5620ea73b13f5bc1c59411d98439ad226e8af03840603796067d87afe130812cf3de24982d0e306f9e61e764e5\" aria-label=\"Lavras-TV&#8211;720x104px (1) (1)\"><img src=\"https:\/\/lavras.tv\/site\/wp-content\/uploads\/2025\/01\/Lavras-TV-720x104px-1-1.png\" alt=\"\"  srcset=\"https:\/\/lavras.tv\/site\/wp-content\/uploads\/2025\/01\/Lavras-TV-720x104px-1-1.png 720w, https:\/\/lavras.tv\/site\/wp-content\/uploads\/2025\/01\/Lavras-TV-720x104px-1-1-470x68.png 470w, https:\/\/lavras.tv\/site\/wp-content\/uploads\/2025\/01\/Lavras-TV-720x104px-1-1-170x25.png 170w, https:\/\/lavras.tv\/site\/wp-content\/uploads\/2025\/01\/Lavras-TV-720x104px-1-1-200x29.png 200w\" sizes=\"(max-width: 720px) 100vw, 720px\" width=\"720\" height=\"104\"  style=\"display: inline-block;\" \/><\/a><\/div><\/li><li><a href=\"https:\/\/sistemas.lavras.mg.gov.br\/portalcidadao\/#df1b1a7c7b2a290bcb31e32771e610784662739a88807c0dacac58ede5f391a7530e299dc302d611ee73cb143fc22eaf93592e53e7b5bdb01b00a0b8d28dae460c141dd2ff83412e4dc1c31b16b25f33144a9e5620ea73b13f5bc1c59411d98439ad226e8af03840603796067d87afe130812cf3de24982d0e306f9e61e764e5\" aria-label=\"Banner_Emprego_PortallavrasTV\"><img src=\"https:\/\/lavras.tv\/site\/wp-content\/uploads\/2025\/03\/Banner_Emprego_PortallavrasTV.png\" alt=\"\"  srcset=\"https:\/\/lavras.tv\/site\/wp-content\/uploads\/2025\/03\/Banner_Emprego_PortallavrasTV.png 720w, https:\/\/lavras.tv\/site\/wp-content\/uploads\/2025\/03\/Banner_Emprego_PortallavrasTV-470x68.png 470w, https:\/\/lavras.tv\/site\/wp-content\/uploads\/2025\/03\/Banner_Emprego_PortallavrasTV-170x25.png 170w, https:\/\/lavras.tv\/site\/wp-content\/uploads\/2025\/03\/Banner_Emprego_PortallavrasTV-200x29.png 200w\" sizes=\"(max-width: 720px) 100vw, 720px\" width=\"720\" height=\"104\"   \/><\/a><\/li><li><a href=\"https:\/\/sistemas.lavras.mg.gov.br\/portalcidadao\/#df1b1a7c7b2a290bcb31e32771e610784662739a88807c0dacac58ede5f391a7530e299dc302d611ee73cb143fc22eaf93592e53e7b5bdb01b00a0b8d28dae460c141dd2ff83412e4dc1c31b16b25f33144a9e5620ea73b13f5bc1c59411d98439ad226e8af03840603796067d87afe130812cf3de24982d0e306f9e61e764e5\" aria-label=\"Banner_Obras_PortallavrasTV\"><img src=\"https:\/\/lavras.tv\/site\/wp-content\/uploads\/2025\/03\/Banner_Obras_PortallavrasTV.png\" alt=\"\"  srcset=\"https:\/\/lavras.tv\/site\/wp-content\/uploads\/2025\/03\/Banner_Obras_PortallavrasTV.png 720w, https:\/\/lavras.tv\/site\/wp-content\/uploads\/2025\/03\/Banner_Obras_PortallavrasTV-470x68.png 470w, https:\/\/lavras.tv\/site\/wp-content\/uploads\/2025\/03\/Banner_Obras_PortallavrasTV-170x25.png 170w, https:\/\/lavras.tv\/site\/wp-content\/uploads\/2025\/03\/Banner_Obras_PortallavrasTV-200x29.png 200w\" sizes=\"(max-width: 720px) 100vw, 720px\" width=\"720\" height=\"104\"   \/><\/a><\/li><li><div style=\"margin-left: auto;margin-right: auto;text-align: center;\" id=\"lavra-3476861834\"><a href=\"https:\/\/sistemas.lavras.mg.gov.br\/portalcidadao\/#df1b1a7c7b2a290bcb31e32771e610784662739a88807c0dacac58ede5f391a7530e299dc302d611ee73cb143fc22eaf93592e53e7b5bdb01b00a0b8d28dae460c141dd2ff83412e4dc1c31b16b25f33144a9e5620ea73b13f5bc1c59411d98439ad226e8af03840603796067d87afe130812cf3de24982d0e306f9e61e764e5\" aria-label=\"Banner_Educa\u00e7\u00e3o_PortallavrasTV\"><img src=\"https:\/\/lavras.tv\/site\/wp-content\/uploads\/2025\/01\/Banner_Educacao_PortallavrasTV.png\" alt=\"\"  srcset=\"https:\/\/lavras.tv\/site\/wp-content\/uploads\/2025\/01\/Banner_Educacao_PortallavrasTV.png 720w, https:\/\/lavras.tv\/site\/wp-content\/uploads\/2025\/01\/Banner_Educacao_PortallavrasTV-470x68.png 470w, https:\/\/lavras.tv\/site\/wp-content\/uploads\/2025\/01\/Banner_Educacao_PortallavrasTV-170x25.png 170w, https:\/\/lavras.tv\/site\/wp-content\/uploads\/2025\/01\/Banner_Educacao_PortallavrasTV-200x29.png 200w\" sizes=\"(max-width: 720px) 100vw, 720px\" width=\"720\" height=\"104\"  style=\"display: inline-block;\" \/><\/a><\/div><\/li><li><a href=\"https:\/\/sistemas.lavras.mg.gov.br\/portalcidadao\/#df1b1a7c7b2a290bcb31e32771e610784662739a88807c0dacac58ede5f391a7530e299dc302d611ee73cb143fc22eaf93592e53e7b5bdb01b00a0b8d28dae460c141dd2ff83412e4dc1c31b16b25f33144a9e5620ea73b13f5bc1c59411d98439ad226e8af03840603796067d87afe130812cf3de24982d0e306f9e61e764e5\" aria-label=\"Banner_Sa\u00fade_PortallavrasTV\"><img src=\"https:\/\/lavras.tv\/site\/wp-content\/uploads\/2025\/03\/Banner_Saude_PortallavrasTV.png\" alt=\"\"  srcset=\"https:\/\/lavras.tv\/site\/wp-content\/uploads\/2025\/03\/Banner_Saude_PortallavrasTV.png 720w, https:\/\/lavras.tv\/site\/wp-content\/uploads\/2025\/03\/Banner_Saude_PortallavrasTV-470x68.png 470w, https:\/\/lavras.tv\/site\/wp-content\/uploads\/2025\/03\/Banner_Saude_PortallavrasTV-170x25.png 170w, https:\/\/lavras.tv\/site\/wp-content\/uploads\/2025\/03\/Banner_Saude_PortallavrasTV-200x29.png 200w\" sizes=\"(max-width: 720px) 100vw, 720px\" width=\"720\" height=\"104\"   \/><\/a><\/li><li><div id=\"lavra-327618386\" style=\"width:720px;height:104px;background-color:#ddd;overflow:scroll;\">\n\t<strong>Sa\u00edda da depura\u00e7\u00e3o de an\u00fancios<\/strong>\n\t<br><br>\n\tO an\u00fancio n\u00e3o \u00e9 exibido na p\u00e1gina<br><br>post atual: Lavras ter\u00e1 v\u00f4os comerciais para Belo Horizonte, ID: 2318<br><br><span style=\"color: red;\">O post atual n\u00e3o \u00e9 id\u00eantico ao post principal.<\/span><br><br>An\u00fancios: ROXO - TOPO INTERNA - ROTATIVO 2 (197)<br \/>Grupo de an\u00fancios: Princ_Meio01_720x104 (27)<br><br>Condi\u00e7\u00f5es de exibi\u00e7\u00e3o<div style=\"margin-bottom: 20px; white-space: pre-wrap; font-family: monospace; width: 100%; background: #ffe9e9;\"><strong>condi\u00e7\u00f5es gerais<\/strong><table border=\"1\"><thead><tr><th><\/th><th>An\u00fancios<\/th><th>wp_the_query<\/th><\/tr><\/thead><tr><td>is_main_query<\/td><td>1<\/td><td>1<\/td><\/tr><tr><td>is_rest_api<\/td><td>0<\/td><td>1<\/td><\/tr><tr><td>page<\/td><td>0<\/td><td>1<\/td><\/tr><tr><td>numpages<\/td><td>0<\/td><td>1<\/td><\/tr><tr><td>is_archive<\/td><td>1<\/td><td><\/td><\/tr><tr><td>is_search<\/td><td>1<\/td><td><\/td><\/tr><tr><td>is_home<\/td><td>1<\/td><td><\/td><\/tr><tr><td>is_404<\/td><td>1<\/td><td><\/td><\/tr><tr><td>is_attachment<\/td><td>1<\/td><td><\/td><\/tr><tr><td>is_singular<\/td><td>1<\/td><td><\/td><\/tr><tr><td>is_front_page<\/td><td>1<\/td><td><\/td><\/tr><tr><td>is_feed<\/td><td>1<\/td><td><\/td><\/tr><\/table><\/div><br><br><span style=\"color: red;\">Seu site usa HTTPS, mas o c\u00f3digo do an\u00fancio cont\u00e9m HTTP e pode n\u00e3o funcionar.<\/span>\t<br><br>\n\t<a style=\"color: green;\" href=\"https:\/\/wpadvancedads.com\/manual\/ad-debug-mode\/?utm_source=advanced-ads&utm_medium=link&utm_campaign=ad-debug-mode\" target=\"_blank\" rel=\"nofollow\">Encontre solu\u00e7\u00f5es no manual<\/a>\n<\/div>\n<\/li><\/ul><\/div><script>( window.advanced_ads_ready || jQuery( document ).ready ).call( null, function() {var $lavraslider571882950 = jQuery( \".lavra-slider-571882950\" );$lavraslider571882950.on( \"unslider.ready\", function() { jQuery( \"div.custom-slider ul li\" ).css( \"display\", \"block\" ); });$lavraslider571882950.unslider({ delay:4000, autoplay:true, nav:false, arrows:false, infinite:true });$lavraslider571882950.on(\"mouseover\", function() {$lavraslider571882950.unslider(\"stop\");}).on(\"mouseout\", function() {$lavraslider571882950.unslider(\"start\");});});<\/script><\/div><p>O presidente da Codemig, Marco Ant\u00f4nio Castello Branco, antecipou informa\u00e7\u00f5es sobre a segunda fase do PIRMA &#8211; Projeto de Integra\u00e7\u00e3o Regional de Minas Gerais &#8211; Modal A\u00e9reo. <!--more-->Mais 5 munic\u00edpios ser\u00e3o inclu\u00eddos no projeto a partir de outubro e receber\u00e3o as novas rotas: Arax\u00e1,<strong> Lavras<\/strong>, Manhua\u00e7u, Passos e Pouso Alegre.<\/p>\n<p><img fetchpriority=\"high\" decoding=\"async\" class=\"size-full wp-image-2319 aligncenter\" src=\"http:\/\/lavras.tv\/site\/wp-content\/uploads\/2016\/09\/AviaoCodemig.jpg\" alt=\"aviaocodemig\" width=\"2646\" height=\"1786\" srcset=\"https:\/\/lavras.tv\/site\/wp-content\/uploads\/2016\/09\/AviaoCodemig.jpg 2646w, https:\/\/lavras.tv\/site\/wp-content\/uploads\/2016\/09\/AviaoCodemig-150x101.jpg 150w, https:\/\/lavras.tv\/site\/wp-content\/uploads\/2016\/09\/AviaoCodemig-300x202.jpg 300w, https:\/\/lavras.tv\/site\/wp-content\/uploads\/2016\/09\/AviaoCodemig-1024x691.jpg 1024w\" sizes=\"(max-width: 2646px) 100vw, 2646px\" \/><\/p>\n<p>O projeto \u00e9 do Governo do Estado, desenvolvido por meio da Companhia de Desenvolvimento Econ\u00f4mico de Minas Gerais (Codemig) e da Secretaria de Estado de Transportes e Obras P\u00fablicas (Setop). 12 munic\u00edpios fizeram parte da primeira fase do projeto que come\u00e7ou em agosto &#8211; Curvelo, Diamantina, Divin\u00f3polis, Juiz de Fora, Muria\u00e9, Patos de Minas, Ponte Nova, S\u00e3o Jo\u00e3o del Rei, Te\u00f3filo Otoni, Ub\u00e1, Varginha e Vi\u00e7osa \u2013 e j\u00e1 contam com voos fretados para Belo Horizonte. Essa iniciativa in\u00e9dita responde \u00e0s diretrizes estrat\u00e9gicas do plano de governo de levar a\u00e7\u00f5es de desenvolvimento econ\u00f4mico aos diversos territ\u00f3rios de Minas Gerais.<\/p>\n<p>Para tornar vi\u00e1vel a interliga\u00e7\u00e3o a\u00e9rea do interior com Belo Horizonte, a Codemig realizou pesquisa de mercado ouvindo 2.100 pessoas em 31 munic\u00edpios, verificou a aceita\u00e7\u00e3o do emprego de avi\u00f5es monomotores de baixo custo operacional e assumiu o risco econ\u00f4mico do empreendimento, afretando aeronaves para o transporte n\u00e3o regular de passageiros e cargas.<\/p>\n<p>A vencedora da licita\u00e7\u00e3o p\u00fablica na modalidade de Ata de Registro de Pre\u00e7os foi a empresa Two Taxi A\u00e9reo Ltda., que opera desde 2001 avi\u00f5es Cessna Grand Caravan 208 B, homologados atualmente pela Anac para o transporte de nove passageiros.<\/p>\n<p>Para a venda dos assentos de cada voo, a Codemig licitou a opera\u00e7\u00e3o de e-commerce. Os vouchers poder\u00e3o ser adquiridos por meio de aplicativos para tablets e smartphones ou pelo site <a href=\"http:\/\/www.voeminasgerais.com.br\">www.voeminasgerais.com.br<\/a><\/p>\n<p>Cada voo cobre em m\u00e9dia 200 km, tem dura\u00e7\u00e3o de 40 minutos e custa cerca de R$ 300,00 por passageiro.<\/p>\n<p>As rotas e frequ\u00eancias dos voos foram definidas preferencialmente para cidades n\u00e3o atendidas pela avia\u00e7\u00e3o regular, tomando-se como refer\u00eancia a demanda de passageiros em fun\u00e7\u00e3o do pre\u00e7o do voucher.<\/p>\n<p>&nbsp;<\/p>\n<p>Fonte: Codemig<\/p>\n","protected":false},"excerpt":{"rendered":"<p>O presidente da Codemig, Marco Ant\u00f4nio Castello Branco, antecipou informa\u00e7\u00f5es sobre a segunda fase do PIRMA &#8211; Projeto de Integra\u00e7\u00e3o Regional de Minas Gerais &#8211; Modal A\u00e9reo.<\/p>\n","protected":false},"author":2,"featured_media":2319,"comment_status":"closed","ping_status":"open","sticky":false,"template":"","format":"standard","meta":{"advgb_blocks_editor_width":"","advgb_blocks_columns_visual_guide":"","_exactmetrics_skip_tracking":false,"_exactmetrics_sitenote_active":false,"_exactmetrics_sitenote_note":"","_exactmetrics_sitenote_category":0,"footnotes":""},"categories":[7,2],"tags":[810,809,808,811],"class_list":["post-2318","post","type-post","status-publish","format-standard","has-post-thumbnail","hentry","category-destaques","category-noticias","tag-aeroporto-da-baunilha","tag-codemig","tag-projeto-pirma","tag-voos-em-lavras"],"better_featured_image":{"id":2319,"alt_text":"","caption":"","description":"","media_type":"image","media_details":{"width":2646,"height":1786,"file":"2016\/09\/AviaoCodemig.jpg","sizes":{"thumbnail":{"file":"AviaoCodemig-150x101.jpg","width":150,"height":101,"mime-type":"image\/jpeg","source_url":"https:\/\/lavras.tv\/site\/wp-content\/uploads\/2016\/09\/AviaoCodemig-150x101.jpg"},"medium":{"file":"AviaoCodemig-300x202.jpg","width":300,"height":202,"mime-type":"image\/jpeg","source_url":"https:\/\/lavras.tv\/site\/wp-content\/uploads\/2016\/09\/AviaoCodemig-300x202.jpg"},"large":{"file":"AviaoCodemig-1024x691.jpg","width":1024,"height":691,"mime-type":"image\/jpeg","source_url":"https:\/\/lavras.tv\/site\/wp-content\/uploads\/2016\/09\/AviaoCodemig-1024x691.jpg"},"featured-slider-img":{"file":"AviaoCodemig-640x480.jpg","width":640,"height":480,"mime-type":"image\/jpeg","source_url":"https:\/\/lavras.tv\/site\/wp-content\/uploads\/2016\/09\/AviaoCodemig-640x480.jpg"},"featured-post-img":{"file":"AviaoCodemig-480x320.jpg","width":480,"height":320,"mime-type":"image\/jpeg","source_url":"https:\/\/lavras.tv\/site\/wp-content\/uploads\/2016\/09\/AviaoCodemig-480x320.jpg"},"sow-carousel-default":{"file":"AviaoCodemig-272x182.jpg","width":272,"height":182,"mime-type":"image\/jpeg","source_url":"https:\/\/lavras.tv\/site\/wp-content\/uploads\/2016\/09\/AviaoCodemig-272x182.jpg"}},"image_meta":{"aperture":"5.6","credit":"","camera":"Canon EOS 40D","caption":"","created_timestamp":"1250962971","copyright":"","focal_length":"18","iso":"250","shutter_speed":"0.004","title":"","orientation":"1","keywords":[]}},"post":2318,"source_url":"https:\/\/lavras.tv\/site\/wp-content\/uploads\/2016\/09\/AviaoCodemig.jpg"},"author_meta":{"display_name":"Lavras TV","author_link":"https:\/\/lavras.tv\/site\/author\/lavrastv\/"},"featured_img":"https:\/\/lavras.tv\/site\/wp-content\/uploads\/2016\/09\/AviaoCodemig-300x202.jpg","coauthors":[],"tax_additional":{"categories":{"linked":["<a href=\"https:\/\/lavras.tv\/site\/category\/destaques\/\" class=\"advgb-post-tax-term\">Destaques<\/a>","<a href=\"https:\/\/lavras.tv\/site\/category\/noticias\/\" class=\"advgb-post-tax-term\">Not\u00edcias<\/a>"],"unlinked":["<span class=\"advgb-post-tax-term\">Destaques<\/span>","<span class=\"advgb-post-tax-term\">Not\u00edcias<\/span>"]},"tags":{"linked":["<a href=\"https:\/\/lavras.tv\/site\/category\/noticias\/\" class=\"advgb-post-tax-term\">aeroporto da baunilha<\/a>","<a href=\"https:\/\/lavras.tv\/site\/category\/noticias\/\" class=\"advgb-post-tax-term\">codemig<\/a>","<a href=\"https:\/\/lavras.tv\/site\/category\/noticias\/\" class=\"advgb-post-tax-term\">projeto pirma<\/a>","<a href=\"https:\/\/lavras.tv\/site\/category\/noticias\/\" class=\"advgb-post-tax-term\">v\u00f4os em Lavras<\/a>"],"unlinked":["<span class=\"advgb-post-tax-term\">aeroporto da baunilha<\/span>","<span class=\"advgb-post-tax-term\">codemig<\/span>","<span class=\"advgb-post-tax-term\">projeto pirma<\/span>","<span class=\"advgb-post-tax-term\">v\u00f4os em Lavras<\/span>"]}},"comment_count":"0","relative_dates":{"created":"Publicado 10 anos atr\u00e1s","modified":"Atualizado 10 anos atr\u00e1s"},"absolute_dates":{"created":"Publicado em 16 de setembro de 2016","modified":"Atualizado em 16 de setembro de 2016"},"absolute_dates_time":{"created":"Publicado em 16 de setembro de 2016 14:34","modified":"Atualizado em 16 de setembro de 2016 14:46"},"featured_img_caption":"","series_order":"","_links":{"self":[{"href":"https:\/\/lavras.tv\/site\/wp-json\/wp\/v2\/posts\/2318","targetHints":{"allow":["GET"]}}],"collection":[{"href":"https:\/\/lavras.tv\/site\/wp-json\/wp\/v2\/posts"}],"about":[{"href":"https:\/\/lavras.tv\/site\/wp-json\/wp\/v2\/types\/post"}],"author":[{"embeddable":true,"href":"https:\/\/lavras.tv\/site\/wp-json\/wp\/v2\/users\/2"}],"replies":[{"embeddable":true,"href":"https:\/\/lavras.tv\/site\/wp-json\/wp\/v2\/comments?post=2318"}],"version-history":[{"count":2,"href":"https:\/\/lavras.tv\/site\/wp-json\/wp\/v2\/posts\/2318\/revisions"}],"predecessor-version":[{"id":2321,"href":"https:\/\/lavras.tv\/site\/wp-json\/wp\/v2\/posts\/2318\/revisions\/2321"}],"wp:featuredmedia":[{"embeddable":true,"href":"https:\/\/lavras.tv\/site\/wp-json\/wp\/v2\/media\/2319"}],"wp:attachment":[{"href":"https:\/\/lavras.tv\/site\/wp-json\/wp\/v2\/media?parent=2318"}],"wp:term":[{"taxonomy":"category","embeddable":true,"href":"https:\/\/lavras.tv\/site\/wp-json\/wp\/v2\/categories?post=2318"},{"taxonomy":"post_tag","embeddable":true,"href":"https:\/\/lavras.tv\/site\/wp-json\/wp\/v2\/tags?post=2318"}],"curies":[{"name":"wp","href":"https:\/\/api.w.org\/{rel}","templated":true}]}}